{"id":33533,"date":"2013-03-01T09:36:27","date_gmt":"2013-03-01T12:36:27","guid":{"rendered":"http:\/\/new.franciscanos.org.br\/?p=33533"},"modified":"2020-11-11T09:05:27","modified_gmt":"2020-11-11T12:05:27","slug":"ir-vicentina-monteiro-convento-das-gracas-uma-dadiva-de-deus","status":"publish","type":"post","link":"https:\/\/franciscanos.org.br\/noticias\/ir-vicentina-monteiro-convento-das-gracas-uma-dadiva-de-deus.html","title":{"rendered":"Ir. Vicentina Monteiro: &#8220;Convento das Gra\u00e7as, uma d\u00e1diva de Deus&#8221;"},"content":{"rendered":"<p><img loading=\"lazy\" src=\"https:\/\/franciscanos.org.br\/noticias\/wp-content\/uploads\/2013\/03\/vicentina_alto.jpg\" alt=\"\" width=\"830\" height=\"453\" \/><\/p>\n<p><strong><em>Por Moacir Beggo<\/em><\/strong><\/p>\n<p><em>O redimensionamento das frentes de evangeliza\u00e7\u00e3o da Prov\u00edncia da Imaculada levou a transferir os frades do Convento Nossa Senhora das Gra\u00e7as, em Guaratinguet\u00e1 (SP), mas a presen\u00e7a franciscana vai continuar com o trabalho apost\u00f3lico e pastoral das Irm\u00e3s Franciscanas da Terceira Ordem Ser\u00e1fica. Nesta entrevista, a Ministra Provincial Irm\u00e3 Vicentina Monteiro fala deste novo desafio da jovem Prov\u00edncia do Brasil como um \u201cgrande presente de Natal\u201d.<\/em><\/p>\n<p><em>\u00a0<\/em><em>Natural de Lagoinha (SP), na Arquidiocese de Aparecida, Ir. Vicentina \u00e9 um &#8220;po\u00e7o de simpatia&#8221;, como dizem no interior. Foi assim que ela me recebeu na sede em Pindamongaba (SP) e falou da alegria da Congrega\u00e7\u00e3o com a nova comunidade das Gra\u00e7as, do trabalho pastoral nas sete comunidades onde est\u00e3o presentes as irm\u00e3s, da crise de voca\u00e7\u00f5es que hoje atinge a vida religiosa consagrada, do servi\u00e7o como Ministra Provincial e de como se deu o seu discernimento vocacional. Acompanhe!<\/em><\/p>\n<p><strong>Comunica\u00e7\u00f5es &#8211; Como a Congrega\u00e7\u00e3o das Irm\u00e3s Franciscanas da Terceira Ordem Ser\u00e1fica recebeu o convite para ser presen\u00e7a franciscana no Convento de Nossa Senhora das Gra\u00e7as, em Guaratinguet\u00e1?<\/strong><\/p>\n<p><strong>Ir. Vicentina<\/strong> &#8211; Recebemos o convite de Frei Fid\u00eancio Vanboemmel no final do ano passado. Num primeiro momento, aproveitando a presen\u00e7a da nossa Madre Geral no Brasil, Ir. Dominica Eisenberger, nos reunimos para conversar sobre a proposta. Natural que fomos tomadas de alegria e receios diante dos desafios desta nova miss\u00e3o. Depois, tivemos a visita de Frei Fid\u00eancio, que veio at\u00e9 n\u00f3s, em Pindamonhangaba, onde a maioria das irm\u00e3s estava presente, para apresentar, de forma muito aberta, a proposta da sua Prov\u00edncia feita a n\u00f3s. Em meio \u00e0s interroga\u00e7\u00f5es, alegrias e esperan\u00e7a, confesso que foi tamb\u00e9m um grande momento do Esp\u00edrito Santo entre n\u00f3s. Depois de esclarecidas as d\u00favidas, chegamos \u00e0 conclus\u00e3o de que s\u00f3 t\u00ednhamos de agradecer a Deus e aos frades pelo grande presente de Natal e pela confian\u00e7a e amor para conosco. Hoje, confiamos tudo sob a prote\u00e7\u00e3o da Virgem das Gra\u00e7as e temos certeza de que ela sabe como conduzir tudo para que nossa presen\u00e7a evangelizadora d\u00ea muitos frutos, e que eles permane\u00e7am.<\/p>\n<p><strong>Comunica\u00e7\u00f5es &#8211; Quais as suas expectativas e desafios desse novo trabalho?<\/strong><\/p>\n<p><strong>Ir. Vicentina<\/strong> &#8211; Esperamos que, realmente, junto ao povo possamos caminhar e buscar uma comunidade de f\u00e9 e que, nesta f\u00e9, possamos encontrar o bem de todos atrav\u00e9s da doa\u00e7\u00e3o de si, porque s\u00f3 assim o Reino de Deus pode crescer no amor e na paz ao modo de Francisco de Assis. Sabemos que somos cheias de limites, mas tamb\u00e9m carregamos muita esperan\u00e7a de que, com uni\u00e3o, vamos vencer, pouco a pouco, aquilo que nos parece ser grandes desafios neste novo trabalho.<\/p>\n<p><strong>Comunica\u00e7\u00f5es &#8211; Fale um pouco da hist\u00f3ria da Congrega\u00e7\u00e3o no Brasil?<\/strong><\/p>\n<div id=\"attachment_33547\" style=\"width: 410px\" class=\"wp-caption alignright\"><a href=\"http:\/\/franciscanos.org.br\/wp-content\/uploads\/2013\/03\/sede.jpg\"><img aria-describedby=\"caption-attachment-33547\" loading=\"lazy\" class=\"size-full wp-image-33547\" title=\"Sede\" src=\"http:\/\/franciscanos.org.br\/wp-content\/uploads\/2013\/03\/sede.jpg\" alt=\"\" width=\"400\" height=\"267\" \/><\/a><p id=\"caption-attachment-33547\" class=\"wp-caption-text\">Sede da Prov\u00edncia em Pindamonhangaba &#8211; SP<\/p><\/div>\n<p><strong>Ir. Vicentina<\/strong> &#8211; Nossa hist\u00f3ria no Brasil come\u00e7ou com a vinda\u00a0 de quatro corajosas irm\u00e3s alem\u00e3s &#8211; Ir. Benedicta Tafelmeier, Ir. Bonifatia Vordermayer, Ir. Ludmilla Schropp e Ir. Willibalda Mayer &#8211; que, em 1921, animadas pelo Esp\u00edrito Santo que as impulsionava para a vida mission\u00e1ria, tudo deixaram e vieram dar in\u00edcio a um grande e \u00e1rduo trabalho no Brasil. Depois de dois anos, chegaram outras quatro irm\u00e3s e assim, em 1924, atendendo ao convite do Pe. Jo\u00e3o Jos\u00e9 de Azevedo, p\u00e1roco da igreja Nossa Senhora do Bom Sucesso de Pindamonhangaba, chegaram a esta cidade mais quatro irm\u00e3s com o objetivo de abrir uma escola. Foi assim que fundaram o Externato S\u00e3o Jos\u00e9, inaugurado no dia 2 de julho de 1924. Mais tarde, em 1973, foi fundada a Faculdade de M\u00fasica Santa Cec\u00edlia pela professora Cynira Novaes Braga, a nossa querida Ir. Cec\u00edlia, que foi para todas n\u00f3s um grande exemplo de fidelidade \u00e0 Igreja e \u00e0 Congrega\u00e7\u00e3o. Lutadora e vencedora, ela nos deixou no ano passado, partindo para junto Daquele que tanto amou e dedicou toda a sua vida. Faleceu aos 87 anos de idade.<\/p>\n<p><strong>Comunica\u00e7\u00f5es &#8211; Como \u00e9 a presen\u00e7a da Congrega\u00e7\u00e3o no Brasil hoje?<\/strong><\/p>\n<p><strong>Ir. Vicentina<\/strong> &#8211; Apesar de sermos uma Prov\u00edncia pequena, nossa presen\u00e7a \u00e9 marcante nas regi\u00f5es que temos comunidades. Estamos presentes no Brasil apenas no Estado de S\u00e3o Paulo e Pernambuco (2 comunidades em Pindamonhangaba-SP, 1 em Guaratinguet\u00e1-SP, 1 em Lagoinha-SP, 1 em S\u00e3o Paulo, capital, 2 em Pernambuco, nas cidades de Buique e Jata\u00faba). Somos uma Prov\u00edncia pequena, com 27 irm\u00e3s, lutadoras e dedicadas, e sempre somos convidadas por alguns bispos para abrir comunidades em suas dioceses. Sinto que Deus nos acompanha sempre e nos conduziu com muito amor nestes 158 anos de hist\u00f3ria da Congrega\u00e7\u00e3o. Francisco disse aos seus irm\u00e3os: &#8220;N\u00e3o tenham medo por sermos um pequeno rebanho&#8230;&#8221; Assim digo tamb\u00e9m para nossas irm\u00e3s: &#8220;N\u00e3o temamos por sermos um pequeno rebanho, pois Deus caminha conosco e cuida de n\u00f3s!&#8221;<\/p>\n<p>&nbsp;<\/p>\n<div id=\"attachment_72504\" style=\"width: 460px\" class=\"wp-caption alignleft\"><a href=\"http:\/\/franciscanos.org.br\/wp-content\/uploads\/2013\/03\/irmas_guara.jpg\"><img aria-describedby=\"caption-attachment-72504\" loading=\"lazy\" class=\"wp-image-72504 size-full\" src=\"http:\/\/franciscanos.org.br\/wp-content\/uploads\/2013\/03\/irmas_guara.jpg\" alt=\"irmas_guara\" width=\"450\" height=\"239\" \/><\/a><p id=\"caption-attachment-72504\" class=\"wp-caption-text\">Irm\u00e3s na tomada de posse no Convento das Gra\u00e7as<\/p><\/div>\n<p><strong>Comunica\u00e7\u00f5es &#8211; E no mundo, onde as irm\u00e3s est\u00e3o presentes?<\/strong><\/p>\n<p><strong>Ir. Vicentina<\/strong> &#8211; A congrega\u00e7\u00e3o se faz presente apenas no Brasil e na Alemanha. Foi fundada na Alemanha no dia 2 de maio de 1854. Foi neste dia que partiram do Convento das Irm\u00e3s Franciscanas na cidade de Dillingen, na Alemanha, quatro Irm\u00e3s &#8211; Maria Ludovika Wille, Maria Adelheid Dollinger, Maria Pia Spar e Maria Hedwig Bader -, com destino a Au am Inn, na Baviera, a fim de fundarem a nova Congrega\u00e7\u00e3o e uma escola de educa\u00e7\u00e3o para meninas. Depois de escalarem altas montanhas, em meio a ora\u00e7\u00f5es e medo, foram recebidas carinhosamente pelo p\u00e1roco da pequena Cidade de Au, Monsenhor Joseph R\u00f6dle e diversas autoridades religiosas e civis, inclusive o representante do Rei Ludoviko, dando in\u00edcio \u00e0 Congrega\u00e7\u00e3o das Irm\u00e3s Franciscanas da Terceira Ordem Ser\u00e1fica. Neste in\u00edcio, elas tiveram como resid\u00eancia o antigo Convento dos Agostinianos, que devido \u00e0 guerra estava fechado por mais de 50 anos. Ainda hoje a Congrega\u00e7\u00e3o tem como sede este local.<\/p>\n<p><strong>Comunica\u00e7\u00f5es &#8211; Qual a linha pastoral e de evangeliza\u00e7\u00e3o da Congrega\u00e7\u00e3o?<\/strong><\/p>\n<p><strong>Ir. Vicentina<\/strong> &#8211; Atuamos em v\u00e1rias frentes de evangeliza\u00e7\u00e3o, como a educa\u00e7\u00e3o, a pastoral, o trabalho social, o atendimento a romeiros e \u00e0 miss\u00e3o, como s\u00e3o nossas fraternidades em Pernambuco.<\/p>\n<p><strong>Comunica\u00e7\u00f5es &#8211; Como est\u00e1 a Congrega\u00e7\u00e3o de voca\u00e7\u00f5es?<\/strong><\/p>\n<p><strong>Ir. Vicentina<\/strong> &#8211; A situa\u00e7\u00e3o vocacional n\u00e3o \u00e9 diferente de tantas congrega\u00e7\u00f5es, principalmente no ramo feminino, que sofrem com a falta de voca\u00e7\u00f5es. Mas n\u00e3o desanimamos e temos que continuar lan\u00e7ando as redes e suplicando ao Senhor da Messe que nos envie santas e generosas voca\u00e7\u00f5es para o servi\u00e7o da Igreja em nossa e em outras congrega\u00e7\u00f5es.<\/p>\n<p><strong>Comunica\u00e7\u00f5es &#8211; Qual o carisma da Congrega\u00e7\u00e3o?<\/strong><\/p>\n<p><strong>Ir. Vicentina<\/strong> &#8211; Como o pr\u00f3prio nome diz, o Amor Ser\u00e1fico \u00e9 cerne de nosso modo de vida. Como irm\u00e3 franciscana ser\u00e1fica, por onde passarmos ou estarmos presentes, somos convidadas a deixar as marcas do Amor de Deus atrav\u00e9s dos nossos gestos e testemunho de vida evang\u00e9lica.<\/p>\n<p>&nbsp;<\/p>\n<div id=\"attachment_33549\" style=\"width: 410px\" class=\"wp-caption alignright\"><a href=\"http:\/\/franciscanos.org.br\/wp-content\/uploads\/2013\/03\/com_provincial.jpg\"><img aria-describedby=\"caption-attachment-33549\" loading=\"lazy\" class=\"size-full wp-image-33549\" title=\"com_provincial\" src=\"http:\/\/franciscanos.org.br\/wp-content\/uploads\/2013\/03\/com_provincial.jpg\" alt=\"\" width=\"400\" height=\"267\" \/><\/a><p id=\"caption-attachment-33549\" class=\"wp-caption-text\">Ir. Vicentina e as irm\u00e3s da comunidade da Sede Provincial<\/p><\/div>\n<p><strong>Comunica\u00e7\u00f5es &#8211; Como se deu o seu discernimento vocacional?<\/strong><\/p>\n<p><strong>Ir. Vicentina <\/strong>&#8211; Venho de uma fam\u00edlia muito religiosa. Sou a ca\u00e7ula de cinco irm\u00e3os (tr\u00eas homens e duas mulheres). Na verdade, aos 8 anos tive o desejo muito forte de morar com as freiras. Nem sabia como era a vida no convento, mas eu via muitas fotos de freiras no &#8220;Ecos Marianos&#8221; e aquilo me despertou e resolvi falar com meus pais. Me lembro como se fosse hoje que meu pai me disse assim: &#8220;O que essa &#8216;negrinha&#8217; vai fazer l\u00e1 no meio das freiras? S\u00f3 para dar dor de cabe\u00e7a!&#8221; Depois disso, nunca mais toquei no assunto. Quando tinha 17 anos, aquele desejo voltou e n\u00e3o sabia o que fazer. Nesse tempo, minha m\u00e3e faleceu e eu j\u00e1 estava com 19 anos. S\u00f3 sabia rezar \u00e9 pedir a Nossa Senhora que mostrasse um caminho. Eu era a \u00fanica mulher, a dona da casa, cuidando do meu pai e de um irm\u00e3o. Os outros j\u00e1 moravam fora. Mas resolvi falar com o p\u00e1roco da cidade, Pe. Osmar, e ele disse: &#8220;Olha, minha filha, vamos preparar o terreno. Sem pressa. Voc\u00ea ter\u00e1 acompanhamento vocacional durante um ano, mas tendo vida normal. Enquanto isso, vou fazer contato com algumas congrega\u00e7\u00f5es que conhe\u00e7o&#8221;. Aquele ano de acompanhamento parecia n\u00e3o terminar, tamanha era a ansiedade. No final do ano, disse ao Pe. Osmar que estava preparada, mas n\u00e3o sabia como falar com meu pai. Ele, ent\u00e3o, me disse que falaria por mim, como fez depois de uma Missa chamando-o na sacristia. Dois dias depois, meu pai falou comigo: &#8220;O padre Osmar me chamou e falou do seu desejo de ir para o convento&#8221;. Disse que era tudo o que queria e ouvi dele o seguinte conselho: &#8220;Olha minha filha, escuta bem o que vou lhe falar. N\u00e3o posso te impedir, de jeito nenhum de ir em busca do seu sonho. Mas quero que voc\u00ea saiba que a vida religiosa \u00e9 tal qual o matrim\u00f4nio. N\u00e3o \u00e9 uma brincadeira. Ou se assume pra valer, ou nem entra. Voc\u00ea vai, mas se sentir que n\u00e3o \u00e9 a sua voca\u00e7\u00e3o, as portas est\u00e3o abertas para voc\u00ea voltar&#8221;. Naquele momento, subi ao c\u00e9u e desci \u00e0 terra num segundo. Chorei muito naquele momento.<\/p>\n<p><strong>Comunica\u00e7\u00f5es &#8211; Era um choro de alegria ou era tamb\u00e9m de medo?<\/strong><\/p>\n<p><strong>Ir. Vicentina<\/strong> &#8211; De alegria, porque achava imposs\u00edvel esta resposta. Claro que depois, veio o medo, porque pensava que n\u00e3o teria coragem de deixar o pai, que j\u00e1 tinha idade avan\u00e7ada. Mas superei isso, n\u00e3o olhei para tr\u00e1s e, com o apoio do meu irm\u00e3o Jo\u00e3o, sai de casa. Minha ida para o Convento estava marcada para o dia 10 de fevereiro de 1978. Mais uma vez meu pai me surpreendeu ao me dizer: &#8220;Vicentina, vou te falar uma coisa. N\u00e3o tenho coragem de ver voc\u00ea sair de casa. Vou sair um dia antes e vou te esperar em Taubat\u00e9\u201d. Mor\u00e1vamos em um s\u00edtio e meu irm\u00e3o me levou de bicicleta at\u00e9 o \u00f4nibus. Naquela \u00e9poca, n\u00e3o havia malas como hoje, mas caixas de papel\u00e3o. Ao passar pela pra\u00e7a de Lagoinha, em frente da Igreja da Imaculada Concei\u00e7\u00e3o, fiz um pedido \u00e0 Nossa Senhora que me ajudasse a nunca mais voltar a Lagoinha como leiga, mas como religiosa. Nunca me esquecerei da acolhida que tive das irm\u00e3s ao me receber no\u00a0 Externato S\u00e3o Jos\u00e9. A Ir. Cecilia e Ir. \u00c1urea, a superiora do Externato, me aguardavam com muita alegria. Eu tinha 23 anos.<\/p>\n<p><strong>\u00a0<\/strong><strong>Comunica\u00e7\u00f5es &#8211; E como foi esse per\u00edodo de forma\u00e7\u00e3o?<\/strong><\/p>\n<p><strong>Ir. Vicentina<\/strong> &#8211; Primeiro como postulante, trabalhei na escola como vigilante no recreio das crian\u00e7as. Tudo era muito pobre e simples. Foi uma \u00e9poca inesquec\u00edvel para mim. A Congrega\u00e7\u00e3o era muito pobre e a Ir. Cecilia sustentava onze irm\u00e3s com o seu sal\u00e1rio de professora. A Prov\u00edncia ainda estava em forma\u00e7\u00e3o no Brasil. Ent\u00e3o, foi um per\u00edodo de muita pobreza, mas tamb\u00e9m de muita alegria. No Noviciado, \u00e0 nossa frente, havia um grupinho de 6 novi\u00e7as. Depois, fiz o noviciado e como juniorista a Ir. Cecilia convidou a ser sua assistente.\u00a0 Mais tarde fui mestra de novi\u00e7as e tamb\u00e9m atuei em todas as etapas de forma\u00e7\u00e3o.<\/p>\n<p><strong>Comunica\u00e7\u00f5es &#8211; Quando entrou, voc\u00ea conhecia outras Congrega\u00e7\u00f5es?<\/strong><\/p>\n<p><strong>Ir. Vicentina &#8211;<\/strong> Nem sabia que existiam congrega\u00e7\u00f5es com carismas diferentes, mas eu pedia a Deus que me arrumasse uma congrega\u00e7\u00e3o que fosse pobre e simples, por causa do estilo de fam\u00edlia que eu vinha. Com isso me adaptaria mais facilmente. E n\u00e3o tive d\u00favidas de que foi essa Congrega\u00e7\u00e3o que Deus preparou para mim.<\/p>\n<p><strong>Comunica\u00e7\u00f5es &#8211; Como foi a sua primeira elei\u00e7\u00e3o para Ministra Provincial?<\/strong><\/p>\n<p><strong>Ir. Vicentina<\/strong> &#8211; Em 1999, era Vig\u00e1ria Provincial de Ir. In\u00eas Camargo. No ano seguinte, no final de julho,\u00a0 fui fazer uma experi\u00eancia de tr\u00eas anos na Fazenda Esperan\u00e7a que estava sendo aberta em Berlim, na Alemanha. Mas no Cap\u00edtulo Geral, acabei sendo eleita Conselheira. Depois de morar oito anos na Alemanha, ao voltar ao Brasil, em 2008, fui eleita Ministra Provincial. Para mim n\u00e3o foi f\u00e1cil dizer sim, pois estava acabando de chegar de uma realidade totalmente diferente. Eu vinha sempre ao Brasil, mas n\u00e3o vivia o dia a dia da Prov\u00edncia. Mas senti que n\u00e3o poderia dizer n\u00e3o. Conversei muito com Frei Fid\u00eancio e ele disse: &#8220;Irm\u00e3, n\u00e3o tenha medo. Coloca a sua situa\u00e7\u00e3o para as irm\u00e3s e deixa a vida seguir em frente\u201d. Ent\u00e3o foi isso que aconteceu.<\/p>\n<p><strong>Comunica\u00e7\u00f5es &#8211; Como se sente como Ministra Provincial?<\/strong><\/p>\n<p><strong>Ir. Vicentina<\/strong> &#8211;\u00a0 \u00c9 um servi\u00e7o que exige muito, mas a gente conta com a gra\u00e7a de Deus. Temos um Conselho muito bom, as irm\u00e3s s\u00e3o muito unidas. Tamb\u00e9m temos o apoio da Madre Geral, que hoje tem apenas 52 anos, e tem um carinho muito grande pelo Brasil. O Frei Fid\u00eancio \u00e9 um irm\u00e3o que est\u00e1 sempre conosco, apoiando-nos e incentivando. Como lhe disse, \u00e9 um servi\u00e7o que ningu\u00e9m almeja, mas com a gra\u00e7a de Deus reunimos for\u00e7as e muita esperan\u00e7a para faz\u00ea-lo da melhor forma poss\u00edvel.<\/p>\n","protected":false},"excerpt":{"rendered":"<p>Entrevista<\/p>\n","protected":false},"author":1,"featured_media":216493,"comment_status":"closed","ping_status":"open","sticky":false,"template":"","format":"standard","meta":[],"categories":[758],"tags":[203,348],"acf":[],"yoast_head":"<!-- This site is optimized with the Yoast SEO plugin v19.2 - https:\/\/yoast.com\/wordpress\/plugins\/seo\/ -->\n<title>Ir. Vicentina Monteiro: &quot;Convento das Gra\u00e7as, uma d\u00e1diva de Deus&quot; - Not\u00edcias - Franciscanos<\/title>\n<meta name=\"robots\" content=\"index, follow, max-snippet:-1, max-image-preview:large, max-video-preview:-1\" \/>\n<link rel=\"canonical\" href=\"https:\/\/franciscanos.org.br\/noticias\/ir-vicentina-monteiro-convento-das-gracas-uma-dadiva-de-deus.html\" \/>\n<meta property=\"og:locale\" content=\"pt_BR\" \/>\n<meta property=\"og:type\" content=\"article\" \/>\n<meta property=\"og:title\" content=\"Ir. Vicentina Monteiro: &quot;Convento das Gra\u00e7as, uma d\u00e1diva de Deus&quot; - Not\u00edcias - Franciscanos\" \/>\n<meta property=\"og:description\" content=\"Entrevista\" \/>\n<meta property=\"og:url\" content=\"https:\/\/franciscanos.org.br\/noticias\/ir-vicentina-monteiro-convento-das-gracas-uma-dadiva-de-deus.html\" \/>\n<meta property=\"og:site_name\" content=\"Not\u00edcias - Franciscanos\" \/>\n<meta property=\"article:published_time\" content=\"2013-03-01T12:36:27+00:00\" \/>\n<meta property=\"article:modified_time\" content=\"2020-11-11T12:05:27+00:00\" \/>\n<meta property=\"og:image\" content=\"https:\/\/franciscanos.org.br\/noticias\/wp-content\/uploads\/2013\/03\/vicentina_alto-1.jpg\" \/>\n\t<meta property=\"og:image:width\" content=\"273\" \/>\n\t<meta property=\"og:image:height\" content=\"181\" \/>\n\t<meta property=\"og:image:type\" content=\"image\/jpeg\" \/>\n<meta name=\"author\" content=\"admin\" \/>\n<meta name=\"twitter:card\" content=\"summary_large_image\" \/>\n<meta name=\"twitter:label1\" content=\"Escrito por\" \/>\n\t<meta name=\"twitter:data1\" content=\"admin\" \/>\n\t<meta name=\"twitter:label2\" content=\"Est. tempo de leitura\" \/>\n\t<meta name=\"twitter:data2\" content=\"12 minutos\" \/>\n<script type=\"application\/ld+json\" class=\"yoast-schema-graph\">{\"@context\":\"https:\/\/schema.org\",\"@graph\":[{\"@type\":\"WebSite\",\"@id\":\"https:\/\/franciscanos.org.br\/noticias\/#website\",\"url\":\"https:\/\/franciscanos.org.br\/noticias\/\",\"name\":\"Not\u00edcias - Franciscanos\",\"description\":\"Prov\u00edncia Franciscana da Imaculada Concei\u00e7\u00e3o do Brasil - Ordem dos Frades Menores - OFM\",\"potentialAction\":[{\"@type\":\"SearchAction\",\"target\":{\"@type\":\"EntryPoint\",\"urlTemplate\":\"https:\/\/franciscanos.org.br\/noticias\/?s={search_term_string}\"},\"query-input\":\"required name=search_term_string\"}],\"inLanguage\":\"pt-BR\"},{\"@type\":\"ImageObject\",\"inLanguage\":\"pt-BR\",\"@id\":\"https:\/\/franciscanos.org.br\/noticias\/ir-vicentina-monteiro-convento-das-gracas-uma-dadiva-de-deus.html#primaryimage\",\"url\":\"https:\/\/franciscanos.org.br\/noticias\/wp-content\/uploads\/2013\/03\/vicentina_alto-1.jpg\",\"contentUrl\":\"https:\/\/franciscanos.org.br\/noticias\/wp-content\/uploads\/2013\/03\/vicentina_alto-1.jpg\",\"width\":273,\"height\":181},{\"@type\":\"WebPage\",\"@id\":\"https:\/\/franciscanos.org.br\/noticias\/ir-vicentina-monteiro-convento-das-gracas-uma-dadiva-de-deus.html#webpage\",\"url\":\"https:\/\/franciscanos.org.br\/noticias\/ir-vicentina-monteiro-convento-das-gracas-uma-dadiva-de-deus.html\",\"name\":\"Ir. Vicentina Monteiro: \\\"Convento das Gra\u00e7as, uma d\u00e1diva de Deus\\\" - Not\u00edcias - Franciscanos\",\"isPartOf\":{\"@id\":\"https:\/\/franciscanos.org.br\/noticias\/#website\"},\"primaryImageOfPage\":{\"@id\":\"https:\/\/franciscanos.org.br\/noticias\/ir-vicentina-monteiro-convento-das-gracas-uma-dadiva-de-deus.html#primaryimage\"},\"datePublished\":\"2013-03-01T12:36:27+00:00\",\"dateModified\":\"2020-11-11T12:05:27+00:00\",\"author\":{\"@id\":\"https:\/\/franciscanos.org.br\/noticias\/#\/schema\/person\/b38fbf43118f02820bd932f2e4b14ad3\"},\"breadcrumb\":{\"@id\":\"https:\/\/franciscanos.org.br\/noticias\/ir-vicentina-monteiro-convento-das-gracas-uma-dadiva-de-deus.html#breadcrumb\"},\"inLanguage\":\"pt-BR\",\"potentialAction\":[{\"@type\":\"ReadAction\",\"target\":[\"https:\/\/franciscanos.org.br\/noticias\/ir-vicentina-monteiro-convento-das-gracas-uma-dadiva-de-deus.html\"]}]},{\"@type\":\"BreadcrumbList\",\"@id\":\"https:\/\/franciscanos.org.br\/noticias\/ir-vicentina-monteiro-convento-das-gracas-uma-dadiva-de-deus.html#breadcrumb\",\"itemListElement\":[{\"@type\":\"ListItem\",\"position\":1,\"name\":\"Home\",\"item\":\"https:\/\/franciscanos.org.br\/noticias\"},{\"@type\":\"ListItem\",\"position\":2,\"name\":\"Ir. Vicentina Monteiro: &#8220;Convento das Gra\u00e7as, uma d\u00e1diva de Deus&#8221;\"}]},{\"@type\":\"Person\",\"@id\":\"https:\/\/franciscanos.org.br\/noticias\/#\/schema\/person\/b38fbf43118f02820bd932f2e4b14ad3\",\"name\":\"admin\",\"image\":{\"@type\":\"ImageObject\",\"inLanguage\":\"pt-BR\",\"@id\":\"https:\/\/franciscanos.org.br\/noticias\/#\/schema\/person\/image\/\",\"url\":\"https:\/\/secure.gravatar.com\/avatar\/e8495742d34d0ba6448ea1c628263b3e?s=96&d=mm&r=g\",\"contentUrl\":\"https:\/\/secure.gravatar.com\/avatar\/e8495742d34d0ba6448ea1c628263b3e?s=96&d=mm&r=g\",\"caption\":\"admin\"},\"url\":\"https:\/\/franciscanos.org.br\/noticias\/author\/admin\"}]}<\/script>\n<!-- \/ Yoast SEO plugin. -->","yoast_head_json":{"title":"Ir. Vicentina Monteiro: \"Convento das Gra\u00e7as, uma d\u00e1diva de Deus\" - Not\u00edcias - Franciscanos","robots":{"index":"index","follow":"follow","max-snippet":"max-snippet:-1","max-image-preview":"max-image-preview:large","max-video-preview":"max-video-preview:-1"},"canonical":"https:\/\/franciscanos.org.br\/noticias\/ir-vicentina-monteiro-convento-das-gracas-uma-dadiva-de-deus.html","og_locale":"pt_BR","og_type":"article","og_title":"Ir. Vicentina Monteiro: \"Convento das Gra\u00e7as, uma d\u00e1diva de Deus\" - Not\u00edcias - Franciscanos","og_description":"Entrevista","og_url":"https:\/\/franciscanos.org.br\/noticias\/ir-vicentina-monteiro-convento-das-gracas-uma-dadiva-de-deus.html","og_site_name":"Not\u00edcias - Franciscanos","article_published_time":"2013-03-01T12:36:27+00:00","article_modified_time":"2020-11-11T12:05:27+00:00","og_image":[{"width":273,"height":181,"url":"https:\/\/franciscanos.org.br\/noticias\/wp-content\/uploads\/2013\/03\/vicentina_alto-1.jpg","type":"image\/jpeg"}],"author":"admin","twitter_card":"summary_large_image","twitter_misc":{"Escrito por":"admin","Est. tempo de leitura":"12 minutos"},"schema":{"@context":"https:\/\/schema.org","@graph":[{"@type":"WebSite","@id":"https:\/\/franciscanos.org.br\/noticias\/#website","url":"https:\/\/franciscanos.org.br\/noticias\/","name":"Not\u00edcias - Franciscanos","description":"Prov\u00edncia Franciscana da Imaculada Concei\u00e7\u00e3o do Brasil - Ordem dos Frades Menores - OFM","potentialAction":[{"@type":"SearchAction","target":{"@type":"EntryPoint","urlTemplate":"https:\/\/franciscanos.org.br\/noticias\/?s={search_term_string}"},"query-input":"required name=search_term_string"}],"inLanguage":"pt-BR"},{"@type":"ImageObject","inLanguage":"pt-BR","@id":"https:\/\/franciscanos.org.br\/noticias\/ir-vicentina-monteiro-convento-das-gracas-uma-dadiva-de-deus.html#primaryimage","url":"https:\/\/franciscanos.org.br\/noticias\/wp-content\/uploads\/2013\/03\/vicentina_alto-1.jpg","contentUrl":"https:\/\/franciscanos.org.br\/noticias\/wp-content\/uploads\/2013\/03\/vicentina_alto-1.jpg","width":273,"height":181},{"@type":"WebPage","@id":"https:\/\/franciscanos.org.br\/noticias\/ir-vicentina-monteiro-convento-das-gracas-uma-dadiva-de-deus.html#webpage","url":"https:\/\/franciscanos.org.br\/noticias\/ir-vicentina-monteiro-convento-das-gracas-uma-dadiva-de-deus.html","name":"Ir. Vicentina Monteiro: \"Convento das Gra\u00e7as, uma d\u00e1diva de Deus\" - Not\u00edcias - Franciscanos","isPartOf":{"@id":"https:\/\/franciscanos.org.br\/noticias\/#website"},"primaryImageOfPage":{"@id":"https:\/\/franciscanos.org.br\/noticias\/ir-vicentina-monteiro-convento-das-gracas-uma-dadiva-de-deus.html#primaryimage"},"datePublished":"2013-03-01T12:36:27+00:00","dateModified":"2020-11-11T12:05:27+00:00","author":{"@id":"https:\/\/franciscanos.org.br\/noticias\/#\/schema\/person\/b38fbf43118f02820bd932f2e4b14ad3"},"breadcrumb":{"@id":"https:\/\/franciscanos.org.br\/noticias\/ir-vicentina-monteiro-convento-das-gracas-uma-dadiva-de-deus.html#breadcrumb"},"inLanguage":"pt-BR","potentialAction":[{"@type":"ReadAction","target":["https:\/\/franciscanos.org.br\/noticias\/ir-vicentina-monteiro-convento-das-gracas-uma-dadiva-de-deus.html"]}]},{"@type":"BreadcrumbList","@id":"https:\/\/franciscanos.org.br\/noticias\/ir-vicentina-monteiro-convento-das-gracas-uma-dadiva-de-deus.html#breadcrumb","itemListElement":[{"@type":"ListItem","position":1,"name":"Home","item":"https:\/\/franciscanos.org.br\/noticias"},{"@type":"ListItem","position":2,"name":"Ir. Vicentina Monteiro: &#8220;Convento das Gra\u00e7as, uma d\u00e1diva de Deus&#8221;"}]},{"@type":"Person","@id":"https:\/\/franciscanos.org.br\/noticias\/#\/schema\/person\/b38fbf43118f02820bd932f2e4b14ad3","name":"admin","image":{"@type":"ImageObject","inLanguage":"pt-BR","@id":"https:\/\/franciscanos.org.br\/noticias\/#\/schema\/person\/image\/","url":"https:\/\/secure.gravatar.com\/avatar\/e8495742d34d0ba6448ea1c628263b3e?s=96&d=mm&r=g","contentUrl":"https:\/\/secure.gravatar.com\/avatar\/e8495742d34d0ba6448ea1c628263b3e?s=96&d=mm&r=g","caption":"admin"},"url":"https:\/\/franciscanos.org.br\/noticias\/author\/admin"}]}},"_links":{"self":[{"href":"https:\/\/franciscanos.org.br\/noticias\/wp-json\/wp\/v2\/posts\/33533"}],"collection":[{"href":"https:\/\/franciscanos.org.br\/noticias\/wp-json\/wp\/v2\/posts"}],"about":[{"href":"https:\/\/franciscanos.org.br\/noticias\/wp-json\/wp\/v2\/types\/post"}],"author":[{"embeddable":true,"href":"https:\/\/franciscanos.org.br\/noticias\/wp-json\/wp\/v2\/users\/1"}],"replies":[{"embeddable":true,"href":"https:\/\/franciscanos.org.br\/noticias\/wp-json\/wp\/v2\/comments?post=33533"}],"version-history":[{"count":2,"href":"https:\/\/franciscanos.org.br\/noticias\/wp-json\/wp\/v2\/posts\/33533\/revisions"}],"predecessor-version":[{"id":223813,"href":"https:\/\/franciscanos.org.br\/noticias\/wp-json\/wp\/v2\/posts\/33533\/revisions\/223813"}],"wp:featuredmedia":[{"embeddable":true,"href":"https:\/\/franciscanos.org.br\/noticias\/wp-json\/wp\/v2\/media\/216493"}],"wp:attachment":[{"href":"https:\/\/franciscanos.org.br\/noticias\/wp-json\/wp\/v2\/media?parent=33533"}],"wp:term":[{"taxonomy":"category","embeddable":true,"href":"https:\/\/franciscanos.org.br\/noticias\/wp-json\/wp\/v2\/categories?post=33533"},{"taxonomy":"post_tag","embeddable":true,"href":"https:\/\/franciscanos.org.br\/noticias\/wp-json\/wp\/v2\/tags?post=33533"}],"curies":[{"name":"wp","href":"https:\/\/api.w.org\/{rel}","templated":true}]}}