{"id":33472,"date":"2013-02-28T08:55:10","date_gmt":"2013-02-28T11:55:10","guid":{"rendered":"http:\/\/new.franciscanos.org.br\/?p=33472"},"modified":"2020-06-11T17:32:15","modified_gmt":"2020-06-11T20:32:15","slug":"bento-xvi-promete-obediencia-ao-novo-papa","status":"publish","type":"post","link":"https:\/\/franciscanos.org.br\/noticias\/bento-xvi-promete-obediencia-ao-novo-papa.html","title":{"rendered":"Bento XVI promete obedi\u00eancia ao novo papa"},"content":{"rendered":"<p><a href=\"http:\/\/franciscanos.org.br\/wp-content\/uploads\/2013\/02\/papa_despedida.jpg\"><img loading=\"lazy\" class=\"size-full wp-image-33473 alignright\" title=\"papa_despedida\" src=\"http:\/\/franciscanos.org.br\/wp-content\/uploads\/2013\/02\/papa_despedida.jpg\" alt=\"\" width=\"400\" height=\"268\" \/><\/a>Em seu \u00faltimo discurso antes da ren\u00fancia, o papa Bento 16 prometeu aos cardeais &#8220;obedi\u00eancia incondicional&#8221; ao novo pont\u00edfice, a ser escolhido em meados de mar\u00e7o. Ap\u00f3s ouvir a sauda\u00e7\u00e3o do decano do Col\u00e9gio de Cardeais, Angelo Soldano, Bento XVI tomou a palavra para se despedir dos Cardeais.<\/p>\n<p>Assim como o Cardeal Soldano, o Papa tamb\u00e9m citou a experi\u00eancia dos disc\u00edpulos de Ema\u00fas, afirmando que tamb\u00e9m para ele foi uma alegria caminhar em companhia dos cardeais nesses anos na luz da presen\u00e7a do Senhor ressuscitado.<\/p>\n<p>Como disse ontem diante de milhares de fi\u00e9is que lotavam a Pra\u00e7a S\u00e3o Pedro, a solidariedade e o conselho do Col\u00e9gio foram de grande ajuda no seu minist\u00e9rio. \u201cNesses oito anos, vivemos com f\u00e9 momentos bel\u00edssimos de luz radiosa no caminho da Igreja, junto a momentos em que algumas nuvens se adensaram no c\u00e9u. Buscamos servir Cristo e a sua Igreja com amor profundo e total. Doamos a esperan\u00e7a que nos vem de Cristo e que \u00e9 a \u00fanica capaz de iluminar o caminho. Juntos, podemos agradecer ao Senhor que nos fez crescer na comunh\u00e3o. Juntos, podemos pedir para que nos ajude a crescer ainda nessa unidade profunda, de modo que o Col\u00e9gio dos Cardeais seja como uma orquestra, onde as diversidades, express\u00e3o da Igreja universal, concorrem \u00e0 superior e concorde harmonia.<\/p>\n<p>Aos Cardeais, o Papa expressou \u201cum pensamento simples\u201d sobre a Igreja e sobre o seu mist\u00e9rio, que constitui para todos n\u00f3s a raz\u00e3o e a paix\u00e3o da vida, escrita por Romano Guardini. Ou seja, de que a Igreja n\u00e3o \u00e9 uma institui\u00e7\u00e3o excogitada, mas uma realidade viva. Ela vive do decorrer do tempo, transformando-se, mas em sua natureza permanece sempre a mesma. O seu cora\u00e7\u00e3o \u00e9 Cristo.<\/p>\n<p>\u201cParece que esta foi a nossa experi\u00eancia ontem na Pra\u00e7a. Ver que a Igreja \u00e9 um corpo vivo, animado pelo Esp\u00edrito Santo, e vive realmente da for\u00e7a de Deus. Ela est\u00e1 no mundo, apesar de n\u00e3o ser do mundo. \u00c9 de Deus, de Cristo, do Esp\u00edrito Santo e n\u00f3s o vimos ontem. Por isso \u00e9 verdadeira e eloquente a outra famosa express\u00e3o de Guardini:<\/p>\n<p>A Igreja se desperta no \u00e2nimo das pessoas. A Igreja vive, cresce e se desperta nos \u00e2nimos que, como a Virgem Maria, acolhem a palavra de Deus e a concebem por obra do Esp\u00edrito Santo. Oferecem a Deus a pr\u00f3pria carne e o pr\u00f3prio trabalho em sua pobreza e humildade, se tornando capazes de gerar Cristo hoje no mundo.<\/p>\n<p>Atrav\u00e9s da Igreja, disse o Papa, o mist\u00e9rio da encarna\u00e7\u00e3o permanece presente sempre. E fez um apelo aos Cardeais:<\/p>\n<p>\u201cPermane\u00e7amos unidos, queridos irm\u00e3os, neste mist\u00e9rio, na ora\u00e7\u00e3o, especialmente na Eucaristia cotidiana, e assim serviremos a Igreja e toda a humanidade. Esta \u00e9 a nossa alegria que ningu\u00e9m pode nos tirar. Antes de saud\u00e1-los pessoalmente, desejo dizer que continuarei pr\u00f3ximo com a ora\u00e7\u00e3o, especialmente nos pr\u00f3ximos dias, para que sejais plenamente d\u00f3ceis \u00e0 a\u00e7\u00e3o do Esp\u00edrito Santo na elei\u00e7\u00e3o do novo Papa. Que o Senhor vos mostre quem Ele quer. E entre v\u00f3s, entre o Col\u00e9gio dos cardeais, est\u00e1 tamb\u00e9m o futuro Papa, ao qual j\u00e1 hoje prometo a minha incondicionada rever\u00eancia e obedi\u00eancia.\u201d<\/p>\n","protected":false},"excerpt":{"rendered":"<p>Santa S\u00e9 vacante<\/p>\n","protected":false},"author":1,"featured_media":214885,"comment_status":"closed","ping_status":"open","sticky":false,"template":"","format":"standard","meta":[],"categories":[1428],"tags":[340],"acf":[],"yoast_head":"<!-- This site is optimized with the Yoast SEO plugin v19.2 - https:\/\/yoast.com\/wordpress\/plugins\/seo\/ -->\n<title>Bento XVI promete obedi\u00eancia ao novo papa - Not\u00edcias - Franciscanos<\/title>\n<meta name=\"robots\" content=\"index, follow, max-snippet:-1, max-image-preview:large, max-video-preview:-1\" \/>\n<link rel=\"canonical\" href=\"https:\/\/franciscanos.org.br\/noticias\/bento-xvi-promete-obediencia-ao-novo-papa.html\" \/>\n<meta property=\"og:locale\" content=\"pt_BR\" \/>\n<meta property=\"og:type\" content=\"article\" \/>\n<meta property=\"og:title\" content=\"Bento XVI promete obedi\u00eancia ao novo papa - Not\u00edcias - Franciscanos\" \/>\n<meta property=\"og:description\" content=\"Santa S\u00e9 vacante\" \/>\n<meta property=\"og:url\" content=\"https:\/\/franciscanos.org.br\/noticias\/bento-xvi-promete-obediencia-ao-novo-papa.html\" \/>\n<meta property=\"og:site_name\" content=\"Not\u00edcias - Franciscanos\" \/>\n<meta property=\"article:published_time\" content=\"2013-02-28T11:55:10+00:00\" \/>\n<meta property=\"article:modified_time\" content=\"2020-06-11T20:32:15+00:00\" \/>\n<meta property=\"og:image\" content=\"https:\/\/franciscanos.org.br\/noticias\/wp-content\/uploads\/2013\/02\/papa_despedida.jpg\" \/>\n\t<meta property=\"og:image:width\" content=\"273\" \/>\n\t<meta property=\"og:image:height\" content=\"182\" \/>\n\t<meta property=\"og:image:type\" content=\"image\/jpeg\" \/>\n<meta name=\"author\" content=\"admin\" \/>\n<meta name=\"twitter:card\" content=\"summary_large_image\" \/>\n<meta name=\"twitter:label1\" content=\"Escrito por\" \/>\n\t<meta name=\"twitter:data1\" content=\"admin\" \/>\n\t<meta name=\"twitter:label2\" content=\"Est. tempo de leitura\" \/>\n\t<meta name=\"twitter:data2\" content=\"3 minutos\" \/>\n<script type=\"application\/ld+json\" class=\"yoast-schema-graph\">{\"@context\":\"https:\/\/schema.org\",\"@graph\":[{\"@type\":\"WebSite\",\"@id\":\"https:\/\/franciscanos.org.br\/noticias\/#website\",\"url\":\"https:\/\/franciscanos.org.br\/noticias\/\",\"name\":\"Not\u00edcias - Franciscanos\",\"description\":\"Prov\u00edncia Franciscana da Imaculada Concei\u00e7\u00e3o do Brasil - Ordem dos Frades Menores - OFM\",\"potentialAction\":[{\"@type\":\"SearchAction\",\"target\":{\"@type\":\"EntryPoint\",\"urlTemplate\":\"https:\/\/franciscanos.org.br\/noticias\/?s={search_term_string}\"},\"query-input\":\"required name=search_term_string\"}],\"inLanguage\":\"pt-BR\"},{\"@type\":\"ImageObject\",\"inLanguage\":\"pt-BR\",\"@id\":\"https:\/\/franciscanos.org.br\/noticias\/bento-xvi-promete-obediencia-ao-novo-papa.html#primaryimage\",\"url\":\"https:\/\/franciscanos.org.br\/noticias\/wp-content\/uploads\/2013\/02\/papa_despedida.jpg\",\"contentUrl\":\"https:\/\/franciscanos.org.br\/noticias\/wp-content\/uploads\/2013\/02\/papa_despedida.jpg\",\"width\":273,\"height\":182},{\"@type\":\"WebPage\",\"@id\":\"https:\/\/franciscanos.org.br\/noticias\/bento-xvi-promete-obediencia-ao-novo-papa.html#webpage\",\"url\":\"https:\/\/franciscanos.org.br\/noticias\/bento-xvi-promete-obediencia-ao-novo-papa.html\",\"name\":\"Bento XVI promete obedi\u00eancia ao novo papa - Not\u00edcias - Franciscanos\",\"isPartOf\":{\"@id\":\"https:\/\/franciscanos.org.br\/noticias\/#website\"},\"primaryImageOfPage\":{\"@id\":\"https:\/\/franciscanos.org.br\/noticias\/bento-xvi-promete-obediencia-ao-novo-papa.html#primaryimage\"},\"datePublished\":\"2013-02-28T11:55:10+00:00\",\"dateModified\":\"2020-06-11T20:32:15+00:00\",\"author\":{\"@id\":\"https:\/\/franciscanos.org.br\/noticias\/#\/schema\/person\/b38fbf43118f02820bd932f2e4b14ad3\"},\"breadcrumb\":{\"@id\":\"https:\/\/franciscanos.org.br\/noticias\/bento-xvi-promete-obediencia-ao-novo-papa.html#breadcrumb\"},\"inLanguage\":\"pt-BR\",\"potentialAction\":[{\"@type\":\"ReadAction\",\"target\":[\"https:\/\/franciscanos.org.br\/noticias\/bento-xvi-promete-obediencia-ao-novo-papa.html\"]}]},{\"@type\":\"BreadcrumbList\",\"@id\":\"https:\/\/franciscanos.org.br\/noticias\/bento-xvi-promete-obediencia-ao-novo-papa.html#breadcrumb\",\"itemListElement\":[{\"@type\":\"ListItem\",\"position\":1,\"name\":\"Home\",\"item\":\"https:\/\/franciscanos.org.br\/noticias\"},{\"@type\":\"ListItem\",\"position\":2,\"name\":\"Bento XVI promete obedi\u00eancia ao novo papa\"}]},{\"@type\":\"Person\",\"@id\":\"https:\/\/franciscanos.org.br\/noticias\/#\/schema\/person\/b38fbf43118f02820bd932f2e4b14ad3\",\"name\":\"admin\",\"image\":{\"@type\":\"ImageObject\",\"inLanguage\":\"pt-BR\",\"@id\":\"https:\/\/franciscanos.org.br\/noticias\/#\/schema\/person\/image\/\",\"url\":\"https:\/\/secure.gravatar.com\/avatar\/e8495742d34d0ba6448ea1c628263b3e?s=96&d=mm&r=g\",\"contentUrl\":\"https:\/\/secure.gravatar.com\/avatar\/e8495742d34d0ba6448ea1c628263b3e?s=96&d=mm&r=g\",\"caption\":\"admin\"},\"url\":\"https:\/\/franciscanos.org.br\/noticias\/author\/admin\"}]}<\/script>\n<!-- \/ Yoast SEO plugin. -->","yoast_head_json":{"title":"Bento XVI promete obedi\u00eancia ao novo papa - Not\u00edcias - Franciscanos","robots":{"index":"index","follow":"follow","max-snippet":"max-snippet:-1","max-image-preview":"max-image-preview:large","max-video-preview":"max-video-preview:-1"},"canonical":"https:\/\/franciscanos.org.br\/noticias\/bento-xvi-promete-obediencia-ao-novo-papa.html","og_locale":"pt_BR","og_type":"article","og_title":"Bento XVI promete obedi\u00eancia ao novo papa - Not\u00edcias - Franciscanos","og_description":"Santa S\u00e9 vacante","og_url":"https:\/\/franciscanos.org.br\/noticias\/bento-xvi-promete-obediencia-ao-novo-papa.html","og_site_name":"Not\u00edcias - Franciscanos","article_published_time":"2013-02-28T11:55:10+00:00","article_modified_time":"2020-06-11T20:32:15+00:00","og_image":[{"width":273,"height":182,"url":"https:\/\/franciscanos.org.br\/noticias\/wp-content\/uploads\/2013\/02\/papa_despedida.jpg","type":"image\/jpeg"}],"author":"admin","twitter_card":"summary_large_image","twitter_misc":{"Escrito por":"admin","Est. tempo de leitura":"3 minutos"},"schema":{"@context":"https:\/\/schema.org","@graph":[{"@type":"WebSite","@id":"https:\/\/franciscanos.org.br\/noticias\/#website","url":"https:\/\/franciscanos.org.br\/noticias\/","name":"Not\u00edcias - Franciscanos","description":"Prov\u00edncia Franciscana da Imaculada Concei\u00e7\u00e3o do Brasil - Ordem dos Frades Menores - OFM","potentialAction":[{"@type":"SearchAction","target":{"@type":"EntryPoint","urlTemplate":"https:\/\/franciscanos.org.br\/noticias\/?s={search_term_string}"},"query-input":"required name=search_term_string"}],"inLanguage":"pt-BR"},{"@type":"ImageObject","inLanguage":"pt-BR","@id":"https:\/\/franciscanos.org.br\/noticias\/bento-xvi-promete-obediencia-ao-novo-papa.html#primaryimage","url":"https:\/\/franciscanos.org.br\/noticias\/wp-content\/uploads\/2013\/02\/papa_despedida.jpg","contentUrl":"https:\/\/franciscanos.org.br\/noticias\/wp-content\/uploads\/2013\/02\/papa_despedida.jpg","width":273,"height":182},{"@type":"WebPage","@id":"https:\/\/franciscanos.org.br\/noticias\/bento-xvi-promete-obediencia-ao-novo-papa.html#webpage","url":"https:\/\/franciscanos.org.br\/noticias\/bento-xvi-promete-obediencia-ao-novo-papa.html","name":"Bento XVI promete obedi\u00eancia ao novo papa - Not\u00edcias - Franciscanos","isPartOf":{"@id":"https:\/\/franciscanos.org.br\/noticias\/#website"},"primaryImageOfPage":{"@id":"https:\/\/franciscanos.org.br\/noticias\/bento-xvi-promete-obediencia-ao-novo-papa.html#primaryimage"},"datePublished":"2013-02-28T11:55:10+00:00","dateModified":"2020-06-11T20:32:15+00:00","author":{"@id":"https:\/\/franciscanos.org.br\/noticias\/#\/schema\/person\/b38fbf43118f02820bd932f2e4b14ad3"},"breadcrumb":{"@id":"https:\/\/franciscanos.org.br\/noticias\/bento-xvi-promete-obediencia-ao-novo-papa.html#breadcrumb"},"inLanguage":"pt-BR","potentialAction":[{"@type":"ReadAction","target":["https:\/\/franciscanos.org.br\/noticias\/bento-xvi-promete-obediencia-ao-novo-papa.html"]}]},{"@type":"BreadcrumbList","@id":"https:\/\/franciscanos.org.br\/noticias\/bento-xvi-promete-obediencia-ao-novo-papa.html#breadcrumb","itemListElement":[{"@type":"ListItem","position":1,"name":"Home","item":"https:\/\/franciscanos.org.br\/noticias"},{"@type":"ListItem","position":2,"name":"Bento XVI promete obedi\u00eancia ao novo papa"}]},{"@type":"Person","@id":"https:\/\/franciscanos.org.br\/noticias\/#\/schema\/person\/b38fbf43118f02820bd932f2e4b14ad3","name":"admin","image":{"@type":"ImageObject","inLanguage":"pt-BR","@id":"https:\/\/franciscanos.org.br\/noticias\/#\/schema\/person\/image\/","url":"https:\/\/secure.gravatar.com\/avatar\/e8495742d34d0ba6448ea1c628263b3e?s=96&d=mm&r=g","contentUrl":"https:\/\/secure.gravatar.com\/avatar\/e8495742d34d0ba6448ea1c628263b3e?s=96&d=mm&r=g","caption":"admin"},"url":"https:\/\/franciscanos.org.br\/noticias\/author\/admin"}]}},"_links":{"self":[{"href":"https:\/\/franciscanos.org.br\/noticias\/wp-json\/wp\/v2\/posts\/33472"}],"collection":[{"href":"https:\/\/franciscanos.org.br\/noticias\/wp-json\/wp\/v2\/posts"}],"about":[{"href":"https:\/\/franciscanos.org.br\/noticias\/wp-json\/wp\/v2\/types\/post"}],"author":[{"embeddable":true,"href":"https:\/\/franciscanos.org.br\/noticias\/wp-json\/wp\/v2\/users\/1"}],"replies":[{"embeddable":true,"href":"https:\/\/franciscanos.org.br\/noticias\/wp-json\/wp\/v2\/comments?post=33472"}],"version-history":[{"count":1,"href":"https:\/\/franciscanos.org.br\/noticias\/wp-json\/wp\/v2\/posts\/33472\/revisions"}],"predecessor-version":[{"id":226405,"href":"https:\/\/franciscanos.org.br\/noticias\/wp-json\/wp\/v2\/posts\/33472\/revisions\/226405"}],"wp:featuredmedia":[{"embeddable":true,"href":"https:\/\/franciscanos.org.br\/noticias\/wp-json\/wp\/v2\/media\/214885"}],"wp:attachment":[{"href":"https:\/\/franciscanos.org.br\/noticias\/wp-json\/wp\/v2\/media?parent=33472"}],"wp:term":[{"taxonomy":"category","embeddable":true,"href":"https:\/\/franciscanos.org.br\/noticias\/wp-json\/wp\/v2\/categories?post=33472"},{"taxonomy":"post_tag","embeddable":true,"href":"https:\/\/franciscanos.org.br\/noticias\/wp-json\/wp\/v2\/tags?post=33472"}],"curies":[{"name":"wp","href":"https:\/\/api.w.org\/{rel}","templated":true}]}}