{"id":33427,"date":"2013-02-27T10:58:30","date_gmt":"2013-02-27T13:58:30","guid":{"rendered":"http:\/\/new.franciscanos.org.br\/?p=33427"},"modified":"2022-12-31T12:42:22","modified_gmt":"2022-12-31T15:42:22","slug":"papa-se-despede-na-praca-sao-pedro","status":"publish","type":"post","link":"https:\/\/franciscanos.org.br\/noticias\/papa-se-despede-na-praca-sao-pedro.html","title":{"rendered":"Papa Bento XVI come\u00e7a as suas despedidas"},"content":{"rendered":"<p><strong><a href=\"http:\/\/franciscanos.org.br\/wp-content\/uploads\/2013\/02\/papa_audiencia_ultima.jpg\"><img loading=\"lazy\" class=\"alignright size-full wp-image-33428\" title=\"papa_audiencia_ultima\" src=\"http:\/\/franciscanos.org.br\/wp-content\/uploads\/2013\/02\/papa_audiencia_ultima.jpg\" alt=\"\" width=\"400\" height=\"259\" \/><\/a>Cidade do Vaticano\u00a0<\/strong>\u2013 \u00a0O Papa Bento XVI despediu-se hoje, 27 de fevereiro, dos fi\u00e9is cat\u00f3licos na Pra\u00e7a S\u00e3o Pedro, na sua \u00faltima audi\u00eancia geral. A Cidade do Vaticano e seus arredores se coloriram com dezenas de milhares de pessoas carregando bandeiras de seus pa\u00edses e comunidades, bancos dobr\u00e1veis, garrafinhas de \u00e1gua e m\u00e1quinas fotogr\u00e1ficas para imortalizar o evento.<\/p>\n<p>Nesta quinta-feira (28), Bento XVI deixar\u00e1 o posto, em um acontecimento sem precedentes na hist\u00f3ria da Igreja moderna, e passar\u00e1 a ser chamado de &#8220;Papa Em\u00e9rito&#8221;. Por volta das 13h (hor\u00e1rio de Bras\u00edlia), Bento XVI ir\u00e1 para o heliporto do Vaticano para viajar a Castel Gandolfo, 25 quil\u00f4metros ao sul de Roma, a resid\u00eancia de ver\u00e3o do Papa, onde passar\u00e1 dois meses, antes de se estabelecer em um mosteiro no Monte do Vaticano.<\/p>\n<p>Nesta quarta, quando se despediu da multid\u00e3o, Bento XVI chegou a bordo do papam\u00f3vel, saudando os fi\u00e9is de todos os setores do per\u00edmetro da Pra\u00e7a S\u00e3o Pedro. O autom\u00f3vel parou por alguns instantes para pegar nos bra\u00e7os uma crian\u00e7a e beij\u00e1-la na cabe\u00e7a.<\/p>\n<p>Do palco montado para a ocasi\u00e3o, recebeu um caloroso aplauso de todos os presentes e proferiu a catequese, a \u00faltima de seu pontificado. Agradecendo principalmente a Deus, que guia e faz crescer a Igreja, o Pont\u00edfice quis \u201cabra\u00e7ar\u201d a Igreja de todo o mundo, assegurando que tem consigo todos n\u00f3s em suas ora\u00e7\u00f5es. \u201cEstou realmente comovido e vejo a Igreja viva!\u201d \u2013 prosseguiu. Em seguida, disse sentir-se muito confiante de que o Evangelho purifique e renove, levando frutos aonde quer que a comunidade o escute e receba a gra\u00e7a de Deus, vivendo na caridade.<\/p>\n<p>Relembrando o dia 19 de abril de quase 8 anos atr\u00e1s e o tempo passado at\u00e9 hoje, o Pont\u00edfice disse que o Senhor sempre lhe esteve pr\u00f3ximo e ele pode sentir cotidianamente sua presen\u00e7a: \u201cFoi um trecho do caminho da Igreja que teve instantes de alegria e de luz, mas tamb\u00e9m momentos dif\u00edceis; tempos de sol e brisas leves, em que a pesca foi abundante, e momentos em que as \u00e1guas estiveram agitadas e o vento contr\u00e1rio. Mas eu sempre soube que naquele barco estava o Senhor e que o barco n\u00e3o era meu, nem de voc\u00eas, mas Dele, que n\u00e3o o deixa naufragar. \u00c9 Ele que o conduz, certamente atrav\u00e9s tamb\u00e9m dos homens que escolhe, porque os quer. Esta foi e \u00e9 uma certeza que nada pode ofuscar. E \u00e9 por isso \u2013 completou Bento XVI \u2013 que hoje meu cora\u00e7\u00e3o est\u00e1 pleno de gra\u00e7as a Deus, porque nunca fez faltar \u00e0 Igreja e a mim o seu consolo, sua luz e seu amor\u201d.<\/p>\n<p>O Pont\u00edfice destacou tamb\u00e9m que \u201cum Papa nunca est\u00e1 sozinho no leme do barco de Pedro, embora esta seja a sua primeira responsabilidade\u201d: \u201cNunca me senti sozinho, com a alegria e o peso do minist\u00e9rio petrino. O Senhor colocou a meu lado muitas pessoas que com generosidade e amor a Deus e \u00e0 Igreja, me ajudaram, estando perto de mim\u201d. Bento XVI citou os cardeais, os colaboradores e todos os funcion\u00e1rios da Santa S\u00e9; os irm\u00e3os bispos e a Igreja de Roma, da qual \u00e9 bispo; e naturalmente todo o povo de Deus: \u201cNas visitas pastorais, nos encontros, nas audi\u00eancias, nas viagens, sempre senti muito carinho; mas eu tamb\u00e9m quis bem a todos, sem distin\u00e7\u00e3o. Sempre levei voc\u00eas, todos os dias, na ora\u00e7\u00e3o, com o cora\u00e7\u00e3o de pai\u201d \u2013 disse, estendendo tamb\u00e9m seu agradecimento aos diplomatas que representam na Santa S\u00e9 \u201ca grande fam\u00edlia das Na\u00e7\u00f5es\u201d, e aos jornalistas \u201cque trabalham por uma boa comunica\u00e7\u00e3o e que desempenham um servi\u00e7o importante\u201d.<\/p>\n<p>Na sequ\u00eancia dos agradecimentos, Bento XVI citou especialmente as pessoas que de todo o mundo lhe enviaram mensagens de amizade e ora\u00e7\u00f5es, nas \u00faltimas semanas: \u201cO Papa pertence a todos e muita gente se sente pr\u00f3ximo a ele. Recebo cartas de Chefes de Estado, de l\u00edderes religiosos, mas tamb\u00e9m de pessoas simples, que querem enviar-me o seu afeto, que me escrevem como se escrevessem a um irm\u00e3o, irm\u00e3, filho ou filha, com quem mant\u00eam uma rela\u00e7\u00e3o \u2018familiar\u2019 muito carinhosa. Viver a Igreja assim \u00e9 raz\u00e3o de alegria nestes tempos em que tanto se fala de decl\u00ednio\u201d.<\/p>\n<p>Em seguida, ele explicou aos fi\u00e9is que nos \u00faltimos meses, \u00e0 medida que sentiu que suas for\u00e7as estavam diminuindo, pediu a Deus, insistindo com as ora\u00e7\u00f5es, que o iluminasse para tomar a decis\u00e3o mais justa para o bem da Igreja: \u201cFiz este passo na plena consci\u00eancia de sua gravidade e da novidade, mas profundamente tranquilo no esp\u00edrito. Amar a Igreja significa tamb\u00e9m ter a coragem de tomar decis\u00f5es dif\u00edceis, tendo sempre em vista o bem da Igreja e n\u00e3o de si pr\u00f3prio\u201d.<br \/>\nLembrando novamente o que sentiu no dia de sua elei\u00e7\u00e3o, em 2005, o Papa disse que \u201cquem assume o minist\u00e9rio petrino perde a sua privacidade; passa a pertencer sempre e totalmente a todos, a toda a Igreja. A dimens\u00e3o privada \u00e9 exclu\u00edda de sua vida. Eu pude perceber, e percebo especialmente agora, que ao doar a pr\u00f3pria vida, n\u00f3s a recebemos\u201d.<\/p>\n<p>\u201cMinha decis\u00e3o n\u00e3o implica no retorno \u00e0 vida privada. N\u00e3o terei mais viagens, audi\u00eancias, confer\u00eancias, etc; mas n\u00e3o abandonarei a Cruz, continuarei junto ao Senhor Crucificado, de um modo novo. No of\u00edcio da ora\u00e7\u00e3o, permanecerei no \u2018espa\u00e7o\u2019 de S\u00e3o Pedro. S\u00e3o Bento, cujo nome adotei como Papa, ser\u00e1 um grande exemplo para mim. Ele mostrou o caminho para uma vida que, ativa ou passiva, pertence totalmente \u00e0 obra de Deus\u201d.<\/p>\n<p>Ap\u00f3s quase uma hora de sua chegada na Pra\u00e7a, o Papa se despediu de todos sob os aplausos da multid\u00e3o, assegurando que acompanhar\u00e1 o caminho da Igreja com ora\u00e7\u00f5es e reflex\u00f5es e pediu que rezemos pelos Cardeais, chamados a um dever t\u00e3o importante, e pelo novo Sucessor do Ap\u00f3stolo Pedro. Bento XVI fez resumos de sua catequese em franc\u00eas, ingl\u00eas, espanhol, alem\u00e3o, \u00e1rabe, polon\u00eas, croata, tcheco, romeno, eslovaco e portugu\u00eas.<\/p>\n<p><strong>Em Castel Gandolfo<\/strong><\/p>\n<p>Bento XVI chegar\u00e1 \u00e0 resid\u00eancia de ver\u00e3o e saudar\u00e1 os fi\u00e9is a partir da varanda. Esta ser\u00e1 sua \u00faltima apari\u00e7\u00e3o como chefe da Igreja. Nada de especial est\u00e1 previsto quando o rel\u00f3gio badalar oito horas da noite (hora local), momento em que oficialmente termina o pontificado. Ele provavelmente estar\u00e1 em ora\u00e7\u00e3o na capela neste momento.<\/p>\n<p>\u00c0s 20h, o pequeno destacamento da Guarda Su\u00ed\u00e7a, em frente \u00e0 resid\u00eancia, fechar\u00e1 a porta e colocar\u00e1 assim um fim ao seu servi\u00e7o, reservado exclusivamente ao Papa. Mas a pol\u00edcia vai continuar a garantir a seguran\u00e7a de &#8220;Sua Santidade, o Papa Em\u00e9rito&#8221;. No Vaticano, a Guarda Su\u00ed\u00e7a continuar\u00e1 a fazer a prote\u00e7\u00e3o, apesar do &#8220;trono vacante&#8221;.<\/p>\n<hr \/>\n<p><em>Fonte: R\u00e1dio Vaticano<\/em><\/p>\n","protected":false},"excerpt":{"rendered":"<p>S\u00e9 Vacante<\/p>\n","protected":false},"author":1,"featured_media":214883,"comment_status":"closed","ping_status":"open","sticky":false,"template":"","format":"standard","meta":[],"categories":[1428],"tags":[340],"acf":[],"yoast_head":"<!-- This site is optimized with the Yoast SEO plugin v19.2 - https:\/\/yoast.com\/wordpress\/plugins\/seo\/ -->\n<title>Papa Bento XVI come\u00e7a as suas despedidas - Not\u00edcias - Franciscanos<\/title>\n<meta name=\"robots\" content=\"index, follow, max-snippet:-1, max-image-preview:large, max-video-preview:-1\" \/>\n<link rel=\"canonical\" href=\"https:\/\/franciscanos.org.br\/noticias\/papa-se-despede-na-praca-sao-pedro.html\" \/>\n<meta property=\"og:locale\" content=\"pt_BR\" \/>\n<meta property=\"og:type\" content=\"article\" \/>\n<meta property=\"og:title\" content=\"Papa Bento XVI come\u00e7a as suas despedidas - Not\u00edcias - Franciscanos\" \/>\n<meta property=\"og:description\" content=\"S\u00e9 Vacante\" \/>\n<meta property=\"og:url\" content=\"https:\/\/franciscanos.org.br\/noticias\/papa-se-despede-na-praca-sao-pedro.html\" \/>\n<meta property=\"og:site_name\" content=\"Not\u00edcias - Franciscanos\" \/>\n<meta property=\"article:published_time\" content=\"2013-02-27T13:58:30+00:00\" \/>\n<meta property=\"article:modified_time\" content=\"2022-12-31T15:42:22+00:00\" \/>\n<meta property=\"og:image\" content=\"https:\/\/franciscanos.org.br\/noticias\/wp-content\/uploads\/2013\/02\/papa_audiencia_ultima.jpg\" \/>\n\t<meta property=\"og:image:width\" content=\"273\" \/>\n\t<meta property=\"og:image:height\" content=\"181\" \/>\n\t<meta property=\"og:image:type\" content=\"image\/jpeg\" \/>\n<meta name=\"author\" content=\"admin\" \/>\n<meta name=\"twitter:card\" content=\"summary_large_image\" \/>\n<meta name=\"twitter:label1\" content=\"Escrito por\" \/>\n\t<meta name=\"twitter:data1\" content=\"admin\" \/>\n\t<meta name=\"twitter:label2\" content=\"Est. tempo de leitura\" \/>\n\t<meta name=\"twitter:data2\" content=\"6 minutos\" \/>\n<script type=\"application\/ld+json\" class=\"yoast-schema-graph\">{\"@context\":\"https:\/\/schema.org\",\"@graph\":[{\"@type\":\"WebSite\",\"@id\":\"https:\/\/franciscanos.org.br\/noticias\/#website\",\"url\":\"https:\/\/franciscanos.org.br\/noticias\/\",\"name\":\"Not\u00edcias - Franciscanos\",\"description\":\"Prov\u00edncia Franciscana da Imaculada Concei\u00e7\u00e3o do Brasil - Ordem dos Frades Menores - OFM\",\"potentialAction\":[{\"@type\":\"SearchAction\",\"target\":{\"@type\":\"EntryPoint\",\"urlTemplate\":\"https:\/\/franciscanos.org.br\/noticias\/?s={search_term_string}\"},\"query-input\":\"required name=search_term_string\"}],\"inLanguage\":\"pt-BR\"},{\"@type\":\"ImageObject\",\"inLanguage\":\"pt-BR\",\"@id\":\"https:\/\/franciscanos.org.br\/noticias\/papa-se-despede-na-praca-sao-pedro.html#primaryimage\",\"url\":\"https:\/\/franciscanos.org.br\/noticias\/wp-content\/uploads\/2013\/02\/papa_audiencia_ultima.jpg\",\"contentUrl\":\"https:\/\/franciscanos.org.br\/noticias\/wp-content\/uploads\/2013\/02\/papa_audiencia_ultima.jpg\",\"width\":273,\"height\":181},{\"@type\":\"WebPage\",\"@id\":\"https:\/\/franciscanos.org.br\/noticias\/papa-se-despede-na-praca-sao-pedro.html#webpage\",\"url\":\"https:\/\/franciscanos.org.br\/noticias\/papa-se-despede-na-praca-sao-pedro.html\",\"name\":\"Papa Bento XVI come\u00e7a as suas despedidas - Not\u00edcias - Franciscanos\",\"isPartOf\":{\"@id\":\"https:\/\/franciscanos.org.br\/noticias\/#website\"},\"primaryImageOfPage\":{\"@id\":\"https:\/\/franciscanos.org.br\/noticias\/papa-se-despede-na-praca-sao-pedro.html#primaryimage\"},\"datePublished\":\"2013-02-27T13:58:30+00:00\",\"dateModified\":\"2022-12-31T15:42:22+00:00\",\"author\":{\"@id\":\"https:\/\/franciscanos.org.br\/noticias\/#\/schema\/person\/b38fbf43118f02820bd932f2e4b14ad3\"},\"breadcrumb\":{\"@id\":\"https:\/\/franciscanos.org.br\/noticias\/papa-se-despede-na-praca-sao-pedro.html#breadcrumb\"},\"inLanguage\":\"pt-BR\",\"potentialAction\":[{\"@type\":\"ReadAction\",\"target\":[\"https:\/\/franciscanos.org.br\/noticias\/papa-se-despede-na-praca-sao-pedro.html\"]}]},{\"@type\":\"BreadcrumbList\",\"@id\":\"https:\/\/franciscanos.org.br\/noticias\/papa-se-despede-na-praca-sao-pedro.html#breadcrumb\",\"itemListElement\":[{\"@type\":\"ListItem\",\"position\":1,\"name\":\"Home\",\"item\":\"https:\/\/franciscanos.org.br\/noticias\"},{\"@type\":\"ListItem\",\"position\":2,\"name\":\"Papa Bento XVI come\u00e7a as suas despedidas\"}]},{\"@type\":\"Person\",\"@id\":\"https:\/\/franciscanos.org.br\/noticias\/#\/schema\/person\/b38fbf43118f02820bd932f2e4b14ad3\",\"name\":\"admin\",\"image\":{\"@type\":\"ImageObject\",\"inLanguage\":\"pt-BR\",\"@id\":\"https:\/\/franciscanos.org.br\/noticias\/#\/schema\/person\/image\/\",\"url\":\"https:\/\/secure.gravatar.com\/avatar\/e8495742d34d0ba6448ea1c628263b3e?s=96&d=mm&r=g\",\"contentUrl\":\"https:\/\/secure.gravatar.com\/avatar\/e8495742d34d0ba6448ea1c628263b3e?s=96&d=mm&r=g\",\"caption\":\"admin\"},\"url\":\"https:\/\/franciscanos.org.br\/noticias\/author\/admin\"}]}<\/script>\n<!-- \/ Yoast SEO plugin. -->","yoast_head_json":{"title":"Papa Bento XVI come\u00e7a as suas despedidas - Not\u00edcias - Franciscanos","robots":{"index":"index","follow":"follow","max-snippet":"max-snippet:-1","max-image-preview":"max-image-preview:large","max-video-preview":"max-video-preview:-1"},"canonical":"https:\/\/franciscanos.org.br\/noticias\/papa-se-despede-na-praca-sao-pedro.html","og_locale":"pt_BR","og_type":"article","og_title":"Papa Bento XVI come\u00e7a as suas despedidas - Not\u00edcias - Franciscanos","og_description":"S\u00e9 Vacante","og_url":"https:\/\/franciscanos.org.br\/noticias\/papa-se-despede-na-praca-sao-pedro.html","og_site_name":"Not\u00edcias - Franciscanos","article_published_time":"2013-02-27T13:58:30+00:00","article_modified_time":"2022-12-31T15:42:22+00:00","og_image":[{"width":273,"height":181,"url":"https:\/\/franciscanos.org.br\/noticias\/wp-content\/uploads\/2013\/02\/papa_audiencia_ultima.jpg","type":"image\/jpeg"}],"author":"admin","twitter_card":"summary_large_image","twitter_misc":{"Escrito por":"admin","Est. tempo de leitura":"6 minutos"},"schema":{"@context":"https:\/\/schema.org","@graph":[{"@type":"WebSite","@id":"https:\/\/franciscanos.org.br\/noticias\/#website","url":"https:\/\/franciscanos.org.br\/noticias\/","name":"Not\u00edcias - Franciscanos","description":"Prov\u00edncia Franciscana da Imaculada Concei\u00e7\u00e3o do Brasil - Ordem dos Frades Menores - OFM","potentialAction":[{"@type":"SearchAction","target":{"@type":"EntryPoint","urlTemplate":"https:\/\/franciscanos.org.br\/noticias\/?s={search_term_string}"},"query-input":"required name=search_term_string"}],"inLanguage":"pt-BR"},{"@type":"ImageObject","inLanguage":"pt-BR","@id":"https:\/\/franciscanos.org.br\/noticias\/papa-se-despede-na-praca-sao-pedro.html#primaryimage","url":"https:\/\/franciscanos.org.br\/noticias\/wp-content\/uploads\/2013\/02\/papa_audiencia_ultima.jpg","contentUrl":"https:\/\/franciscanos.org.br\/noticias\/wp-content\/uploads\/2013\/02\/papa_audiencia_ultima.jpg","width":273,"height":181},{"@type":"WebPage","@id":"https:\/\/franciscanos.org.br\/noticias\/papa-se-despede-na-praca-sao-pedro.html#webpage","url":"https:\/\/franciscanos.org.br\/noticias\/papa-se-despede-na-praca-sao-pedro.html","name":"Papa Bento XVI come\u00e7a as suas despedidas - Not\u00edcias - Franciscanos","isPartOf":{"@id":"https:\/\/franciscanos.org.br\/noticias\/#website"},"primaryImageOfPage":{"@id":"https:\/\/franciscanos.org.br\/noticias\/papa-se-despede-na-praca-sao-pedro.html#primaryimage"},"datePublished":"2013-02-27T13:58:30+00:00","dateModified":"2022-12-31T15:42:22+00:00","author":{"@id":"https:\/\/franciscanos.org.br\/noticias\/#\/schema\/person\/b38fbf43118f02820bd932f2e4b14ad3"},"breadcrumb":{"@id":"https:\/\/franciscanos.org.br\/noticias\/papa-se-despede-na-praca-sao-pedro.html#breadcrumb"},"inLanguage":"pt-BR","potentialAction":[{"@type":"ReadAction","target":["https:\/\/franciscanos.org.br\/noticias\/papa-se-despede-na-praca-sao-pedro.html"]}]},{"@type":"BreadcrumbList","@id":"https:\/\/franciscanos.org.br\/noticias\/papa-se-despede-na-praca-sao-pedro.html#breadcrumb","itemListElement":[{"@type":"ListItem","position":1,"name":"Home","item":"https:\/\/franciscanos.org.br\/noticias"},{"@type":"ListItem","position":2,"name":"Papa Bento XVI come\u00e7a as suas despedidas"}]},{"@type":"Person","@id":"https:\/\/franciscanos.org.br\/noticias\/#\/schema\/person\/b38fbf43118f02820bd932f2e4b14ad3","name":"admin","image":{"@type":"ImageObject","inLanguage":"pt-BR","@id":"https:\/\/franciscanos.org.br\/noticias\/#\/schema\/person\/image\/","url":"https:\/\/secure.gravatar.com\/avatar\/e8495742d34d0ba6448ea1c628263b3e?s=96&d=mm&r=g","contentUrl":"https:\/\/secure.gravatar.com\/avatar\/e8495742d34d0ba6448ea1c628263b3e?s=96&d=mm&r=g","caption":"admin"},"url":"https:\/\/franciscanos.org.br\/noticias\/author\/admin"}]}},"_links":{"self":[{"href":"https:\/\/franciscanos.org.br\/noticias\/wp-json\/wp\/v2\/posts\/33427"}],"collection":[{"href":"https:\/\/franciscanos.org.br\/noticias\/wp-json\/wp\/v2\/posts"}],"about":[{"href":"https:\/\/franciscanos.org.br\/noticias\/wp-json\/wp\/v2\/types\/post"}],"author":[{"embeddable":true,"href":"https:\/\/franciscanos.org.br\/noticias\/wp-json\/wp\/v2\/users\/1"}],"replies":[{"embeddable":true,"href":"https:\/\/franciscanos.org.br\/noticias\/wp-json\/wp\/v2\/comments?post=33427"}],"version-history":[{"count":2,"href":"https:\/\/franciscanos.org.br\/noticias\/wp-json\/wp\/v2\/posts\/33427\/revisions"}],"predecessor-version":[{"id":226407,"href":"https:\/\/franciscanos.org.br\/noticias\/wp-json\/wp\/v2\/posts\/33427\/revisions\/226407"}],"wp:featuredmedia":[{"embeddable":true,"href":"https:\/\/franciscanos.org.br\/noticias\/wp-json\/wp\/v2\/media\/214883"}],"wp:attachment":[{"href":"https:\/\/franciscanos.org.br\/noticias\/wp-json\/wp\/v2\/media?parent=33427"}],"wp:term":[{"taxonomy":"category","embeddable":true,"href":"https:\/\/franciscanos.org.br\/noticias\/wp-json\/wp\/v2\/categories?post=33427"},{"taxonomy":"post_tag","embeddable":true,"href":"https:\/\/franciscanos.org.br\/noticias\/wp-json\/wp\/v2\/tags?post=33427"}],"curies":[{"name":"wp","href":"https:\/\/api.w.org\/{rel}","templated":true}]}}