{"id":33144,"date":"2013-02-15T09:52:28","date_gmt":"2013-02-15T11:52:28","guid":{"rendered":"http:\/\/new.franciscanos.org.br\/?p=33144"},"modified":"2022-12-31T12:39:53","modified_gmt":"2022-12-31T15:39:53","slug":"carta-do-geral-agradece-a-bento-xvi","status":"publish","type":"post","link":"https:\/\/franciscanos.org.br\/noticias\/carta-do-geral-agradece-a-bento-xvi.html","title":{"rendered":"Ministro Geral agradece a Bento XVI"},"content":{"rendered":"<p><img loading=\"lazy\" class=\"alignnone size-full wp-image-198347\" src=\"https:\/\/franciscanos.org.br\/noticias\/wp-content\/uploads\/2013\/02\/jose_carbalho.jpg\" alt=\"\" width=\"890\" height=\"368\" srcset=\"https:\/\/franciscanos.org.br\/noticias\/wp-content\/uploads\/2013\/02\/jose_carbalho.jpg 890w, https:\/\/franciscanos.org.br\/noticias\/wp-content\/uploads\/2013\/02\/jose_carbalho-450x186.jpg 450w, https:\/\/franciscanos.org.br\/noticias\/wp-content\/uploads\/2013\/02\/jose_carbalho-768x318.jpg 768w, https:\/\/franciscanos.org.br\/noticias\/wp-content\/uploads\/2013\/02\/jose_carbalho-150x62.jpg 150w\" sizes=\"(max-width: 890px) 100vw, 890px\" \/><\/p>\n<p><em>No dia 11 deste m\u00eas, encontrava-me em visita \u00e0 Prov\u00edncia de Michoac\u00e1n\u00a0 (M\u00e9xico), quando \u00e0s 4 horas, recebi um telefonema de meu secret\u00e1rio particular, dando a not\u00edcia da ren\u00fancia do Papa, o Bispo de Roma, Sucessor de S\u00e3o Pedro. Confesso que a not\u00edcia me causou uma grande tristeza. Hoje, depois de dois dias e agora de volta a Roma, acolho esta decis\u00e3o com respeito e com muita admira\u00e7\u00e3o. Quanta humildade, liberdade, sentido de responsabilidade! Quanto amor pela Igreja! Obrigado, Santo Padre!<\/em><\/p>\n<p><em>Neste momento, considero importante me dirigir, queridos irm\u00e3os, a todos com esta pequena carta. E, em primeiro lugar, fa\u00e7o para expressar, em meu nome e de toda a Ordem, a minha gratid\u00e3o a sua Santidade Bento XVI por muitas mostras de proximidade e afeto para comigo e para com a Ordem. Com ele me encontrei v\u00e1rias vezes por ocasi\u00e3o dos quatro s\u00ednodos, dos dois encontros que teve com o Conselho Executivo da Uni\u00e3o dos Superiores Gerais, da V Confer\u00eancia do Episcopado Latino-americano, durante a canoniza\u00e7\u00e3o dos santos franciscanos e em algumas visitas pastorais que participei como convidado pessoal. Est\u00e3o muito vivas na minha mente as tr\u00eas audi\u00eancias privadas que me concedeu e nas quais compartilhei temas de interesse da Ordem.<\/em><\/p>\n<p><em>Em todas elas, percebi em Bento XVI uma pessoa humilde e com grande capacidade de escutar e compreender, bem como o seu grande amor por nossa Ordem e seu profundo conhecimento da nossa espiritualidade. Ainda est\u00e3o recentes na minha mem\u00f3ria as visitas do Papa \u00e0 Terra Santa e a Assis. Na Terra Santa foi uma gra\u00e7a receb\u00ea-lo no Monte Nebo, em Nazar\u00e9, no Cen\u00e1culo e do Santo Sepulcro; e em Assis acolh\u00ea-lo tamb\u00e9m na Porci\u00fancula e S\u00e3o Dami\u00e3o. De sua peregrina\u00e7\u00e3o \u00e0 Terra Santa, recordo com especial gratid\u00e3o as palavras de apre\u00e7o pelo servi\u00e7o que a Ordem oferece \u00e0 &#8220;p\u00e9rola das miss\u00f5es&#8221;, manifestado particularmente no Monte Nebo, no Cen\u00e1culo e nas palavras improvisadas durante um jantar em Nazar\u00e9.<\/em><\/p>\n<p><em>De Assis me recordo sempre das palavras de admira\u00e7\u00e3o por S\u00e3o Francisco. N\u00f3s todos sabemos que estava programada sua visita ao Santu\u00e1rio de La Verna. Ela n\u00e3o p\u00f4de se realizar devido ao mau tempo. Eu sei o quanto custa ter que desistir. De qualquer forma, naquela ocasi\u00e3o nos deixou uma bela mensagem que ainda hoje continuamos a valorizar. Por todos esses gestos de solicitude paterna, obrigado, Santo Padre!<\/em><\/p>\n<p><em>Em muitas outras ocasi\u00f5es, Bento XVI mostrou o seu amor para os franciscanos e n\u00e3o menos conhecimento da nossa tradi\u00e7\u00e3o. Nestes anos nos deixou muitos textos que merecem ser relidos e meditados com aten\u00e7\u00e3o. Al\u00e9m de in\u00fameras refer\u00eancias ao nosso modo de vida, feitas v\u00e1rias vezes, nos deixou a sua catequese sobre S\u00e3o Francisco, Santa Clara, Santo Ant\u00f4nio, S\u00e3o Boaventura, Beato Jo\u00e3o Duns Scotus e outros autores da Escola Franciscana. Pelo magist\u00e9rio franciscano que nos deixa, obrigado Santo Padre!<\/em><\/p>\n<p><em>A \u00faltima vez que o encontrei foi no dia 2 deste m\u00eas, por ocasi\u00e3o do Dia Mundial da Vida Consagrada. Depois de concelebrar com ele, tive o prazer de saud\u00e1-lo pessoalmente. Assim que ele me viu, me reconheceu e disse: o Ministro Geral da Ordem dos Frades Menores! E acrescentou: S\u00e3o Francisco, que grande santo e que atual, como \u00e9 atual o seu carisma! Ent\u00e3o\u00a0 pedi a sua b\u00ean\u00e7\u00e3o apost\u00f3lica para mim e para todos os irm\u00e3os, e ele gentilmente concordou.<\/em><\/p>\n<p><em>Hoje, meus queridos irm\u00e3os, transmito-lhes esta b\u00ean\u00e7\u00e3o. E fa\u00e7o cheio de gratid\u00e3o para com o Sucessor de Pedro. Na minha mente e no meu cora\u00e7\u00e3o ficar\u00e1 a imagem de um homem cujo rosto e andar evidenciam um trabalho incans\u00e1vel para com a Igreja e pelo Evangelho, em cujas m\u00e3os se fez sentir ao longo dos anos, e em cujo olhar, t\u00edmido, profundo e penetrante, pode-se vislumbrar o cora\u00e7\u00e3o de um pai que ama de verdade e sem fingimentos. Assim, o recordo e assim pe\u00e7o que tamb\u00e9m se lembrem dele, meus queridos irm\u00e3os, al\u00e9m de muitos &#8220;retratos&#8221; que ele nos apresentou os meios de comunica\u00e7\u00e3o e que, quando menos, est\u00e3o muito longe da realidade.<\/em><\/p>\n<p><em>Fazendo um balan\u00e7o desses anos em que o conheci durante os quais me dirigi a ele, posso dizer a voc\u00eas, meus queridos irm\u00e3os, que o Senhor nos aben\u00e7oou com o presente de Bento XVI, e que as rela\u00e7\u00f5es com a Ordem t\u00eam sido excelentes. Obrigado, Santo Padre!<\/em><\/p>\n<p><em>Querido Santo Padre! Quando seu pontificado est\u00e1 terminando por um gesto que considero prof\u00e9tico e corajoso, fruto de ora\u00e7\u00e3o, com grande clareza, humildade e seu amor para a Igreja, em nome pr\u00f3prio e toda a Ordem, obrigado! Obrigado por confirmar-nos na f\u00e9 com seu Magist\u00e9rio cheio de clareza, sabedoria e firmeza evang\u00e9lica. Obrigado por nos aproximar de Cristo atrav\u00e9s de sua palavra simples e profunda ao mesmo tempo, e atrav\u00e9s de seus escritos, sempre oportunos e clarificadores. Obrigado por seu olhar atento ao mundo e \u00e0 sociedade atual, como mostrou em suas enc\u00edclicas e em v\u00e1rios discursos. Obrigado por seu amor \u00e0 Igreja, o que o levou a buscar a purifica\u00e7\u00e3o e pedir perd\u00e3o pelos pecados de seus membros. Obrigado por seu amor \u00e0 vida consagrada e por manifest\u00e1-lo em muitas ocasi\u00f5es, n\u00e3o menos em presidir o \u00faltimo dia mundial da Vida Consagrada, em 2 de fevereiro. Obrigado pelo gesto de ren\u00fancia. Recebemos com tristeza e ao mesmo tempo com admira\u00e7\u00e3o. No in\u00edcio de seu pontificado nos disse que se considerava um trabalhador, simples e humilde na Vinha do Senhor. Se a humildade \u00e9 a medida da grandeza de uma pessoa, a confiss\u00e3o p\u00fablica feita em 11 de fevereiro confirma a verdade daquelas palavras e sua grandeza, a santidade. Obrigado por nos ensinar, na escola da vida, que a autoridade da Igreja \u00e9 servi\u00e7o. Obrigado pelo belo presente que nos deixa no Ano da F\u00e9. Obrigado, Santo Padre, por tudo isso!<\/em><\/p>\n<p><em>Queridos irm\u00e3os: No momento, vamos aceitar com f\u00e9 a decis\u00e3o do Santo Padre. Rezemos por Bento XVI para que possa continuar a servir a Santa Igreja com todo o cora\u00e7\u00e3o, com uma vida dedicada \u00e0 ora\u00e7\u00e3o, como \u00e9 seu desejo. Al\u00e9m de ora\u00e7\u00e3o para ele, a nossa melhor homenagem a este homem de Deus e grande Pont\u00edfice ser\u00e1 valorizar o seu Magist\u00e9rio, atrav\u00e9s de estudo, reflex\u00e3o e ora\u00e7\u00e3o de seus escritos. Rezemos tamb\u00e9m para a Igreja e para que o Esp\u00edrito do Senhor ilumine o cora\u00e7\u00e3o e as mentes dos eleitores do novo sucessor de S\u00e3o Pedro.<\/em><\/p>\n<p>Seu irm\u00e3o ministro, e servo<\/p>\n<p>Roma, 13 de fevereiro de 2013, Quarta-feira de Cinzas.<\/p>\n<p><strong>Frei Jos\u00e9 Rodr\u00edguez Carballo, OFM<\/strong><\/p>\n<p>Ministro Geral, OFM<\/p>\n","protected":false},"excerpt":{"rendered":"<p>Vaticano<\/p>\n","protected":false},"author":1,"featured_media":198349,"comment_status":"closed","ping_status":"open","sticky":false,"template":"","format":"standard","meta":[],"categories":[1],"tags":[344,340],"acf":[],"yoast_head":"<!-- This site is optimized with the Yoast SEO plugin v19.2 - https:\/\/yoast.com\/wordpress\/plugins\/seo\/ -->\n<title>Ministro Geral agradece a Bento XVI - Not\u00edcias - Franciscanos<\/title>\n<meta name=\"robots\" content=\"index, follow, max-snippet:-1, max-image-preview:large, max-video-preview:-1\" \/>\n<link rel=\"canonical\" href=\"https:\/\/franciscanos.org.br\/noticias\/carta-do-geral-agradece-a-bento-xvi.html\" \/>\n<meta property=\"og:locale\" content=\"pt_BR\" \/>\n<meta property=\"og:type\" content=\"article\" \/>\n<meta property=\"og:title\" content=\"Ministro Geral agradece a Bento XVI - Not\u00edcias - Franciscanos\" \/>\n<meta property=\"og:description\" content=\"Vaticano\" \/>\n<meta property=\"og:url\" content=\"https:\/\/franciscanos.org.br\/noticias\/carta-do-geral-agradece-a-bento-xvi.html\" \/>\n<meta property=\"og:site_name\" content=\"Not\u00edcias - Franciscanos\" \/>\n<meta property=\"article:published_time\" content=\"2013-02-15T11:52:28+00:00\" \/>\n<meta property=\"article:modified_time\" content=\"2022-12-31T15:39:53+00:00\" \/>\n<meta property=\"og:image\" content=\"https:\/\/franciscanos.org.br\/noticias\/wp-content\/uploads\/2013\/02\/jose_carbalho_d.jpg\" \/>\n\t<meta property=\"og:image:width\" content=\"273\" \/>\n\t<meta property=\"og:image:height\" content=\"181\" \/>\n\t<meta property=\"og:image:type\" content=\"image\/jpeg\" \/>\n<meta name=\"author\" content=\"admin\" \/>\n<meta name=\"twitter:card\" content=\"summary_large_image\" \/>\n<meta name=\"twitter:label1\" content=\"Escrito por\" \/>\n\t<meta name=\"twitter:data1\" content=\"admin\" \/>\n\t<meta name=\"twitter:label2\" content=\"Est. tempo de leitura\" \/>\n\t<meta name=\"twitter:data2\" content=\"6 minutos\" \/>\n<script type=\"application\/ld+json\" class=\"yoast-schema-graph\">{\"@context\":\"https:\/\/schema.org\",\"@graph\":[{\"@type\":\"WebSite\",\"@id\":\"https:\/\/franciscanos.org.br\/noticias\/#website\",\"url\":\"https:\/\/franciscanos.org.br\/noticias\/\",\"name\":\"Not\u00edcias - Franciscanos\",\"description\":\"Prov\u00edncia Franciscana da Imaculada Concei\u00e7\u00e3o do Brasil - Ordem dos Frades Menores - OFM\",\"potentialAction\":[{\"@type\":\"SearchAction\",\"target\":{\"@type\":\"EntryPoint\",\"urlTemplate\":\"https:\/\/franciscanos.org.br\/noticias\/?s={search_term_string}\"},\"query-input\":\"required name=search_term_string\"}],\"inLanguage\":\"pt-BR\"},{\"@type\":\"ImageObject\",\"inLanguage\":\"pt-BR\",\"@id\":\"https:\/\/franciscanos.org.br\/noticias\/carta-do-geral-agradece-a-bento-xvi.html#primaryimage\",\"url\":\"https:\/\/franciscanos.org.br\/noticias\/wp-content\/uploads\/2013\/02\/jose_carbalho_d.jpg\",\"contentUrl\":\"https:\/\/franciscanos.org.br\/noticias\/wp-content\/uploads\/2013\/02\/jose_carbalho_d.jpg\",\"width\":273,\"height\":181},{\"@type\":\"WebPage\",\"@id\":\"https:\/\/franciscanos.org.br\/noticias\/carta-do-geral-agradece-a-bento-xvi.html#webpage\",\"url\":\"https:\/\/franciscanos.org.br\/noticias\/carta-do-geral-agradece-a-bento-xvi.html\",\"name\":\"Ministro Geral agradece a Bento XVI - Not\u00edcias - Franciscanos\",\"isPartOf\":{\"@id\":\"https:\/\/franciscanos.org.br\/noticias\/#website\"},\"primaryImageOfPage\":{\"@id\":\"https:\/\/franciscanos.org.br\/noticias\/carta-do-geral-agradece-a-bento-xvi.html#primaryimage\"},\"datePublished\":\"2013-02-15T11:52:28+00:00\",\"dateModified\":\"2022-12-31T15:39:53+00:00\",\"author\":{\"@id\":\"https:\/\/franciscanos.org.br\/noticias\/#\/schema\/person\/b38fbf43118f02820bd932f2e4b14ad3\"},\"breadcrumb\":{\"@id\":\"https:\/\/franciscanos.org.br\/noticias\/carta-do-geral-agradece-a-bento-xvi.html#breadcrumb\"},\"inLanguage\":\"pt-BR\",\"potentialAction\":[{\"@type\":\"ReadAction\",\"target\":[\"https:\/\/franciscanos.org.br\/noticias\/carta-do-geral-agradece-a-bento-xvi.html\"]}]},{\"@type\":\"BreadcrumbList\",\"@id\":\"https:\/\/franciscanos.org.br\/noticias\/carta-do-geral-agradece-a-bento-xvi.html#breadcrumb\",\"itemListElement\":[{\"@type\":\"ListItem\",\"position\":1,\"name\":\"Home\",\"item\":\"https:\/\/franciscanos.org.br\/noticias\"},{\"@type\":\"ListItem\",\"position\":2,\"name\":\"Ministro Geral agradece a Bento XVI\"}]},{\"@type\":\"Person\",\"@id\":\"https:\/\/franciscanos.org.br\/noticias\/#\/schema\/person\/b38fbf43118f02820bd932f2e4b14ad3\",\"name\":\"admin\",\"image\":{\"@type\":\"ImageObject\",\"inLanguage\":\"pt-BR\",\"@id\":\"https:\/\/franciscanos.org.br\/noticias\/#\/schema\/person\/image\/\",\"url\":\"https:\/\/secure.gravatar.com\/avatar\/e8495742d34d0ba6448ea1c628263b3e?s=96&d=mm&r=g\",\"contentUrl\":\"https:\/\/secure.gravatar.com\/avatar\/e8495742d34d0ba6448ea1c628263b3e?s=96&d=mm&r=g\",\"caption\":\"admin\"},\"url\":\"https:\/\/franciscanos.org.br\/noticias\/author\/admin\"}]}<\/script>\n<!-- \/ Yoast SEO plugin. -->","yoast_head_json":{"title":"Ministro Geral agradece a Bento XVI - Not\u00edcias - Franciscanos","robots":{"index":"index","follow":"follow","max-snippet":"max-snippet:-1","max-image-preview":"max-image-preview:large","max-video-preview":"max-video-preview:-1"},"canonical":"https:\/\/franciscanos.org.br\/noticias\/carta-do-geral-agradece-a-bento-xvi.html","og_locale":"pt_BR","og_type":"article","og_title":"Ministro Geral agradece a Bento XVI - Not\u00edcias - Franciscanos","og_description":"Vaticano","og_url":"https:\/\/franciscanos.org.br\/noticias\/carta-do-geral-agradece-a-bento-xvi.html","og_site_name":"Not\u00edcias - Franciscanos","article_published_time":"2013-02-15T11:52:28+00:00","article_modified_time":"2022-12-31T15:39:53+00:00","og_image":[{"width":273,"height":181,"url":"https:\/\/franciscanos.org.br\/noticias\/wp-content\/uploads\/2013\/02\/jose_carbalho_d.jpg","type":"image\/jpeg"}],"author":"admin","twitter_card":"summary_large_image","twitter_misc":{"Escrito por":"admin","Est. tempo de leitura":"6 minutos"},"schema":{"@context":"https:\/\/schema.org","@graph":[{"@type":"WebSite","@id":"https:\/\/franciscanos.org.br\/noticias\/#website","url":"https:\/\/franciscanos.org.br\/noticias\/","name":"Not\u00edcias - Franciscanos","description":"Prov\u00edncia Franciscana da Imaculada Concei\u00e7\u00e3o do Brasil - Ordem dos Frades Menores - OFM","potentialAction":[{"@type":"SearchAction","target":{"@type":"EntryPoint","urlTemplate":"https:\/\/franciscanos.org.br\/noticias\/?s={search_term_string}"},"query-input":"required name=search_term_string"}],"inLanguage":"pt-BR"},{"@type":"ImageObject","inLanguage":"pt-BR","@id":"https:\/\/franciscanos.org.br\/noticias\/carta-do-geral-agradece-a-bento-xvi.html#primaryimage","url":"https:\/\/franciscanos.org.br\/noticias\/wp-content\/uploads\/2013\/02\/jose_carbalho_d.jpg","contentUrl":"https:\/\/franciscanos.org.br\/noticias\/wp-content\/uploads\/2013\/02\/jose_carbalho_d.jpg","width":273,"height":181},{"@type":"WebPage","@id":"https:\/\/franciscanos.org.br\/noticias\/carta-do-geral-agradece-a-bento-xvi.html#webpage","url":"https:\/\/franciscanos.org.br\/noticias\/carta-do-geral-agradece-a-bento-xvi.html","name":"Ministro Geral agradece a Bento XVI - Not\u00edcias - Franciscanos","isPartOf":{"@id":"https:\/\/franciscanos.org.br\/noticias\/#website"},"primaryImageOfPage":{"@id":"https:\/\/franciscanos.org.br\/noticias\/carta-do-geral-agradece-a-bento-xvi.html#primaryimage"},"datePublished":"2013-02-15T11:52:28+00:00","dateModified":"2022-12-31T15:39:53+00:00","author":{"@id":"https:\/\/franciscanos.org.br\/noticias\/#\/schema\/person\/b38fbf43118f02820bd932f2e4b14ad3"},"breadcrumb":{"@id":"https:\/\/franciscanos.org.br\/noticias\/carta-do-geral-agradece-a-bento-xvi.html#breadcrumb"},"inLanguage":"pt-BR","potentialAction":[{"@type":"ReadAction","target":["https:\/\/franciscanos.org.br\/noticias\/carta-do-geral-agradece-a-bento-xvi.html"]}]},{"@type":"BreadcrumbList","@id":"https:\/\/franciscanos.org.br\/noticias\/carta-do-geral-agradece-a-bento-xvi.html#breadcrumb","itemListElement":[{"@type":"ListItem","position":1,"name":"Home","item":"https:\/\/franciscanos.org.br\/noticias"},{"@type":"ListItem","position":2,"name":"Ministro Geral agradece a Bento XVI"}]},{"@type":"Person","@id":"https:\/\/franciscanos.org.br\/noticias\/#\/schema\/person\/b38fbf43118f02820bd932f2e4b14ad3","name":"admin","image":{"@type":"ImageObject","inLanguage":"pt-BR","@id":"https:\/\/franciscanos.org.br\/noticias\/#\/schema\/person\/image\/","url":"https:\/\/secure.gravatar.com\/avatar\/e8495742d34d0ba6448ea1c628263b3e?s=96&d=mm&r=g","contentUrl":"https:\/\/secure.gravatar.com\/avatar\/e8495742d34d0ba6448ea1c628263b3e?s=96&d=mm&r=g","caption":"admin"},"url":"https:\/\/franciscanos.org.br\/noticias\/author\/admin"}]}},"_links":{"self":[{"href":"https:\/\/franciscanos.org.br\/noticias\/wp-json\/wp\/v2\/posts\/33144"}],"collection":[{"href":"https:\/\/franciscanos.org.br\/noticias\/wp-json\/wp\/v2\/posts"}],"about":[{"href":"https:\/\/franciscanos.org.br\/noticias\/wp-json\/wp\/v2\/types\/post"}],"author":[{"embeddable":true,"href":"https:\/\/franciscanos.org.br\/noticias\/wp-json\/wp\/v2\/users\/1"}],"replies":[{"embeddable":true,"href":"https:\/\/franciscanos.org.br\/noticias\/wp-json\/wp\/v2\/comments?post=33144"}],"version-history":[{"count":1,"href":"https:\/\/franciscanos.org.br\/noticias\/wp-json\/wp\/v2\/posts\/33144\/revisions"}],"predecessor-version":[{"id":241454,"href":"https:\/\/franciscanos.org.br\/noticias\/wp-json\/wp\/v2\/posts\/33144\/revisions\/241454"}],"wp:featuredmedia":[{"embeddable":true,"href":"https:\/\/franciscanos.org.br\/noticias\/wp-json\/wp\/v2\/media\/198349"}],"wp:attachment":[{"href":"https:\/\/franciscanos.org.br\/noticias\/wp-json\/wp\/v2\/media?parent=33144"}],"wp:term":[{"taxonomy":"category","embeddable":true,"href":"https:\/\/franciscanos.org.br\/noticias\/wp-json\/wp\/v2\/categories?post=33144"},{"taxonomy":"post_tag","embeddable":true,"href":"https:\/\/franciscanos.org.br\/noticias\/wp-json\/wp\/v2\/tags?post=33144"}],"curies":[{"name":"wp","href":"https:\/\/api.w.org\/{rel}","templated":true}]}}