{"id":33071,"date":"2013-02-13T10:39:16","date_gmt":"2013-02-13T12:39:16","guid":{"rendered":"http:\/\/new.franciscanos.org.br\/?p=33071"},"modified":"2019-12-09T10:54:46","modified_gmt":"2019-12-09T13:54:46","slug":"maranhense-e-eleita-secretaria-nacional","status":"publish","type":"post","link":"https:\/\/franciscanos.org.br\/noticias\/maranhense-e-eleita-secretaria-nacional.html","title":{"rendered":"Maranhense \u00e9 eleita secret\u00e1ria nacional da Jufra"},"content":{"rendered":"<p><a href=\"http:\/\/franciscanos.org.br\/wp-content\/uploads\/2013\/02\/jufra3.jpg\"><img loading=\"lazy\" title=\"jufra\" src=\"http:\/\/franciscanos.org.br\/wp-content\/uploads\/2013\/02\/jufra3.jpg\" alt=\"\" width=\"830\" height=\"271\" \/><\/a><\/p>\n<p><strong>Santa Maria (RS) &#8211;<\/strong> \u00a0O XV Congresso Nacional Eletivo da Juventude Franciscana do Brasil, realizado na cidade de Santa Maria (RS), elegeu a maranhense Mayara Ingrid como Secret\u00e1ria Fraterna Nacional para o tri\u00eanio 2013-2016. Mayara \u00e9 natural da cidade de Po\u00e7\u00e3o de Pedra (MA), mas reside atualmente na cidade de Uberl\u00e2ndia (MG),\u00a0 onde cursa Doutorado em Gen\u00e9tica e Bioqu\u00edmica na Universidade Federal de Uberl\u00e2ndia. No seu curr\u00edculo, ela foi subsecret\u00e1ria nacional para \u00c1rea Nordeste A (2007-2010) e a subsecret\u00e1ria nacional de Forma\u00e7\u00e3o (2010-2013). \u00c9 professa na Fraternidade de Ordem Franciscana Secular da cidade de Uberl\u00e2ndia.<\/p>\n<p><a href=\"http:\/\/franciscanos.org.br\/wp-content\/uploads\/2013\/02\/secretariado_jufra.jpg\"><img loading=\"lazy\" class=\"alignright size-full wp-image-33072\" title=\"secretariado_jufra\" src=\"http:\/\/franciscanos.org.br\/wp-content\/uploads\/2013\/02\/secretariado_jufra.jpg\" alt=\"\" width=\"400\" height=\"288\" \/><\/a>O Congresso fez uma avalia\u00e7\u00e3o do tri\u00eanio passado, que teve como secret\u00e1rio o paulista Alex Bastos. Entre os pontos positivos de sua coordena\u00e7\u00e3o foram destacados: a realiza\u00e7\u00e3o do Encontro dos 40 anos da Jufra do Brasil; elabora\u00e7\u00e3o da Carta de Guaratinguet\u00e1 &#8220;A Jufra que queremos Ser!&#8221;; a cria\u00e7\u00e3o da Jornada Franciscana pelo Direitos Humanos; as diversas campanhas formativas, destacando o Caderno de forma\u00e7\u00e3o; a elabora\u00e7\u00e3o da cartilha para novas fraternidades; a participa\u00e7\u00e3o em diversos organismos e eventos nacionais da Igreja Cat\u00f3lica e outras organiza\u00e7\u00f5es; expans\u00e3o da Jufra nas redes sociais e meios de comunica\u00e7\u00e3o no Brasil e no mundo.<\/p>\n<p>Tamb\u00e9m foram indicados para acompanhar o Secretariado Nacional da Jufra, para Anima\u00e7\u00e3o Fraterna (a ser definido pelo Conselho Nacional da OFS): Admara Titonelle (S\u00e3o Gon\u00e7alo\/RJ); Alex Bastos (S\u00e3o Paulo\/SP); Robson de Oliveira (Aracaj\u00fa\/SE). Para Assist\u00eancia Espiritual (a ser definido): Frei Fabricio Ferreira, OFM Cap (Belo Horizonte\/MG) e Frei Rodrigo P\u00e9ret, OFM (Uberl\u00e2ndia\/MG).<\/p>\n<p>Frei Miguel da Cruz despediu-se como assistente nacional: &#8220;Aos irm\u00e3os e irm\u00e3s do Secretariado cessante o meu mais sincero agradecimento pela oportunidade que me foi dada de poder renovar um pouco mais o meu encantamento pelo ideal de vida de Francisco de Assis&#8221;, disse.<\/p>\n<div id=\"attachment_33073\" style=\"width: 410px\" class=\"wp-caption alignleft\"><a href=\"http:\/\/franciscanos.org.br\/wp-content\/uploads\/2013\/02\/posse_jufra.jpg\"><img aria-describedby=\"caption-attachment-33073\" loading=\"lazy\" class=\"size-full wp-image-33073 \" title=\"Posse\" src=\"http:\/\/franciscanos.org.br\/wp-content\/uploads\/2013\/02\/posse_jufra.jpg\" alt=\"\" width=\"400\" height=\"327\" \/><\/a><p id=\"caption-attachment-33073\" class=\"wp-caption-text\">O ministro nacional da OFS Ant\u00f4nio Benedito Bitencourt e a nova secret\u00e1ria da Jufra<\/p><\/div>\n<p>Um momento muito especial do Conjufra foi a visita dos participantes \u00e0 Boate Kiss, local da trag\u00e9dia que culminou com a morte de mais de 230 pessoas em janeiro deste ano. Foi feito no local um momento de ora\u00e7\u00e3o e afixadas algumas faixas em mem\u00f3ria das v\u00edtimas.<\/p>\n<p>O pr\u00f3ximo evento da Jufra do Brasil ser\u00e1 o Encontro Internacional que acontecer\u00e1 dentro das atividades da Jornada Mundial da Juventude, na cidade de S\u00e3o Jo\u00e3o Del Rey (MG) entre os dias 19 e 22 de julho.<\/p>\n<p>Tamb\u00e9m ficou definido que o XVI Conjufra Eletivo ter\u00e1 como sede o Regional Oeste (MT\/MS\/RO) e ser\u00e1 realizado pela segunda vez na cidade de Campo Grande (MS). O primeiro foi em 1992.<\/p>\n<p>&nbsp;<\/p>\n<p>Conhe\u00e7a mais a Juventude Franciscana no site: www.jufrabrasil.org<\/p>\n","protected":false},"excerpt":{"rendered":"<p>Juventude Franciscana<\/p>\n","protected":false},"author":1,"featured_media":214860,"comment_status":"closed","ping_status":"open","sticky":false,"template":"","format":"standard","meta":[],"categories":[1],"tags":[187],"acf":[],"yoast_head":"<!-- This site is optimized with the Yoast SEO plugin v19.2 - https:\/\/yoast.com\/wordpress\/plugins\/seo\/ -->\n<title>Maranhense \u00e9 eleita secret\u00e1ria nacional da Jufra - Not\u00edcias - Franciscanos<\/title>\n<meta name=\"robots\" content=\"index, follow, max-snippet:-1, max-image-preview:large, max-video-preview:-1\" \/>\n<link rel=\"canonical\" href=\"https:\/\/franciscanos.org.br\/noticias\/maranhense-e-eleita-secretaria-nacional.html\" \/>\n<meta property=\"og:locale\" content=\"pt_BR\" \/>\n<meta property=\"og:type\" content=\"article\" \/>\n<meta property=\"og:title\" content=\"Maranhense \u00e9 eleita secret\u00e1ria nacional da Jufra - Not\u00edcias - Franciscanos\" \/>\n<meta property=\"og:description\" content=\"Juventude Franciscana\" \/>\n<meta property=\"og:url\" content=\"https:\/\/franciscanos.org.br\/noticias\/maranhense-e-eleita-secretaria-nacional.html\" \/>\n<meta property=\"og:site_name\" content=\"Not\u00edcias - Franciscanos\" \/>\n<meta property=\"article:published_time\" content=\"2013-02-13T12:39:16+00:00\" \/>\n<meta property=\"article:modified_time\" content=\"2019-12-09T13:54:46+00:00\" \/>\n<meta property=\"og:image\" content=\"https:\/\/franciscanos.org.br\/noticias\/wp-content\/uploads\/2013\/02\/posse_jufra.jpg\" \/>\n\t<meta property=\"og:image:width\" content=\"273\" \/>\n\t<meta property=\"og:image:height\" content=\"181\" \/>\n\t<meta property=\"og:image:type\" content=\"image\/jpeg\" \/>\n<meta name=\"author\" content=\"admin\" \/>\n<meta name=\"twitter:card\" content=\"summary_large_image\" \/>\n<meta name=\"twitter:label1\" content=\"Escrito por\" \/>\n\t<meta name=\"twitter:data1\" content=\"admin\" \/>\n\t<meta name=\"twitter:label2\" content=\"Est. tempo de leitura\" \/>\n\t<meta name=\"twitter:data2\" content=\"2 minutos\" \/>\n<script type=\"application\/ld+json\" class=\"yoast-schema-graph\">{\"@context\":\"https:\/\/schema.org\",\"@graph\":[{\"@type\":\"WebSite\",\"@id\":\"https:\/\/franciscanos.org.br\/noticias\/#website\",\"url\":\"https:\/\/franciscanos.org.br\/noticias\/\",\"name\":\"Not\u00edcias - Franciscanos\",\"description\":\"Prov\u00edncia Franciscana da Imaculada Concei\u00e7\u00e3o do Brasil - Ordem dos Frades Menores - OFM\",\"potentialAction\":[{\"@type\":\"SearchAction\",\"target\":{\"@type\":\"EntryPoint\",\"urlTemplate\":\"https:\/\/franciscanos.org.br\/noticias\/?s={search_term_string}\"},\"query-input\":\"required name=search_term_string\"}],\"inLanguage\":\"pt-BR\"},{\"@type\":\"ImageObject\",\"inLanguage\":\"pt-BR\",\"@id\":\"https:\/\/franciscanos.org.br\/noticias\/maranhense-e-eleita-secretaria-nacional.html#primaryimage\",\"url\":\"https:\/\/franciscanos.org.br\/noticias\/wp-content\/uploads\/2013\/02\/posse_jufra.jpg\",\"contentUrl\":\"https:\/\/franciscanos.org.br\/noticias\/wp-content\/uploads\/2013\/02\/posse_jufra.jpg\",\"width\":273,\"height\":181},{\"@type\":\"WebPage\",\"@id\":\"https:\/\/franciscanos.org.br\/noticias\/maranhense-e-eleita-secretaria-nacional.html#webpage\",\"url\":\"https:\/\/franciscanos.org.br\/noticias\/maranhense-e-eleita-secretaria-nacional.html\",\"name\":\"Maranhense \u00e9 eleita secret\u00e1ria nacional da Jufra - Not\u00edcias - Franciscanos\",\"isPartOf\":{\"@id\":\"https:\/\/franciscanos.org.br\/noticias\/#website\"},\"primaryImageOfPage\":{\"@id\":\"https:\/\/franciscanos.org.br\/noticias\/maranhense-e-eleita-secretaria-nacional.html#primaryimage\"},\"datePublished\":\"2013-02-13T12:39:16+00:00\",\"dateModified\":\"2019-12-09T13:54:46+00:00\",\"author\":{\"@id\":\"https:\/\/franciscanos.org.br\/noticias\/#\/schema\/person\/b38fbf43118f02820bd932f2e4b14ad3\"},\"breadcrumb\":{\"@id\":\"https:\/\/franciscanos.org.br\/noticias\/maranhense-e-eleita-secretaria-nacional.html#breadcrumb\"},\"inLanguage\":\"pt-BR\",\"potentialAction\":[{\"@type\":\"ReadAction\",\"target\":[\"https:\/\/franciscanos.org.br\/noticias\/maranhense-e-eleita-secretaria-nacional.html\"]}]},{\"@type\":\"BreadcrumbList\",\"@id\":\"https:\/\/franciscanos.org.br\/noticias\/maranhense-e-eleita-secretaria-nacional.html#breadcrumb\",\"itemListElement\":[{\"@type\":\"ListItem\",\"position\":1,\"name\":\"Home\",\"item\":\"https:\/\/franciscanos.org.br\/noticias\"},{\"@type\":\"ListItem\",\"position\":2,\"name\":\"Maranhense \u00e9 eleita secret\u00e1ria nacional da Jufra\"}]},{\"@type\":\"Person\",\"@id\":\"https:\/\/franciscanos.org.br\/noticias\/#\/schema\/person\/b38fbf43118f02820bd932f2e4b14ad3\",\"name\":\"admin\",\"image\":{\"@type\":\"ImageObject\",\"inLanguage\":\"pt-BR\",\"@id\":\"https:\/\/franciscanos.org.br\/noticias\/#\/schema\/person\/image\/\",\"url\":\"https:\/\/secure.gravatar.com\/avatar\/e8495742d34d0ba6448ea1c628263b3e?s=96&d=mm&r=g\",\"contentUrl\":\"https:\/\/secure.gravatar.com\/avatar\/e8495742d34d0ba6448ea1c628263b3e?s=96&d=mm&r=g\",\"caption\":\"admin\"},\"url\":\"https:\/\/franciscanos.org.br\/noticias\/author\/admin\"}]}<\/script>\n<!-- \/ Yoast SEO plugin. -->","yoast_head_json":{"title":"Maranhense \u00e9 eleita secret\u00e1ria nacional da Jufra - Not\u00edcias - Franciscanos","robots":{"index":"index","follow":"follow","max-snippet":"max-snippet:-1","max-image-preview":"max-image-preview:large","max-video-preview":"max-video-preview:-1"},"canonical":"https:\/\/franciscanos.org.br\/noticias\/maranhense-e-eleita-secretaria-nacional.html","og_locale":"pt_BR","og_type":"article","og_title":"Maranhense \u00e9 eleita secret\u00e1ria nacional da Jufra - Not\u00edcias - Franciscanos","og_description":"Juventude Franciscana","og_url":"https:\/\/franciscanos.org.br\/noticias\/maranhense-e-eleita-secretaria-nacional.html","og_site_name":"Not\u00edcias - Franciscanos","article_published_time":"2013-02-13T12:39:16+00:00","article_modified_time":"2019-12-09T13:54:46+00:00","og_image":[{"width":273,"height":181,"url":"https:\/\/franciscanos.org.br\/noticias\/wp-content\/uploads\/2013\/02\/posse_jufra.jpg","type":"image\/jpeg"}],"author":"admin","twitter_card":"summary_large_image","twitter_misc":{"Escrito por":"admin","Est. tempo de leitura":"2 minutos"},"schema":{"@context":"https:\/\/schema.org","@graph":[{"@type":"WebSite","@id":"https:\/\/franciscanos.org.br\/noticias\/#website","url":"https:\/\/franciscanos.org.br\/noticias\/","name":"Not\u00edcias - Franciscanos","description":"Prov\u00edncia Franciscana da Imaculada Concei\u00e7\u00e3o do Brasil - Ordem dos Frades Menores - OFM","potentialAction":[{"@type":"SearchAction","target":{"@type":"EntryPoint","urlTemplate":"https:\/\/franciscanos.org.br\/noticias\/?s={search_term_string}"},"query-input":"required name=search_term_string"}],"inLanguage":"pt-BR"},{"@type":"ImageObject","inLanguage":"pt-BR","@id":"https:\/\/franciscanos.org.br\/noticias\/maranhense-e-eleita-secretaria-nacional.html#primaryimage","url":"https:\/\/franciscanos.org.br\/noticias\/wp-content\/uploads\/2013\/02\/posse_jufra.jpg","contentUrl":"https:\/\/franciscanos.org.br\/noticias\/wp-content\/uploads\/2013\/02\/posse_jufra.jpg","width":273,"height":181},{"@type":"WebPage","@id":"https:\/\/franciscanos.org.br\/noticias\/maranhense-e-eleita-secretaria-nacional.html#webpage","url":"https:\/\/franciscanos.org.br\/noticias\/maranhense-e-eleita-secretaria-nacional.html","name":"Maranhense \u00e9 eleita secret\u00e1ria nacional da Jufra - Not\u00edcias - Franciscanos","isPartOf":{"@id":"https:\/\/franciscanos.org.br\/noticias\/#website"},"primaryImageOfPage":{"@id":"https:\/\/franciscanos.org.br\/noticias\/maranhense-e-eleita-secretaria-nacional.html#primaryimage"},"datePublished":"2013-02-13T12:39:16+00:00","dateModified":"2019-12-09T13:54:46+00:00","author":{"@id":"https:\/\/franciscanos.org.br\/noticias\/#\/schema\/person\/b38fbf43118f02820bd932f2e4b14ad3"},"breadcrumb":{"@id":"https:\/\/franciscanos.org.br\/noticias\/maranhense-e-eleita-secretaria-nacional.html#breadcrumb"},"inLanguage":"pt-BR","potentialAction":[{"@type":"ReadAction","target":["https:\/\/franciscanos.org.br\/noticias\/maranhense-e-eleita-secretaria-nacional.html"]}]},{"@type":"BreadcrumbList","@id":"https:\/\/franciscanos.org.br\/noticias\/maranhense-e-eleita-secretaria-nacional.html#breadcrumb","itemListElement":[{"@type":"ListItem","position":1,"name":"Home","item":"https:\/\/franciscanos.org.br\/noticias"},{"@type":"ListItem","position":2,"name":"Maranhense \u00e9 eleita secret\u00e1ria nacional da Jufra"}]},{"@type":"Person","@id":"https:\/\/franciscanos.org.br\/noticias\/#\/schema\/person\/b38fbf43118f02820bd932f2e4b14ad3","name":"admin","image":{"@type":"ImageObject","inLanguage":"pt-BR","@id":"https:\/\/franciscanos.org.br\/noticias\/#\/schema\/person\/image\/","url":"https:\/\/secure.gravatar.com\/avatar\/e8495742d34d0ba6448ea1c628263b3e?s=96&d=mm&r=g","contentUrl":"https:\/\/secure.gravatar.com\/avatar\/e8495742d34d0ba6448ea1c628263b3e?s=96&d=mm&r=g","caption":"admin"},"url":"https:\/\/franciscanos.org.br\/noticias\/author\/admin"}]}},"_links":{"self":[{"href":"https:\/\/franciscanos.org.br\/noticias\/wp-json\/wp\/v2\/posts\/33071"}],"collection":[{"href":"https:\/\/franciscanos.org.br\/noticias\/wp-json\/wp\/v2\/posts"}],"about":[{"href":"https:\/\/franciscanos.org.br\/noticias\/wp-json\/wp\/v2\/types\/post"}],"author":[{"embeddable":true,"href":"https:\/\/franciscanos.org.br\/noticias\/wp-json\/wp\/v2\/users\/1"}],"replies":[{"embeddable":true,"href":"https:\/\/franciscanos.org.br\/noticias\/wp-json\/wp\/v2\/comments?post=33071"}],"version-history":[{"count":0,"href":"https:\/\/franciscanos.org.br\/noticias\/wp-json\/wp\/v2\/posts\/33071\/revisions"}],"wp:featuredmedia":[{"embeddable":true,"href":"https:\/\/franciscanos.org.br\/noticias\/wp-json\/wp\/v2\/media\/214860"}],"wp:attachment":[{"href":"https:\/\/franciscanos.org.br\/noticias\/wp-json\/wp\/v2\/media?parent=33071"}],"wp:term":[{"taxonomy":"category","embeddable":true,"href":"https:\/\/franciscanos.org.br\/noticias\/wp-json\/wp\/v2\/categories?post=33071"},{"taxonomy":"post_tag","embeddable":true,"href":"https:\/\/franciscanos.org.br\/noticias\/wp-json\/wp\/v2\/tags?post=33071"}],"curies":[{"name":"wp","href":"https:\/\/api.w.org\/{rel}","templated":true}]}}