{"id":33037,"date":"2013-02-11T10:29:58","date_gmt":"2013-02-11T12:29:58","guid":{"rendered":"http:\/\/new.franciscanos.org.br\/?p=33037"},"modified":"2022-12-31T12:40:32","modified_gmt":"2022-12-31T15:40:32","slug":"bento-xvi-anuncia-renuncia","status":"publish","type":"post","link":"https:\/\/franciscanos.org.br\/noticias\/bento-xvi-anuncia-renuncia.html","title":{"rendered":"Bento XVI anuncia ren\u00fancia"},"content":{"rendered":"<p><img loading=\"lazy\" class=\"alignnone size-full wp-image-198360\" src=\"https:\/\/franciscanos.org.br\/noticias\/wp-content\/uploads\/2013\/02\/bento.jpg\" alt=\"\" width=\"890\" height=\"668\" srcset=\"https:\/\/franciscanos.org.br\/noticias\/wp-content\/uploads\/2013\/02\/bento.jpg 890w, https:\/\/franciscanos.org.br\/noticias\/wp-content\/uploads\/2013\/02\/bento-450x338.jpg 450w, https:\/\/franciscanos.org.br\/noticias\/wp-content\/uploads\/2013\/02\/bento-768x576.jpg 768w, https:\/\/franciscanos.org.br\/noticias\/wp-content\/uploads\/2013\/02\/bento-150x113.jpg 150w\" sizes=\"(max-width: 890px) 100vw, 890px\" \/><\/p>\n<p><strong>Cidade do Vaticano (RV)<\/strong> &#8211; Bento XVI anunciou esta segunda-feira que renunciar\u00e1 ao minist\u00e9rio de Bispo de Roma no dia 28 de fevereiro. Eis o texto integral do an\u00fancio:<\/p>\n<p><em>Car\u00edssimos Irm\u00e3os,<\/em><\/p>\n<p><em>convoquei-vos para este Consist\u00f3rio n\u00e3o s\u00f3 por causa das tr\u00eas canoniza\u00e7\u00f5es, mas tamb\u00e9m para vos comunicar uma decis\u00e3o de grande import\u00e2ncia para a vida da Igreja. Depois de ter examinado repetidamente a minha consci\u00eancia diante de Deus, cheguei \u00e0 certeza de que as minhas for\u00e7as, devido \u00e0 idade avan\u00e7ada, j\u00e1 n\u00e3o s\u00e3o id\u00f4neas para exercer adequadamente o minist\u00e9rio petrino.<\/em><\/p>\n<p><em>Estou bem consciente de que este minist\u00e9rio, pela sua ess\u00eancia espiritual, deve ser cumprido n\u00e3o s\u00f3 com as obras e com as palavras, mas tamb\u00e9m e igualmente sofrendo e rezando. Todavia, no mundo de hoje, sujeito a r\u00e1pidas mudan\u00e7as e agitado por quest\u00f5es de grande relev\u00e2ncia para a vida da f\u00e9, para governar a barca de S\u00e3o Pedro e anunciar o Evangelho, \u00e9 necess\u00e1rio tamb\u00e9m o vigor quer do corpo quer do esp\u00edrito; vigor este, que, nos \u00faltimos meses, foi diminuindo de tal modo em mim que tenho de reconhecer a minha incapacidade para administrar bem o minist\u00e9rio que me foi confiado. Por isso, bem consciente da gravidade deste ato, com plena liberdade, declaro que renuncio ao minist\u00e9rio de Bispo de Roma, Sucessor de S\u00e3o Pedro, que me foi confiado pela m\u00e3o dos Cardeais em 19 de Abril de 2005, pelo que, a partir de 28 de Fevereiro de 2013, \u00e0s 20 horas, a sede de Roma, a sede de S\u00e3o Pedro, ficar\u00e1 vacante e dever\u00e1 ser convocado, por aqueles a quem tal compete, o Conclave para a elei\u00e7\u00e3o do novo Sumo Pont\u00edfice.<\/em><\/p>\n<p><em>Car\u00edssimos Irm\u00e3os, verdadeiramente de cora\u00e7\u00e3o vos agrade\u00e7o por todo o amor e a fadiga com que carregastes comigo o peso do meu minist\u00e9rio, e pe\u00e7o perd\u00e3o por todos os meus defeitos. Agora confiemos a Santa Igreja \u00e0 solicitude do seu Pastor Supremo, Nosso Senhor Jesus Cristo, e pe\u00e7amos a Maria, sua M\u00e3e Sant\u00edssima, que assista, com a sua bondade materna, os Padres Cardeais na elei\u00e7\u00e3o do novo Sumo Pont\u00edfice. Pelo que me diz respeito, nomeadamente no futuro, quero servir de todo o cora\u00e7\u00e3o, com uma vida consagrada \u00e0 ora\u00e7\u00e3o, a Santa Igreja de Deus.<\/em><\/p>\n<p><em>Vaticano, 10 de Fevereiro de 2013.<\/em><\/p>\n<p><em>BENEDICTUS PP XVI<\/em><\/p>\n<p><strong>ELEITO PAPA EM 2005<\/strong><\/p>\n<p>Aos 78 anos, Bento XVI foi um dos cardeais mais idosos a ser eleito papa. O pont\u00edfice completar\u00e1 86 anos em abril.<\/p>\n<p>Bento 16 \u00e9 o 265\u00ba papa e o primeiro a ser eleito no s\u00e9culo 21.<\/p>\n<p>L\u00edder da Congrega\u00e7\u00e3o para a Doutrina da F\u00e9, Bento 16 contou com o apoio das alas mais conservadoras da igreja \u00e0 \u00e9poca de sua escolha como sumo pont\u00edfice.<\/p>\n<p>Ratzinger nasceu em 16 de abril de 1927 em Marktl, Alemanha, e entrou para o semin\u00e1rio aos 12 anos. Na adolesc\u00eancia, estudou grego e latim, e mais tarde se doutorou em teologia pela Universidade de Munique.<\/p>\n<p>\u00c9 conhecido como grande estudioso e possui s\u00f3lida carreira acad\u00eamica. Na Igreja, ocupou o posto de prefeito da Congrega\u00e7\u00e3o para a Doutrina da F\u00e9, respons\u00e1vel por difundir e defender a doutrina cat\u00f3lica.<\/p>\n<p>Com a morte de Jo\u00e3o Paulo 2\u00ba, Ratzinger foi eleito pelos cardeais em abril 2005 e adotou o nome de Bento 16.<\/p>\n<p>Durante a Segunda Guerra, chegou a ser convocado para combater nos esquadr\u00f5es antia\u00e9reos alem\u00e3es. Dispensado, acabou sendo recrutado primeiro pela legi\u00e3o austr\u00edaca e depois pela infantaria alem\u00e3, da qual desertou em menos de dois meses.<\/p>\n<p>De volta ao semin\u00e1rio, foi ordenado padre em junho de 1951. \u00c0 fun\u00e7\u00e3o, somou o trabalho como professor de teologia, primeiro na Universidade de Bonn e depois na de Regensburg, onde seria reitor.<\/p>\n<p>Em mar\u00e7o de 1977, tornou-se arcebispo de Munique e Freising e, menos de tr\u00eas meses depois, foi criado cardeal pelo papa Paulo 6\u00ba. J\u00e1 sob Jo\u00e3o Paulo 2\u00ba, em 1981, Ratzinger tornou-se o l\u00edder da Congrega\u00e7\u00e3o para a Doutrina da F\u00e9.<\/p>\n<p>Ratzinger possui um pensamento cat\u00f3lico ortodoxo que, para muitos de seus cr\u00edticos, \u00e9 tido como sendo conservador. Bento XVI tem adotado, no seu Pontificado, propostas semelhantes \u00e0s do seu predecessor relativos \u00e0 moral e ao dogma cat\u00f3lico e reafirmado no seu magist\u00e9rio a doutrina do Catecismo da Igreja Cat\u00f3lica.<\/p>\n<p><strong>COMO SER\u00c1 NOVO CONCLAVE<\/strong><\/p>\n<p>O \u00faltimo pont\u00edfice a renunciar por vontade pr\u00f3pria foi Celestino 5, em 1294, ap\u00f3s apenas cinco meses de pontificado. Greg\u00f3rio 12 abdicou a contragosto em 1415 para encerrar uma disputa com um candidato rival \u00e0 Santa S\u00e9.<\/p>\n<p>A decis\u00e3o abre caminho para a realiza\u00e7\u00e3o de um conclave que eleger\u00e1 um novo papa antes do final de mar\u00e7o. Bento 16 caracterizou sua escolha como &#8220;uma decis\u00e3o de grande import\u00e2ncia para a vida da igreja&#8221;.<\/p>\n<p>Os seus poss\u00edveis sucessores incluem o cardeal Angelo Scola, arcebispo de Mil\u00e3o, o cardeal Cristoph Schoenborn, arcebispo de Viena, e o cardeal Mar Ouellet, cardeal chefe do gabinete de bispos do Vaticano.<\/p>\n<p>Todos os cardeais com idade inferior a 80 anos podem votar no conclave, a reuni\u00e3o secreta que ocorre na Capela Sistina, onde os cardeais realizam a elei\u00e7\u00e3o do novo papa. Como tradi\u00e7\u00e3o, as c\u00e9dulas s\u00e3o queimadas; quando sai fuma\u00e7a preta da chamin\u00e9 significa que nenhum papa foi escolhido e quando sai fuma\u00e7a branca significa que um novo papa foi eleito.<\/p>\n<p>A ren\u00fancia \u00e9 permitida no papado; as leis especificam somente que a ren\u00fancia deve ser &#8220;feita livremente e manifestada apropriadamente&#8221;.<\/p>\n<p>Bento 16 j\u00e1 havia alertado para a possibilidade de renunciar se ele estivesse doente ou velho demais para continuar no cargo em 2010, quando foi entrevistado no livro Luz do Mundo (tradu\u00e7\u00e3o livre).<\/p>\n<p>&#8220;Se um papa percebe claramente que n\u00e3o tem mais condi\u00e7\u00f5es f\u00edsicas, psicol\u00f3gicas e espirituais de encarregar-se dos deveres de seu cargo, ele tem o direito e, sob certas circunst\u00e2ncias, a obriga\u00e7\u00e3o de renunciar&#8221;, disse.<\/p>\n<p><strong>O PROCESSO<\/strong><\/p>\n<p><em>O processo de vota\u00e7\u00e3o do papa \u00e9 chamado de conclave e ocorre a portas fechadas, quando cardeais de diversas nacionalidades decidem a portas fechados quem ser\u00e1 o pr\u00f3ximo pont\u00edfice.<\/em><\/p>\n<p><em>Primeiro se distribuem as fichas para os cardeais. S\u00e3o escolhidos tr\u00eas escrutinadores. A ficha de vota\u00e7\u00e3o ser\u00e1 retangular e ter\u00e1 escrito em sua parte superior as palavras &#8220;EligooIn Summum Pontificem&#8221;. A parte inferior ficar\u00e1 em branco para que se preencha o nome do futuro papa.<\/em><\/p>\n<p><em>O preenchimento das fichas deve ser feito secretamente por cada um dos cardeais eleitores, que dever\u00e1 utilizar uma grafia que impe\u00e7a o reconhecimento. Ap\u00f3s o voto, as fichas s\u00e3o depositadas nas respectivas urnas, misturadas e contadas. Se porventura o n\u00famero das fichas n\u00e3o corresponder ao n\u00famero de eleitores, \u00e9 preciso queim\u00e1-las todas e realizar uma segunda vota\u00e7\u00e3o. Se o n\u00famero de fichas bater com o total de eleitores, inicia-se a apura\u00e7\u00e3o dos votos.<\/em><\/p>\n<p><em>Os votos s\u00e3o lidos e conferidos por tr\u00eas escrutinadores, que leem o voto em voz alta para todos os presentes. Ap\u00f3s a apura\u00e7\u00e3o desses votos, os escrutinadores d\u00e3o in\u00edcio \u00e0 soma dos votos obtidos pelos diversos nomes, anotando o resultado numa folha separada.Em seguida, os escrutinadores fazem a soma de todos os votos que cada um obteve. Se ningu\u00e9m obtiver dois ter\u00e7os dos votos, n\u00e3o haver\u00e1 papa eleito e iniciar\u00e1 nova elei\u00e7\u00e3o. Haver\u00e1 papa se algum dos nomes escolhidos contar com dois ter\u00e7os dos votos. Em qualquer uma das situa\u00e7\u00f5es, os revisores dever\u00e3o verificar as fichas e anota\u00e7\u00f5es dos escrutinadores.<\/em><\/p>\n<p><em>Antes dos cardeais eleitores abandonares a Capela Sistina, todas as fichas ser\u00e3o queimadas pelos escrutinadores. Ap\u00f3s cada vota\u00e7\u00e3o, \u00e9 anunciado o resultado por meio da emiss\u00e3o de fuma\u00e7a pela chamin\u00e9 da Capele Sistina. A fuma\u00e7a escura significa que ainda n\u00e3o foi escolhido o novo papa. A fuma\u00e7a clara, que a escolha j\u00e1 foi feita.<\/em><\/p>\n<p>&nbsp;<\/p>\n<p><strong>REPERCUSS\u00c3O<\/strong><\/p>\n<p>O governo da Alemanha disse que estava &#8220;comovido e tocado&#8221; pela surpreendente ren\u00fancia, nesta segunda-feira, do papa Bento 16, nascido naquele pa\u00eds.<\/p>\n<p>&#8220;O governo alem\u00e3o tem o mais alto respeito pelo Santo Padre, pelo que ele realizou e por suas contribui\u00e7\u00f5es ao longo de sua vida \u00e0 Igreja Cat\u00f3lica. Ele tem sido o l\u00edder da Igreja Cat\u00f3lica por quase oito anos. Ele deixou uma marca muito pessoal como pensador e l\u00edder da Igreja, e tamb\u00e9m como pastor. Quaisquer que tenham sido as raz\u00f5es para esta decis\u00e3o, ela precisa ser respeitada&#8221;, disse Seibert.<\/p>\n<p>A chanceler alem\u00e3 Angela Merkel deve realizar uma declara\u00e7\u00e3o oficial sobre o assunto nas pr\u00f3ximas horas.<\/p>\n<p>J\u00e1 o\u00a0rabino chefe de Israel Yona Metzger elogiou o di\u00e1logo inter-religioso promovido pelo papa Bento 16 e disse que as rela\u00e7\u00f5es entre Israel e o Vaticano nunca foram melhores. &#8220;Durante seu per\u00edodo tivemos as melhores rela\u00e7\u00f5es da hist\u00f3ria entre a igreja e a chefia do rabinato e n\u00f3s esperamos que esta tend\u00eancia continue&#8221;, disse um porta-voz, citando Metzger, ap\u00f3s o an\u00fancio da ren\u00fancia do papa. &#8220;Eu acho que ele merece muito cr\u00e9dito por avan\u00e7ar nos elos inter-religiosos no mundo entre juda\u00edsmo, cristianismo e islamismo.&#8221; Metzger desejou ao papa &#8220;boa sa\u00fade e longos dias&#8221;, segundo o porta-voz.<\/p>\n<p><strong>Irm\u00e3o do Papa<\/strong><\/p>\n<p>&#8220;A idade oprime&#8221;, afirmou o irm\u00e3o do Papa Bento XVI, Georg Ratzinger de Regensburg, ao sul da Alemanha. Ele disse que sabia de antem\u00e3o sobre a ren\u00fancia e a qualificou de &#8220;processo natural&#8221;.<\/p>\n<p>&nbsp;<\/p>\n","protected":false},"excerpt":{"rendered":"<p>Vaticano<\/p>\n","protected":false},"author":1,"featured_media":210767,"comment_status":"closed","ping_status":"open","sticky":false,"template":"","format":"standard","meta":[],"categories":[1428],"tags":[340,338],"acf":[],"yoast_head":"<!-- This site is optimized with the Yoast SEO plugin v19.2 - https:\/\/yoast.com\/wordpress\/plugins\/seo\/ -->\n<title>Bento XVI anuncia ren\u00fancia - Not\u00edcias - Franciscanos<\/title>\n<meta name=\"robots\" content=\"index, follow, max-snippet:-1, max-image-preview:large, max-video-preview:-1\" \/>\n<link rel=\"canonical\" href=\"https:\/\/franciscanos.org.br\/noticias\/bento-xvi-anuncia-renuncia.html\" \/>\n<meta property=\"og:locale\" content=\"pt_BR\" \/>\n<meta property=\"og:type\" content=\"article\" \/>\n<meta property=\"og:title\" content=\"Bento XVI anuncia ren\u00fancia - Not\u00edcias - Franciscanos\" \/>\n<meta property=\"og:description\" content=\"Vaticano\" \/>\n<meta property=\"og:url\" content=\"https:\/\/franciscanos.org.br\/noticias\/bento-xvi-anuncia-renuncia.html\" \/>\n<meta property=\"og:site_name\" content=\"Not\u00edcias - Franciscanos\" \/>\n<meta property=\"article:published_time\" content=\"2013-02-11T12:29:58+00:00\" \/>\n<meta property=\"article:modified_time\" content=\"2022-12-31T15:40:32+00:00\" \/>\n<meta property=\"og:image\" content=\"https:\/\/franciscanos.org.br\/noticias\/wp-content\/uploads\/2013\/02\/bento-1.jpg\" \/>\n\t<meta property=\"og:image:width\" content=\"273\" \/>\n\t<meta property=\"og:image:height\" content=\"181\" \/>\n\t<meta property=\"og:image:type\" content=\"image\/jpeg\" \/>\n<meta name=\"author\" content=\"admin\" \/>\n<meta name=\"twitter:card\" content=\"summary_large_image\" \/>\n<meta name=\"twitter:label1\" content=\"Escrito por\" \/>\n\t<meta name=\"twitter:data1\" content=\"admin\" \/>\n\t<meta name=\"twitter:label2\" content=\"Est. tempo de leitura\" \/>\n\t<meta name=\"twitter:data2\" content=\"8 minutos\" \/>\n<script type=\"application\/ld+json\" class=\"yoast-schema-graph\">{\"@context\":\"https:\/\/schema.org\",\"@graph\":[{\"@type\":\"WebSite\",\"@id\":\"https:\/\/franciscanos.org.br\/noticias\/#website\",\"url\":\"https:\/\/franciscanos.org.br\/noticias\/\",\"name\":\"Not\u00edcias - Franciscanos\",\"description\":\"Prov\u00edncia Franciscana da Imaculada Concei\u00e7\u00e3o do Brasil - Ordem dos Frades Menores - OFM\",\"potentialAction\":[{\"@type\":\"SearchAction\",\"target\":{\"@type\":\"EntryPoint\",\"urlTemplate\":\"https:\/\/franciscanos.org.br\/noticias\/?s={search_term_string}\"},\"query-input\":\"required name=search_term_string\"}],\"inLanguage\":\"pt-BR\"},{\"@type\":\"ImageObject\",\"inLanguage\":\"pt-BR\",\"@id\":\"https:\/\/franciscanos.org.br\/noticias\/bento-xvi-anuncia-renuncia.html#primaryimage\",\"url\":\"https:\/\/franciscanos.org.br\/noticias\/wp-content\/uploads\/2013\/02\/bento-1.jpg\",\"contentUrl\":\"https:\/\/franciscanos.org.br\/noticias\/wp-content\/uploads\/2013\/02\/bento-1.jpg\",\"width\":273,\"height\":181},{\"@type\":\"WebPage\",\"@id\":\"https:\/\/franciscanos.org.br\/noticias\/bento-xvi-anuncia-renuncia.html#webpage\",\"url\":\"https:\/\/franciscanos.org.br\/noticias\/bento-xvi-anuncia-renuncia.html\",\"name\":\"Bento XVI anuncia ren\u00fancia - Not\u00edcias - Franciscanos\",\"isPartOf\":{\"@id\":\"https:\/\/franciscanos.org.br\/noticias\/#website\"},\"primaryImageOfPage\":{\"@id\":\"https:\/\/franciscanos.org.br\/noticias\/bento-xvi-anuncia-renuncia.html#primaryimage\"},\"datePublished\":\"2013-02-11T12:29:58+00:00\",\"dateModified\":\"2022-12-31T15:40:32+00:00\",\"author\":{\"@id\":\"https:\/\/franciscanos.org.br\/noticias\/#\/schema\/person\/b38fbf43118f02820bd932f2e4b14ad3\"},\"breadcrumb\":{\"@id\":\"https:\/\/franciscanos.org.br\/noticias\/bento-xvi-anuncia-renuncia.html#breadcrumb\"},\"inLanguage\":\"pt-BR\",\"potentialAction\":[{\"@type\":\"ReadAction\",\"target\":[\"https:\/\/franciscanos.org.br\/noticias\/bento-xvi-anuncia-renuncia.html\"]}]},{\"@type\":\"BreadcrumbList\",\"@id\":\"https:\/\/franciscanos.org.br\/noticias\/bento-xvi-anuncia-renuncia.html#breadcrumb\",\"itemListElement\":[{\"@type\":\"ListItem\",\"position\":1,\"name\":\"Home\",\"item\":\"https:\/\/franciscanos.org.br\/noticias\"},{\"@type\":\"ListItem\",\"position\":2,\"name\":\"Bento XVI anuncia ren\u00fancia\"}]},{\"@type\":\"Person\",\"@id\":\"https:\/\/franciscanos.org.br\/noticias\/#\/schema\/person\/b38fbf43118f02820bd932f2e4b14ad3\",\"name\":\"admin\",\"image\":{\"@type\":\"ImageObject\",\"inLanguage\":\"pt-BR\",\"@id\":\"https:\/\/franciscanos.org.br\/noticias\/#\/schema\/person\/image\/\",\"url\":\"https:\/\/secure.gravatar.com\/avatar\/e8495742d34d0ba6448ea1c628263b3e?s=96&d=mm&r=g\",\"contentUrl\":\"https:\/\/secure.gravatar.com\/avatar\/e8495742d34d0ba6448ea1c628263b3e?s=96&d=mm&r=g\",\"caption\":\"admin\"},\"url\":\"https:\/\/franciscanos.org.br\/noticias\/author\/admin\"}]}<\/script>\n<!-- \/ Yoast SEO plugin. -->","yoast_head_json":{"title":"Bento XVI anuncia ren\u00fancia - Not\u00edcias - Franciscanos","robots":{"index":"index","follow":"follow","max-snippet":"max-snippet:-1","max-image-preview":"max-image-preview:large","max-video-preview":"max-video-preview:-1"},"canonical":"https:\/\/franciscanos.org.br\/noticias\/bento-xvi-anuncia-renuncia.html","og_locale":"pt_BR","og_type":"article","og_title":"Bento XVI anuncia ren\u00fancia - Not\u00edcias - Franciscanos","og_description":"Vaticano","og_url":"https:\/\/franciscanos.org.br\/noticias\/bento-xvi-anuncia-renuncia.html","og_site_name":"Not\u00edcias - Franciscanos","article_published_time":"2013-02-11T12:29:58+00:00","article_modified_time":"2022-12-31T15:40:32+00:00","og_image":[{"width":273,"height":181,"url":"https:\/\/franciscanos.org.br\/noticias\/wp-content\/uploads\/2013\/02\/bento-1.jpg","type":"image\/jpeg"}],"author":"admin","twitter_card":"summary_large_image","twitter_misc":{"Escrito por":"admin","Est. tempo de leitura":"8 minutos"},"schema":{"@context":"https:\/\/schema.org","@graph":[{"@type":"WebSite","@id":"https:\/\/franciscanos.org.br\/noticias\/#website","url":"https:\/\/franciscanos.org.br\/noticias\/","name":"Not\u00edcias - Franciscanos","description":"Prov\u00edncia Franciscana da Imaculada Concei\u00e7\u00e3o do Brasil - Ordem dos Frades Menores - OFM","potentialAction":[{"@type":"SearchAction","target":{"@type":"EntryPoint","urlTemplate":"https:\/\/franciscanos.org.br\/noticias\/?s={search_term_string}"},"query-input":"required name=search_term_string"}],"inLanguage":"pt-BR"},{"@type":"ImageObject","inLanguage":"pt-BR","@id":"https:\/\/franciscanos.org.br\/noticias\/bento-xvi-anuncia-renuncia.html#primaryimage","url":"https:\/\/franciscanos.org.br\/noticias\/wp-content\/uploads\/2013\/02\/bento-1.jpg","contentUrl":"https:\/\/franciscanos.org.br\/noticias\/wp-content\/uploads\/2013\/02\/bento-1.jpg","width":273,"height":181},{"@type":"WebPage","@id":"https:\/\/franciscanos.org.br\/noticias\/bento-xvi-anuncia-renuncia.html#webpage","url":"https:\/\/franciscanos.org.br\/noticias\/bento-xvi-anuncia-renuncia.html","name":"Bento XVI anuncia ren\u00fancia - Not\u00edcias - Franciscanos","isPartOf":{"@id":"https:\/\/franciscanos.org.br\/noticias\/#website"},"primaryImageOfPage":{"@id":"https:\/\/franciscanos.org.br\/noticias\/bento-xvi-anuncia-renuncia.html#primaryimage"},"datePublished":"2013-02-11T12:29:58+00:00","dateModified":"2022-12-31T15:40:32+00:00","author":{"@id":"https:\/\/franciscanos.org.br\/noticias\/#\/schema\/person\/b38fbf43118f02820bd932f2e4b14ad3"},"breadcrumb":{"@id":"https:\/\/franciscanos.org.br\/noticias\/bento-xvi-anuncia-renuncia.html#breadcrumb"},"inLanguage":"pt-BR","potentialAction":[{"@type":"ReadAction","target":["https:\/\/franciscanos.org.br\/noticias\/bento-xvi-anuncia-renuncia.html"]}]},{"@type":"BreadcrumbList","@id":"https:\/\/franciscanos.org.br\/noticias\/bento-xvi-anuncia-renuncia.html#breadcrumb","itemListElement":[{"@type":"ListItem","position":1,"name":"Home","item":"https:\/\/franciscanos.org.br\/noticias"},{"@type":"ListItem","position":2,"name":"Bento XVI anuncia ren\u00fancia"}]},{"@type":"Person","@id":"https:\/\/franciscanos.org.br\/noticias\/#\/schema\/person\/b38fbf43118f02820bd932f2e4b14ad3","name":"admin","image":{"@type":"ImageObject","inLanguage":"pt-BR","@id":"https:\/\/franciscanos.org.br\/noticias\/#\/schema\/person\/image\/","url":"https:\/\/secure.gravatar.com\/avatar\/e8495742d34d0ba6448ea1c628263b3e?s=96&d=mm&r=g","contentUrl":"https:\/\/secure.gravatar.com\/avatar\/e8495742d34d0ba6448ea1c628263b3e?s=96&d=mm&r=g","caption":"admin"},"url":"https:\/\/franciscanos.org.br\/noticias\/author\/admin"}]}},"_links":{"self":[{"href":"https:\/\/franciscanos.org.br\/noticias\/wp-json\/wp\/v2\/posts\/33037"}],"collection":[{"href":"https:\/\/franciscanos.org.br\/noticias\/wp-json\/wp\/v2\/posts"}],"about":[{"href":"https:\/\/franciscanos.org.br\/noticias\/wp-json\/wp\/v2\/types\/post"}],"author":[{"embeddable":true,"href":"https:\/\/franciscanos.org.br\/noticias\/wp-json\/wp\/v2\/users\/1"}],"replies":[{"embeddable":true,"href":"https:\/\/franciscanos.org.br\/noticias\/wp-json\/wp\/v2\/comments?post=33037"}],"version-history":[{"count":1,"href":"https:\/\/franciscanos.org.br\/noticias\/wp-json\/wp\/v2\/posts\/33037\/revisions"}],"predecessor-version":[{"id":226415,"href":"https:\/\/franciscanos.org.br\/noticias\/wp-json\/wp\/v2\/posts\/33037\/revisions\/226415"}],"wp:featuredmedia":[{"embeddable":true,"href":"https:\/\/franciscanos.org.br\/noticias\/wp-json\/wp\/v2\/media\/210767"}],"wp:attachment":[{"href":"https:\/\/franciscanos.org.br\/noticias\/wp-json\/wp\/v2\/media?parent=33037"}],"wp:term":[{"taxonomy":"category","embeddable":true,"href":"https:\/\/franciscanos.org.br\/noticias\/wp-json\/wp\/v2\/categories?post=33037"},{"taxonomy":"post_tag","embeddable":true,"href":"https:\/\/franciscanos.org.br\/noticias\/wp-json\/wp\/v2\/tags?post=33037"}],"curies":[{"name":"wp","href":"https:\/\/api.w.org\/{rel}","templated":true}]}}