{"id":32905,"date":"2013-02-08T07:35:29","date_gmt":"2013-02-08T09:35:29","guid":{"rendered":"http:\/\/new.franciscanos.org.br\/?p=32905"},"modified":"2021-07-05T20:22:56","modified_gmt":"2021-07-05T23:22:56","slug":"formacao-musical-auxilia-o-desenvolvimento-das-criancas","status":"publish","type":"post","link":"https:\/\/franciscanos.org.br\/noticias\/formacao-musical-auxilia-o-desenvolvimento-das-criancas.html","title":{"rendered":"Forma\u00e7\u00e3o musical auxilia o desenvolvimento das crian\u00e7as"},"content":{"rendered":"<p><img loading=\"lazy\" class=\"alignright size-full wp-image-32906\" title=\"canarinhos\" src=\"http:\/\/franciscanos.org.br\/wp-content\/uploads\/2013\/02\/canarinhos.jpg\" alt=\"\" width=\"277\" height=\"500\" \/>Para as crian\u00e7as, a m\u00fasica vai muito al\u00e9m dos instrumentos e das notas musicais: aprendem a cantar ou tocar instrumentos, mas tamb\u00e9m fazem com que tenham melhor coordena\u00e7\u00e3o motora, mais aten\u00e7\u00e3o, mais concentra\u00e7\u00e3o, melhor rendimento nos estudos e mais sensibilidade, al\u00e9m de um gosto musical mais apurado e uma vis\u00e3o de mundo ampliada.<\/p>\n<p>\u00c9 o que diz a professora de m\u00fasica Val\u00e9ria Cardoso, que d\u00e1 aula h\u00e1 mais de sete anos no Instituto dos Meninos Cantores de Petr\u00f3polis. \u201cConversando com os professores, observei que os alunos que participam das aulas da Escola de M\u00fasica acabam tendo um desempenho melhor que os demais nas mat\u00e9rias da escola, e h\u00e1 uma rela\u00e7\u00e3o direta. Com as aulas da Escola de M\u00fasica, os alunos ficam mais concentrados, com foco no que est\u00e3o fazendo\u201d, afirmou a professora.<\/p>\n<p>Val\u00e9ria Cardoso destacou ainda o aumento da sensibilidade dos alunos. \u201cCom as aulas, eles passam a ter um gosto mais apurado pela m\u00fasica, buscando aprender e apreciar outras formas de manifesta\u00e7\u00e3o art\u00edstica. Al\u00e9m disso, essa forma\u00e7\u00e3o cultural ajuda a ampliar a vis\u00e3o de mundo destes jovens, que passam a ter maior senso cr\u00edtico e poder de questionar as coisas\u201d, declarou.<\/p>\n<p>Em Petr\u00f3polis, a Escola de M\u00fasica do Instituto dos Meninos Cantores de Petr\u00f3polis est\u00e1 com matr\u00edculas abertas, com vagas limitadas. As atividades come\u00e7am no pr\u00f3ximo dia 18 de fevereiro. S\u00e3o realizados os cursos de violino, viol\u00e3o, baixo, piano, \u00f3rg\u00e3o de tubos e reg\u00eancia coral. As aulas s\u00e3o individuais, podendo ter dura\u00e7\u00e3o de 30 minutos ou uma hora. Podem se matricular crian\u00e7as a partir de tr\u00eas anos.<\/p>\n<p>Mais informa\u00e7\u00f5es podem no site <a href=\"http:\/\/www.canarinhos.com.br\/\" target=\"_blank\" rel=\"noopener noreferrer\">www.canarinhos.com.br<\/a> ou pelo telefone: (24) 2104-4141. O Instituto dos Meninos Cantores de Petr\u00f3polis fica na Rua Santos Dumont, 355, no Centro Hist\u00f3rico.<\/p>\n","protected":false},"excerpt":{"rendered":"<p>Canarinhos<\/p>\n","protected":false},"author":1,"featured_media":214839,"comment_status":"closed","ping_status":"open","sticky":false,"template":"","format":"standard","meta":[],"categories":[1],"tags":[1788],"acf":[],"yoast_head":"<!-- This site is optimized with the Yoast SEO plugin v19.2 - https:\/\/yoast.com\/wordpress\/plugins\/seo\/ -->\n<title>Forma\u00e7\u00e3o musical auxilia o desenvolvimento das crian\u00e7as - Not\u00edcias - Franciscanos<\/title>\n<meta name=\"robots\" content=\"index, follow, max-snippet:-1, max-image-preview:large, max-video-preview:-1\" \/>\n<link rel=\"canonical\" href=\"https:\/\/franciscanos.org.br\/noticias\/formacao-musical-auxilia-o-desenvolvimento-das-criancas.html\" \/>\n<meta property=\"og:locale\" content=\"pt_BR\" \/>\n<meta property=\"og:type\" content=\"article\" \/>\n<meta property=\"og:title\" content=\"Forma\u00e7\u00e3o musical auxilia o desenvolvimento das crian\u00e7as - Not\u00edcias - Franciscanos\" \/>\n<meta property=\"og:description\" content=\"Canarinhos\" \/>\n<meta property=\"og:url\" content=\"https:\/\/franciscanos.org.br\/noticias\/formacao-musical-auxilia-o-desenvolvimento-das-criancas.html\" \/>\n<meta property=\"og:site_name\" content=\"Not\u00edcias - Franciscanos\" \/>\n<meta property=\"article:published_time\" content=\"2013-02-08T09:35:29+00:00\" \/>\n<meta property=\"article:modified_time\" content=\"2021-07-05T23:22:56+00:00\" \/>\n<meta property=\"og:image\" content=\"https:\/\/franciscanos.org.br\/noticias\/wp-content\/uploads\/2013\/02\/canarinhos.jpg\" \/>\n\t<meta property=\"og:image:width\" content=\"273\" \/>\n\t<meta property=\"og:image:height\" content=\"181\" \/>\n\t<meta property=\"og:image:type\" content=\"image\/jpeg\" \/>\n<meta name=\"author\" content=\"admin\" \/>\n<meta name=\"twitter:card\" content=\"summary_large_image\" \/>\n<meta name=\"twitter:label1\" content=\"Escrito por\" \/>\n\t<meta name=\"twitter:data1\" content=\"admin\" \/>\n\t<meta name=\"twitter:label2\" content=\"Est. tempo de leitura\" \/>\n\t<meta name=\"twitter:data2\" content=\"2 minutos\" \/>\n<script type=\"application\/ld+json\" class=\"yoast-schema-graph\">{\"@context\":\"https:\/\/schema.org\",\"@graph\":[{\"@type\":\"WebSite\",\"@id\":\"https:\/\/franciscanos.org.br\/noticias\/#website\",\"url\":\"https:\/\/franciscanos.org.br\/noticias\/\",\"name\":\"Not\u00edcias - Franciscanos\",\"description\":\"Prov\u00edncia Franciscana da Imaculada Concei\u00e7\u00e3o do Brasil - Ordem dos Frades Menores - OFM\",\"potentialAction\":[{\"@type\":\"SearchAction\",\"target\":{\"@type\":\"EntryPoint\",\"urlTemplate\":\"https:\/\/franciscanos.org.br\/noticias\/?s={search_term_string}\"},\"query-input\":\"required name=search_term_string\"}],\"inLanguage\":\"pt-BR\"},{\"@type\":\"ImageObject\",\"inLanguage\":\"pt-BR\",\"@id\":\"https:\/\/franciscanos.org.br\/noticias\/formacao-musical-auxilia-o-desenvolvimento-das-criancas.html#primaryimage\",\"url\":\"https:\/\/franciscanos.org.br\/noticias\/wp-content\/uploads\/2013\/02\/canarinhos.jpg\",\"contentUrl\":\"https:\/\/franciscanos.org.br\/noticias\/wp-content\/uploads\/2013\/02\/canarinhos.jpg\",\"width\":273,\"height\":181},{\"@type\":\"WebPage\",\"@id\":\"https:\/\/franciscanos.org.br\/noticias\/formacao-musical-auxilia-o-desenvolvimento-das-criancas.html#webpage\",\"url\":\"https:\/\/franciscanos.org.br\/noticias\/formacao-musical-auxilia-o-desenvolvimento-das-criancas.html\",\"name\":\"Forma\u00e7\u00e3o musical auxilia o desenvolvimento das crian\u00e7as - Not\u00edcias - Franciscanos\",\"isPartOf\":{\"@id\":\"https:\/\/franciscanos.org.br\/noticias\/#website\"},\"primaryImageOfPage\":{\"@id\":\"https:\/\/franciscanos.org.br\/noticias\/formacao-musical-auxilia-o-desenvolvimento-das-criancas.html#primaryimage\"},\"datePublished\":\"2013-02-08T09:35:29+00:00\",\"dateModified\":\"2021-07-05T23:22:56+00:00\",\"author\":{\"@id\":\"https:\/\/franciscanos.org.br\/noticias\/#\/schema\/person\/b38fbf43118f02820bd932f2e4b14ad3\"},\"breadcrumb\":{\"@id\":\"https:\/\/franciscanos.org.br\/noticias\/formacao-musical-auxilia-o-desenvolvimento-das-criancas.html#breadcrumb\"},\"inLanguage\":\"pt-BR\",\"potentialAction\":[{\"@type\":\"ReadAction\",\"target\":[\"https:\/\/franciscanos.org.br\/noticias\/formacao-musical-auxilia-o-desenvolvimento-das-criancas.html\"]}]},{\"@type\":\"BreadcrumbList\",\"@id\":\"https:\/\/franciscanos.org.br\/noticias\/formacao-musical-auxilia-o-desenvolvimento-das-criancas.html#breadcrumb\",\"itemListElement\":[{\"@type\":\"ListItem\",\"position\":1,\"name\":\"Home\",\"item\":\"https:\/\/franciscanos.org.br\/noticias\"},{\"@type\":\"ListItem\",\"position\":2,\"name\":\"Forma\u00e7\u00e3o musical auxilia o desenvolvimento das crian\u00e7as\"}]},{\"@type\":\"Person\",\"@id\":\"https:\/\/franciscanos.org.br\/noticias\/#\/schema\/person\/b38fbf43118f02820bd932f2e4b14ad3\",\"name\":\"admin\",\"image\":{\"@type\":\"ImageObject\",\"inLanguage\":\"pt-BR\",\"@id\":\"https:\/\/franciscanos.org.br\/noticias\/#\/schema\/person\/image\/\",\"url\":\"https:\/\/secure.gravatar.com\/avatar\/e8495742d34d0ba6448ea1c628263b3e?s=96&d=mm&r=g\",\"contentUrl\":\"https:\/\/secure.gravatar.com\/avatar\/e8495742d34d0ba6448ea1c628263b3e?s=96&d=mm&r=g\",\"caption\":\"admin\"},\"url\":\"https:\/\/franciscanos.org.br\/noticias\/author\/admin\"}]}<\/script>\n<!-- \/ Yoast SEO plugin. -->","yoast_head_json":{"title":"Forma\u00e7\u00e3o musical auxilia o desenvolvimento das crian\u00e7as - Not\u00edcias - Franciscanos","robots":{"index":"index","follow":"follow","max-snippet":"max-snippet:-1","max-image-preview":"max-image-preview:large","max-video-preview":"max-video-preview:-1"},"canonical":"https:\/\/franciscanos.org.br\/noticias\/formacao-musical-auxilia-o-desenvolvimento-das-criancas.html","og_locale":"pt_BR","og_type":"article","og_title":"Forma\u00e7\u00e3o musical auxilia o desenvolvimento das crian\u00e7as - Not\u00edcias - Franciscanos","og_description":"Canarinhos","og_url":"https:\/\/franciscanos.org.br\/noticias\/formacao-musical-auxilia-o-desenvolvimento-das-criancas.html","og_site_name":"Not\u00edcias - Franciscanos","article_published_time":"2013-02-08T09:35:29+00:00","article_modified_time":"2021-07-05T23:22:56+00:00","og_image":[{"width":273,"height":181,"url":"https:\/\/franciscanos.org.br\/noticias\/wp-content\/uploads\/2013\/02\/canarinhos.jpg","type":"image\/jpeg"}],"author":"admin","twitter_card":"summary_large_image","twitter_misc":{"Escrito por":"admin","Est. tempo de leitura":"2 minutos"},"schema":{"@context":"https:\/\/schema.org","@graph":[{"@type":"WebSite","@id":"https:\/\/franciscanos.org.br\/noticias\/#website","url":"https:\/\/franciscanos.org.br\/noticias\/","name":"Not\u00edcias - Franciscanos","description":"Prov\u00edncia Franciscana da Imaculada Concei\u00e7\u00e3o do Brasil - Ordem dos Frades Menores - OFM","potentialAction":[{"@type":"SearchAction","target":{"@type":"EntryPoint","urlTemplate":"https:\/\/franciscanos.org.br\/noticias\/?s={search_term_string}"},"query-input":"required name=search_term_string"}],"inLanguage":"pt-BR"},{"@type":"ImageObject","inLanguage":"pt-BR","@id":"https:\/\/franciscanos.org.br\/noticias\/formacao-musical-auxilia-o-desenvolvimento-das-criancas.html#primaryimage","url":"https:\/\/franciscanos.org.br\/noticias\/wp-content\/uploads\/2013\/02\/canarinhos.jpg","contentUrl":"https:\/\/franciscanos.org.br\/noticias\/wp-content\/uploads\/2013\/02\/canarinhos.jpg","width":273,"height":181},{"@type":"WebPage","@id":"https:\/\/franciscanos.org.br\/noticias\/formacao-musical-auxilia-o-desenvolvimento-das-criancas.html#webpage","url":"https:\/\/franciscanos.org.br\/noticias\/formacao-musical-auxilia-o-desenvolvimento-das-criancas.html","name":"Forma\u00e7\u00e3o musical auxilia o desenvolvimento das crian\u00e7as - Not\u00edcias - Franciscanos","isPartOf":{"@id":"https:\/\/franciscanos.org.br\/noticias\/#website"},"primaryImageOfPage":{"@id":"https:\/\/franciscanos.org.br\/noticias\/formacao-musical-auxilia-o-desenvolvimento-das-criancas.html#primaryimage"},"datePublished":"2013-02-08T09:35:29+00:00","dateModified":"2021-07-05T23:22:56+00:00","author":{"@id":"https:\/\/franciscanos.org.br\/noticias\/#\/schema\/person\/b38fbf43118f02820bd932f2e4b14ad3"},"breadcrumb":{"@id":"https:\/\/franciscanos.org.br\/noticias\/formacao-musical-auxilia-o-desenvolvimento-das-criancas.html#breadcrumb"},"inLanguage":"pt-BR","potentialAction":[{"@type":"ReadAction","target":["https:\/\/franciscanos.org.br\/noticias\/formacao-musical-auxilia-o-desenvolvimento-das-criancas.html"]}]},{"@type":"BreadcrumbList","@id":"https:\/\/franciscanos.org.br\/noticias\/formacao-musical-auxilia-o-desenvolvimento-das-criancas.html#breadcrumb","itemListElement":[{"@type":"ListItem","position":1,"name":"Home","item":"https:\/\/franciscanos.org.br\/noticias"},{"@type":"ListItem","position":2,"name":"Forma\u00e7\u00e3o musical auxilia o desenvolvimento das crian\u00e7as"}]},{"@type":"Person","@id":"https:\/\/franciscanos.org.br\/noticias\/#\/schema\/person\/b38fbf43118f02820bd932f2e4b14ad3","name":"admin","image":{"@type":"ImageObject","inLanguage":"pt-BR","@id":"https:\/\/franciscanos.org.br\/noticias\/#\/schema\/person\/image\/","url":"https:\/\/secure.gravatar.com\/avatar\/e8495742d34d0ba6448ea1c628263b3e?s=96&d=mm&r=g","contentUrl":"https:\/\/secure.gravatar.com\/avatar\/e8495742d34d0ba6448ea1c628263b3e?s=96&d=mm&r=g","caption":"admin"},"url":"https:\/\/franciscanos.org.br\/noticias\/author\/admin"}]}},"_links":{"self":[{"href":"https:\/\/franciscanos.org.br\/noticias\/wp-json\/wp\/v2\/posts\/32905"}],"collection":[{"href":"https:\/\/franciscanos.org.br\/noticias\/wp-json\/wp\/v2\/posts"}],"about":[{"href":"https:\/\/franciscanos.org.br\/noticias\/wp-json\/wp\/v2\/types\/post"}],"author":[{"embeddable":true,"href":"https:\/\/franciscanos.org.br\/noticias\/wp-json\/wp\/v2\/users\/1"}],"replies":[{"embeddable":true,"href":"https:\/\/franciscanos.org.br\/noticias\/wp-json\/wp\/v2\/comments?post=32905"}],"version-history":[{"count":1,"href":"https:\/\/franciscanos.org.br\/noticias\/wp-json\/wp\/v2\/posts\/32905\/revisions"}],"predecessor-version":[{"id":229209,"href":"https:\/\/franciscanos.org.br\/noticias\/wp-json\/wp\/v2\/posts\/32905\/revisions\/229209"}],"wp:featuredmedia":[{"embeddable":true,"href":"https:\/\/franciscanos.org.br\/noticias\/wp-json\/wp\/v2\/media\/214839"}],"wp:attachment":[{"href":"https:\/\/franciscanos.org.br\/noticias\/wp-json\/wp\/v2\/media?parent=32905"}],"wp:term":[{"taxonomy":"category","embeddable":true,"href":"https:\/\/franciscanos.org.br\/noticias\/wp-json\/wp\/v2\/categories?post=32905"},{"taxonomy":"post_tag","embeddable":true,"href":"https:\/\/franciscanos.org.br\/noticias\/wp-json\/wp\/v2\/tags?post=32905"}],"curies":[{"name":"wp","href":"https:\/\/api.w.org\/{rel}","templated":true}]}}