{"id":32425,"date":"2013-02-01T10:34:57","date_gmt":"2013-02-01T12:34:57","guid":{"rendered":"http:\/\/new.franciscanos.org.br\/?p=32425"},"modified":"2019-01-29T16:40:23","modified_gmt":"2019-01-29T18:40:23","slug":"permaneco-ao-seu-lado-acompanhar-quem-morre-viver-intensamente-entre-os-lancamentos","status":"publish","type":"post","link":"https:\/\/franciscanos.org.br\/noticias\/permaneco-ao-seu-lado-acompanhar-quem-morre-viver-intensamente-entre-os-lancamentos.html","title":{"rendered":"&#8220;Permane\u00e7o ao seu lado&#8221; entre os lan\u00e7amentos"},"content":{"rendered":"<p><img loading=\"lazy\" class=\"alignright size-full wp-image-32607\" title=\"vozes\" src=\"http:\/\/franciscanos.org.br\/wp-content\/uploads\/2013\/02\/vozes.jpg\" alt=\"\" width=\"450\" height=\"772\" \/>Entre os \u00faltimos lan\u00e7amentos da Editora Vozes, que neste ano completa 112 anos de funda\u00e7\u00e3o e tem sede em Petr\u00f3polis (RJ), est\u00e1 o livro&#8221;Permane\u00e7o ao seu lado &#8211; Acompanhar quem morre: Viver intensamente&#8221;.<\/p>\n<p>Quanto tempo ainda posso viver? Estarei l\u00facido e plenamente consciente at\u00e9 o \u00faltimo momento para em seguida adormecer serenamente? Quem serei quando j\u00e1 n\u00e3o puder mais fazer nada, nem escrever, nem falar, nem pensar de forma clara? Nesse livro o autor considera todas essas perguntas e espera que leitoras e leitores sejam encorajados a se confrontar com a pr\u00f3pria morte e a acompanhar familiares sem medo, confiantes de que ser\u00e3o enriquecidos atrav\u00e9s dessa experi\u00eancia. Atrav\u00e9s desta obra Anselm Gr\u00fcn nos transmite for\u00e7a para n\u00e3o abandonarmos aqueles que est\u00e3o para partir e os acompanharmos em sua \u00faltima jornada.<\/p>\n<h4>Permane\u00e7o ao seu lado &#8211; Acompanhar quem morre: Viver intensamente<\/h4>\n<p><strong>ISBN:<\/strong>\u00a09788532644329<br \/>\n208 p\u00e1ginas<br \/>\n<strong>Pre\u00e7o:<\/strong>\u00a0R$ 29,00<br \/>\n<strong>autor:<\/strong>\u00a0Anselm Gr\u00fcn<br \/>\n<strong>Peso:<\/strong>\u00a0192 gramas<br \/>\n1\u00aa edi\u00e7\u00e3o<br \/>\n<strong>Assunto:<\/strong>\u00a0Espiritualidade e M\u00edstica<\/p>\n<h4>ARS Latina &#8211; Curso Pr\u00e1tico da L\u00edngua Latina<\/h4>\n<p><strong>ISBN:<\/strong> 9788532644343<br \/>\n368 p\u00e1ginas<br \/>\n<strong>Pre\u00e7o:<\/strong> R$ 45,00<br \/>\n<strong>autor:<\/strong> Fr. Dami\u00e3o Berge, O.F.M. ; Fr. Ludovico M. Gomes de Castro , O.F.M. ; Frei Reinaldo Muller, O.F.M.<br \/>\n<strong>Peso:<\/strong> 510 gramas<br \/>\n1\u00aa edi\u00e7\u00e3o<br \/>\n<strong>Assunto:<\/strong> Letras<br \/>\n<strong>Cole\u00e7\u00e3o:<\/strong> Pensamento Moderno<\/p>\n<p><em>Lan\u00e7ado pela Editora Vozes em 1970 e continuamente reeditado, ARS LATINA foi elaborado segundo o moderno m\u00e9todo da Escola Ativa. \u00c9 um curso completo de l\u00edngua latina que oferece no\u00e7\u00f5es b\u00e1sicas tanto do latim cl\u00e1ssico como do medieval e eclesi\u00e1stico. Al\u00e9m das regras e exerc\u00edcios fundamentais da l\u00edngua, este curso cont\u00e9m um vocabul\u00e1rio com os termos utilizados em cada li\u00e7\u00e3o, um vocabul\u00e1rio alfab\u00e9tico latim-portugu\u00eas e portugu\u00eas-latim. A atual edi\u00e7\u00e3o vem completamente reformulada e atualizada, n\u00e3o em sua metodologia ou na pedagogia que lhe deu origem, reconhecidamente v\u00e1lidas, mas na organiza\u00e7\u00e3o geral das li\u00e7\u00f5es e, sobretudo, na sele\u00e7\u00e3o de textos, propostas de exerc\u00edcios e nos exemplos utilizados, tendo em vista os estudantes de hoje.<\/em><\/p>\n<h4>Fenomenologia<\/h4>\n<p><strong>ISBN:<\/strong> 978853264373-2<br \/>\n296 p\u00e1ginas<br \/>\n<strong>Pre\u00e7o:<\/strong> R$ 35,00<br \/>\n<strong>autor:<\/strong> David R. Cerbone<br \/>\n<strong>Peso:<\/strong> 320 gramas<br \/>\n1\u00aa edi\u00e7\u00e3o<br \/>\n<strong>Assunto:<\/strong> Filosofia<br \/>\n<strong>Cole\u00e7\u00e3o:<\/strong> Pensamento Moderno<\/p>\n<p><em>O livro fornece um guia conciso e acess\u00edvel a uma das mais importantes escolas de pensamento da filosofia moderna. Esbo\u00e7a o desenvolvimento hist\u00f3rico da fenomenologia, come\u00e7ando com seu fundador Edmund Husserl e sua fenomenologia &#8220;pura&#8221; ou &#8220;transcendental&#8221;, e continuando com fenomenologia &#8220;existencial&#8221; posterior de Heidegger, Sartre e Merleau-Ponty. Cada cap\u00edtulo fornece um excelente resumo dos refinamentos que cada fil\u00f3sofo trouxe para as ideias centrais do movimento.<\/em><\/p>\n<h4>Naturalismo<\/h4>\n<p><strong>ISBN:<\/strong> 978853264423-7<br \/>\n320 p\u00e1ginas<br \/>\n<strong>Pre\u00e7o:<\/strong> R$ 35,00<br \/>\n<strong>autor:<\/strong> Jack Ritchie<br \/>\n<strong>Peso:<\/strong> 346 gramas<br \/>\n1\u00aa edi\u00e7\u00e3o<br \/>\n<strong>Assunto:<\/strong> Filosofia<br \/>\n<strong>Cole\u00e7\u00e3o:<\/strong> Pensamento Moderno<\/p>\n<p><em>As ideias naturalistas na epistemologia, na metaf\u00edsica e na filosofia da linguagem t\u00eam sido algumas das mais influentes na filosofia recente. No entanto, n\u00e3o existe qualquer introdu\u00e7\u00e3o ao naturalismo enquanto posi\u00e7\u00e3o filos\u00f3fica distinta. Este livro cumpre tal requisito, proporcionando um panorama claro e agrad\u00e1vel de ler das grandes tend\u00eancias existentes no pensamento naturalista recente.<\/em><\/p>\n<h4>Racionalismo<\/h4>\n<p><strong>ISBN:<\/strong> 978853264451-0<br \/>\n232 p\u00e1ginas<br \/>\n<strong>Pre\u00e7o:<\/strong> R$ 35,00<br \/>\n<strong>autor:<\/strong> Charlie Huenemann<br \/>\n<strong>Peso:<\/strong> 363 gramas<br \/>\n1\u00aa edi\u00e7\u00e3o<br \/>\n<strong>Assunto:<\/strong> Filosofia<br \/>\n<strong>Cole\u00e7\u00e3o:<\/strong> Pensamento Moderno<\/p>\n<p><em>Esta introdu\u00e7\u00e3o apresenta um guia para qualquer pessoa que aborde os pensadores associados ao racionalismo &#8211; Descartes, Espinosa e Leibniz &#8211; pela primeira vez. Com exposi\u00e7\u00f5es claras, exemplos elegantes e sum\u00e1rios inspiradores, a obra desvenda seus intrincados sistemas metaf\u00edsicos, que s\u00e3o sucessivamente surpreendentes, envolventes e, \u00e0s vezes, bizarros. Mostra tamb\u00e9m suas posi\u00e7\u00f5es controversas sobre problemas morais, pol\u00edticos e religiosos.<\/em><\/p>\n<h4>Decl\u00ednio Pr\u00f3spero (O) &#8211; Princ\u00edpios e pol\u00edticas<\/h4>\n<p><strong>ISBN:<\/strong> 9788532644039<br \/>\n408 p\u00e1ginas<br \/>\n<strong>Pre\u00e7o:<\/strong> R$ 65,00<br \/>\n<strong>autor:<\/strong> Howard T. Odum, Elisabeth C. Odum<br \/>\n<strong>Peso:<\/strong> 552 gramas<br \/>\n1\u00aa edi\u00e7\u00e3o<br \/>\n<strong>Assunto:<\/strong> Sociologia<\/p>\n<p><em>O Decl\u00ednio Pr\u00f3spero foi escrito nas d\u00e9cadas de 80 e 90 e publicado em ingl\u00eas em 2001, mas continua atual. A possibilidade do colapso da Economia e do Meio Ambiente em escala planet\u00e1ria, \u00e9 abordada com rigor cient\u00edfico. O livro coloca a possibilidade de um decl\u00ednio com prosperidade apesar das condi\u00e7\u00f5es desfavor\u00e1veis existentes, e oferece ideias para promover a sustentabilidade e, ao mesmo tempo, cuidar da mitiga\u00e7\u00e3o das mudan\u00e7as clim\u00e1ticas e das mazelas sociais.<\/em><\/p>\n<h4>\u00c9tica na educa\u00e7\u00e3o f\u00edsica<\/h4>\n<p><strong>ISBN:<\/strong> 9788532644626<br \/>\n184 p\u00e1ginas<br \/>\n<strong>Pre\u00e7o:<\/strong> R$ 26,70<br \/>\n<strong>autor:<\/strong> Claudio Luis de Alvarenga Barbosa<br \/>\n<strong>Peso:<\/strong> 212 gramas<br \/>\n1\u00aa edi\u00e7\u00e3o<br \/>\n<strong>Assunto:<\/strong> Educa\u00e7\u00e3o e pedagogia<br \/>\n<strong>Cole\u00e7\u00e3o:<\/strong> \u00c9tica nas profiss\u00f5es<\/p>\n<p><em>A palavra &#8220;\u00e9tica&#8221; nunca esteve t\u00e3o presente nos discursos relativos ao campo da educa\u00e7\u00e3o f\u00edsica, como temos assistido nos \u00faltimos anos. Vemos sua presen\u00e7a nos notici\u00e1rios esportivos, nas discuss\u00f5es sobre pol\u00edticas de esporte e lazer, nas discuss\u00f5es pedag\u00f3gicas sobre educa\u00e7\u00e3o f\u00edsica escolar. Mas poucas s\u00e3o as pessoas que efetivamente entendem o sentido filos\u00f3fico da \u00e9tica. Nesse contexto, o livro procura esclarecer o que realmente significa &#8220;\u00e9tica&#8221;, enquanto um campo de investiga\u00e7\u00e3o da filosofia. E ao fazer isso, discute as principais quest\u00f5es \u00e9ticas que afligem n\u00e3o apenas a vida em sociedade, mas tamb\u00e9m, aquelas ligadas diretamente ao campo profissional da educa\u00e7\u00e3o f\u00edsica.<\/em><\/p>\n<h4><span style=\"font-size: 1em;\">Teoria da hist\u00f3ria &#8211; Vol. V &#8211; A escola dos Annales e a Nova Hist\u00f3ria<\/span><\/h4>\n<p><strong>ISBN:<\/strong> 9788532644022<br \/>\n416 p\u00e1ginas<br \/>\n<strong>Pre\u00e7o:<\/strong> R$ 48,00<br \/>\n<strong>autor:<\/strong> Jos\u00e9 D&#8217;Assun\u00e7\u00e3o Barros<br \/>\n<strong>Peso:<\/strong> 438 gramas<br \/>\n1\u00aa edi\u00e7\u00e3o<br \/>\n<strong>Assunto:<\/strong> Hist\u00f3ria<\/p>\n<p><em>O livro A Escola dos Annales e a Nova Hist\u00f3ria procura expor, com clareza e profundidade, as principais contribui\u00e7\u00f5es dos historiadores franceses ligados a este movimento, bem como apresentar uma rica discuss\u00e3o historiogr\u00e1fica sobre a hist\u00f3ria desta escola. Dando sequ\u00eancia \u00e0 s\u00e9rie Teoria da Hist\u00f3ria, este quinto volume avan\u00e7a por uma nova senda que tamb\u00e9m ser\u00e1 percorrida nos pr\u00f3ximos volumes da s\u00e9rie: o estudo das escolas hist\u00f3ricas mais modernas e contempor\u00e2neas.<\/em><\/p>\n","protected":false},"excerpt":{"rendered":"<p>Editora Vozes<\/p>\n","protected":false},"author":1,"featured_media":194592,"comment_status":"closed","ping_status":"open","sticky":false,"template":"","format":"standard","meta":[],"categories":[1],"tags":[238],"acf":[],"yoast_head":"<!-- This site is optimized with the Yoast SEO plugin v19.2 - https:\/\/yoast.com\/wordpress\/plugins\/seo\/ -->\n<title>&quot;Permane\u00e7o ao seu lado&quot; entre os lan\u00e7amentos - Not\u00edcias - Franciscanos<\/title>\n<meta name=\"robots\" content=\"index, follow, max-snippet:-1, max-image-preview:large, max-video-preview:-1\" \/>\n<link rel=\"canonical\" href=\"https:\/\/franciscanos.org.br\/noticias\/permaneco-ao-seu-lado-acompanhar-quem-morre-viver-intensamente-entre-os-lancamentos.html\" \/>\n<meta property=\"og:locale\" content=\"pt_BR\" \/>\n<meta property=\"og:type\" content=\"article\" \/>\n<meta property=\"og:title\" content=\"&quot;Permane\u00e7o ao seu lado&quot; entre os lan\u00e7amentos - Not\u00edcias - Franciscanos\" \/>\n<meta property=\"og:description\" content=\"Editora Vozes\" \/>\n<meta property=\"og:url\" content=\"https:\/\/franciscanos.org.br\/noticias\/permaneco-ao-seu-lado-acompanhar-quem-morre-viver-intensamente-entre-os-lancamentos.html\" \/>\n<meta property=\"og:site_name\" content=\"Not\u00edcias - Franciscanos\" \/>\n<meta property=\"article:published_time\" content=\"2013-02-01T12:34:57+00:00\" \/>\n<meta property=\"article:modified_time\" content=\"2019-01-29T18:40:23+00:00\" \/>\n<meta property=\"og:image\" content=\"https:\/\/franciscanos.org.br\/noticias\/wp-content\/uploads\/2017\/11\/vozes.png\" \/>\n\t<meta property=\"og:image:width\" content=\"273\" \/>\n\t<meta property=\"og:image:height\" content=\"181\" \/>\n\t<meta property=\"og:image:type\" content=\"image\/png\" \/>\n<meta name=\"author\" content=\"admin\" \/>\n<meta name=\"twitter:card\" content=\"summary_large_image\" \/>\n<meta name=\"twitter:label1\" content=\"Escrito por\" \/>\n\t<meta name=\"twitter:data1\" content=\"admin\" \/>\n\t<meta name=\"twitter:label2\" content=\"Est. tempo de leitura\" \/>\n\t<meta name=\"twitter:data2\" content=\"5 minutos\" \/>\n<script type=\"application\/ld+json\" class=\"yoast-schema-graph\">{\"@context\":\"https:\/\/schema.org\",\"@graph\":[{\"@type\":\"WebSite\",\"@id\":\"https:\/\/franciscanos.org.br\/noticias\/#website\",\"url\":\"https:\/\/franciscanos.org.br\/noticias\/\",\"name\":\"Not\u00edcias - Franciscanos\",\"description\":\"Prov\u00edncia Franciscana da Imaculada Concei\u00e7\u00e3o do Brasil - Ordem dos Frades Menores - OFM\",\"potentialAction\":[{\"@type\":\"SearchAction\",\"target\":{\"@type\":\"EntryPoint\",\"urlTemplate\":\"https:\/\/franciscanos.org.br\/noticias\/?s={search_term_string}\"},\"query-input\":\"required name=search_term_string\"}],\"inLanguage\":\"pt-BR\"},{\"@type\":\"ImageObject\",\"inLanguage\":\"pt-BR\",\"@id\":\"https:\/\/franciscanos.org.br\/noticias\/permaneco-ao-seu-lado-acompanhar-quem-morre-viver-intensamente-entre-os-lancamentos.html#primaryimage\",\"url\":\"https:\/\/franciscanos.org.br\/noticias\/wp-content\/uploads\/2017\/11\/vozes.png\",\"contentUrl\":\"https:\/\/franciscanos.org.br\/noticias\/wp-content\/uploads\/2017\/11\/vozes.png\",\"width\":273,\"height\":181},{\"@type\":\"WebPage\",\"@id\":\"https:\/\/franciscanos.org.br\/noticias\/permaneco-ao-seu-lado-acompanhar-quem-morre-viver-intensamente-entre-os-lancamentos.html#webpage\",\"url\":\"https:\/\/franciscanos.org.br\/noticias\/permaneco-ao-seu-lado-acompanhar-quem-morre-viver-intensamente-entre-os-lancamentos.html\",\"name\":\"\\\"Permane\u00e7o ao seu lado\\\" entre os lan\u00e7amentos - Not\u00edcias - Franciscanos\",\"isPartOf\":{\"@id\":\"https:\/\/franciscanos.org.br\/noticias\/#website\"},\"primaryImageOfPage\":{\"@id\":\"https:\/\/franciscanos.org.br\/noticias\/permaneco-ao-seu-lado-acompanhar-quem-morre-viver-intensamente-entre-os-lancamentos.html#primaryimage\"},\"datePublished\":\"2013-02-01T12:34:57+00:00\",\"dateModified\":\"2019-01-29T18:40:23+00:00\",\"author\":{\"@id\":\"https:\/\/franciscanos.org.br\/noticias\/#\/schema\/person\/b38fbf43118f02820bd932f2e4b14ad3\"},\"breadcrumb\":{\"@id\":\"https:\/\/franciscanos.org.br\/noticias\/permaneco-ao-seu-lado-acompanhar-quem-morre-viver-intensamente-entre-os-lancamentos.html#breadcrumb\"},\"inLanguage\":\"pt-BR\",\"potentialAction\":[{\"@type\":\"ReadAction\",\"target\":[\"https:\/\/franciscanos.org.br\/noticias\/permaneco-ao-seu-lado-acompanhar-quem-morre-viver-intensamente-entre-os-lancamentos.html\"]}]},{\"@type\":\"BreadcrumbList\",\"@id\":\"https:\/\/franciscanos.org.br\/noticias\/permaneco-ao-seu-lado-acompanhar-quem-morre-viver-intensamente-entre-os-lancamentos.html#breadcrumb\",\"itemListElement\":[{\"@type\":\"ListItem\",\"position\":1,\"name\":\"Home\",\"item\":\"https:\/\/franciscanos.org.br\/noticias\"},{\"@type\":\"ListItem\",\"position\":2,\"name\":\"&#8220;Permane\u00e7o ao seu lado&#8221; entre os lan\u00e7amentos\"}]},{\"@type\":\"Person\",\"@id\":\"https:\/\/franciscanos.org.br\/noticias\/#\/schema\/person\/b38fbf43118f02820bd932f2e4b14ad3\",\"name\":\"admin\",\"image\":{\"@type\":\"ImageObject\",\"inLanguage\":\"pt-BR\",\"@id\":\"https:\/\/franciscanos.org.br\/noticias\/#\/schema\/person\/image\/\",\"url\":\"https:\/\/secure.gravatar.com\/avatar\/e8495742d34d0ba6448ea1c628263b3e?s=96&d=mm&r=g\",\"contentUrl\":\"https:\/\/secure.gravatar.com\/avatar\/e8495742d34d0ba6448ea1c628263b3e?s=96&d=mm&r=g\",\"caption\":\"admin\"},\"url\":\"https:\/\/franciscanos.org.br\/noticias\/author\/admin\"}]}<\/script>\n<!-- \/ Yoast SEO plugin. -->","yoast_head_json":{"title":"\"Permane\u00e7o ao seu lado\" entre os lan\u00e7amentos - Not\u00edcias - Franciscanos","robots":{"index":"index","follow":"follow","max-snippet":"max-snippet:-1","max-image-preview":"max-image-preview:large","max-video-preview":"max-video-preview:-1"},"canonical":"https:\/\/franciscanos.org.br\/noticias\/permaneco-ao-seu-lado-acompanhar-quem-morre-viver-intensamente-entre-os-lancamentos.html","og_locale":"pt_BR","og_type":"article","og_title":"\"Permane\u00e7o ao seu lado\" entre os lan\u00e7amentos - Not\u00edcias - Franciscanos","og_description":"Editora Vozes","og_url":"https:\/\/franciscanos.org.br\/noticias\/permaneco-ao-seu-lado-acompanhar-quem-morre-viver-intensamente-entre-os-lancamentos.html","og_site_name":"Not\u00edcias - Franciscanos","article_published_time":"2013-02-01T12:34:57+00:00","article_modified_time":"2019-01-29T18:40:23+00:00","og_image":[{"width":273,"height":181,"url":"https:\/\/franciscanos.org.br\/noticias\/wp-content\/uploads\/2017\/11\/vozes.png","type":"image\/png"}],"author":"admin","twitter_card":"summary_large_image","twitter_misc":{"Escrito por":"admin","Est. tempo de leitura":"5 minutos"},"schema":{"@context":"https:\/\/schema.org","@graph":[{"@type":"WebSite","@id":"https:\/\/franciscanos.org.br\/noticias\/#website","url":"https:\/\/franciscanos.org.br\/noticias\/","name":"Not\u00edcias - Franciscanos","description":"Prov\u00edncia Franciscana da Imaculada Concei\u00e7\u00e3o do Brasil - Ordem dos Frades Menores - OFM","potentialAction":[{"@type":"SearchAction","target":{"@type":"EntryPoint","urlTemplate":"https:\/\/franciscanos.org.br\/noticias\/?s={search_term_string}"},"query-input":"required name=search_term_string"}],"inLanguage":"pt-BR"},{"@type":"ImageObject","inLanguage":"pt-BR","@id":"https:\/\/franciscanos.org.br\/noticias\/permaneco-ao-seu-lado-acompanhar-quem-morre-viver-intensamente-entre-os-lancamentos.html#primaryimage","url":"https:\/\/franciscanos.org.br\/noticias\/wp-content\/uploads\/2017\/11\/vozes.png","contentUrl":"https:\/\/franciscanos.org.br\/noticias\/wp-content\/uploads\/2017\/11\/vozes.png","width":273,"height":181},{"@type":"WebPage","@id":"https:\/\/franciscanos.org.br\/noticias\/permaneco-ao-seu-lado-acompanhar-quem-morre-viver-intensamente-entre-os-lancamentos.html#webpage","url":"https:\/\/franciscanos.org.br\/noticias\/permaneco-ao-seu-lado-acompanhar-quem-morre-viver-intensamente-entre-os-lancamentos.html","name":"\"Permane\u00e7o ao seu lado\" entre os lan\u00e7amentos - Not\u00edcias - Franciscanos","isPartOf":{"@id":"https:\/\/franciscanos.org.br\/noticias\/#website"},"primaryImageOfPage":{"@id":"https:\/\/franciscanos.org.br\/noticias\/permaneco-ao-seu-lado-acompanhar-quem-morre-viver-intensamente-entre-os-lancamentos.html#primaryimage"},"datePublished":"2013-02-01T12:34:57+00:00","dateModified":"2019-01-29T18:40:23+00:00","author":{"@id":"https:\/\/franciscanos.org.br\/noticias\/#\/schema\/person\/b38fbf43118f02820bd932f2e4b14ad3"},"breadcrumb":{"@id":"https:\/\/franciscanos.org.br\/noticias\/permaneco-ao-seu-lado-acompanhar-quem-morre-viver-intensamente-entre-os-lancamentos.html#breadcrumb"},"inLanguage":"pt-BR","potentialAction":[{"@type":"ReadAction","target":["https:\/\/franciscanos.org.br\/noticias\/permaneco-ao-seu-lado-acompanhar-quem-morre-viver-intensamente-entre-os-lancamentos.html"]}]},{"@type":"BreadcrumbList","@id":"https:\/\/franciscanos.org.br\/noticias\/permaneco-ao-seu-lado-acompanhar-quem-morre-viver-intensamente-entre-os-lancamentos.html#breadcrumb","itemListElement":[{"@type":"ListItem","position":1,"name":"Home","item":"https:\/\/franciscanos.org.br\/noticias"},{"@type":"ListItem","position":2,"name":"&#8220;Permane\u00e7o ao seu lado&#8221; entre os lan\u00e7amentos"}]},{"@type":"Person","@id":"https:\/\/franciscanos.org.br\/noticias\/#\/schema\/person\/b38fbf43118f02820bd932f2e4b14ad3","name":"admin","image":{"@type":"ImageObject","inLanguage":"pt-BR","@id":"https:\/\/franciscanos.org.br\/noticias\/#\/schema\/person\/image\/","url":"https:\/\/secure.gravatar.com\/avatar\/e8495742d34d0ba6448ea1c628263b3e?s=96&d=mm&r=g","contentUrl":"https:\/\/secure.gravatar.com\/avatar\/e8495742d34d0ba6448ea1c628263b3e?s=96&d=mm&r=g","caption":"admin"},"url":"https:\/\/franciscanos.org.br\/noticias\/author\/admin"}]}},"_links":{"self":[{"href":"https:\/\/franciscanos.org.br\/noticias\/wp-json\/wp\/v2\/posts\/32425"}],"collection":[{"href":"https:\/\/franciscanos.org.br\/noticias\/wp-json\/wp\/v2\/posts"}],"about":[{"href":"https:\/\/franciscanos.org.br\/noticias\/wp-json\/wp\/v2\/types\/post"}],"author":[{"embeddable":true,"href":"https:\/\/franciscanos.org.br\/noticias\/wp-json\/wp\/v2\/users\/1"}],"replies":[{"embeddable":true,"href":"https:\/\/franciscanos.org.br\/noticias\/wp-json\/wp\/v2\/comments?post=32425"}],"version-history":[{"count":0,"href":"https:\/\/franciscanos.org.br\/noticias\/wp-json\/wp\/v2\/posts\/32425\/revisions"}],"wp:featuredmedia":[{"embeddable":true,"href":"https:\/\/franciscanos.org.br\/noticias\/wp-json\/wp\/v2\/media\/194592"}],"wp:attachment":[{"href":"https:\/\/franciscanos.org.br\/noticias\/wp-json\/wp\/v2\/media?parent=32425"}],"wp:term":[{"taxonomy":"category","embeddable":true,"href":"https:\/\/franciscanos.org.br\/noticias\/wp-json\/wp\/v2\/categories?post=32425"},{"taxonomy":"post_tag","embeddable":true,"href":"https:\/\/franciscanos.org.br\/noticias\/wp-json\/wp\/v2\/tags?post=32425"}],"curies":[{"name":"wp","href":"https:\/\/api.w.org\/{rel}","templated":true}]}}