{"id":31775,"date":"2013-01-12T20:48:59","date_gmt":"2013-01-12T22:48:59","guid":{"rendered":"http:\/\/new.franciscanos.org.br\/?p=31775"},"modified":"2019-08-08T11:32:40","modified_gmt":"2019-08-08T14:32:40","slug":"admissao-dos-novicos-de-volta-as-origens","status":"publish","type":"post","link":"https:\/\/franciscanos.org.br\/noticias\/admissao-dos-novicos-de-volta-as-origens.html","title":{"rendered":"Admiss\u00e3o dos novi\u00e7os: De volta \u00e0s origens."},"content":{"rendered":"<p><strong>Por Frei Jo\u00e3o Bunga<\/strong><\/p>\n<p><strong>Rodeio (SC) &#8211;\u00a0<\/strong>Faz tempo que Rodeio n\u00e3o via uma avalanche de novi\u00e7os. Dia 12 de janeiro de 2013 iniciou-se o ano da gra\u00e7a para a 112\u00ba turma de novi\u00e7os que ingressou nesta casa para vivenciar esta importante etapa da vida religiosa. O noviciado \u00e9 o primeiro passo na qual os candidatos conhecem e experimentam a forma de vida de S\u00e3o Francisco de Assis, voltados mais profundamente para a ora\u00e7\u00e3o, a contempla\u00e7\u00e3o, a vida fraterna e o crescimento espiritual, bem como matura\u00e7\u00e3o psicol\u00f3gica e Humana.<\/p>\n<p>Neste ano, tivemos a gra\u00e7a de receber vinte e um novi\u00e7os oriundos de diferentes entidades, entre os quais os alguns provenientes da Prov\u00edncia Franciscana da Imaculada Concei\u00e7\u00e3o do Brasil: Frei Augusto Luiz Gabriel, Frei Douglas da Silva, Frei Gabriel Dellandrea, Frei Hugo C\u00e2mara dos Santos, Frei Marcos Schwengber, Frei Renan Nilson Bacca, Frei Tiago Martins Rodrigues e Frei Zilmar Augusto de Oliveira; Funda\u00e7\u00e3o Imaculada M\u00e3e de Deus de Angola: Frei Ananias Pegado Muondo Cauanda, Frei Canga Manuel Mazoa, Frei Ermelindo Francisco Bambi, Frei Jo\u00e3o Candongo Muhala, Frei Mario Sampaio Pelo, Frei Mateus Molossande Ukwahamba e Frei Siro Armando Jos\u00e9 Luamba; \u00a0Cust\u00f3dia Sagrado Cora\u00e7\u00e3o de Jesus \u2013 SP: Frei \u00c9verton Leandro Piotto e Frei Gabriel Alves dos Santos; e Cust\u00f3dia das Sete Alegrias de Nossa Senhora \u2013 MT e MS: Frei Cristiano Pereira Alves de Moraiso, Frei Jorge Henrique Lisot Camargo, Frei Pedro Renato Pereira da Silva, Frei Ronair Sim\u00e3o de Barros.<\/p>\n<div id=\"attachment_31783\" style=\"width: 460px\" class=\"wp-caption alignright\"><img aria-describedby=\"caption-attachment-31783\" loading=\"lazy\" class=\"size-full wp-image-31783\" title=\"todos_com_formadores_frei_fidencio\" src=\"http:\/\/franciscanos.org.br\/wp-content\/uploads\/2013\/01\/todos_com_formadores_frei_fidencio1.jpg\" alt=\"\" width=\"450\" height=\"338\" \/><p id=\"caption-attachment-31783\" class=\"wp-caption-text\">Frei Fid\u00eancio Vanboemmel, novi\u00e7os e formadores.<\/p><\/div>\n<p>A vesti\u00e7\u00e3o aconteceu durante a celebra\u00e7\u00e3o Eucar\u00edstica das 6h30, ao som da flauta, quando os ent\u00e3o postulantes entraram em prociss\u00e3o, seguida dos confrades oriundos de v\u00e1rias fraternidades destas entidades. A comunidade paroquial se fez presente acolhendo a nova turma de novi\u00e7os. Os mestres dos postulantes, Frei Marco Ant\u00f4nio dos Santos e Frei Joaquim Camilo Alves, fizeram a chamada por ordem alfab\u00e9tica e cada um deles, com \u00e2nimo e firmeza, respondeu \u201cAqui estou!\u201d. Seguiu-se a homilia de Frei Fid\u00eancio Vanboemmel, na qual ressaltou que este ano, mais que qualquer outro, \u00e9 um ano de busca, de acolhimento e recolhimento. Fazer a experi\u00eancia do noviciado \u00e9 colocar-se num di\u00e1logo \u00edntimo com Deus, que exige um trabalho \u00e1rduo e penoso, uma entrega total a Jesus Cristo&#8230; E concluiu desejando coragem e que sempre tenham confian\u00e7a em Deus e um esp\u00edrito como de S\u00e3o Jo\u00e3o Batista, onde o Cristo deve crescer o pr\u00f3prio \u201ceu\u201d diminuir. Seguiu-se com a cerim\u00f4nia da entrega dos h\u00e1bitos e assinatura no livro de atas de Admiss\u00e3o ao noviciado da Ordem dos Frades Menores.<\/p>\n<p>A turma deste ano ter\u00e1 uma caminhada muito desafiadora, pois ter\u00e1 que se adaptar \u00e0 diversidade cultural e \u00e9tnica, buscando sempre harmonia na viv\u00eancia fraterna e no seguimento ao Cristo pobre, humilde e crucificado segundo os passos do <em>Poverello<\/em> de Assis. Percebe-se \u00a0uma entrega, vigor, e disponibilidade desde que chegaram, por isso acreditamos que faremos uma boa experi\u00eancia de noviciado juntos.<\/p>\n<p>Certamente as entidades supracitadas sentem-se regozijadas com a incorpora\u00e7\u00e3o destes novos irm\u00e3os que se prop\u00f5em a seguir os ideais de S\u00e3o Francisco de Assis. Agradecemos a Deus que nos enviou estes jovens, as fam\u00edlias que permitiram que seus filhos viessem at\u00e9 n\u00f3s, os formadores que os acompanharam desde as etapas iniciais e novos formadores, para que Deus digne a conceder sabedoria de modo a conduzirem ao bom caminho o rebanho que lhes foi confiado.<\/p>\n<p>&nbsp;<\/p>\n","protected":false},"excerpt":{"rendered":"<p>Noviciado de Rodeio<\/p>\n","protected":false},"author":1,"featured_media":209178,"comment_status":"closed","ping_status":"open","sticky":false,"template":"","format":"standard","meta":[],"categories":[1],"tags":[1270],"acf":[],"yoast_head":"<!-- This site is optimized with the Yoast SEO plugin v19.2 - https:\/\/yoast.com\/wordpress\/plugins\/seo\/ -->\n<title>Admiss\u00e3o dos novi\u00e7os: De volta \u00e0s origens. - Not\u00edcias - Franciscanos<\/title>\n<meta name=\"robots\" content=\"index, follow, max-snippet:-1, max-image-preview:large, max-video-preview:-1\" \/>\n<link rel=\"canonical\" href=\"https:\/\/franciscanos.org.br\/noticias\/admissao-dos-novicos-de-volta-as-origens.html\" \/>\n<meta property=\"og:locale\" content=\"pt_BR\" \/>\n<meta property=\"og:type\" content=\"article\" \/>\n<meta property=\"og:title\" content=\"Admiss\u00e3o dos novi\u00e7os: De volta \u00e0s origens. - Not\u00edcias - Franciscanos\" \/>\n<meta property=\"og:description\" content=\"Noviciado de Rodeio\" \/>\n<meta property=\"og:url\" content=\"https:\/\/franciscanos.org.br\/noticias\/admissao-dos-novicos-de-volta-as-origens.html\" \/>\n<meta property=\"og:site_name\" content=\"Not\u00edcias - Franciscanos\" \/>\n<meta property=\"article:published_time\" content=\"2013-01-12T22:48:59+00:00\" \/>\n<meta property=\"article:modified_time\" content=\"2019-08-08T14:32:40+00:00\" \/>\n<meta property=\"og:image\" content=\"https:\/\/franciscanos.org.br\/noticias\/wp-content\/uploads\/2013\/01\/todos_com_formadores_frei_fidencio1.jpg\" \/>\n\t<meta property=\"og:image:width\" content=\"273\" \/>\n\t<meta property=\"og:image:height\" content=\"181\" \/>\n\t<meta property=\"og:image:type\" content=\"image\/jpeg\" \/>\n<meta name=\"author\" content=\"admin\" \/>\n<meta name=\"twitter:card\" content=\"summary_large_image\" \/>\n<meta name=\"twitter:label1\" content=\"Escrito por\" \/>\n\t<meta name=\"twitter:data1\" content=\"admin\" \/>\n\t<meta name=\"twitter:label2\" content=\"Est. tempo de leitura\" \/>\n\t<meta name=\"twitter:data2\" content=\"3 minutos\" \/>\n<script type=\"application\/ld+json\" class=\"yoast-schema-graph\">{\"@context\":\"https:\/\/schema.org\",\"@graph\":[{\"@type\":\"WebSite\",\"@id\":\"https:\/\/franciscanos.org.br\/noticias\/#website\",\"url\":\"https:\/\/franciscanos.org.br\/noticias\/\",\"name\":\"Not\u00edcias - Franciscanos\",\"description\":\"Prov\u00edncia Franciscana da Imaculada Concei\u00e7\u00e3o do Brasil - Ordem dos Frades Menores - OFM\",\"potentialAction\":[{\"@type\":\"SearchAction\",\"target\":{\"@type\":\"EntryPoint\",\"urlTemplate\":\"https:\/\/franciscanos.org.br\/noticias\/?s={search_term_string}\"},\"query-input\":\"required name=search_term_string\"}],\"inLanguage\":\"pt-BR\"},{\"@type\":\"ImageObject\",\"inLanguage\":\"pt-BR\",\"@id\":\"https:\/\/franciscanos.org.br\/noticias\/admissao-dos-novicos-de-volta-as-origens.html#primaryimage\",\"url\":\"https:\/\/franciscanos.org.br\/noticias\/wp-content\/uploads\/2013\/01\/todos_com_formadores_frei_fidencio1.jpg\",\"contentUrl\":\"https:\/\/franciscanos.org.br\/noticias\/wp-content\/uploads\/2013\/01\/todos_com_formadores_frei_fidencio1.jpg\",\"width\":273,\"height\":181},{\"@type\":\"WebPage\",\"@id\":\"https:\/\/franciscanos.org.br\/noticias\/admissao-dos-novicos-de-volta-as-origens.html#webpage\",\"url\":\"https:\/\/franciscanos.org.br\/noticias\/admissao-dos-novicos-de-volta-as-origens.html\",\"name\":\"Admiss\u00e3o dos novi\u00e7os: De volta \u00e0s origens. - Not\u00edcias - Franciscanos\",\"isPartOf\":{\"@id\":\"https:\/\/franciscanos.org.br\/noticias\/#website\"},\"primaryImageOfPage\":{\"@id\":\"https:\/\/franciscanos.org.br\/noticias\/admissao-dos-novicos-de-volta-as-origens.html#primaryimage\"},\"datePublished\":\"2013-01-12T22:48:59+00:00\",\"dateModified\":\"2019-08-08T14:32:40+00:00\",\"author\":{\"@id\":\"https:\/\/franciscanos.org.br\/noticias\/#\/schema\/person\/b38fbf43118f02820bd932f2e4b14ad3\"},\"breadcrumb\":{\"@id\":\"https:\/\/franciscanos.org.br\/noticias\/admissao-dos-novicos-de-volta-as-origens.html#breadcrumb\"},\"inLanguage\":\"pt-BR\",\"potentialAction\":[{\"@type\":\"ReadAction\",\"target\":[\"https:\/\/franciscanos.org.br\/noticias\/admissao-dos-novicos-de-volta-as-origens.html\"]}]},{\"@type\":\"BreadcrumbList\",\"@id\":\"https:\/\/franciscanos.org.br\/noticias\/admissao-dos-novicos-de-volta-as-origens.html#breadcrumb\",\"itemListElement\":[{\"@type\":\"ListItem\",\"position\":1,\"name\":\"Home\",\"item\":\"https:\/\/franciscanos.org.br\/noticias\"},{\"@type\":\"ListItem\",\"position\":2,\"name\":\"Admiss\u00e3o dos novi\u00e7os: De volta \u00e0s origens.\"}]},{\"@type\":\"Person\",\"@id\":\"https:\/\/franciscanos.org.br\/noticias\/#\/schema\/person\/b38fbf43118f02820bd932f2e4b14ad3\",\"name\":\"admin\",\"image\":{\"@type\":\"ImageObject\",\"inLanguage\":\"pt-BR\",\"@id\":\"https:\/\/franciscanos.org.br\/noticias\/#\/schema\/person\/image\/\",\"url\":\"https:\/\/secure.gravatar.com\/avatar\/e8495742d34d0ba6448ea1c628263b3e?s=96&d=mm&r=g\",\"contentUrl\":\"https:\/\/secure.gravatar.com\/avatar\/e8495742d34d0ba6448ea1c628263b3e?s=96&d=mm&r=g\",\"caption\":\"admin\"},\"url\":\"https:\/\/franciscanos.org.br\/noticias\/author\/admin\"}]}<\/script>\n<!-- \/ Yoast SEO plugin. -->","yoast_head_json":{"title":"Admiss\u00e3o dos novi\u00e7os: De volta \u00e0s origens. - Not\u00edcias - Franciscanos","robots":{"index":"index","follow":"follow","max-snippet":"max-snippet:-1","max-image-preview":"max-image-preview:large","max-video-preview":"max-video-preview:-1"},"canonical":"https:\/\/franciscanos.org.br\/noticias\/admissao-dos-novicos-de-volta-as-origens.html","og_locale":"pt_BR","og_type":"article","og_title":"Admiss\u00e3o dos novi\u00e7os: De volta \u00e0s origens. - Not\u00edcias - Franciscanos","og_description":"Noviciado de Rodeio","og_url":"https:\/\/franciscanos.org.br\/noticias\/admissao-dos-novicos-de-volta-as-origens.html","og_site_name":"Not\u00edcias - Franciscanos","article_published_time":"2013-01-12T22:48:59+00:00","article_modified_time":"2019-08-08T14:32:40+00:00","og_image":[{"width":273,"height":181,"url":"https:\/\/franciscanos.org.br\/noticias\/wp-content\/uploads\/2013\/01\/todos_com_formadores_frei_fidencio1.jpg","type":"image\/jpeg"}],"author":"admin","twitter_card":"summary_large_image","twitter_misc":{"Escrito por":"admin","Est. tempo de leitura":"3 minutos"},"schema":{"@context":"https:\/\/schema.org","@graph":[{"@type":"WebSite","@id":"https:\/\/franciscanos.org.br\/noticias\/#website","url":"https:\/\/franciscanos.org.br\/noticias\/","name":"Not\u00edcias - Franciscanos","description":"Prov\u00edncia Franciscana da Imaculada Concei\u00e7\u00e3o do Brasil - Ordem dos Frades Menores - OFM","potentialAction":[{"@type":"SearchAction","target":{"@type":"EntryPoint","urlTemplate":"https:\/\/franciscanos.org.br\/noticias\/?s={search_term_string}"},"query-input":"required name=search_term_string"}],"inLanguage":"pt-BR"},{"@type":"ImageObject","inLanguage":"pt-BR","@id":"https:\/\/franciscanos.org.br\/noticias\/admissao-dos-novicos-de-volta-as-origens.html#primaryimage","url":"https:\/\/franciscanos.org.br\/noticias\/wp-content\/uploads\/2013\/01\/todos_com_formadores_frei_fidencio1.jpg","contentUrl":"https:\/\/franciscanos.org.br\/noticias\/wp-content\/uploads\/2013\/01\/todos_com_formadores_frei_fidencio1.jpg","width":273,"height":181},{"@type":"WebPage","@id":"https:\/\/franciscanos.org.br\/noticias\/admissao-dos-novicos-de-volta-as-origens.html#webpage","url":"https:\/\/franciscanos.org.br\/noticias\/admissao-dos-novicos-de-volta-as-origens.html","name":"Admiss\u00e3o dos novi\u00e7os: De volta \u00e0s origens. - Not\u00edcias - Franciscanos","isPartOf":{"@id":"https:\/\/franciscanos.org.br\/noticias\/#website"},"primaryImageOfPage":{"@id":"https:\/\/franciscanos.org.br\/noticias\/admissao-dos-novicos-de-volta-as-origens.html#primaryimage"},"datePublished":"2013-01-12T22:48:59+00:00","dateModified":"2019-08-08T14:32:40+00:00","author":{"@id":"https:\/\/franciscanos.org.br\/noticias\/#\/schema\/person\/b38fbf43118f02820bd932f2e4b14ad3"},"breadcrumb":{"@id":"https:\/\/franciscanos.org.br\/noticias\/admissao-dos-novicos-de-volta-as-origens.html#breadcrumb"},"inLanguage":"pt-BR","potentialAction":[{"@type":"ReadAction","target":["https:\/\/franciscanos.org.br\/noticias\/admissao-dos-novicos-de-volta-as-origens.html"]}]},{"@type":"BreadcrumbList","@id":"https:\/\/franciscanos.org.br\/noticias\/admissao-dos-novicos-de-volta-as-origens.html#breadcrumb","itemListElement":[{"@type":"ListItem","position":1,"name":"Home","item":"https:\/\/franciscanos.org.br\/noticias"},{"@type":"ListItem","position":2,"name":"Admiss\u00e3o dos novi\u00e7os: De volta \u00e0s origens."}]},{"@type":"Person","@id":"https:\/\/franciscanos.org.br\/noticias\/#\/schema\/person\/b38fbf43118f02820bd932f2e4b14ad3","name":"admin","image":{"@type":"ImageObject","inLanguage":"pt-BR","@id":"https:\/\/franciscanos.org.br\/noticias\/#\/schema\/person\/image\/","url":"https:\/\/secure.gravatar.com\/avatar\/e8495742d34d0ba6448ea1c628263b3e?s=96&d=mm&r=g","contentUrl":"https:\/\/secure.gravatar.com\/avatar\/e8495742d34d0ba6448ea1c628263b3e?s=96&d=mm&r=g","caption":"admin"},"url":"https:\/\/franciscanos.org.br\/noticias\/author\/admin"}]}},"_links":{"self":[{"href":"https:\/\/franciscanos.org.br\/noticias\/wp-json\/wp\/v2\/posts\/31775"}],"collection":[{"href":"https:\/\/franciscanos.org.br\/noticias\/wp-json\/wp\/v2\/posts"}],"about":[{"href":"https:\/\/franciscanos.org.br\/noticias\/wp-json\/wp\/v2\/types\/post"}],"author":[{"embeddable":true,"href":"https:\/\/franciscanos.org.br\/noticias\/wp-json\/wp\/v2\/users\/1"}],"replies":[{"embeddable":true,"href":"https:\/\/franciscanos.org.br\/noticias\/wp-json\/wp\/v2\/comments?post=31775"}],"version-history":[{"count":0,"href":"https:\/\/franciscanos.org.br\/noticias\/wp-json\/wp\/v2\/posts\/31775\/revisions"}],"wp:featuredmedia":[{"embeddable":true,"href":"https:\/\/franciscanos.org.br\/noticias\/wp-json\/wp\/v2\/media\/209178"}],"wp:attachment":[{"href":"https:\/\/franciscanos.org.br\/noticias\/wp-json\/wp\/v2\/media?parent=31775"}],"wp:term":[{"taxonomy":"category","embeddable":true,"href":"https:\/\/franciscanos.org.br\/noticias\/wp-json\/wp\/v2\/categories?post=31775"},{"taxonomy":"post_tag","embeddable":true,"href":"https:\/\/franciscanos.org.br\/noticias\/wp-json\/wp\/v2\/tags?post=31775"}],"curies":[{"name":"wp","href":"https:\/\/api.w.org\/{rel}","templated":true}]}}