{"id":31670,"date":"2013-01-05T10:36:48","date_gmt":"2013-01-05T12:36:48","guid":{"rendered":"http:\/\/new.franciscanos.org.br\/?p=31670"},"modified":"2019-08-08T10:52:33","modified_gmt":"2019-08-08T13:52:33","slug":"a-licao-de-fraternidade-dos-novicos","status":"publish","type":"post","link":"https:\/\/franciscanos.org.br\/noticias\/a-licao-de-fraternidade-dos-novicos.html","title":{"rendered":"A li\u00e7\u00e3o de fraternidade dos novi\u00e7os"},"content":{"rendered":"<p><img loading=\"lazy\" class=\"alignnone size-full wp-image-198381\" src=\"https:\/\/franciscanos.org.br\/noticias\/wp-content\/uploads\/2013\/01\/noviciado12.jpg\" alt=\"\" width=\"830\" height=\"369\" srcset=\"https:\/\/franciscanos.org.br\/noticias\/wp-content\/uploads\/2013\/01\/noviciado12.jpg 830w, https:\/\/franciscanos.org.br\/noticias\/wp-content\/uploads\/2013\/01\/noviciado12-450x200.jpg 450w, https:\/\/franciscanos.org.br\/noticias\/wp-content\/uploads\/2013\/01\/noviciado12-768x341.jpg 768w, https:\/\/franciscanos.org.br\/noticias\/wp-content\/uploads\/2013\/01\/noviciado12-150x67.jpg 150w\" sizes=\"(max-width: 830px) 100vw, 830px\" \/><\/p>\n<p><strong>Moacir Beggo<\/strong><\/p>\n<p><strong>Rodeio (SC)<\/strong> &#8211; Rezar, trabalhar e estudar s\u00e3o tarefas rotineiras no projeto de forma\u00e7\u00e3o do tempo de Noviciado. Mas o desenvolvimento da vida em fraternidade durante esse ano de prova\u00e7\u00e3o \u00e9 sempre o grande desafio para um Mestre de Novi\u00e7os. Frei Samuel Ferreira de Lima, que neste ano \u00e9 mestre pela quarta vez, n\u00e3o escondia a alegria de ver um grupo fraterno e coeso fazendo a Primeira Profiss\u00e3o na Ordem dos Frades Menores no \u00faltimo dia 3 de janeiro.<\/p>\n<p>Essa caracter\u00edstica do grupo se manifestou logo nos primeiros meses de 2012, quando os cinco postulantes angolanos chegaram ao Noviciado de Rodeio com dois meses de atraso devido a problemas na documenta\u00e7\u00e3o para ingressar no pa\u00eds. &#8220;Houve uma facilidade de integra\u00e7\u00e3o e ajuda m\u00fatua muito grande, mesmo eles sendo de culturas diferentes&#8221;, conta Frei Samuel, revelando que o interesse por essa aproxima\u00e7\u00e3o se manifestou antes atrav\u00e9s da internet.<\/p>\n<div id=\"attachment_31672\" style=\"width: 410px\" class=\"wp-caption alignright\"><a href=\"http:\/\/franciscanos.org.br\/wp-content\/uploads\/2013\/01\/samuel1.jpg\"><img aria-describedby=\"caption-attachment-31672\" loading=\"lazy\" class=\"size-full wp-image-31672\" title=\"samuel\" src=\"http:\/\/franciscanos.org.br\/wp-content\/uploads\/2013\/01\/samuel1.jpg\" alt=\"\" width=\"400\" height=\"417\" \/><\/a><p id=\"caption-attachment-31672\" class=\"wp-caption-text\">Frei Samuel Ferreira de Lima, Mestre dos Novi\u00e7os<\/p><\/div>\n<p>Segundo o Mestre dos Novi\u00e7os, em pouco tempo, j\u00e1 n\u00e3o existia mais o &#8220;grupo de angolanos&#8221;, mas a turma de novi\u00e7os de 2012. &#8220;Isso fez com que o grupo crescesse muito. Desde o in\u00edcio era evidente esse grande desejo de crescer, de buscar, de deixar ser conduzido. O grupo sempre tinha muita disposi\u00e7\u00e3o a tudo o que era proposto a ele&#8221;, constatou.<\/p>\n<p>Ainda segundo Frei Samuel, essa turma de novi\u00e7os esbanjou em criatividade e iniciativa. &#8220;Foi um ano muito intenso e eles participaram ativamente de muitos eventos, como, por exemplo, o Novinter, que \u00e9 um encontro de novi\u00e7os de todas as congrega\u00e7\u00f5es da regi\u00e3o, a semana mission\u00e1ria para a ordena\u00e7\u00e3o presbiteral de Frei Alberto Eckel. Em tudo, eles se empenharam e foram muito criativos&#8221;, garantiu, resumindo numa frase: &#8220;Ficou claro a evolu\u00e7\u00e3o, o crescimento da turma e o desejo de buscar uma vida mais radical. Eu vejo nos jovens que v\u00eam hoje para a vida religiosa mais consci\u00eancia, mais senso cr\u00edtico, mais vontade de ser aut\u00eanticos. Eu sempre falo para eles n\u00e3o perderem isso. Continuarem sonhando, lutando e buscando. A Prov\u00edncia do futuro depende desses jovens frades&#8221;. No grupo dos brasileiros deste ano, havia dois novi\u00e7os mineiros, da Funda\u00e7\u00e3o Franciscana Nossa Senhora de F\u00e1tima, mas que fizeram as etapas de forma\u00e7\u00e3o juntos com os da Prov\u00edncia. Eles far\u00e3o a Primeira Profiss\u00e3o neste domingo, \u00e0s 10 horas, na Igreja Nossa Senhora de F\u00e1tima, em Uberl\u00e2ndia (MG).<\/p>\n<p><strong>Um novo desafio neste ano<\/strong><\/p>\n<p>Quem imagina encontrar um Mestre de Novi\u00e7os duro e carrancudo vai se surpreender ao conhecer Frei Samuel. Sempre atencioso, sorridente, Frei Samuel chega ao final de mais um ano com a sensa\u00e7\u00e3o de dever cumprido e sem estresse acumulado durante a etapa. &#8220;N\u00e3o deixo os problemas crescerem. Sempre sou muito franco com eles: &#8216;isso n\u00e3o est\u00e1 certo; isso n\u00e3o est\u00e1 bom&#8217;! Se vejo que o problema \u00e9 individual, eu converso pessoalmente com o novi\u00e7o; se \u00e9 comum, discutimos o problema em grupo. Mas \u00e9 importante dizer que eles tamb\u00e9m deram esta abertura. Ent\u00e3o \u00e9 mais f\u00e1cil conduzir, quando se deixa ser conduzido&#8221;, confessou.<\/p>\n<p>Neste ano, Frei Samuel inicia a etapa de Noviciado no pr\u00f3ximo dia 12, quando ser\u00e3o acolhidos tr\u00eas grupos bem distintos de jovens: os da Prov\u00edncia da Imaculada, sete angolanos da Funda\u00e7\u00e3o Imaculada M\u00e3e de Deus e seis das Cust\u00f3dias Franciscanas de Gar\u00e7a e Mato Grosso. &#8220;Ent\u00e3o, o primeiro trabalho deste ano ser\u00e1 o de integra\u00e7\u00e3o, para eles se conhecerem melhor&#8221;, programa-se o Mestre, lembrando que os cinco angolanos ainda continuam em Rodeio at\u00e9 o dia 28 de janeiro e viajam no dia 30 de janeiro para Luanda, onde far\u00e3o a Primeira Profiss\u00e3o em mar\u00e7o. &#8220;Eles v\u00e3o fazer um pouco essa ponte de passagem de um grupo para o outro. Estou adiantando algumas mat\u00e9rias com eles e depois \u00a0se integrar\u00e3o ao grupo deste ano, uma vez que n\u00e3o estavam no in\u00edcio do ano aqui&#8221;, adiantou.<\/p>\n<p><strong>Frei Roger se emociona<\/strong><\/p>\n<div id=\"attachment_31674\" style=\"width: 410px\" class=\"wp-caption alignleft\"><a href=\"http:\/\/franciscanos.org.br\/wp-content\/uploads\/2013\/01\/roger1.jpg\"><img aria-describedby=\"caption-attachment-31674\" loading=\"lazy\" class=\"size-full wp-image-31674 \" title=\"roger\" src=\"http:\/\/franciscanos.org.br\/wp-content\/uploads\/2013\/01\/roger1.jpg\" alt=\"\" width=\"400\" height=\"267\" \/><\/a><p id=\"caption-attachment-31674\" class=\"wp-caption-text\">O neoprofesso Frei Roger Strapazzon<\/p><\/div>\n<p>Um dos novi\u00e7os que mais se emocionou durante a profiss\u00e3o no dia 3 foi Frei Roger Strapazzon, que \u00e9 catarinense de Blumenau. Ele conteve o choro por duas vezes ao recitar a f\u00f3rmula da profiss\u00e3o quando o Ministro Provincial Frei Fid\u00eancio Vanboemmel segurava suas m\u00e3os.<\/p>\n<p>Para ele, foi um momento muito importante na sua vida, mas tem consci\u00eancia do que disse o Ministro Provincial: &#8216;devemos nos empenhar na vida para atingir vit\u00f3rias, mas conscientes de que estas vit\u00f3rias ser\u00e3o sempre parciais&#8217;. Nesse sentido, Frei Samuel trabalhou bastante com a gente: a nossa vida \u00e9 o dia a dia. \u00c9 um recome\u00e7o. Todo dia \u00e9 tempo de fazer penit\u00eancia. N\u00e3o vamos receber por aquilo que fizermos, mas por aquilo que estamos tentando buscar. Ent\u00e3o, temos que estar sempre buscando, correndo&#8221;, observou.<\/p>\n<p>Para ele, o ano de noviciado superou as expectativas. &#8220;Tudo \u00e9 diferente do que a gente imagina. \u00c9 uma descoberta e a constru\u00e7\u00e3o \u00e9 feita aos poucos. Aqui, o desafio \u00e9: como perceber, nos pequenos gestos, a manifesta\u00e7\u00e3o de Deus? A gente pensa numa forma\u00e7\u00e3o acad\u00eamica, mas a vida religiosa n\u00e3o \u00e9 acad\u00eamica, \u00e9 uma luta constante, uma busca constante e n\u00e3o h\u00e1 f\u00f3rmulas para isso. Na rotina, no dia a dia, Deus se manifesta e vai nos aperfei\u00e7oando&#8221;, completou.<\/p>\n","protected":false},"excerpt":{"rendered":"<p>Primeira Profiss\u00e3o em Rodeio<\/p>\n","protected":false},"author":1,"featured_media":209162,"comment_status":"closed","ping_status":"open","sticky":false,"template":"","format":"standard","meta":[],"categories":[1],"tags":[334,620],"acf":[],"yoast_head":"<!-- This site is optimized with the Yoast SEO plugin v19.2 - https:\/\/yoast.com\/wordpress\/plugins\/seo\/ -->\n<title>A li\u00e7\u00e3o de fraternidade dos novi\u00e7os - Not\u00edcias - Franciscanos<\/title>\n<meta name=\"robots\" content=\"index, follow, max-snippet:-1, max-image-preview:large, max-video-preview:-1\" \/>\n<link rel=\"canonical\" href=\"https:\/\/franciscanos.org.br\/noticias\/a-licao-de-fraternidade-dos-novicos.html\" \/>\n<meta property=\"og:locale\" content=\"pt_BR\" \/>\n<meta property=\"og:type\" content=\"article\" \/>\n<meta property=\"og:title\" content=\"A li\u00e7\u00e3o de fraternidade dos novi\u00e7os - Not\u00edcias - Franciscanos\" \/>\n<meta property=\"og:description\" content=\"Primeira Profiss\u00e3o em Rodeio\" \/>\n<meta property=\"og:url\" content=\"https:\/\/franciscanos.org.br\/noticias\/a-licao-de-fraternidade-dos-novicos.html\" \/>\n<meta property=\"og:site_name\" content=\"Not\u00edcias - Franciscanos\" \/>\n<meta property=\"article:published_time\" content=\"2013-01-05T12:36:48+00:00\" \/>\n<meta property=\"article:modified_time\" content=\"2019-08-08T13:52:33+00:00\" \/>\n<meta property=\"og:image\" content=\"https:\/\/franciscanos.org.br\/noticias\/wp-content\/uploads\/2013\/01\/samuel1.jpg\" \/>\n\t<meta property=\"og:image:width\" content=\"273\" \/>\n\t<meta property=\"og:image:height\" content=\"181\" \/>\n\t<meta property=\"og:image:type\" content=\"image\/jpeg\" \/>\n<meta name=\"author\" content=\"admin\" \/>\n<meta name=\"twitter:card\" content=\"summary_large_image\" \/>\n<meta name=\"twitter:label1\" content=\"Escrito por\" \/>\n\t<meta name=\"twitter:data1\" content=\"admin\" \/>\n\t<meta name=\"twitter:label2\" content=\"Est. tempo de leitura\" \/>\n\t<meta name=\"twitter:data2\" content=\"5 minutos\" \/>\n<script type=\"application\/ld+json\" class=\"yoast-schema-graph\">{\"@context\":\"https:\/\/schema.org\",\"@graph\":[{\"@type\":\"WebSite\",\"@id\":\"https:\/\/franciscanos.org.br\/noticias\/#website\",\"url\":\"https:\/\/franciscanos.org.br\/noticias\/\",\"name\":\"Not\u00edcias - Franciscanos\",\"description\":\"Prov\u00edncia Franciscana da Imaculada Concei\u00e7\u00e3o do Brasil - Ordem dos Frades Menores - OFM\",\"potentialAction\":[{\"@type\":\"SearchAction\",\"target\":{\"@type\":\"EntryPoint\",\"urlTemplate\":\"https:\/\/franciscanos.org.br\/noticias\/?s={search_term_string}\"},\"query-input\":\"required name=search_term_string\"}],\"inLanguage\":\"pt-BR\"},{\"@type\":\"ImageObject\",\"inLanguage\":\"pt-BR\",\"@id\":\"https:\/\/franciscanos.org.br\/noticias\/a-licao-de-fraternidade-dos-novicos.html#primaryimage\",\"url\":\"https:\/\/franciscanos.org.br\/noticias\/wp-content\/uploads\/2013\/01\/samuel1.jpg\",\"contentUrl\":\"https:\/\/franciscanos.org.br\/noticias\/wp-content\/uploads\/2013\/01\/samuel1.jpg\",\"width\":273,\"height\":181},{\"@type\":\"WebPage\",\"@id\":\"https:\/\/franciscanos.org.br\/noticias\/a-licao-de-fraternidade-dos-novicos.html#webpage\",\"url\":\"https:\/\/franciscanos.org.br\/noticias\/a-licao-de-fraternidade-dos-novicos.html\",\"name\":\"A li\u00e7\u00e3o de fraternidade dos novi\u00e7os - Not\u00edcias - Franciscanos\",\"isPartOf\":{\"@id\":\"https:\/\/franciscanos.org.br\/noticias\/#website\"},\"primaryImageOfPage\":{\"@id\":\"https:\/\/franciscanos.org.br\/noticias\/a-licao-de-fraternidade-dos-novicos.html#primaryimage\"},\"datePublished\":\"2013-01-05T12:36:48+00:00\",\"dateModified\":\"2019-08-08T13:52:33+00:00\",\"author\":{\"@id\":\"https:\/\/franciscanos.org.br\/noticias\/#\/schema\/person\/b38fbf43118f02820bd932f2e4b14ad3\"},\"breadcrumb\":{\"@id\":\"https:\/\/franciscanos.org.br\/noticias\/a-licao-de-fraternidade-dos-novicos.html#breadcrumb\"},\"inLanguage\":\"pt-BR\",\"potentialAction\":[{\"@type\":\"ReadAction\",\"target\":[\"https:\/\/franciscanos.org.br\/noticias\/a-licao-de-fraternidade-dos-novicos.html\"]}]},{\"@type\":\"BreadcrumbList\",\"@id\":\"https:\/\/franciscanos.org.br\/noticias\/a-licao-de-fraternidade-dos-novicos.html#breadcrumb\",\"itemListElement\":[{\"@type\":\"ListItem\",\"position\":1,\"name\":\"Home\",\"item\":\"https:\/\/franciscanos.org.br\/noticias\"},{\"@type\":\"ListItem\",\"position\":2,\"name\":\"A li\u00e7\u00e3o de fraternidade dos novi\u00e7os\"}]},{\"@type\":\"Person\",\"@id\":\"https:\/\/franciscanos.org.br\/noticias\/#\/schema\/person\/b38fbf43118f02820bd932f2e4b14ad3\",\"name\":\"admin\",\"image\":{\"@type\":\"ImageObject\",\"inLanguage\":\"pt-BR\",\"@id\":\"https:\/\/franciscanos.org.br\/noticias\/#\/schema\/person\/image\/\",\"url\":\"https:\/\/secure.gravatar.com\/avatar\/e8495742d34d0ba6448ea1c628263b3e?s=96&d=mm&r=g\",\"contentUrl\":\"https:\/\/secure.gravatar.com\/avatar\/e8495742d34d0ba6448ea1c628263b3e?s=96&d=mm&r=g\",\"caption\":\"admin\"},\"url\":\"https:\/\/franciscanos.org.br\/noticias\/author\/admin\"}]}<\/script>\n<!-- \/ Yoast SEO plugin. -->","yoast_head_json":{"title":"A li\u00e7\u00e3o de fraternidade dos novi\u00e7os - Not\u00edcias - Franciscanos","robots":{"index":"index","follow":"follow","max-snippet":"max-snippet:-1","max-image-preview":"max-image-preview:large","max-video-preview":"max-video-preview:-1"},"canonical":"https:\/\/franciscanos.org.br\/noticias\/a-licao-de-fraternidade-dos-novicos.html","og_locale":"pt_BR","og_type":"article","og_title":"A li\u00e7\u00e3o de fraternidade dos novi\u00e7os - Not\u00edcias - Franciscanos","og_description":"Primeira Profiss\u00e3o em Rodeio","og_url":"https:\/\/franciscanos.org.br\/noticias\/a-licao-de-fraternidade-dos-novicos.html","og_site_name":"Not\u00edcias - Franciscanos","article_published_time":"2013-01-05T12:36:48+00:00","article_modified_time":"2019-08-08T13:52:33+00:00","og_image":[{"width":273,"height":181,"url":"https:\/\/franciscanos.org.br\/noticias\/wp-content\/uploads\/2013\/01\/samuel1.jpg","type":"image\/jpeg"}],"author":"admin","twitter_card":"summary_large_image","twitter_misc":{"Escrito por":"admin","Est. tempo de leitura":"5 minutos"},"schema":{"@context":"https:\/\/schema.org","@graph":[{"@type":"WebSite","@id":"https:\/\/franciscanos.org.br\/noticias\/#website","url":"https:\/\/franciscanos.org.br\/noticias\/","name":"Not\u00edcias - Franciscanos","description":"Prov\u00edncia Franciscana da Imaculada Concei\u00e7\u00e3o do Brasil - Ordem dos Frades Menores - OFM","potentialAction":[{"@type":"SearchAction","target":{"@type":"EntryPoint","urlTemplate":"https:\/\/franciscanos.org.br\/noticias\/?s={search_term_string}"},"query-input":"required name=search_term_string"}],"inLanguage":"pt-BR"},{"@type":"ImageObject","inLanguage":"pt-BR","@id":"https:\/\/franciscanos.org.br\/noticias\/a-licao-de-fraternidade-dos-novicos.html#primaryimage","url":"https:\/\/franciscanos.org.br\/noticias\/wp-content\/uploads\/2013\/01\/samuel1.jpg","contentUrl":"https:\/\/franciscanos.org.br\/noticias\/wp-content\/uploads\/2013\/01\/samuel1.jpg","width":273,"height":181},{"@type":"WebPage","@id":"https:\/\/franciscanos.org.br\/noticias\/a-licao-de-fraternidade-dos-novicos.html#webpage","url":"https:\/\/franciscanos.org.br\/noticias\/a-licao-de-fraternidade-dos-novicos.html","name":"A li\u00e7\u00e3o de fraternidade dos novi\u00e7os - Not\u00edcias - Franciscanos","isPartOf":{"@id":"https:\/\/franciscanos.org.br\/noticias\/#website"},"primaryImageOfPage":{"@id":"https:\/\/franciscanos.org.br\/noticias\/a-licao-de-fraternidade-dos-novicos.html#primaryimage"},"datePublished":"2013-01-05T12:36:48+00:00","dateModified":"2019-08-08T13:52:33+00:00","author":{"@id":"https:\/\/franciscanos.org.br\/noticias\/#\/schema\/person\/b38fbf43118f02820bd932f2e4b14ad3"},"breadcrumb":{"@id":"https:\/\/franciscanos.org.br\/noticias\/a-licao-de-fraternidade-dos-novicos.html#breadcrumb"},"inLanguage":"pt-BR","potentialAction":[{"@type":"ReadAction","target":["https:\/\/franciscanos.org.br\/noticias\/a-licao-de-fraternidade-dos-novicos.html"]}]},{"@type":"BreadcrumbList","@id":"https:\/\/franciscanos.org.br\/noticias\/a-licao-de-fraternidade-dos-novicos.html#breadcrumb","itemListElement":[{"@type":"ListItem","position":1,"name":"Home","item":"https:\/\/franciscanos.org.br\/noticias"},{"@type":"ListItem","position":2,"name":"A li\u00e7\u00e3o de fraternidade dos novi\u00e7os"}]},{"@type":"Person","@id":"https:\/\/franciscanos.org.br\/noticias\/#\/schema\/person\/b38fbf43118f02820bd932f2e4b14ad3","name":"admin","image":{"@type":"ImageObject","inLanguage":"pt-BR","@id":"https:\/\/franciscanos.org.br\/noticias\/#\/schema\/person\/image\/","url":"https:\/\/secure.gravatar.com\/avatar\/e8495742d34d0ba6448ea1c628263b3e?s=96&d=mm&r=g","contentUrl":"https:\/\/secure.gravatar.com\/avatar\/e8495742d34d0ba6448ea1c628263b3e?s=96&d=mm&r=g","caption":"admin"},"url":"https:\/\/franciscanos.org.br\/noticias\/author\/admin"}]}},"_links":{"self":[{"href":"https:\/\/franciscanos.org.br\/noticias\/wp-json\/wp\/v2\/posts\/31670"}],"collection":[{"href":"https:\/\/franciscanos.org.br\/noticias\/wp-json\/wp\/v2\/posts"}],"about":[{"href":"https:\/\/franciscanos.org.br\/noticias\/wp-json\/wp\/v2\/types\/post"}],"author":[{"embeddable":true,"href":"https:\/\/franciscanos.org.br\/noticias\/wp-json\/wp\/v2\/users\/1"}],"replies":[{"embeddable":true,"href":"https:\/\/franciscanos.org.br\/noticias\/wp-json\/wp\/v2\/comments?post=31670"}],"version-history":[{"count":0,"href":"https:\/\/franciscanos.org.br\/noticias\/wp-json\/wp\/v2\/posts\/31670\/revisions"}],"wp:featuredmedia":[{"embeddable":true,"href":"https:\/\/franciscanos.org.br\/noticias\/wp-json\/wp\/v2\/media\/209162"}],"wp:attachment":[{"href":"https:\/\/franciscanos.org.br\/noticias\/wp-json\/wp\/v2\/media?parent=31670"}],"wp:term":[{"taxonomy":"category","embeddable":true,"href":"https:\/\/franciscanos.org.br\/noticias\/wp-json\/wp\/v2\/categories?post=31670"},{"taxonomy":"post_tag","embeddable":true,"href":"https:\/\/franciscanos.org.br\/noticias\/wp-json\/wp\/v2\/tags?post=31670"}],"curies":[{"name":"wp","href":"https:\/\/api.w.org\/{rel}","templated":true}]}}