{"id":31387,"date":"2012-12-26T06:02:31","date_gmt":"2012-12-26T08:02:31","guid":{"rendered":"http:\/\/new.franciscanos.org.br\/?p=31387"},"modified":"2019-05-03T10:59:49","modified_gmt":"2019-05-03T13:59:49","slug":"falece-frei-felipe-schneider","status":"publish","type":"post","link":"https:\/\/franciscanos.org.br\/noticias\/falece-frei-felipe-schneider.html","title":{"rendered":"Falece Frei Felipe Schneider"},"content":{"rendered":"<p><a href=\"http:\/\/franciscanos.org.br\/wp-content\/uploads\/2012\/12\/frei_felipe.jpg\"><img loading=\"lazy\" class=\"alignright size-full wp-image-31388\" title=\"frei_felipe\" src=\"http:\/\/franciscanos.org.br\/wp-content\/uploads\/2012\/12\/frei_felipe.jpg\" alt=\"\" width=\"400\" height=\"400\" \/><\/a>Faleceu no domingo (23\/12), a caminho do Hospital da Universidade S\u00e3o Francisco, Frei Felipe Schneider, que desde 24.03.2011 se encontrava na Fraternidade de Bragan\u00e7a Paulista para tratamento de sa\u00fade. J\u00e1 sua transfer\u00eancia anterior para Agudos, em 01.02.2007, se dera por motivo do aparecimento dos sintomas do Mal de \u00a0Alzheimer, doen\u00e7a degenerativa.<\/p>\n<p>Frei Felipe foi velado na Fraternidade de Bragan\u00e7a Paulista e, \u00e0 tarde, seu corpo foi transladado para o Cemit\u00e9rio do Sant\u00edssimo Sacramento, em S\u00e3o Paulo, onde ap\u00f3s a Missa de corpo presente, \u00e0s 15 horas, foi sepultado.<\/p>\n<p><strong>Dados pessoais, forma\u00e7\u00e3o e atividades <\/strong><\/p>\n<p><strong>\u25cf\u00a0<\/strong>Nascimento: 15.04.1931 (<strong>81 anos de idade<\/strong>), em Selbach, Santa Maria, RS;<\/p>\n<p><strong>\u25cf\u00a0<\/strong>Admiss\u00e3o ao Noviciado: 04.01.1953, em Rodeio, SC;<\/p>\n<p><strong>\u25cf\u00a0<\/strong>Primeira Profiss\u00e3o: 05.01.1954 (<strong>58 anos de Vida Franciscana<\/strong>);<\/p>\n<p><strong>\u25cf\u00a0<\/strong>Profiss\u00e3o Solene: 05.01.1957;<\/p>\n<p><strong>\u25cf\u00a0<\/strong>Ordena\u00e7\u00e3o Presbiteral: 03.01.1959 (<strong>53 anos de Sacerd\u00f3cio<\/strong>);<\/p>\n<p><strong>\u25cf\u00a0<\/strong>1954 &#8211; 1955 \u2013 Estudos de Filosofia, em Curitiba;<\/p>\n<p><strong>\u25cf\u00a0<\/strong>1956-1959 \u2013 Estudos de Teologia, em Petr\u00f3polis;<\/p>\n<p><strong>\u25cf\u00a0<\/strong>Fevereiro de 1960 \u2013 Rio de Janeiro, Curso do CEFEPAL;<\/p>\n<p><strong>\u25cf\u00a0<\/strong>27.11.1960 \u2013 Rodeio \u2013 professor no semin\u00e1rio;<\/p>\n<p><strong>\u25cf\u00a0<\/strong>15.01.1971 \u2013 Forquilhinha \u2013 vig\u00e1rio coadjutor;<\/p>\n<p><strong>\u25cf\u00a0<\/strong>20.12.1976 \u2013 Florian\u00f3polis \u2013 vig\u00e1rio cooperador;<\/p>\n<p><strong>\u25cf\u00a0<\/strong>17.04.1980 \u2013 Bacabal (MA) \u2013 a servi\u00e7o do bispo diocesano;<\/p>\n<p><strong>\u25cf\u00a0<\/strong>15.12.1982 \u2013 Pato Branco \u2013 vig\u00e1rio cooperador;<\/p>\n<p><strong>\u25cf\u00a0<\/strong>1984 \u2013 Bacabal (MA), a servi\u00e7o do bispo diocesano (Olho D\u2019\u00c1gua das Cunh\u00e3s);<\/p>\n<p><strong>\u25cf\u00a0<\/strong>17.01.1992 \u2013 Chopinzinho \u2013 vig\u00e1rio paroquial e vig\u00e1rio da casa;<\/p>\n<p><strong>\u25cf\u00a0<\/strong>07.07.1993 \u2013 Guaratinguet\u00e1 \u2013 Gra\u00e7as \u2013 vig\u00e1rio paroquial; em 10.01.1995 \u2013 guardi\u00e3o, atendente conventual e professor dos postulantes;<\/p>\n<p><strong>\u25cf\u00a0<\/strong>29.11.1997 \u2013 Florian\u00f3polis \u2013 vig\u00e1rio da casa e vig\u00e1rio paroquial;<\/p>\n<p><strong>\u25cf\u00a0<\/strong>22.03.2000 \u2013 Curitibanos \u2013 vig\u00e1rio da casa;<\/p>\n<p><strong>\u25cf\u00a0<\/strong>22.11.2000 \u2013 Venda das Pedras \u2013 coordenador da fraternidade e a servi\u00e7o da evangeliza\u00e7\u00e3o;<\/p>\n<p><strong>\u25cf\u00a0<\/strong>27.07.2001 \u2013 Balne\u00e1rio Cambori\u00fa \u2013 vig\u00e1rio paroquial; em 07.11.2003 \u2013 guardi\u00e3o;<\/p>\n<p><strong>\u25cf\u00a0<\/strong>01.02.2007 \u2013 Agudos \u2013 tratamento;<\/p>\n<p><strong>\u25cf\u00a0<\/strong>24.03.2011 \u2013 Bragan\u00e7a Paulista;<\/p>\n<p>Frei Felipe, nos \u00faltimos anos, veio perdendo progressivamente seu contato com a realidade, com a nossa realidade. Por motivo da doen\u00e7a, talvez o mundo do inconsciente \u00e9 que lhe dominava a mente. Era comum ele cumprimentar confrades novos, que mal conhecia, como sendo seus antigos professores do semin\u00e1rio de Rio Negro, e coisas deste tipo. Interessante que, apesar da degenera\u00e7\u00e3o cerebral e das fortes dores que tinha, por motivo de artrose, n\u00e3o perdeu a simpatia, a cortesia, a boa educa\u00e7\u00e3o e o bom humor que lhe eram caracter\u00edsticos. Sinal que isso era um tra\u00e7o arraigado em sua personalidade, cultivado ao longo dos anos.<\/p>\n<p>Lembro ainda que ele gostava muito de cantar. Que agora ele possa cantar os louvores de Deus com todos que passaram por esse mundo procurando fazer a vontade Dele, seguindo seu mandamento maior.<\/p>\n<p><strong>R.I.P.<\/strong><\/p>\n<p>Frei Walter de Carvalho J\u00fanior<\/p>\n","protected":false},"excerpt":{"rendered":"<p>Falecimento<\/p>\n","protected":false},"author":1,"featured_media":204317,"comment_status":"closed","ping_status":"open","sticky":false,"template":"","format":"standard","meta":[],"categories":[1],"tags":[],"acf":[],"yoast_head":"<!-- This site is optimized with the Yoast SEO plugin v19.2 - https:\/\/yoast.com\/wordpress\/plugins\/seo\/ -->\n<title>Falece Frei Felipe Schneider - Not\u00edcias - Franciscanos<\/title>\n<meta name=\"robots\" content=\"index, follow, max-snippet:-1, max-image-preview:large, max-video-preview:-1\" \/>\n<link rel=\"canonical\" href=\"https:\/\/franciscanos.org.br\/noticias\/falece-frei-felipe-schneider.html\" \/>\n<meta property=\"og:locale\" content=\"pt_BR\" \/>\n<meta property=\"og:type\" content=\"article\" \/>\n<meta property=\"og:title\" content=\"Falece Frei Felipe Schneider - Not\u00edcias - Franciscanos\" \/>\n<meta property=\"og:description\" content=\"Falecimento\" \/>\n<meta property=\"og:url\" content=\"https:\/\/franciscanos.org.br\/noticias\/falece-frei-felipe-schneider.html\" \/>\n<meta property=\"og:site_name\" content=\"Not\u00edcias - Franciscanos\" \/>\n<meta property=\"article:published_time\" content=\"2012-12-26T08:02:31+00:00\" \/>\n<meta property=\"article:modified_time\" content=\"2019-05-03T13:59:49+00:00\" \/>\n<meta property=\"og:image\" content=\"https:\/\/franciscanos.org.br\/noticias\/wp-content\/uploads\/2012\/12\/frei_felipe.jpg\" \/>\n\t<meta property=\"og:image:width\" content=\"273\" \/>\n\t<meta property=\"og:image:height\" content=\"182\" \/>\n\t<meta property=\"og:image:type\" content=\"image\/jpeg\" \/>\n<meta name=\"author\" content=\"admin\" \/>\n<meta name=\"twitter:card\" content=\"summary_large_image\" \/>\n<meta name=\"twitter:label1\" content=\"Escrito por\" \/>\n\t<meta name=\"twitter:data1\" content=\"admin\" \/>\n\t<meta name=\"twitter:label2\" content=\"Est. tempo de leitura\" \/>\n\t<meta name=\"twitter:data2\" content=\"2 minutos\" \/>\n<script type=\"application\/ld+json\" class=\"yoast-schema-graph\">{\"@context\":\"https:\/\/schema.org\",\"@graph\":[{\"@type\":\"WebSite\",\"@id\":\"https:\/\/franciscanos.org.br\/noticias\/#website\",\"url\":\"https:\/\/franciscanos.org.br\/noticias\/\",\"name\":\"Not\u00edcias - Franciscanos\",\"description\":\"Prov\u00edncia Franciscana da Imaculada Concei\u00e7\u00e3o do Brasil - Ordem dos Frades Menores - OFM\",\"potentialAction\":[{\"@type\":\"SearchAction\",\"target\":{\"@type\":\"EntryPoint\",\"urlTemplate\":\"https:\/\/franciscanos.org.br\/noticias\/?s={search_term_string}\"},\"query-input\":\"required name=search_term_string\"}],\"inLanguage\":\"pt-BR\"},{\"@type\":\"ImageObject\",\"inLanguage\":\"pt-BR\",\"@id\":\"https:\/\/franciscanos.org.br\/noticias\/falece-frei-felipe-schneider.html#primaryimage\",\"url\":\"https:\/\/franciscanos.org.br\/noticias\/wp-content\/uploads\/2012\/12\/frei_felipe.jpg\",\"contentUrl\":\"https:\/\/franciscanos.org.br\/noticias\/wp-content\/uploads\/2012\/12\/frei_felipe.jpg\",\"width\":273,\"height\":182},{\"@type\":\"WebPage\",\"@id\":\"https:\/\/franciscanos.org.br\/noticias\/falece-frei-felipe-schneider.html#webpage\",\"url\":\"https:\/\/franciscanos.org.br\/noticias\/falece-frei-felipe-schneider.html\",\"name\":\"Falece Frei Felipe Schneider - Not\u00edcias - Franciscanos\",\"isPartOf\":{\"@id\":\"https:\/\/franciscanos.org.br\/noticias\/#website\"},\"primaryImageOfPage\":{\"@id\":\"https:\/\/franciscanos.org.br\/noticias\/falece-frei-felipe-schneider.html#primaryimage\"},\"datePublished\":\"2012-12-26T08:02:31+00:00\",\"dateModified\":\"2019-05-03T13:59:49+00:00\",\"author\":{\"@id\":\"https:\/\/franciscanos.org.br\/noticias\/#\/schema\/person\/b38fbf43118f02820bd932f2e4b14ad3\"},\"breadcrumb\":{\"@id\":\"https:\/\/franciscanos.org.br\/noticias\/falece-frei-felipe-schneider.html#breadcrumb\"},\"inLanguage\":\"pt-BR\",\"potentialAction\":[{\"@type\":\"ReadAction\",\"target\":[\"https:\/\/franciscanos.org.br\/noticias\/falece-frei-felipe-schneider.html\"]}]},{\"@type\":\"BreadcrumbList\",\"@id\":\"https:\/\/franciscanos.org.br\/noticias\/falece-frei-felipe-schneider.html#breadcrumb\",\"itemListElement\":[{\"@type\":\"ListItem\",\"position\":1,\"name\":\"Home\",\"item\":\"https:\/\/franciscanos.org.br\/noticias\"},{\"@type\":\"ListItem\",\"position\":2,\"name\":\"Falece Frei Felipe Schneider\"}]},{\"@type\":\"Person\",\"@id\":\"https:\/\/franciscanos.org.br\/noticias\/#\/schema\/person\/b38fbf43118f02820bd932f2e4b14ad3\",\"name\":\"admin\",\"image\":{\"@type\":\"ImageObject\",\"inLanguage\":\"pt-BR\",\"@id\":\"https:\/\/franciscanos.org.br\/noticias\/#\/schema\/person\/image\/\",\"url\":\"https:\/\/secure.gravatar.com\/avatar\/e8495742d34d0ba6448ea1c628263b3e?s=96&d=mm&r=g\",\"contentUrl\":\"https:\/\/secure.gravatar.com\/avatar\/e8495742d34d0ba6448ea1c628263b3e?s=96&d=mm&r=g\",\"caption\":\"admin\"},\"url\":\"https:\/\/franciscanos.org.br\/noticias\/author\/admin\"}]}<\/script>\n<!-- \/ Yoast SEO plugin. -->","yoast_head_json":{"title":"Falece Frei Felipe Schneider - Not\u00edcias - Franciscanos","robots":{"index":"index","follow":"follow","max-snippet":"max-snippet:-1","max-image-preview":"max-image-preview:large","max-video-preview":"max-video-preview:-1"},"canonical":"https:\/\/franciscanos.org.br\/noticias\/falece-frei-felipe-schneider.html","og_locale":"pt_BR","og_type":"article","og_title":"Falece Frei Felipe Schneider - Not\u00edcias - Franciscanos","og_description":"Falecimento","og_url":"https:\/\/franciscanos.org.br\/noticias\/falece-frei-felipe-schneider.html","og_site_name":"Not\u00edcias - Franciscanos","article_published_time":"2012-12-26T08:02:31+00:00","article_modified_time":"2019-05-03T13:59:49+00:00","og_image":[{"width":273,"height":182,"url":"https:\/\/franciscanos.org.br\/noticias\/wp-content\/uploads\/2012\/12\/frei_felipe.jpg","type":"image\/jpeg"}],"author":"admin","twitter_card":"summary_large_image","twitter_misc":{"Escrito por":"admin","Est. tempo de leitura":"2 minutos"},"schema":{"@context":"https:\/\/schema.org","@graph":[{"@type":"WebSite","@id":"https:\/\/franciscanos.org.br\/noticias\/#website","url":"https:\/\/franciscanos.org.br\/noticias\/","name":"Not\u00edcias - Franciscanos","description":"Prov\u00edncia Franciscana da Imaculada Concei\u00e7\u00e3o do Brasil - Ordem dos Frades Menores - OFM","potentialAction":[{"@type":"SearchAction","target":{"@type":"EntryPoint","urlTemplate":"https:\/\/franciscanos.org.br\/noticias\/?s={search_term_string}"},"query-input":"required name=search_term_string"}],"inLanguage":"pt-BR"},{"@type":"ImageObject","inLanguage":"pt-BR","@id":"https:\/\/franciscanos.org.br\/noticias\/falece-frei-felipe-schneider.html#primaryimage","url":"https:\/\/franciscanos.org.br\/noticias\/wp-content\/uploads\/2012\/12\/frei_felipe.jpg","contentUrl":"https:\/\/franciscanos.org.br\/noticias\/wp-content\/uploads\/2012\/12\/frei_felipe.jpg","width":273,"height":182},{"@type":"WebPage","@id":"https:\/\/franciscanos.org.br\/noticias\/falece-frei-felipe-schneider.html#webpage","url":"https:\/\/franciscanos.org.br\/noticias\/falece-frei-felipe-schneider.html","name":"Falece Frei Felipe Schneider - Not\u00edcias - Franciscanos","isPartOf":{"@id":"https:\/\/franciscanos.org.br\/noticias\/#website"},"primaryImageOfPage":{"@id":"https:\/\/franciscanos.org.br\/noticias\/falece-frei-felipe-schneider.html#primaryimage"},"datePublished":"2012-12-26T08:02:31+00:00","dateModified":"2019-05-03T13:59:49+00:00","author":{"@id":"https:\/\/franciscanos.org.br\/noticias\/#\/schema\/person\/b38fbf43118f02820bd932f2e4b14ad3"},"breadcrumb":{"@id":"https:\/\/franciscanos.org.br\/noticias\/falece-frei-felipe-schneider.html#breadcrumb"},"inLanguage":"pt-BR","potentialAction":[{"@type":"ReadAction","target":["https:\/\/franciscanos.org.br\/noticias\/falece-frei-felipe-schneider.html"]}]},{"@type":"BreadcrumbList","@id":"https:\/\/franciscanos.org.br\/noticias\/falece-frei-felipe-schneider.html#breadcrumb","itemListElement":[{"@type":"ListItem","position":1,"name":"Home","item":"https:\/\/franciscanos.org.br\/noticias"},{"@type":"ListItem","position":2,"name":"Falece Frei Felipe Schneider"}]},{"@type":"Person","@id":"https:\/\/franciscanos.org.br\/noticias\/#\/schema\/person\/b38fbf43118f02820bd932f2e4b14ad3","name":"admin","image":{"@type":"ImageObject","inLanguage":"pt-BR","@id":"https:\/\/franciscanos.org.br\/noticias\/#\/schema\/person\/image\/","url":"https:\/\/secure.gravatar.com\/avatar\/e8495742d34d0ba6448ea1c628263b3e?s=96&d=mm&r=g","contentUrl":"https:\/\/secure.gravatar.com\/avatar\/e8495742d34d0ba6448ea1c628263b3e?s=96&d=mm&r=g","caption":"admin"},"url":"https:\/\/franciscanos.org.br\/noticias\/author\/admin"}]}},"_links":{"self":[{"href":"https:\/\/franciscanos.org.br\/noticias\/wp-json\/wp\/v2\/posts\/31387"}],"collection":[{"href":"https:\/\/franciscanos.org.br\/noticias\/wp-json\/wp\/v2\/posts"}],"about":[{"href":"https:\/\/franciscanos.org.br\/noticias\/wp-json\/wp\/v2\/types\/post"}],"author":[{"embeddable":true,"href":"https:\/\/franciscanos.org.br\/noticias\/wp-json\/wp\/v2\/users\/1"}],"replies":[{"embeddable":true,"href":"https:\/\/franciscanos.org.br\/noticias\/wp-json\/wp\/v2\/comments?post=31387"}],"version-history":[{"count":0,"href":"https:\/\/franciscanos.org.br\/noticias\/wp-json\/wp\/v2\/posts\/31387\/revisions"}],"wp:featuredmedia":[{"embeddable":true,"href":"https:\/\/franciscanos.org.br\/noticias\/wp-json\/wp\/v2\/media\/204317"}],"wp:attachment":[{"href":"https:\/\/franciscanos.org.br\/noticias\/wp-json\/wp\/v2\/media?parent=31387"}],"wp:term":[{"taxonomy":"category","embeddable":true,"href":"https:\/\/franciscanos.org.br\/noticias\/wp-json\/wp\/v2\/categories?post=31387"},{"taxonomy":"post_tag","embeddable":true,"href":"https:\/\/franciscanos.org.br\/noticias\/wp-json\/wp\/v2\/tags?post=31387"}],"curies":[{"name":"wp","href":"https:\/\/api.w.org\/{rel}","templated":true}]}}