{"id":31179,"date":"2012-12-26T08:08:00","date_gmt":"2012-12-26T10:08:00","guid":{"rendered":"http:\/\/new.franciscanos.org.br\/?p=31179"},"modified":"2019-12-09T08:44:25","modified_gmt":"2019-12-09T11:44:25","slug":"nove-jovens-fazem-a-primeira-profissao-em-rodeio","status":"publish","type":"post","link":"https:\/\/franciscanos.org.br\/noticias\/nove-jovens-fazem-a-primeira-profissao-em-rodeio.html","title":{"rendered":"Nove jovens fazem a Primeira Profiss\u00e3o em Rodeio"},"content":{"rendered":"<p><img loading=\"lazy\" title=\"adm\" src=\"http:\/\/franciscanos.org.br\/wp-content\/uploads\/2012\/12\/adm.jpg\" alt=\"\" width=\"830\" height=\"556\" \/><\/p>\n<table border=\"0\" width=\"409\" cellspacing=\"5\" cellpadding=\"2\" align=\"right\">\n<tbody>\n<tr>\n<td colspan=\"4\" width=\"395\">\n<table class=\"texto_menor02\" border=\"0\" width=\"400\" cellspacing=\"5\" cellpadding=\"2\" align=\"right\">\n<tbody>\n<tr bgcolor=\"#B3B3D9\">\n<td class=\"select_bg\" valign=\"top\" bgcolor=\"#FFF4DF\"><strong>Novi\u00e7os da Prov\u00ecncia da Imaculada<\/strong>Frei Alan Leal de Mattos<br \/>\nFrei Alan Leal de Mattos<br \/>\nFrei Eduardo Augusto Schiehl<br \/>\nFrei Jefferson Max N. Maciel<br \/>\nFrei Jhones Lucas Martins<br \/>\nFrei Jo\u00e3o Pedro In\u00e1cio S. de Almeida<br \/>\nFrei Josemberg Cardozo Aranha<br \/>\nFrei Junior Mendes<br \/>\nFrei Le\u00f4nidas In\u00e1cio F\u00e9lix<br \/>\nFrei Roger Strapazzon<strong>Funda\u00e7\u00e3o IMACULADA M\u00e3e\u00a0de Deus de Angola<\/strong><br \/>\nFrei Alfredo Epalanga Prego<br \/>\nFrei Jo\u00e3o Alberto Bunga<br \/>\nFrei Quintino Viqui Samayenje<br \/>\nFrei Santana Sebasti\u00e3o Cafunda<br \/>\nFrei Tiago Manuel Quingando<strong>Funda\u00e7\u00e3o n. sra. de f\u00e1tima<\/strong><br \/>\nFrei Jos\u00e9 A\u00e9cio de Oliveira Filho<br \/>\nFrei Patrick Roberto de Souza<\/td>\n<\/tr>\n<\/tbody>\n<\/table>\n<\/td>\n<\/tr>\n<\/tbody>\n<\/table>\n<p><strong>Moacir Beggo<\/strong><\/p>\n<p><strong>Rodeio (SC)<\/strong> &#8211; Depois de um ano de forma\u00e7\u00e3o intensa no Noviciado da Prov\u00edncia da Imaculada Concei\u00e7\u00e3o, no pr\u00f3ximo dia 3 de janeiro, nove novi\u00e7os ser\u00e3o admitidos \u00e0 Profiss\u00e3o Tempor\u00e1ria durante a celebra\u00e7\u00e3o eucar\u00edstica \u00e0s 19 horas, na Igreja S\u00e3o Francisco de Assis, em Rodeio (SC). Frei Alan Leal de Mattos, Frei Eduardo Augusto Schiehl, Frei Jefferson Max N. Maciel, Frei Jhones Lucas Martins, Frei Jo\u00e3o Pedro In\u00e1cio S. de Almeida, Frei Josemberg Cardozo Aranha, Frei Roger Strapazzon, Frei Junior Mendes e Frei Le\u00f4nidas In\u00e1cio F\u00e9lix emitir\u00e3o seus votos nas m\u00e3os do Ministro Provincial Frei Fid\u00eancio Vanboemmel.<\/p>\n<p>Ainda fazem parte desta turma, cinco novi\u00e7os angolanos, que s\u00f3 far\u00e3o a primeira profiss\u00e3o em Angola, no m\u00eas de mar\u00e7o, durante Assembleia da Funda\u00e7\u00e3o Imaculada M\u00e3e de Deus. Isso porque eles se atrasaram para iniciar este tempo de noviciado devido a problemas com a documenta\u00e7\u00e3o para ingressar no Brasil. Segundo o Mestre, Frei Samuel Ferreira de Lima, os novi\u00e7os angolanos continuar\u00e3o este per\u00edodo de experi\u00eancia em Angola at\u00e9 a profiss\u00e3o tempor\u00e1ria. Desta turma de novi\u00e7os de 2012, Frei Jos\u00e9 A\u00e9cio de Oliveira Filho e Frei Patrick Roberto de Souza s\u00e3o da Funda\u00e7\u00e3o Franciscana de Nossa Senhora de F\u00e1tima, com sede em Uberl\u00e2ndia (MG), e far\u00e3o a profiss\u00e3o tempor\u00e1ria no dia 6 de janeiro, \u00e0s 10 horas, na Igreja Nossa Senhora de F\u00e1tima, na sede da Funda\u00e7\u00e3o.<\/p>\n<p>Segundo a Ordem dos Frades Menores, o tempo da profiss\u00e3o tempor\u00e1ria \u00e9 o \u201cper\u00edodo durante o qual se completa a forma\u00e7\u00e3o para viver de modo mais pleno a vida pr\u00f3pria da Ordem e melhor cumprir sua miss\u00e3o\u201d. Na Ordem Franciscana, os votos dos professos tempor\u00e1rios s\u00e3o renovados anualmente at\u00e9 o momento da profiss\u00e3o solene.<\/p>\n<p>A profiss\u00e3o religiosa na Ordem Franciscana, emitida nas m\u00e3os do Ministro Provincial, faz-se nos seguintes termos:\u00a0 <em>\u201cPara louvor e gl\u00f3ria da Sant\u00edssima Trindade. Eu, Frei N.N. , tendo o Senhor me dado a gra\u00e7a de seguir mais de perto o Evangelho e os passos de nosso Senhor Jesus Cristo, em tuas m\u00e3os, Frei Fid\u00eancio Vanboemmel, com firme f\u00e9 e vontade, fa\u00e7o voto a Deus, Pai santo e todo-poderoso, de viver por um ano, em obedi\u00eancia, sem nada de pr\u00f3prio e em castidade. Ao mesmo tempo, professo a vida e a regra dos Frades Menores, confirmada pelo Papa Hon\u00f3rio, e prometo observ\u00e1-la fielmente segundo as Constitui\u00e7\u00f5es da Ordem dos Frades Menores. Entrego-me, pois, de todo o cora\u00e7\u00e3o a esta Fraternidade, para que, pela a\u00e7\u00e3o eficaz do Esp\u00edrito Santo, guiado pelo exemplo de Maria Imaculada, por intercess\u00e3o de nosso Pai Francisco e de todos os santos, e com a ajuda fraterna de todos, eu possa tender constantemente para a perfeita caridade, no servi\u00e7o a Deus, \u00e0 Igreja e aos homens\u201d.<\/em><\/p>\n","protected":false},"excerpt":{"rendered":"<p>Forma\u00e7\u00e3o e Estudos<\/p>\n","protected":false},"author":1,"featured_media":214786,"comment_status":"closed","ping_status":"open","sticky":false,"template":"","format":"standard","meta":[],"categories":[1],"tags":[135,334],"acf":[],"yoast_head":"<!-- This site is optimized with the Yoast SEO plugin v19.2 - https:\/\/yoast.com\/wordpress\/plugins\/seo\/ -->\n<title>Nove jovens fazem a Primeira Profiss\u00e3o em Rodeio - Not\u00edcias - Franciscanos<\/title>\n<meta name=\"robots\" content=\"index, follow, max-snippet:-1, max-image-preview:large, max-video-preview:-1\" \/>\n<link rel=\"canonical\" href=\"https:\/\/franciscanos.org.br\/noticias\/nove-jovens-fazem-a-primeira-profissao-em-rodeio.html\" \/>\n<meta property=\"og:locale\" content=\"pt_BR\" \/>\n<meta property=\"og:type\" content=\"article\" \/>\n<meta property=\"og:title\" content=\"Nove jovens fazem a Primeira Profiss\u00e3o em Rodeio - Not\u00edcias - Franciscanos\" \/>\n<meta property=\"og:description\" content=\"Forma\u00e7\u00e3o e Estudos\" \/>\n<meta property=\"og:url\" content=\"https:\/\/franciscanos.org.br\/noticias\/nove-jovens-fazem-a-primeira-profissao-em-rodeio.html\" \/>\n<meta property=\"og:site_name\" content=\"Not\u00edcias - Franciscanos\" \/>\n<meta property=\"article:published_time\" content=\"2012-12-26T10:08:00+00:00\" \/>\n<meta property=\"article:modified_time\" content=\"2019-12-09T11:44:25+00:00\" \/>\n<meta property=\"og:image\" content=\"https:\/\/franciscanos.org.br\/noticias\/wp-content\/uploads\/2012\/12\/adm.jpg\" \/>\n\t<meta property=\"og:image:width\" content=\"273\" \/>\n\t<meta property=\"og:image:height\" content=\"181\" \/>\n\t<meta property=\"og:image:type\" content=\"image\/jpeg\" \/>\n<meta name=\"author\" content=\"admin\" \/>\n<meta name=\"twitter:card\" content=\"summary_large_image\" \/>\n<meta name=\"twitter:label1\" content=\"Escrito por\" \/>\n\t<meta name=\"twitter:data1\" content=\"admin\" \/>\n\t<meta name=\"twitter:label2\" content=\"Est. tempo de leitura\" \/>\n\t<meta name=\"twitter:data2\" content=\"3 minutos\" \/>\n<script type=\"application\/ld+json\" class=\"yoast-schema-graph\">{\"@context\":\"https:\/\/schema.org\",\"@graph\":[{\"@type\":\"WebSite\",\"@id\":\"https:\/\/franciscanos.org.br\/noticias\/#website\",\"url\":\"https:\/\/franciscanos.org.br\/noticias\/\",\"name\":\"Not\u00edcias - Franciscanos\",\"description\":\"Prov\u00edncia Franciscana da Imaculada Concei\u00e7\u00e3o do Brasil - Ordem dos Frades Menores - OFM\",\"potentialAction\":[{\"@type\":\"SearchAction\",\"target\":{\"@type\":\"EntryPoint\",\"urlTemplate\":\"https:\/\/franciscanos.org.br\/noticias\/?s={search_term_string}\"},\"query-input\":\"required name=search_term_string\"}],\"inLanguage\":\"pt-BR\"},{\"@type\":\"ImageObject\",\"inLanguage\":\"pt-BR\",\"@id\":\"https:\/\/franciscanos.org.br\/noticias\/nove-jovens-fazem-a-primeira-profissao-em-rodeio.html#primaryimage\",\"url\":\"https:\/\/franciscanos.org.br\/noticias\/wp-content\/uploads\/2012\/12\/adm.jpg\",\"contentUrl\":\"https:\/\/franciscanos.org.br\/noticias\/wp-content\/uploads\/2012\/12\/adm.jpg\",\"width\":273,\"height\":181},{\"@type\":\"WebPage\",\"@id\":\"https:\/\/franciscanos.org.br\/noticias\/nove-jovens-fazem-a-primeira-profissao-em-rodeio.html#webpage\",\"url\":\"https:\/\/franciscanos.org.br\/noticias\/nove-jovens-fazem-a-primeira-profissao-em-rodeio.html\",\"name\":\"Nove jovens fazem a Primeira Profiss\u00e3o em Rodeio - Not\u00edcias - Franciscanos\",\"isPartOf\":{\"@id\":\"https:\/\/franciscanos.org.br\/noticias\/#website\"},\"primaryImageOfPage\":{\"@id\":\"https:\/\/franciscanos.org.br\/noticias\/nove-jovens-fazem-a-primeira-profissao-em-rodeio.html#primaryimage\"},\"datePublished\":\"2012-12-26T10:08:00+00:00\",\"dateModified\":\"2019-12-09T11:44:25+00:00\",\"author\":{\"@id\":\"https:\/\/franciscanos.org.br\/noticias\/#\/schema\/person\/b38fbf43118f02820bd932f2e4b14ad3\"},\"breadcrumb\":{\"@id\":\"https:\/\/franciscanos.org.br\/noticias\/nove-jovens-fazem-a-primeira-profissao-em-rodeio.html#breadcrumb\"},\"inLanguage\":\"pt-BR\",\"potentialAction\":[{\"@type\":\"ReadAction\",\"target\":[\"https:\/\/franciscanos.org.br\/noticias\/nove-jovens-fazem-a-primeira-profissao-em-rodeio.html\"]}]},{\"@type\":\"BreadcrumbList\",\"@id\":\"https:\/\/franciscanos.org.br\/noticias\/nove-jovens-fazem-a-primeira-profissao-em-rodeio.html#breadcrumb\",\"itemListElement\":[{\"@type\":\"ListItem\",\"position\":1,\"name\":\"Home\",\"item\":\"https:\/\/franciscanos.org.br\/noticias\"},{\"@type\":\"ListItem\",\"position\":2,\"name\":\"Nove jovens fazem a Primeira Profiss\u00e3o em Rodeio\"}]},{\"@type\":\"Person\",\"@id\":\"https:\/\/franciscanos.org.br\/noticias\/#\/schema\/person\/b38fbf43118f02820bd932f2e4b14ad3\",\"name\":\"admin\",\"image\":{\"@type\":\"ImageObject\",\"inLanguage\":\"pt-BR\",\"@id\":\"https:\/\/franciscanos.org.br\/noticias\/#\/schema\/person\/image\/\",\"url\":\"https:\/\/secure.gravatar.com\/avatar\/e8495742d34d0ba6448ea1c628263b3e?s=96&d=mm&r=g\",\"contentUrl\":\"https:\/\/secure.gravatar.com\/avatar\/e8495742d34d0ba6448ea1c628263b3e?s=96&d=mm&r=g\",\"caption\":\"admin\"},\"url\":\"https:\/\/franciscanos.org.br\/noticias\/author\/admin\"}]}<\/script>\n<!-- \/ Yoast SEO plugin. -->","yoast_head_json":{"title":"Nove jovens fazem a Primeira Profiss\u00e3o em Rodeio - Not\u00edcias - Franciscanos","robots":{"index":"index","follow":"follow","max-snippet":"max-snippet:-1","max-image-preview":"max-image-preview:large","max-video-preview":"max-video-preview:-1"},"canonical":"https:\/\/franciscanos.org.br\/noticias\/nove-jovens-fazem-a-primeira-profissao-em-rodeio.html","og_locale":"pt_BR","og_type":"article","og_title":"Nove jovens fazem a Primeira Profiss\u00e3o em Rodeio - Not\u00edcias - Franciscanos","og_description":"Forma\u00e7\u00e3o e Estudos","og_url":"https:\/\/franciscanos.org.br\/noticias\/nove-jovens-fazem-a-primeira-profissao-em-rodeio.html","og_site_name":"Not\u00edcias - Franciscanos","article_published_time":"2012-12-26T10:08:00+00:00","article_modified_time":"2019-12-09T11:44:25+00:00","og_image":[{"width":273,"height":181,"url":"https:\/\/franciscanos.org.br\/noticias\/wp-content\/uploads\/2012\/12\/adm.jpg","type":"image\/jpeg"}],"author":"admin","twitter_card":"summary_large_image","twitter_misc":{"Escrito por":"admin","Est. tempo de leitura":"3 minutos"},"schema":{"@context":"https:\/\/schema.org","@graph":[{"@type":"WebSite","@id":"https:\/\/franciscanos.org.br\/noticias\/#website","url":"https:\/\/franciscanos.org.br\/noticias\/","name":"Not\u00edcias - Franciscanos","description":"Prov\u00edncia Franciscana da Imaculada Concei\u00e7\u00e3o do Brasil - Ordem dos Frades Menores - OFM","potentialAction":[{"@type":"SearchAction","target":{"@type":"EntryPoint","urlTemplate":"https:\/\/franciscanos.org.br\/noticias\/?s={search_term_string}"},"query-input":"required name=search_term_string"}],"inLanguage":"pt-BR"},{"@type":"ImageObject","inLanguage":"pt-BR","@id":"https:\/\/franciscanos.org.br\/noticias\/nove-jovens-fazem-a-primeira-profissao-em-rodeio.html#primaryimage","url":"https:\/\/franciscanos.org.br\/noticias\/wp-content\/uploads\/2012\/12\/adm.jpg","contentUrl":"https:\/\/franciscanos.org.br\/noticias\/wp-content\/uploads\/2012\/12\/adm.jpg","width":273,"height":181},{"@type":"WebPage","@id":"https:\/\/franciscanos.org.br\/noticias\/nove-jovens-fazem-a-primeira-profissao-em-rodeio.html#webpage","url":"https:\/\/franciscanos.org.br\/noticias\/nove-jovens-fazem-a-primeira-profissao-em-rodeio.html","name":"Nove jovens fazem a Primeira Profiss\u00e3o em Rodeio - Not\u00edcias - Franciscanos","isPartOf":{"@id":"https:\/\/franciscanos.org.br\/noticias\/#website"},"primaryImageOfPage":{"@id":"https:\/\/franciscanos.org.br\/noticias\/nove-jovens-fazem-a-primeira-profissao-em-rodeio.html#primaryimage"},"datePublished":"2012-12-26T10:08:00+00:00","dateModified":"2019-12-09T11:44:25+00:00","author":{"@id":"https:\/\/franciscanos.org.br\/noticias\/#\/schema\/person\/b38fbf43118f02820bd932f2e4b14ad3"},"breadcrumb":{"@id":"https:\/\/franciscanos.org.br\/noticias\/nove-jovens-fazem-a-primeira-profissao-em-rodeio.html#breadcrumb"},"inLanguage":"pt-BR","potentialAction":[{"@type":"ReadAction","target":["https:\/\/franciscanos.org.br\/noticias\/nove-jovens-fazem-a-primeira-profissao-em-rodeio.html"]}]},{"@type":"BreadcrumbList","@id":"https:\/\/franciscanos.org.br\/noticias\/nove-jovens-fazem-a-primeira-profissao-em-rodeio.html#breadcrumb","itemListElement":[{"@type":"ListItem","position":1,"name":"Home","item":"https:\/\/franciscanos.org.br\/noticias"},{"@type":"ListItem","position":2,"name":"Nove jovens fazem a Primeira Profiss\u00e3o em Rodeio"}]},{"@type":"Person","@id":"https:\/\/franciscanos.org.br\/noticias\/#\/schema\/person\/b38fbf43118f02820bd932f2e4b14ad3","name":"admin","image":{"@type":"ImageObject","inLanguage":"pt-BR","@id":"https:\/\/franciscanos.org.br\/noticias\/#\/schema\/person\/image\/","url":"https:\/\/secure.gravatar.com\/avatar\/e8495742d34d0ba6448ea1c628263b3e?s=96&d=mm&r=g","contentUrl":"https:\/\/secure.gravatar.com\/avatar\/e8495742d34d0ba6448ea1c628263b3e?s=96&d=mm&r=g","caption":"admin"},"url":"https:\/\/franciscanos.org.br\/noticias\/author\/admin"}]}},"_links":{"self":[{"href":"https:\/\/franciscanos.org.br\/noticias\/wp-json\/wp\/v2\/posts\/31179"}],"collection":[{"href":"https:\/\/franciscanos.org.br\/noticias\/wp-json\/wp\/v2\/posts"}],"about":[{"href":"https:\/\/franciscanos.org.br\/noticias\/wp-json\/wp\/v2\/types\/post"}],"author":[{"embeddable":true,"href":"https:\/\/franciscanos.org.br\/noticias\/wp-json\/wp\/v2\/users\/1"}],"replies":[{"embeddable":true,"href":"https:\/\/franciscanos.org.br\/noticias\/wp-json\/wp\/v2\/comments?post=31179"}],"version-history":[{"count":0,"href":"https:\/\/franciscanos.org.br\/noticias\/wp-json\/wp\/v2\/posts\/31179\/revisions"}],"wp:featuredmedia":[{"embeddable":true,"href":"https:\/\/franciscanos.org.br\/noticias\/wp-json\/wp\/v2\/media\/214786"}],"wp:attachment":[{"href":"https:\/\/franciscanos.org.br\/noticias\/wp-json\/wp\/v2\/media?parent=31179"}],"wp:term":[{"taxonomy":"category","embeddable":true,"href":"https:\/\/franciscanos.org.br\/noticias\/wp-json\/wp\/v2\/categories?post=31179"},{"taxonomy":"post_tag","embeddable":true,"href":"https:\/\/franciscanos.org.br\/noticias\/wp-json\/wp\/v2\/tags?post=31179"}],"curies":[{"name":"wp","href":"https:\/\/api.w.org\/{rel}","templated":true}]}}