{"id":31124,"date":"2012-12-19T07:26:55","date_gmt":"2012-12-19T09:26:55","guid":{"rendered":"http:\/\/new.franciscanos.org.br\/?p=31124"},"modified":"2020-11-10T13:57:13","modified_gmt":"2020-11-10T16:57:13","slug":"profissao-solene-na-fraternidade-de-santa-clara","status":"publish","type":"post","link":"https:\/\/franciscanos.org.br\/noticias\/profissao-solene-na-fraternidade-de-santa-clara.html","title":{"rendered":"Profiss\u00e3o solene na Fraternidade de Santa Clara"},"content":{"rendered":"<p><img loading=\"lazy\" class=\"alignright size-full wp-image-31125\" title=\"ofs_c\" src=\"http:\/\/franciscanos.org.br\/wp-content\/uploads\/2012\/12\/ofs_c.jpg\" alt=\"\" width=\"450\" height=\"240\" \/>A Ordem Franciscana Secular ganhou mais um irm\u00e3o professo solene. Aristeu Bertelli da Silva, da Fraternidade Santa Clara, no bairro de Pinheiros, em S\u00e3o Paulo, deu o seu sim definitivo ao projeto de S\u00e3o Francisco de Assis durante a celebra\u00e7\u00e3o presidida pelo assistente espiritual desta Fraternidade, Frei Est\u00eav\u00e3o Ottenbreit, na resid\u00eancia da irm\u00e3 Analtiva Silva Junqueira de Andrade, no dia 29\/11. Nesta Fraternidade, as reuni\u00f5es acontecem nas resid\u00eancias dos professos.<\/p>\n<p>Durante a celebra\u00e7\u00e3o, que encerrou as atividades da Fraternidade, estavam presentes Frei Alberto Beckh\u00e4user, OFM, o assistente fundador, e o pai do neoprofesso Aristeu Bertelli.<\/p>\n<p>A liturgia foi preparada tendo em vista o tempo do Advento. No centro da mesa, foram colocadas quatro velas acesas ao redor da B\u00edblia. Durante o rito, as tr\u00eas velas, simbolizando a paz, a f\u00e9 e amor, foram apagadas depois de o leitor lembrar que suas chamas n\u00e3o foram alimentadas. Mas a quarta vela mostrou que a esperan\u00e7a de um mundo novo est\u00e1 viva no Menino Jesus.<em> \u201cPara construir a paz, aumentar a f\u00e9, permanecer no amor \u00e9 preciso sempre manter acesa a chama da esperan\u00e7a na vinda do Filho de Deus\u201d, disse Frei Est\u00eav\u00e3o<\/em>.<\/p>\n<p>Em seguida deu-se in\u00edcio ao rito de profiss\u00e3o conduzido pelo ministro da Fraternidade, Rosalvo Gon\u00e7alves Mota, e pelo formador Jo\u00e3o Pedro Fonseca, tendo como testemunhas as irm\u00e3s Marilena de Arruda Campos Rodrigues e Analtiva Silva Junqueira de Andrade. A singeleza do rito e os s\u00edmbolos da voca\u00e7\u00e3o franciscana, ofertados no altar, emocionaram a toda a comunidade.<\/p>\n","protected":false},"excerpt":{"rendered":"<p>OFS<\/p>\n","protected":false},"author":1,"featured_media":208898,"comment_status":"closed","ping_status":"open","sticky":false,"template":"","format":"standard","meta":[],"categories":[1],"tags":[60],"acf":[],"yoast_head":"<!-- This site is optimized with the Yoast SEO plugin v19.2 - https:\/\/yoast.com\/wordpress\/plugins\/seo\/ -->\n<title>Profiss\u00e3o solene na Fraternidade de Santa Clara - Not\u00edcias - Franciscanos<\/title>\n<meta name=\"robots\" content=\"index, follow, max-snippet:-1, max-image-preview:large, max-video-preview:-1\" \/>\n<link rel=\"canonical\" href=\"https:\/\/franciscanos.org.br\/noticias\/profissao-solene-na-fraternidade-de-santa-clara.html\" \/>\n<meta property=\"og:locale\" content=\"pt_BR\" \/>\n<meta property=\"og:type\" content=\"article\" \/>\n<meta property=\"og:title\" content=\"Profiss\u00e3o solene na Fraternidade de Santa Clara - Not\u00edcias - Franciscanos\" \/>\n<meta property=\"og:description\" content=\"OFS\" \/>\n<meta property=\"og:url\" content=\"https:\/\/franciscanos.org.br\/noticias\/profissao-solene-na-fraternidade-de-santa-clara.html\" \/>\n<meta property=\"og:site_name\" content=\"Not\u00edcias - Franciscanos\" \/>\n<meta property=\"article:published_time\" content=\"2012-12-19T09:26:55+00:00\" \/>\n<meta property=\"article:modified_time\" content=\"2020-11-10T16:57:13+00:00\" \/>\n<meta property=\"og:image\" content=\"https:\/\/franciscanos.org.br\/noticias\/wp-content\/uploads\/2012\/12\/ofs_c.jpg\" \/>\n\t<meta property=\"og:image:width\" content=\"273\" \/>\n\t<meta property=\"og:image:height\" content=\"181\" \/>\n\t<meta property=\"og:image:type\" content=\"image\/jpeg\" \/>\n<meta name=\"author\" content=\"admin\" \/>\n<meta name=\"twitter:card\" content=\"summary_large_image\" \/>\n<meta name=\"twitter:label1\" content=\"Escrito por\" \/>\n\t<meta name=\"twitter:data1\" content=\"admin\" \/>\n\t<meta name=\"twitter:label2\" content=\"Est. tempo de leitura\" \/>\n\t<meta name=\"twitter:data2\" content=\"1 minuto\" \/>\n<script type=\"application\/ld+json\" class=\"yoast-schema-graph\">{\"@context\":\"https:\/\/schema.org\",\"@graph\":[{\"@type\":\"WebSite\",\"@id\":\"https:\/\/franciscanos.org.br\/noticias\/#website\",\"url\":\"https:\/\/franciscanos.org.br\/noticias\/\",\"name\":\"Not\u00edcias - Franciscanos\",\"description\":\"Prov\u00edncia Franciscana da Imaculada Concei\u00e7\u00e3o do Brasil - Ordem dos Frades Menores - OFM\",\"potentialAction\":[{\"@type\":\"SearchAction\",\"target\":{\"@type\":\"EntryPoint\",\"urlTemplate\":\"https:\/\/franciscanos.org.br\/noticias\/?s={search_term_string}\"},\"query-input\":\"required name=search_term_string\"}],\"inLanguage\":\"pt-BR\"},{\"@type\":\"ImageObject\",\"inLanguage\":\"pt-BR\",\"@id\":\"https:\/\/franciscanos.org.br\/noticias\/profissao-solene-na-fraternidade-de-santa-clara.html#primaryimage\",\"url\":\"https:\/\/franciscanos.org.br\/noticias\/wp-content\/uploads\/2012\/12\/ofs_c.jpg\",\"contentUrl\":\"https:\/\/franciscanos.org.br\/noticias\/wp-content\/uploads\/2012\/12\/ofs_c.jpg\",\"width\":273,\"height\":181},{\"@type\":\"WebPage\",\"@id\":\"https:\/\/franciscanos.org.br\/noticias\/profissao-solene-na-fraternidade-de-santa-clara.html#webpage\",\"url\":\"https:\/\/franciscanos.org.br\/noticias\/profissao-solene-na-fraternidade-de-santa-clara.html\",\"name\":\"Profiss\u00e3o solene na Fraternidade de Santa Clara - Not\u00edcias - Franciscanos\",\"isPartOf\":{\"@id\":\"https:\/\/franciscanos.org.br\/noticias\/#website\"},\"primaryImageOfPage\":{\"@id\":\"https:\/\/franciscanos.org.br\/noticias\/profissao-solene-na-fraternidade-de-santa-clara.html#primaryimage\"},\"datePublished\":\"2012-12-19T09:26:55+00:00\",\"dateModified\":\"2020-11-10T16:57:13+00:00\",\"author\":{\"@id\":\"https:\/\/franciscanos.org.br\/noticias\/#\/schema\/person\/b38fbf43118f02820bd932f2e4b14ad3\"},\"breadcrumb\":{\"@id\":\"https:\/\/franciscanos.org.br\/noticias\/profissao-solene-na-fraternidade-de-santa-clara.html#breadcrumb\"},\"inLanguage\":\"pt-BR\",\"potentialAction\":[{\"@type\":\"ReadAction\",\"target\":[\"https:\/\/franciscanos.org.br\/noticias\/profissao-solene-na-fraternidade-de-santa-clara.html\"]}]},{\"@type\":\"BreadcrumbList\",\"@id\":\"https:\/\/franciscanos.org.br\/noticias\/profissao-solene-na-fraternidade-de-santa-clara.html#breadcrumb\",\"itemListElement\":[{\"@type\":\"ListItem\",\"position\":1,\"name\":\"Home\",\"item\":\"https:\/\/franciscanos.org.br\/noticias\"},{\"@type\":\"ListItem\",\"position\":2,\"name\":\"Profiss\u00e3o solene na Fraternidade de Santa Clara\"}]},{\"@type\":\"Person\",\"@id\":\"https:\/\/franciscanos.org.br\/noticias\/#\/schema\/person\/b38fbf43118f02820bd932f2e4b14ad3\",\"name\":\"admin\",\"image\":{\"@type\":\"ImageObject\",\"inLanguage\":\"pt-BR\",\"@id\":\"https:\/\/franciscanos.org.br\/noticias\/#\/schema\/person\/image\/\",\"url\":\"https:\/\/secure.gravatar.com\/avatar\/e8495742d34d0ba6448ea1c628263b3e?s=96&d=mm&r=g\",\"contentUrl\":\"https:\/\/secure.gravatar.com\/avatar\/e8495742d34d0ba6448ea1c628263b3e?s=96&d=mm&r=g\",\"caption\":\"admin\"},\"url\":\"https:\/\/franciscanos.org.br\/noticias\/author\/admin\"}]}<\/script>\n<!-- \/ Yoast SEO plugin. -->","yoast_head_json":{"title":"Profiss\u00e3o solene na Fraternidade de Santa Clara - Not\u00edcias - Franciscanos","robots":{"index":"index","follow":"follow","max-snippet":"max-snippet:-1","max-image-preview":"max-image-preview:large","max-video-preview":"max-video-preview:-1"},"canonical":"https:\/\/franciscanos.org.br\/noticias\/profissao-solene-na-fraternidade-de-santa-clara.html","og_locale":"pt_BR","og_type":"article","og_title":"Profiss\u00e3o solene na Fraternidade de Santa Clara - Not\u00edcias - Franciscanos","og_description":"OFS","og_url":"https:\/\/franciscanos.org.br\/noticias\/profissao-solene-na-fraternidade-de-santa-clara.html","og_site_name":"Not\u00edcias - Franciscanos","article_published_time":"2012-12-19T09:26:55+00:00","article_modified_time":"2020-11-10T16:57:13+00:00","og_image":[{"width":273,"height":181,"url":"https:\/\/franciscanos.org.br\/noticias\/wp-content\/uploads\/2012\/12\/ofs_c.jpg","type":"image\/jpeg"}],"author":"admin","twitter_card":"summary_large_image","twitter_misc":{"Escrito por":"admin","Est. tempo de leitura":"1 minuto"},"schema":{"@context":"https:\/\/schema.org","@graph":[{"@type":"WebSite","@id":"https:\/\/franciscanos.org.br\/noticias\/#website","url":"https:\/\/franciscanos.org.br\/noticias\/","name":"Not\u00edcias - Franciscanos","description":"Prov\u00edncia Franciscana da Imaculada Concei\u00e7\u00e3o do Brasil - Ordem dos Frades Menores - OFM","potentialAction":[{"@type":"SearchAction","target":{"@type":"EntryPoint","urlTemplate":"https:\/\/franciscanos.org.br\/noticias\/?s={search_term_string}"},"query-input":"required name=search_term_string"}],"inLanguage":"pt-BR"},{"@type":"ImageObject","inLanguage":"pt-BR","@id":"https:\/\/franciscanos.org.br\/noticias\/profissao-solene-na-fraternidade-de-santa-clara.html#primaryimage","url":"https:\/\/franciscanos.org.br\/noticias\/wp-content\/uploads\/2012\/12\/ofs_c.jpg","contentUrl":"https:\/\/franciscanos.org.br\/noticias\/wp-content\/uploads\/2012\/12\/ofs_c.jpg","width":273,"height":181},{"@type":"WebPage","@id":"https:\/\/franciscanos.org.br\/noticias\/profissao-solene-na-fraternidade-de-santa-clara.html#webpage","url":"https:\/\/franciscanos.org.br\/noticias\/profissao-solene-na-fraternidade-de-santa-clara.html","name":"Profiss\u00e3o solene na Fraternidade de Santa Clara - Not\u00edcias - Franciscanos","isPartOf":{"@id":"https:\/\/franciscanos.org.br\/noticias\/#website"},"primaryImageOfPage":{"@id":"https:\/\/franciscanos.org.br\/noticias\/profissao-solene-na-fraternidade-de-santa-clara.html#primaryimage"},"datePublished":"2012-12-19T09:26:55+00:00","dateModified":"2020-11-10T16:57:13+00:00","author":{"@id":"https:\/\/franciscanos.org.br\/noticias\/#\/schema\/person\/b38fbf43118f02820bd932f2e4b14ad3"},"breadcrumb":{"@id":"https:\/\/franciscanos.org.br\/noticias\/profissao-solene-na-fraternidade-de-santa-clara.html#breadcrumb"},"inLanguage":"pt-BR","potentialAction":[{"@type":"ReadAction","target":["https:\/\/franciscanos.org.br\/noticias\/profissao-solene-na-fraternidade-de-santa-clara.html"]}]},{"@type":"BreadcrumbList","@id":"https:\/\/franciscanos.org.br\/noticias\/profissao-solene-na-fraternidade-de-santa-clara.html#breadcrumb","itemListElement":[{"@type":"ListItem","position":1,"name":"Home","item":"https:\/\/franciscanos.org.br\/noticias"},{"@type":"ListItem","position":2,"name":"Profiss\u00e3o solene na Fraternidade de Santa Clara"}]},{"@type":"Person","@id":"https:\/\/franciscanos.org.br\/noticias\/#\/schema\/person\/b38fbf43118f02820bd932f2e4b14ad3","name":"admin","image":{"@type":"ImageObject","inLanguage":"pt-BR","@id":"https:\/\/franciscanos.org.br\/noticias\/#\/schema\/person\/image\/","url":"https:\/\/secure.gravatar.com\/avatar\/e8495742d34d0ba6448ea1c628263b3e?s=96&d=mm&r=g","contentUrl":"https:\/\/secure.gravatar.com\/avatar\/e8495742d34d0ba6448ea1c628263b3e?s=96&d=mm&r=g","caption":"admin"},"url":"https:\/\/franciscanos.org.br\/noticias\/author\/admin"}]}},"_links":{"self":[{"href":"https:\/\/franciscanos.org.br\/noticias\/wp-json\/wp\/v2\/posts\/31124"}],"collection":[{"href":"https:\/\/franciscanos.org.br\/noticias\/wp-json\/wp\/v2\/posts"}],"about":[{"href":"https:\/\/franciscanos.org.br\/noticias\/wp-json\/wp\/v2\/types\/post"}],"author":[{"embeddable":true,"href":"https:\/\/franciscanos.org.br\/noticias\/wp-json\/wp\/v2\/users\/1"}],"replies":[{"embeddable":true,"href":"https:\/\/franciscanos.org.br\/noticias\/wp-json\/wp\/v2\/comments?post=31124"}],"version-history":[{"count":1,"href":"https:\/\/franciscanos.org.br\/noticias\/wp-json\/wp\/v2\/posts\/31124\/revisions"}],"predecessor-version":[{"id":229195,"href":"https:\/\/franciscanos.org.br\/noticias\/wp-json\/wp\/v2\/posts\/31124\/revisions\/229195"}],"wp:featuredmedia":[{"embeddable":true,"href":"https:\/\/franciscanos.org.br\/noticias\/wp-json\/wp\/v2\/media\/208898"}],"wp:attachment":[{"href":"https:\/\/franciscanos.org.br\/noticias\/wp-json\/wp\/v2\/media?parent=31124"}],"wp:term":[{"taxonomy":"category","embeddable":true,"href":"https:\/\/franciscanos.org.br\/noticias\/wp-json\/wp\/v2\/categories?post=31124"},{"taxonomy":"post_tag","embeddable":true,"href":"https:\/\/franciscanos.org.br\/noticias\/wp-json\/wp\/v2\/tags?post=31124"}],"curies":[{"name":"wp","href":"https:\/\/api.w.org\/{rel}","templated":true}]}}