{"id":31044,"date":"2012-12-18T07:30:29","date_gmt":"2012-12-18T09:30:29","guid":{"rendered":"http:\/\/new.franciscanos.org.br\/?p=31044"},"modified":"2019-07-03T14:53:12","modified_gmt":"2019-07-03T17:53:12","slug":"vocacionados-estao-prontos-para-a-nova-etapa","status":"publish","type":"post","link":"https:\/\/franciscanos.org.br\/noticias\/vocacionados-estao-prontos-para-a-nova-etapa.html","title":{"rendered":"Vocacionados est\u00e3o prontos para a nova etapa"},"content":{"rendered":"<p><img loading=\"lazy\" title=\"sav_01\" src=\"http:\/\/franciscanos.org.br\/wp-content\/uploads\/2012\/12\/sav_01.jpg\" alt=\"\" width=\"830\" height=\"458\" \/><\/p>\n<p><strong>Frei Nazareno Jos\u00e9 L\u00fcdtke<\/strong><\/p>\n<p>Despedidas e o convite para um longo caminho a ser percorrido&#8230; Com estas disposi\u00e7\u00f5es, realizou-se, no dia 16 de dezembro, o \u00faltimo encontro do ano para os vocacionados do Convento de Santo Ant\u00f4nio do Largo da Carioca. O grupo, coordenado pelo Frei Nazareno Jos\u00e9 L\u00fcdtke, concluiu suas atividades com cinco jovens, que perseveraram, no decorrer do ano, e agora ter\u00e3o a oportunidade de \u201cver e seguir\u201d o convite do Divino Mestre, rumo ao caminho da doa\u00e7\u00e3o, na vida religiosa franciscana.<\/p>\n<p>O encontro teve in\u00edcio \u00e0s 10 horas, com a Santa Missa, celebrada pelo Frei Geraldo Hagedorn, recentemente transferido para o convento. Foi percept\u00edvel o carinho de todos os presentes na acolhida ao sacerdote. Ap\u00f3s a celebra\u00e7\u00e3o, houve o momento de troca de experi\u00eancias, quando se falou dos valores da gratuidade e da f\u00e9, pertinentes \u00e0 vida franciscana. Os instantes de reflex\u00e3o foram enriquecidos com a presen\u00e7a do postulante Hugo C\u00e2mara dos Santos, que ingressar\u00e1 no Noviciado da Prov\u00edncia Franciscana da Imaculada, em Rodeio (SC), no dia 12 de janeiro pr\u00f3ximo. A manh\u00e3 foi encerrada com o almo\u00e7o, com a presen\u00e7a dos freis, em momentos de verdadeira acolhida fraterna.<\/p>\n<p>\u00c0 tarde, os vocacionados se reuniram com Frei Nazareno para serem comunicados oficialmente do ingresso nesta primeira experi\u00eancia na Ordem Franciscana. Cada um dos jovens p\u00f4de, ainda, colocar as \u00faltimas d\u00favidas sobre este importante passo, tendo os esclarecimentos necess\u00e1rios. O encontro foi conclu\u00eddo \u00e0s 16 horas com o caf\u00e9 da tarde. Ao t\u00e9rmino de mais um ano de acompanhamento vocacional, que a esperan\u00e7a, caracter\u00edstica marcante do Advento, seja sempre a \u201cluz a conduzir\u201d os cora\u00e7\u00f5es dos jovens, na constru\u00e7\u00e3o da felicidade e da realiza\u00e7\u00e3o pessoal!<\/p>\n","protected":false},"excerpt":{"rendered":"<p>SAV-RJ<\/p>\n","protected":false},"author":1,"featured_media":207234,"comment_status":"closed","ping_status":"open","sticky":false,"template":"","format":"standard","meta":[],"categories":[1],"tags":[401,552],"acf":[],"yoast_head":"<!-- This site is optimized with the Yoast SEO plugin v19.2 - https:\/\/yoast.com\/wordpress\/plugins\/seo\/ -->\n<title>Vocacionados est\u00e3o prontos para a nova etapa - Not\u00edcias - Franciscanos<\/title>\n<meta name=\"robots\" content=\"index, follow, max-snippet:-1, max-image-preview:large, max-video-preview:-1\" \/>\n<link rel=\"canonical\" href=\"https:\/\/franciscanos.org.br\/noticias\/vocacionados-estao-prontos-para-a-nova-etapa.html\" \/>\n<meta property=\"og:locale\" content=\"pt_BR\" \/>\n<meta property=\"og:type\" content=\"article\" \/>\n<meta property=\"og:title\" content=\"Vocacionados est\u00e3o prontos para a nova etapa - Not\u00edcias - Franciscanos\" \/>\n<meta property=\"og:description\" content=\"SAV-RJ\" \/>\n<meta property=\"og:url\" content=\"https:\/\/franciscanos.org.br\/noticias\/vocacionados-estao-prontos-para-a-nova-etapa.html\" \/>\n<meta property=\"og:site_name\" content=\"Not\u00edcias - Franciscanos\" \/>\n<meta property=\"article:published_time\" content=\"2012-12-18T09:30:29+00:00\" \/>\n<meta property=\"article:modified_time\" content=\"2019-07-03T17:53:12+00:00\" \/>\n<meta property=\"og:image\" content=\"https:\/\/franciscanos.org.br\/noticias\/wp-content\/uploads\/2012\/12\/sav_01.jpg\" \/>\n\t<meta property=\"og:image:width\" content=\"273\" \/>\n\t<meta property=\"og:image:height\" content=\"181\" \/>\n\t<meta property=\"og:image:type\" content=\"image\/jpeg\" \/>\n<meta name=\"author\" content=\"admin\" \/>\n<meta name=\"twitter:card\" content=\"summary_large_image\" \/>\n<meta name=\"twitter:label1\" content=\"Escrito por\" \/>\n\t<meta name=\"twitter:data1\" content=\"admin\" \/>\n\t<meta name=\"twitter:label2\" content=\"Est. tempo de leitura\" \/>\n\t<meta name=\"twitter:data2\" content=\"2 minutos\" \/>\n<script type=\"application\/ld+json\" class=\"yoast-schema-graph\">{\"@context\":\"https:\/\/schema.org\",\"@graph\":[{\"@type\":\"WebSite\",\"@id\":\"https:\/\/franciscanos.org.br\/noticias\/#website\",\"url\":\"https:\/\/franciscanos.org.br\/noticias\/\",\"name\":\"Not\u00edcias - Franciscanos\",\"description\":\"Prov\u00edncia Franciscana da Imaculada Concei\u00e7\u00e3o do Brasil - Ordem dos Frades Menores - OFM\",\"potentialAction\":[{\"@type\":\"SearchAction\",\"target\":{\"@type\":\"EntryPoint\",\"urlTemplate\":\"https:\/\/franciscanos.org.br\/noticias\/?s={search_term_string}\"},\"query-input\":\"required name=search_term_string\"}],\"inLanguage\":\"pt-BR\"},{\"@type\":\"ImageObject\",\"inLanguage\":\"pt-BR\",\"@id\":\"https:\/\/franciscanos.org.br\/noticias\/vocacionados-estao-prontos-para-a-nova-etapa.html#primaryimage\",\"url\":\"https:\/\/franciscanos.org.br\/noticias\/wp-content\/uploads\/2012\/12\/sav_01.jpg\",\"contentUrl\":\"https:\/\/franciscanos.org.br\/noticias\/wp-content\/uploads\/2012\/12\/sav_01.jpg\",\"width\":273,\"height\":181},{\"@type\":\"WebPage\",\"@id\":\"https:\/\/franciscanos.org.br\/noticias\/vocacionados-estao-prontos-para-a-nova-etapa.html#webpage\",\"url\":\"https:\/\/franciscanos.org.br\/noticias\/vocacionados-estao-prontos-para-a-nova-etapa.html\",\"name\":\"Vocacionados est\u00e3o prontos para a nova etapa - Not\u00edcias - Franciscanos\",\"isPartOf\":{\"@id\":\"https:\/\/franciscanos.org.br\/noticias\/#website\"},\"primaryImageOfPage\":{\"@id\":\"https:\/\/franciscanos.org.br\/noticias\/vocacionados-estao-prontos-para-a-nova-etapa.html#primaryimage\"},\"datePublished\":\"2012-12-18T09:30:29+00:00\",\"dateModified\":\"2019-07-03T17:53:12+00:00\",\"author\":{\"@id\":\"https:\/\/franciscanos.org.br\/noticias\/#\/schema\/person\/b38fbf43118f02820bd932f2e4b14ad3\"},\"breadcrumb\":{\"@id\":\"https:\/\/franciscanos.org.br\/noticias\/vocacionados-estao-prontos-para-a-nova-etapa.html#breadcrumb\"},\"inLanguage\":\"pt-BR\",\"potentialAction\":[{\"@type\":\"ReadAction\",\"target\":[\"https:\/\/franciscanos.org.br\/noticias\/vocacionados-estao-prontos-para-a-nova-etapa.html\"]}]},{\"@type\":\"BreadcrumbList\",\"@id\":\"https:\/\/franciscanos.org.br\/noticias\/vocacionados-estao-prontos-para-a-nova-etapa.html#breadcrumb\",\"itemListElement\":[{\"@type\":\"ListItem\",\"position\":1,\"name\":\"Home\",\"item\":\"https:\/\/franciscanos.org.br\/noticias\"},{\"@type\":\"ListItem\",\"position\":2,\"name\":\"Vocacionados est\u00e3o prontos para a nova etapa\"}]},{\"@type\":\"Person\",\"@id\":\"https:\/\/franciscanos.org.br\/noticias\/#\/schema\/person\/b38fbf43118f02820bd932f2e4b14ad3\",\"name\":\"admin\",\"image\":{\"@type\":\"ImageObject\",\"inLanguage\":\"pt-BR\",\"@id\":\"https:\/\/franciscanos.org.br\/noticias\/#\/schema\/person\/image\/\",\"url\":\"https:\/\/secure.gravatar.com\/avatar\/e8495742d34d0ba6448ea1c628263b3e?s=96&d=mm&r=g\",\"contentUrl\":\"https:\/\/secure.gravatar.com\/avatar\/e8495742d34d0ba6448ea1c628263b3e?s=96&d=mm&r=g\",\"caption\":\"admin\"},\"url\":\"https:\/\/franciscanos.org.br\/noticias\/author\/admin\"}]}<\/script>\n<!-- \/ Yoast SEO plugin. -->","yoast_head_json":{"title":"Vocacionados est\u00e3o prontos para a nova etapa - Not\u00edcias - Franciscanos","robots":{"index":"index","follow":"follow","max-snippet":"max-snippet:-1","max-image-preview":"max-image-preview:large","max-video-preview":"max-video-preview:-1"},"canonical":"https:\/\/franciscanos.org.br\/noticias\/vocacionados-estao-prontos-para-a-nova-etapa.html","og_locale":"pt_BR","og_type":"article","og_title":"Vocacionados est\u00e3o prontos para a nova etapa - Not\u00edcias - Franciscanos","og_description":"SAV-RJ","og_url":"https:\/\/franciscanos.org.br\/noticias\/vocacionados-estao-prontos-para-a-nova-etapa.html","og_site_name":"Not\u00edcias - Franciscanos","article_published_time":"2012-12-18T09:30:29+00:00","article_modified_time":"2019-07-03T17:53:12+00:00","og_image":[{"width":273,"height":181,"url":"https:\/\/franciscanos.org.br\/noticias\/wp-content\/uploads\/2012\/12\/sav_01.jpg","type":"image\/jpeg"}],"author":"admin","twitter_card":"summary_large_image","twitter_misc":{"Escrito por":"admin","Est. tempo de leitura":"2 minutos"},"schema":{"@context":"https:\/\/schema.org","@graph":[{"@type":"WebSite","@id":"https:\/\/franciscanos.org.br\/noticias\/#website","url":"https:\/\/franciscanos.org.br\/noticias\/","name":"Not\u00edcias - Franciscanos","description":"Prov\u00edncia Franciscana da Imaculada Concei\u00e7\u00e3o do Brasil - Ordem dos Frades Menores - OFM","potentialAction":[{"@type":"SearchAction","target":{"@type":"EntryPoint","urlTemplate":"https:\/\/franciscanos.org.br\/noticias\/?s={search_term_string}"},"query-input":"required name=search_term_string"}],"inLanguage":"pt-BR"},{"@type":"ImageObject","inLanguage":"pt-BR","@id":"https:\/\/franciscanos.org.br\/noticias\/vocacionados-estao-prontos-para-a-nova-etapa.html#primaryimage","url":"https:\/\/franciscanos.org.br\/noticias\/wp-content\/uploads\/2012\/12\/sav_01.jpg","contentUrl":"https:\/\/franciscanos.org.br\/noticias\/wp-content\/uploads\/2012\/12\/sav_01.jpg","width":273,"height":181},{"@type":"WebPage","@id":"https:\/\/franciscanos.org.br\/noticias\/vocacionados-estao-prontos-para-a-nova-etapa.html#webpage","url":"https:\/\/franciscanos.org.br\/noticias\/vocacionados-estao-prontos-para-a-nova-etapa.html","name":"Vocacionados est\u00e3o prontos para a nova etapa - Not\u00edcias - Franciscanos","isPartOf":{"@id":"https:\/\/franciscanos.org.br\/noticias\/#website"},"primaryImageOfPage":{"@id":"https:\/\/franciscanos.org.br\/noticias\/vocacionados-estao-prontos-para-a-nova-etapa.html#primaryimage"},"datePublished":"2012-12-18T09:30:29+00:00","dateModified":"2019-07-03T17:53:12+00:00","author":{"@id":"https:\/\/franciscanos.org.br\/noticias\/#\/schema\/person\/b38fbf43118f02820bd932f2e4b14ad3"},"breadcrumb":{"@id":"https:\/\/franciscanos.org.br\/noticias\/vocacionados-estao-prontos-para-a-nova-etapa.html#breadcrumb"},"inLanguage":"pt-BR","potentialAction":[{"@type":"ReadAction","target":["https:\/\/franciscanos.org.br\/noticias\/vocacionados-estao-prontos-para-a-nova-etapa.html"]}]},{"@type":"BreadcrumbList","@id":"https:\/\/franciscanos.org.br\/noticias\/vocacionados-estao-prontos-para-a-nova-etapa.html#breadcrumb","itemListElement":[{"@type":"ListItem","position":1,"name":"Home","item":"https:\/\/franciscanos.org.br\/noticias"},{"@type":"ListItem","position":2,"name":"Vocacionados est\u00e3o prontos para a nova etapa"}]},{"@type":"Person","@id":"https:\/\/franciscanos.org.br\/noticias\/#\/schema\/person\/b38fbf43118f02820bd932f2e4b14ad3","name":"admin","image":{"@type":"ImageObject","inLanguage":"pt-BR","@id":"https:\/\/franciscanos.org.br\/noticias\/#\/schema\/person\/image\/","url":"https:\/\/secure.gravatar.com\/avatar\/e8495742d34d0ba6448ea1c628263b3e?s=96&d=mm&r=g","contentUrl":"https:\/\/secure.gravatar.com\/avatar\/e8495742d34d0ba6448ea1c628263b3e?s=96&d=mm&r=g","caption":"admin"},"url":"https:\/\/franciscanos.org.br\/noticias\/author\/admin"}]}},"_links":{"self":[{"href":"https:\/\/franciscanos.org.br\/noticias\/wp-json\/wp\/v2\/posts\/31044"}],"collection":[{"href":"https:\/\/franciscanos.org.br\/noticias\/wp-json\/wp\/v2\/posts"}],"about":[{"href":"https:\/\/franciscanos.org.br\/noticias\/wp-json\/wp\/v2\/types\/post"}],"author":[{"embeddable":true,"href":"https:\/\/franciscanos.org.br\/noticias\/wp-json\/wp\/v2\/users\/1"}],"replies":[{"embeddable":true,"href":"https:\/\/franciscanos.org.br\/noticias\/wp-json\/wp\/v2\/comments?post=31044"}],"version-history":[{"count":0,"href":"https:\/\/franciscanos.org.br\/noticias\/wp-json\/wp\/v2\/posts\/31044\/revisions"}],"wp:featuredmedia":[{"embeddable":true,"href":"https:\/\/franciscanos.org.br\/noticias\/wp-json\/wp\/v2\/media\/207234"}],"wp:attachment":[{"href":"https:\/\/franciscanos.org.br\/noticias\/wp-json\/wp\/v2\/media?parent=31044"}],"wp:term":[{"taxonomy":"category","embeddable":true,"href":"https:\/\/franciscanos.org.br\/noticias\/wp-json\/wp\/v2\/categories?post=31044"},{"taxonomy":"post_tag","embeddable":true,"href":"https:\/\/franciscanos.org.br\/noticias\/wp-json\/wp\/v2\/tags?post=31044"}],"curies":[{"name":"wp","href":"https:\/\/api.w.org\/{rel}","templated":true}]}}