{"id":30910,"date":"2012-12-14T07:51:06","date_gmt":"2012-12-14T09:51:06","guid":{"rendered":"http:\/\/new.franciscanos.org.br\/?p=30910"},"modified":"2019-01-29T17:18:21","modified_gmt":"2019-01-29T19:18:21","slug":"frei-evaldo-ludwig-renova-votos-religiosos-em-curitibanos","status":"publish","type":"post","link":"https:\/\/franciscanos.org.br\/noticias\/frei-evaldo-ludwig-renova-votos-religiosos-em-curitibanos.html","title":{"rendered":"Frei Evaldo Ludwig renova votos religiosos em Curitibanos"},"content":{"rendered":"<p><strong><img loading=\"lazy\" class=\"alignright size-full wp-image-30912\" title=\"edvaldo\" src=\"http:\/\/franciscanos.org.br\/wp-content\/uploads\/2012\/12\/edvaldo.jpg\" alt=\"\" width=\"450\" height=\"600\" \/><\/strong>Desde o dia 9 de fevereiro \u00faltimo, Frei Evaldo integrou a Fraternidade S\u00e3o Francisco Solano, em Curitibanos, SC, para um ano de est\u00e1gio pastoral. Durante esse tempo, inteirou-se da vida e miss\u00e3o da Fraternidade e se engajou em diversas atividades evangelizadoras da Par\u00f3quia.<\/p>\n<p>Como professo tempor\u00e1rio, ele tem que renovar anualmente os votos e sua profiss\u00e3o foi feita no \u00faltimo dia 8 de dezembro, \u00a0nas m\u00e3os de Frei M\u00e1rio Jos\u00e9 Knapik, guardi\u00e3o da Fraternidade. O ato religioso ocorreu na igreja Matriz, \u00e0s 10horas, na missa da Solenidade de Nossa Senhora Imaculada Concei\u00e7\u00e3o, Padroeira da Prov\u00edncia, da Par\u00f3quia e do Munic\u00edpio de Curitibanos, com uma liturgia bem preparada e animada pelo coral dos homens da par\u00f3quia. Al\u00e9m da participa\u00e7\u00e3o dos frades, das irm\u00e3s religiosas e dos leigos, enfatizamos a presen\u00e7a dos pais e familiares de Frei Evaldo, vindos de Gaspar, SC.<\/p>\n<p>Durante a celebra\u00e7\u00e3o, Frei M\u00e1rio fez uma reflex\u00e3o acerca da Solenidade de Nossa Senhora, da devo\u00e7\u00e3o de Francisco de Assis por ela e falou dos votos religiosos na vida do frade menor. Afirmou que Frei Evaldo, ao renovar os votos de obedi\u00eancia, castidade e pobreza, reassume o compromisso e a decis\u00e3o de viver o Evangelho e a pr\u00f3pria vida e Regra dos Frades Menores. A observ\u00e2ncia dos conselhos evang\u00e9licos revigora a voca\u00e7\u00e3o recebida como d\u00e1diva, gratuidade de Deus e reafirma a consagra\u00e7\u00e3o a Deus, Sumo e Eterno Bem, enfatizou.<\/p>\n<p>Ap\u00f3s o ato religioso, foi servido, no Centro Comunit\u00e1rio Frei Eliseu Tambosi, um almo\u00e7o para os familiares de Frei Evaldo e paroquianos.<\/p>\n<p><strong>Por Sandra Peruzzo, c<\/strong><strong>oordenadora dos Ministros da Par\u00f3quia<\/strong><\/p>\n","protected":false},"excerpt":{"rendered":"<p>Forma\u00e7\u00e3o e estudos<\/p>\n","protected":false},"author":1,"featured_media":198422,"comment_status":"closed","ping_status":"open","sticky":false,"template":"","format":"standard","meta":[],"categories":[1],"tags":[675],"acf":[],"yoast_head":"<!-- This site is optimized with the Yoast SEO plugin v19.2 - https:\/\/yoast.com\/wordpress\/plugins\/seo\/ -->\n<title>Frei Evaldo Ludwig renova votos religiosos em Curitibanos - Not\u00edcias - Franciscanos<\/title>\n<meta name=\"robots\" content=\"index, follow, max-snippet:-1, max-image-preview:large, max-video-preview:-1\" \/>\n<link rel=\"canonical\" href=\"https:\/\/franciscanos.org.br\/noticias\/frei-evaldo-ludwig-renova-votos-religiosos-em-curitibanos.html\" \/>\n<meta property=\"og:locale\" content=\"pt_BR\" \/>\n<meta property=\"og:type\" content=\"article\" \/>\n<meta property=\"og:title\" content=\"Frei Evaldo Ludwig renova votos religiosos em Curitibanos - Not\u00edcias - Franciscanos\" \/>\n<meta property=\"og:description\" content=\"Forma\u00e7\u00e3o e estudos\" \/>\n<meta property=\"og:url\" content=\"https:\/\/franciscanos.org.br\/noticias\/frei-evaldo-ludwig-renova-votos-religiosos-em-curitibanos.html\" \/>\n<meta property=\"og:site_name\" content=\"Not\u00edcias - Franciscanos\" \/>\n<meta property=\"article:published_time\" content=\"2012-12-14T09:51:06+00:00\" \/>\n<meta property=\"article:modified_time\" content=\"2019-01-29T19:18:21+00:00\" \/>\n<meta property=\"og:image\" content=\"https:\/\/franciscanos.org.br\/noticias\/wp-content\/uploads\/2012\/12\/edvaldo_d.jpg\" \/>\n\t<meta property=\"og:image:width\" content=\"273\" \/>\n\t<meta property=\"og:image:height\" content=\"181\" \/>\n\t<meta property=\"og:image:type\" content=\"image\/jpeg\" \/>\n<meta name=\"author\" content=\"admin\" \/>\n<meta name=\"twitter:card\" content=\"summary_large_image\" \/>\n<meta name=\"twitter:label1\" content=\"Escrito por\" \/>\n\t<meta name=\"twitter:data1\" content=\"admin\" \/>\n\t<meta name=\"twitter:label2\" content=\"Est. tempo de leitura\" \/>\n\t<meta name=\"twitter:data2\" content=\"1 minuto\" \/>\n<script type=\"application\/ld+json\" class=\"yoast-schema-graph\">{\"@context\":\"https:\/\/schema.org\",\"@graph\":[{\"@type\":\"WebSite\",\"@id\":\"https:\/\/franciscanos.org.br\/noticias\/#website\",\"url\":\"https:\/\/franciscanos.org.br\/noticias\/\",\"name\":\"Not\u00edcias - Franciscanos\",\"description\":\"Prov\u00edncia Franciscana da Imaculada Concei\u00e7\u00e3o do Brasil - Ordem dos Frades Menores - OFM\",\"potentialAction\":[{\"@type\":\"SearchAction\",\"target\":{\"@type\":\"EntryPoint\",\"urlTemplate\":\"https:\/\/franciscanos.org.br\/noticias\/?s={search_term_string}\"},\"query-input\":\"required name=search_term_string\"}],\"inLanguage\":\"pt-BR\"},{\"@type\":\"ImageObject\",\"inLanguage\":\"pt-BR\",\"@id\":\"https:\/\/franciscanos.org.br\/noticias\/frei-evaldo-ludwig-renova-votos-religiosos-em-curitibanos.html#primaryimage\",\"url\":\"https:\/\/franciscanos.org.br\/noticias\/wp-content\/uploads\/2012\/12\/edvaldo_d.jpg\",\"contentUrl\":\"https:\/\/franciscanos.org.br\/noticias\/wp-content\/uploads\/2012\/12\/edvaldo_d.jpg\",\"width\":273,\"height\":181},{\"@type\":\"WebPage\",\"@id\":\"https:\/\/franciscanos.org.br\/noticias\/frei-evaldo-ludwig-renova-votos-religiosos-em-curitibanos.html#webpage\",\"url\":\"https:\/\/franciscanos.org.br\/noticias\/frei-evaldo-ludwig-renova-votos-religiosos-em-curitibanos.html\",\"name\":\"Frei Evaldo Ludwig renova votos religiosos em Curitibanos - Not\u00edcias - Franciscanos\",\"isPartOf\":{\"@id\":\"https:\/\/franciscanos.org.br\/noticias\/#website\"},\"primaryImageOfPage\":{\"@id\":\"https:\/\/franciscanos.org.br\/noticias\/frei-evaldo-ludwig-renova-votos-religiosos-em-curitibanos.html#primaryimage\"},\"datePublished\":\"2012-12-14T09:51:06+00:00\",\"dateModified\":\"2019-01-29T19:18:21+00:00\",\"author\":{\"@id\":\"https:\/\/franciscanos.org.br\/noticias\/#\/schema\/person\/b38fbf43118f02820bd932f2e4b14ad3\"},\"breadcrumb\":{\"@id\":\"https:\/\/franciscanos.org.br\/noticias\/frei-evaldo-ludwig-renova-votos-religiosos-em-curitibanos.html#breadcrumb\"},\"inLanguage\":\"pt-BR\",\"potentialAction\":[{\"@type\":\"ReadAction\",\"target\":[\"https:\/\/franciscanos.org.br\/noticias\/frei-evaldo-ludwig-renova-votos-religiosos-em-curitibanos.html\"]}]},{\"@type\":\"BreadcrumbList\",\"@id\":\"https:\/\/franciscanos.org.br\/noticias\/frei-evaldo-ludwig-renova-votos-religiosos-em-curitibanos.html#breadcrumb\",\"itemListElement\":[{\"@type\":\"ListItem\",\"position\":1,\"name\":\"Home\",\"item\":\"https:\/\/franciscanos.org.br\/noticias\"},{\"@type\":\"ListItem\",\"position\":2,\"name\":\"Frei Evaldo Ludwig renova votos religiosos em Curitibanos\"}]},{\"@type\":\"Person\",\"@id\":\"https:\/\/franciscanos.org.br\/noticias\/#\/schema\/person\/b38fbf43118f02820bd932f2e4b14ad3\",\"name\":\"admin\",\"image\":{\"@type\":\"ImageObject\",\"inLanguage\":\"pt-BR\",\"@id\":\"https:\/\/franciscanos.org.br\/noticias\/#\/schema\/person\/image\/\",\"url\":\"https:\/\/secure.gravatar.com\/avatar\/e8495742d34d0ba6448ea1c628263b3e?s=96&d=mm&r=g\",\"contentUrl\":\"https:\/\/secure.gravatar.com\/avatar\/e8495742d34d0ba6448ea1c628263b3e?s=96&d=mm&r=g\",\"caption\":\"admin\"},\"url\":\"https:\/\/franciscanos.org.br\/noticias\/author\/admin\"}]}<\/script>\n<!-- \/ Yoast SEO plugin. -->","yoast_head_json":{"title":"Frei Evaldo Ludwig renova votos religiosos em Curitibanos - Not\u00edcias - Franciscanos","robots":{"index":"index","follow":"follow","max-snippet":"max-snippet:-1","max-image-preview":"max-image-preview:large","max-video-preview":"max-video-preview:-1"},"canonical":"https:\/\/franciscanos.org.br\/noticias\/frei-evaldo-ludwig-renova-votos-religiosos-em-curitibanos.html","og_locale":"pt_BR","og_type":"article","og_title":"Frei Evaldo Ludwig renova votos religiosos em Curitibanos - Not\u00edcias - Franciscanos","og_description":"Forma\u00e7\u00e3o e estudos","og_url":"https:\/\/franciscanos.org.br\/noticias\/frei-evaldo-ludwig-renova-votos-religiosos-em-curitibanos.html","og_site_name":"Not\u00edcias - Franciscanos","article_published_time":"2012-12-14T09:51:06+00:00","article_modified_time":"2019-01-29T19:18:21+00:00","og_image":[{"width":273,"height":181,"url":"https:\/\/franciscanos.org.br\/noticias\/wp-content\/uploads\/2012\/12\/edvaldo_d.jpg","type":"image\/jpeg"}],"author":"admin","twitter_card":"summary_large_image","twitter_misc":{"Escrito por":"admin","Est. tempo de leitura":"1 minuto"},"schema":{"@context":"https:\/\/schema.org","@graph":[{"@type":"WebSite","@id":"https:\/\/franciscanos.org.br\/noticias\/#website","url":"https:\/\/franciscanos.org.br\/noticias\/","name":"Not\u00edcias - Franciscanos","description":"Prov\u00edncia Franciscana da Imaculada Concei\u00e7\u00e3o do Brasil - Ordem dos Frades Menores - OFM","potentialAction":[{"@type":"SearchAction","target":{"@type":"EntryPoint","urlTemplate":"https:\/\/franciscanos.org.br\/noticias\/?s={search_term_string}"},"query-input":"required name=search_term_string"}],"inLanguage":"pt-BR"},{"@type":"ImageObject","inLanguage":"pt-BR","@id":"https:\/\/franciscanos.org.br\/noticias\/frei-evaldo-ludwig-renova-votos-religiosos-em-curitibanos.html#primaryimage","url":"https:\/\/franciscanos.org.br\/noticias\/wp-content\/uploads\/2012\/12\/edvaldo_d.jpg","contentUrl":"https:\/\/franciscanos.org.br\/noticias\/wp-content\/uploads\/2012\/12\/edvaldo_d.jpg","width":273,"height":181},{"@type":"WebPage","@id":"https:\/\/franciscanos.org.br\/noticias\/frei-evaldo-ludwig-renova-votos-religiosos-em-curitibanos.html#webpage","url":"https:\/\/franciscanos.org.br\/noticias\/frei-evaldo-ludwig-renova-votos-religiosos-em-curitibanos.html","name":"Frei Evaldo Ludwig renova votos religiosos em Curitibanos - Not\u00edcias - Franciscanos","isPartOf":{"@id":"https:\/\/franciscanos.org.br\/noticias\/#website"},"primaryImageOfPage":{"@id":"https:\/\/franciscanos.org.br\/noticias\/frei-evaldo-ludwig-renova-votos-religiosos-em-curitibanos.html#primaryimage"},"datePublished":"2012-12-14T09:51:06+00:00","dateModified":"2019-01-29T19:18:21+00:00","author":{"@id":"https:\/\/franciscanos.org.br\/noticias\/#\/schema\/person\/b38fbf43118f02820bd932f2e4b14ad3"},"breadcrumb":{"@id":"https:\/\/franciscanos.org.br\/noticias\/frei-evaldo-ludwig-renova-votos-religiosos-em-curitibanos.html#breadcrumb"},"inLanguage":"pt-BR","potentialAction":[{"@type":"ReadAction","target":["https:\/\/franciscanos.org.br\/noticias\/frei-evaldo-ludwig-renova-votos-religiosos-em-curitibanos.html"]}]},{"@type":"BreadcrumbList","@id":"https:\/\/franciscanos.org.br\/noticias\/frei-evaldo-ludwig-renova-votos-religiosos-em-curitibanos.html#breadcrumb","itemListElement":[{"@type":"ListItem","position":1,"name":"Home","item":"https:\/\/franciscanos.org.br\/noticias"},{"@type":"ListItem","position":2,"name":"Frei Evaldo Ludwig renova votos religiosos em Curitibanos"}]},{"@type":"Person","@id":"https:\/\/franciscanos.org.br\/noticias\/#\/schema\/person\/b38fbf43118f02820bd932f2e4b14ad3","name":"admin","image":{"@type":"ImageObject","inLanguage":"pt-BR","@id":"https:\/\/franciscanos.org.br\/noticias\/#\/schema\/person\/image\/","url":"https:\/\/secure.gravatar.com\/avatar\/e8495742d34d0ba6448ea1c628263b3e?s=96&d=mm&r=g","contentUrl":"https:\/\/secure.gravatar.com\/avatar\/e8495742d34d0ba6448ea1c628263b3e?s=96&d=mm&r=g","caption":"admin"},"url":"https:\/\/franciscanos.org.br\/noticias\/author\/admin"}]}},"_links":{"self":[{"href":"https:\/\/franciscanos.org.br\/noticias\/wp-json\/wp\/v2\/posts\/30910"}],"collection":[{"href":"https:\/\/franciscanos.org.br\/noticias\/wp-json\/wp\/v2\/posts"}],"about":[{"href":"https:\/\/franciscanos.org.br\/noticias\/wp-json\/wp\/v2\/types\/post"}],"author":[{"embeddable":true,"href":"https:\/\/franciscanos.org.br\/noticias\/wp-json\/wp\/v2\/users\/1"}],"replies":[{"embeddable":true,"href":"https:\/\/franciscanos.org.br\/noticias\/wp-json\/wp\/v2\/comments?post=30910"}],"version-history":[{"count":0,"href":"https:\/\/franciscanos.org.br\/noticias\/wp-json\/wp\/v2\/posts\/30910\/revisions"}],"wp:featuredmedia":[{"embeddable":true,"href":"https:\/\/franciscanos.org.br\/noticias\/wp-json\/wp\/v2\/media\/198422"}],"wp:attachment":[{"href":"https:\/\/franciscanos.org.br\/noticias\/wp-json\/wp\/v2\/media?parent=30910"}],"wp:term":[{"taxonomy":"category","embeddable":true,"href":"https:\/\/franciscanos.org.br\/noticias\/wp-json\/wp\/v2\/categories?post=30910"},{"taxonomy":"post_tag","embeddable":true,"href":"https:\/\/franciscanos.org.br\/noticias\/wp-json\/wp\/v2\/tags?post=30910"}],"curies":[{"name":"wp","href":"https:\/\/api.w.org\/{rel}","templated":true}]}}