{"id":30454,"date":"2012-12-11T07:34:42","date_gmt":"2012-12-11T09:34:42","guid":{"rendered":"http:\/\/new.franciscanos.org.br\/?p=30454"},"modified":"2020-11-10T13:59:10","modified_gmt":"2020-11-10T16:59:10","slug":"ofs-professa-dois-novos-irmaos-em-nilopolis","status":"publish","type":"post","link":"https:\/\/franciscanos.org.br\/noticias\/ofs-professa-dois-novos-irmaos-em-nilopolis.html","title":{"rendered":"OFS professa dois novos irm\u00e3os em Nil\u00f3polis"},"content":{"rendered":"<p><strong><img loading=\"lazy\" class=\"alignright size-full wp-image-30455\" title=\"porfissao_solene1\" src=\"http:\/\/franciscanos.org.br\/wp-content\/uploads\/2012\/12\/porfissao_solene1.jpg\" alt=\"\" width=\"450\" height=\"338\" \/><\/strong>A manh\u00e3 do \u00faltimo domingo foi de grande alegria e emo\u00e7\u00e3o para os franciscanos seculares da Fraternidade Nossa Senhora Aparecida de Nil\u00f3polis. A fraternidade local celebrou com entusiasmo a profiss\u00e3o solene dos irm\u00e3os Cl\u00e1udio da Rocha Santos e S\u00e9rgio Lib\u00f3rio Sales ocorrida durante a Santa Missa presidida pelo frei Paulo Roberto Santos Santana, ofm, e concelebrada pelo di\u00e1cono da Diocese de Nova Igua\u00e7u, Ant\u00f4nio Luciano de Arruda Nascimento.<\/p>\n<p>A profiss\u00e3o contou ainda com a presen\u00e7a dos irm\u00e3os das fraternidades Santo Ant\u00f4nio, de Duque de Caxias, e S\u00e3o Sebasti\u00e3o, dos frades capuchinhos da Tijuca. No in\u00edcio da celebra\u00e7\u00e3o, frei Paulo saudou a todos os irm\u00e3os das fraternidades presentes e em sua homilia explicou o sentido e a import\u00e2ncia p\u00fablica do rito da profiss\u00e3o definitiva dos irm\u00e3os da Ordem Franciscana Secular e o compromisso que assumem diante de Deus e da Igreja para o seguimento do carisma franciscano.<\/p>\n<p>Frei Paulo ressaltou que os votos firmados solenemente devem ser vividos com \u2018teimosia\u2019 e um pouco de \u2018loucura\u2019, mas sem abandonar o esp\u00edrito de pobreza, obedi\u00eancia e castidade, sobretudo, no trato com os irm\u00e3os e na vida em fraternidade e no servi\u00e7o a Igreja levando com entusiasmo a Paz e o Bem ao mundo. Frei Paulo destacou que seu papel de assistente \u00e9 fazer com que a fraternidade zele por sua identidade franciscana e se mantenha fiel ao carisma deixado pelo Ser\u00e1fico Pai S\u00e3o Francisco e por Santa Clara.<\/p>\n<p><img loading=\"lazy\" class=\"alignleft size-full wp-image-30456\" title=\"porfissao_solene2\" src=\"http:\/\/franciscanos.org.br\/wp-content\/uploads\/2012\/12\/porfissao_solene2.jpg\" alt=\"\" width=\"402\" height=\"279\" \/>Logo ap\u00f3s foi deu-se in\u00edcio ao rito de profiss\u00e3o conduzido pelo ministro da fraternidade, M\u00e1rcio Bernardo Ramos e pelo formador Jo\u00e3o L\u00e9llis, tendo como testemunha o irm\u00e3o Jefferson Eduardo, ex-ministro da fraternidade. A singeleza do rito e os s\u00edmbolos da voca\u00e7\u00e3o franciscana ofertados no altar emocionaram a toda a comunidade presente que ao t\u00e9rmino aplaudiu calorosamente os rec\u00e9m-professos.<\/p>\n<p>Os dois irm\u00e3os que se professaram escolheram como lema de profiss\u00e3o \u2018O Esp\u00edrito do Senhor est\u00e1 sobre mim, porque Ele me ungiu para anunciar a Boa Nova aos pobres\u2019 (Lc 4,18), demonstra o desejo desses irm\u00e3os em \u201cobservar o Evangelho de Nosso Senhor Jesus Cristo segundo o exemplo de S\u00e3o Francisco, que fez do Cristo o inspirador e o centro de sua vida com Deus e os homens\u201d.<\/p>\n<p>Ap\u00f3s a celebra\u00e7\u00e3o da profiss\u00e3o solene, os irm\u00e3os se reuniram para concluir o Cap\u00edtulo Avaliativo e festejar esse importante momento da vida em fraternidade com um almo\u00e7o partilhado e o tradicional amigo oculto que animou o dia e fortaleceu ainda mais os la\u00e7os fraternos entre os irm\u00e3os e visitantes.<strong>\u00a0<\/strong><\/p>\n<p><strong>Breve hist\u00f3ria da Ordem Franciscana Secular<\/strong><\/p>\n<p><img loading=\"lazy\" class=\"alignright size-full wp-image-30457\" title=\"porfissao_solene3\" src=\"http:\/\/franciscanos.org.br\/wp-content\/uploads\/2012\/12\/porfissao_solene3.jpg\" alt=\"\" width=\"450\" height=\"338\" \/>A Ordem dos Frades Menores (OFM) nasceu em 1210, e a Ordem de Santa Clara (as Clarissas), em 1212. Foi tamb\u00e9m nessa \u00e9poca que nasceu a Ordem Franciscana Secular (OFS), tendo como ideal viver o Evangelho em todos os lugares onde se encontravam. Homens e mulheres, casados e solteiros, em meio \u00e0s fam\u00edlias, buscando viver o mesmo ideal que tanto atraiu Francisco de Assis. A Ordem foi aprovada pelo Papa Hon\u00f3rio III em 1221. Luqu\u00e9sio e Buonadona s\u00e3o considerados os primeiros franciscanos seculares que, segundo a tradi\u00e7\u00e3o, foi o primeiro casal que S\u00e3o Francisco aceitou na Ordem Secular daquele tempo.<\/p>\n<p>Hoje, mais do que nunca, os Franciscanos Seculares sentem-se comprometidos a viver o Evangelho cada dia e em toda circunst\u00e2ncia, segundo a pr\u00f3pria voca\u00e7\u00e3o e os dons recebidos. A OFS apresenta-se como uma experi\u00eancia de vida crist\u00e3, partilhada por mulheres e homens sem discrimina\u00e7\u00e3o, sendo hoje um verdadeiro ex\u00e9rcito franciscano de Deus espalhado por todo o mundo.<\/p>\n<p>\u201cA Ordem Franciscana Secular \u00e9 a mais antiga forma de organiza\u00e7\u00e3o de Leigos que, guiados pela Igreja, unidos em fraternidade e inspirando-se no ideal de S\u00e3o Francisco de Assis, se empenham em testemunhar com a vida o Evangelho de Jesus Cristo e se dedicam ao apostolado no estado laical\u201d. (beato Jo\u00e3o Paulo II)<\/p>\n","protected":false},"excerpt":{"rendered":"<p>OFS<\/p>\n","protected":false},"author":1,"featured_media":214761,"comment_status":"closed","ping_status":"open","sticky":false,"template":"","format":"standard","meta":[],"categories":[1],"tags":[778,60],"acf":[],"yoast_head":"<!-- This site is optimized with the Yoast SEO plugin v19.2 - https:\/\/yoast.com\/wordpress\/plugins\/seo\/ -->\n<title>OFS professa dois novos irm\u00e3os em Nil\u00f3polis - Not\u00edcias - Franciscanos<\/title>\n<meta name=\"robots\" content=\"index, follow, max-snippet:-1, max-image-preview:large, max-video-preview:-1\" \/>\n<link rel=\"canonical\" href=\"https:\/\/franciscanos.org.br\/noticias\/ofs-professa-dois-novos-irmaos-em-nilopolis.html\" \/>\n<meta property=\"og:locale\" content=\"pt_BR\" \/>\n<meta property=\"og:type\" content=\"article\" \/>\n<meta property=\"og:title\" content=\"OFS professa dois novos irm\u00e3os em Nil\u00f3polis - Not\u00edcias - Franciscanos\" \/>\n<meta property=\"og:description\" content=\"OFS\" \/>\n<meta property=\"og:url\" content=\"https:\/\/franciscanos.org.br\/noticias\/ofs-professa-dois-novos-irmaos-em-nilopolis.html\" \/>\n<meta property=\"og:site_name\" content=\"Not\u00edcias - Franciscanos\" \/>\n<meta property=\"article:published_time\" content=\"2012-12-11T09:34:42+00:00\" \/>\n<meta property=\"article:modified_time\" content=\"2020-11-10T16:59:10+00:00\" \/>\n<meta property=\"og:image\" content=\"https:\/\/franciscanos.org.br\/noticias\/wp-content\/uploads\/2012\/12\/porfissao_solene1.jpg\" \/>\n\t<meta property=\"og:image:width\" content=\"273\" \/>\n\t<meta property=\"og:image:height\" content=\"181\" \/>\n\t<meta property=\"og:image:type\" content=\"image\/jpeg\" \/>\n<meta name=\"author\" content=\"admin\" \/>\n<meta name=\"twitter:card\" content=\"summary_large_image\" \/>\n<meta name=\"twitter:label1\" content=\"Escrito por\" \/>\n\t<meta name=\"twitter:data1\" content=\"admin\" \/>\n\t<meta name=\"twitter:label2\" content=\"Est. tempo de leitura\" \/>\n\t<meta name=\"twitter:data2\" content=\"3 minutos\" \/>\n<script type=\"application\/ld+json\" class=\"yoast-schema-graph\">{\"@context\":\"https:\/\/schema.org\",\"@graph\":[{\"@type\":\"WebSite\",\"@id\":\"https:\/\/franciscanos.org.br\/noticias\/#website\",\"url\":\"https:\/\/franciscanos.org.br\/noticias\/\",\"name\":\"Not\u00edcias - Franciscanos\",\"description\":\"Prov\u00edncia Franciscana da Imaculada Concei\u00e7\u00e3o do Brasil - Ordem dos Frades Menores - OFM\",\"potentialAction\":[{\"@type\":\"SearchAction\",\"target\":{\"@type\":\"EntryPoint\",\"urlTemplate\":\"https:\/\/franciscanos.org.br\/noticias\/?s={search_term_string}\"},\"query-input\":\"required name=search_term_string\"}],\"inLanguage\":\"pt-BR\"},{\"@type\":\"ImageObject\",\"inLanguage\":\"pt-BR\",\"@id\":\"https:\/\/franciscanos.org.br\/noticias\/ofs-professa-dois-novos-irmaos-em-nilopolis.html#primaryimage\",\"url\":\"https:\/\/franciscanos.org.br\/noticias\/wp-content\/uploads\/2012\/12\/porfissao_solene1.jpg\",\"contentUrl\":\"https:\/\/franciscanos.org.br\/noticias\/wp-content\/uploads\/2012\/12\/porfissao_solene1.jpg\",\"width\":273,\"height\":181},{\"@type\":\"WebPage\",\"@id\":\"https:\/\/franciscanos.org.br\/noticias\/ofs-professa-dois-novos-irmaos-em-nilopolis.html#webpage\",\"url\":\"https:\/\/franciscanos.org.br\/noticias\/ofs-professa-dois-novos-irmaos-em-nilopolis.html\",\"name\":\"OFS professa dois novos irm\u00e3os em Nil\u00f3polis - Not\u00edcias - Franciscanos\",\"isPartOf\":{\"@id\":\"https:\/\/franciscanos.org.br\/noticias\/#website\"},\"primaryImageOfPage\":{\"@id\":\"https:\/\/franciscanos.org.br\/noticias\/ofs-professa-dois-novos-irmaos-em-nilopolis.html#primaryimage\"},\"datePublished\":\"2012-12-11T09:34:42+00:00\",\"dateModified\":\"2020-11-10T16:59:10+00:00\",\"author\":{\"@id\":\"https:\/\/franciscanos.org.br\/noticias\/#\/schema\/person\/b38fbf43118f02820bd932f2e4b14ad3\"},\"breadcrumb\":{\"@id\":\"https:\/\/franciscanos.org.br\/noticias\/ofs-professa-dois-novos-irmaos-em-nilopolis.html#breadcrumb\"},\"inLanguage\":\"pt-BR\",\"potentialAction\":[{\"@type\":\"ReadAction\",\"target\":[\"https:\/\/franciscanos.org.br\/noticias\/ofs-professa-dois-novos-irmaos-em-nilopolis.html\"]}]},{\"@type\":\"BreadcrumbList\",\"@id\":\"https:\/\/franciscanos.org.br\/noticias\/ofs-professa-dois-novos-irmaos-em-nilopolis.html#breadcrumb\",\"itemListElement\":[{\"@type\":\"ListItem\",\"position\":1,\"name\":\"Home\",\"item\":\"https:\/\/franciscanos.org.br\/noticias\"},{\"@type\":\"ListItem\",\"position\":2,\"name\":\"OFS professa dois novos irm\u00e3os em Nil\u00f3polis\"}]},{\"@type\":\"Person\",\"@id\":\"https:\/\/franciscanos.org.br\/noticias\/#\/schema\/person\/b38fbf43118f02820bd932f2e4b14ad3\",\"name\":\"admin\",\"image\":{\"@type\":\"ImageObject\",\"inLanguage\":\"pt-BR\",\"@id\":\"https:\/\/franciscanos.org.br\/noticias\/#\/schema\/person\/image\/\",\"url\":\"https:\/\/secure.gravatar.com\/avatar\/e8495742d34d0ba6448ea1c628263b3e?s=96&d=mm&r=g\",\"contentUrl\":\"https:\/\/secure.gravatar.com\/avatar\/e8495742d34d0ba6448ea1c628263b3e?s=96&d=mm&r=g\",\"caption\":\"admin\"},\"url\":\"https:\/\/franciscanos.org.br\/noticias\/author\/admin\"}]}<\/script>\n<!-- \/ Yoast SEO plugin. -->","yoast_head_json":{"title":"OFS professa dois novos irm\u00e3os em Nil\u00f3polis - Not\u00edcias - Franciscanos","robots":{"index":"index","follow":"follow","max-snippet":"max-snippet:-1","max-image-preview":"max-image-preview:large","max-video-preview":"max-video-preview:-1"},"canonical":"https:\/\/franciscanos.org.br\/noticias\/ofs-professa-dois-novos-irmaos-em-nilopolis.html","og_locale":"pt_BR","og_type":"article","og_title":"OFS professa dois novos irm\u00e3os em Nil\u00f3polis - Not\u00edcias - Franciscanos","og_description":"OFS","og_url":"https:\/\/franciscanos.org.br\/noticias\/ofs-professa-dois-novos-irmaos-em-nilopolis.html","og_site_name":"Not\u00edcias - Franciscanos","article_published_time":"2012-12-11T09:34:42+00:00","article_modified_time":"2020-11-10T16:59:10+00:00","og_image":[{"width":273,"height":181,"url":"https:\/\/franciscanos.org.br\/noticias\/wp-content\/uploads\/2012\/12\/porfissao_solene1.jpg","type":"image\/jpeg"}],"author":"admin","twitter_card":"summary_large_image","twitter_misc":{"Escrito por":"admin","Est. tempo de leitura":"3 minutos"},"schema":{"@context":"https:\/\/schema.org","@graph":[{"@type":"WebSite","@id":"https:\/\/franciscanos.org.br\/noticias\/#website","url":"https:\/\/franciscanos.org.br\/noticias\/","name":"Not\u00edcias - Franciscanos","description":"Prov\u00edncia Franciscana da Imaculada Concei\u00e7\u00e3o do Brasil - Ordem dos Frades Menores - OFM","potentialAction":[{"@type":"SearchAction","target":{"@type":"EntryPoint","urlTemplate":"https:\/\/franciscanos.org.br\/noticias\/?s={search_term_string}"},"query-input":"required name=search_term_string"}],"inLanguage":"pt-BR"},{"@type":"ImageObject","inLanguage":"pt-BR","@id":"https:\/\/franciscanos.org.br\/noticias\/ofs-professa-dois-novos-irmaos-em-nilopolis.html#primaryimage","url":"https:\/\/franciscanos.org.br\/noticias\/wp-content\/uploads\/2012\/12\/porfissao_solene1.jpg","contentUrl":"https:\/\/franciscanos.org.br\/noticias\/wp-content\/uploads\/2012\/12\/porfissao_solene1.jpg","width":273,"height":181},{"@type":"WebPage","@id":"https:\/\/franciscanos.org.br\/noticias\/ofs-professa-dois-novos-irmaos-em-nilopolis.html#webpage","url":"https:\/\/franciscanos.org.br\/noticias\/ofs-professa-dois-novos-irmaos-em-nilopolis.html","name":"OFS professa dois novos irm\u00e3os em Nil\u00f3polis - Not\u00edcias - Franciscanos","isPartOf":{"@id":"https:\/\/franciscanos.org.br\/noticias\/#website"},"primaryImageOfPage":{"@id":"https:\/\/franciscanos.org.br\/noticias\/ofs-professa-dois-novos-irmaos-em-nilopolis.html#primaryimage"},"datePublished":"2012-12-11T09:34:42+00:00","dateModified":"2020-11-10T16:59:10+00:00","author":{"@id":"https:\/\/franciscanos.org.br\/noticias\/#\/schema\/person\/b38fbf43118f02820bd932f2e4b14ad3"},"breadcrumb":{"@id":"https:\/\/franciscanos.org.br\/noticias\/ofs-professa-dois-novos-irmaos-em-nilopolis.html#breadcrumb"},"inLanguage":"pt-BR","potentialAction":[{"@type":"ReadAction","target":["https:\/\/franciscanos.org.br\/noticias\/ofs-professa-dois-novos-irmaos-em-nilopolis.html"]}]},{"@type":"BreadcrumbList","@id":"https:\/\/franciscanos.org.br\/noticias\/ofs-professa-dois-novos-irmaos-em-nilopolis.html#breadcrumb","itemListElement":[{"@type":"ListItem","position":1,"name":"Home","item":"https:\/\/franciscanos.org.br\/noticias"},{"@type":"ListItem","position":2,"name":"OFS professa dois novos irm\u00e3os em Nil\u00f3polis"}]},{"@type":"Person","@id":"https:\/\/franciscanos.org.br\/noticias\/#\/schema\/person\/b38fbf43118f02820bd932f2e4b14ad3","name":"admin","image":{"@type":"ImageObject","inLanguage":"pt-BR","@id":"https:\/\/franciscanos.org.br\/noticias\/#\/schema\/person\/image\/","url":"https:\/\/secure.gravatar.com\/avatar\/e8495742d34d0ba6448ea1c628263b3e?s=96&d=mm&r=g","contentUrl":"https:\/\/secure.gravatar.com\/avatar\/e8495742d34d0ba6448ea1c628263b3e?s=96&d=mm&r=g","caption":"admin"},"url":"https:\/\/franciscanos.org.br\/noticias\/author\/admin"}]}},"_links":{"self":[{"href":"https:\/\/franciscanos.org.br\/noticias\/wp-json\/wp\/v2\/posts\/30454"}],"collection":[{"href":"https:\/\/franciscanos.org.br\/noticias\/wp-json\/wp\/v2\/posts"}],"about":[{"href":"https:\/\/franciscanos.org.br\/noticias\/wp-json\/wp\/v2\/types\/post"}],"author":[{"embeddable":true,"href":"https:\/\/franciscanos.org.br\/noticias\/wp-json\/wp\/v2\/users\/1"}],"replies":[{"embeddable":true,"href":"https:\/\/franciscanos.org.br\/noticias\/wp-json\/wp\/v2\/comments?post=30454"}],"version-history":[{"count":1,"href":"https:\/\/franciscanos.org.br\/noticias\/wp-json\/wp\/v2\/posts\/30454\/revisions"}],"predecessor-version":[{"id":229197,"href":"https:\/\/franciscanos.org.br\/noticias\/wp-json\/wp\/v2\/posts\/30454\/revisions\/229197"}],"wp:featuredmedia":[{"embeddable":true,"href":"https:\/\/franciscanos.org.br\/noticias\/wp-json\/wp\/v2\/media\/214761"}],"wp:attachment":[{"href":"https:\/\/franciscanos.org.br\/noticias\/wp-json\/wp\/v2\/media?parent=30454"}],"wp:term":[{"taxonomy":"category","embeddable":true,"href":"https:\/\/franciscanos.org.br\/noticias\/wp-json\/wp\/v2\/categories?post=30454"},{"taxonomy":"post_tag","embeddable":true,"href":"https:\/\/franciscanos.org.br\/noticias\/wp-json\/wp\/v2\/tags?post=30454"}],"curies":[{"name":"wp","href":"https:\/\/api.w.org\/{rel}","templated":true}]}}