{"id":30340,"date":"2012-12-10T08:20:09","date_gmt":"2012-12-10T10:20:09","guid":{"rendered":"http:\/\/new.franciscanos.org.br\/?p=30340"},"modified":"2021-07-20T11:28:12","modified_gmt":"2021-07-20T14:28:12","slug":"noviciado-celebra-jubileu-de-frei-abel","status":"publish","type":"post","link":"https:\/\/franciscanos.org.br\/noticias\/noviciado-celebra-jubileu-de-frei-abel.html","title":{"rendered":"Noviciado celebra jubileu de Frei Abel"},"content":{"rendered":"<p>Na alegria de celebrar a solenidade da Imaculada Concei\u00e7\u00e3o de Maria colocamo-nos em comunh\u00e3o com toda a Prov\u00edncia, rezando pelos nossos confrades jubilares, em especial por Frei Abel Schneider, que completa 65 anos de Vida Religiosa Franciscana.<\/p>\n<p>A celebra\u00e7\u00e3o foi presidida pelo guardi\u00e3o da fraternidade, Frei Valdir Laurentino,\u00a0 o qual em sua homilia associou o Jubileu com a Alegria que pulsou no cora\u00e7\u00e3o de Maria, fazendo-a plenamente confiante em Deus, mesmo nos momentos mais dif\u00edceis.<\/p>\n<p><img loading=\"lazy\" class=\"alignleft\" title=\"frabel\" src=\"http:\/\/franciscanos.org.br\/wp-content\/uploads\/2012\/12\/frabel.jpg\" alt=\"\" width=\"400\" height=\"300\" \/>Dando seq\u00fc\u00eancia \u00e0 celebra\u00e7\u00e3o, Frei Abel renovou sua consagra\u00e7\u00e3o feita a Deus h\u00e1 65 anos.<\/p>\n<p>As comemora\u00e7\u00f5es continuaram durante o caf\u00e9, passando pelo almo\u00e7o e encerrando com o recreio \u00e0 noite.<\/p>\n<p>Desejamos ao Frei Abel e ao Frei Osmar Dalazen, que completa 25 anos de Vida Religiosa Franciscana e se fez presente na celebra\u00e7\u00e3o provincial em S\u00e3o Paulo, muita perseveran\u00e7a na busca de continuar vivendo o Evangelho em Fraternidade e Minoridade com f\u00e9, esperan\u00e7a e caridade.<\/p>\n<p><strong>Fraternidade do Noviciado<\/strong><\/p>\n","protected":false},"excerpt":{"rendered":"<p>Jubileu<\/p>\n","protected":false},"author":1,"featured_media":204313,"comment_status":"open","ping_status":"open","sticky":false,"template":"","format":"standard","meta":[],"categories":[1],"tags":[1870],"acf":[],"yoast_head":"<!-- This site is optimized with the Yoast SEO plugin v19.2 - https:\/\/yoast.com\/wordpress\/plugins\/seo\/ -->\n<title>Noviciado celebra jubileu de Frei Abel - Not\u00edcias - Franciscanos<\/title>\n<meta name=\"robots\" content=\"index, follow, max-snippet:-1, max-image-preview:large, max-video-preview:-1\" \/>\n<link rel=\"canonical\" href=\"https:\/\/franciscanos.org.br\/noticias\/noviciado-celebra-jubileu-de-frei-abel.html\" \/>\n<meta property=\"og:locale\" content=\"pt_BR\" \/>\n<meta property=\"og:type\" content=\"article\" \/>\n<meta property=\"og:title\" content=\"Noviciado celebra jubileu de Frei Abel - Not\u00edcias - Franciscanos\" \/>\n<meta property=\"og:description\" content=\"Jubileu\" \/>\n<meta property=\"og:url\" content=\"https:\/\/franciscanos.org.br\/noticias\/noviciado-celebra-jubileu-de-frei-abel.html\" \/>\n<meta property=\"og:site_name\" content=\"Not\u00edcias - Franciscanos\" \/>\n<meta property=\"article:published_time\" content=\"2012-12-10T10:20:09+00:00\" \/>\n<meta property=\"article:modified_time\" content=\"2021-07-20T14:28:12+00:00\" \/>\n<meta property=\"og:image\" content=\"https:\/\/franciscanos.org.br\/noticias\/wp-content\/uploads\/2012\/12\/frabel.jpg\" \/>\n\t<meta property=\"og:image:width\" content=\"273\" \/>\n\t<meta property=\"og:image:height\" content=\"182\" \/>\n\t<meta property=\"og:image:type\" content=\"image\/jpeg\" \/>\n<meta name=\"author\" content=\"admin\" \/>\n<meta name=\"twitter:card\" content=\"summary_large_image\" \/>\n<meta name=\"twitter:label1\" content=\"Escrito por\" \/>\n\t<meta name=\"twitter:data1\" content=\"admin\" \/>\n\t<meta name=\"twitter:label2\" content=\"Est. tempo de leitura\" \/>\n\t<meta name=\"twitter:data2\" content=\"1 minuto\" \/>\n<script type=\"application\/ld+json\" class=\"yoast-schema-graph\">{\"@context\":\"https:\/\/schema.org\",\"@graph\":[{\"@type\":\"WebSite\",\"@id\":\"https:\/\/franciscanos.org.br\/noticias\/#website\",\"url\":\"https:\/\/franciscanos.org.br\/noticias\/\",\"name\":\"Not\u00edcias - Franciscanos\",\"description\":\"Prov\u00edncia Franciscana da Imaculada Concei\u00e7\u00e3o do Brasil - Ordem dos Frades Menores - OFM\",\"potentialAction\":[{\"@type\":\"SearchAction\",\"target\":{\"@type\":\"EntryPoint\",\"urlTemplate\":\"https:\/\/franciscanos.org.br\/noticias\/?s={search_term_string}\"},\"query-input\":\"required name=search_term_string\"}],\"inLanguage\":\"pt-BR\"},{\"@type\":\"ImageObject\",\"inLanguage\":\"pt-BR\",\"@id\":\"https:\/\/franciscanos.org.br\/noticias\/noviciado-celebra-jubileu-de-frei-abel.html#primaryimage\",\"url\":\"https:\/\/franciscanos.org.br\/noticias\/wp-content\/uploads\/2012\/12\/frabel.jpg\",\"contentUrl\":\"https:\/\/franciscanos.org.br\/noticias\/wp-content\/uploads\/2012\/12\/frabel.jpg\",\"width\":273,\"height\":182},{\"@type\":\"WebPage\",\"@id\":\"https:\/\/franciscanos.org.br\/noticias\/noviciado-celebra-jubileu-de-frei-abel.html#webpage\",\"url\":\"https:\/\/franciscanos.org.br\/noticias\/noviciado-celebra-jubileu-de-frei-abel.html\",\"name\":\"Noviciado celebra jubileu de Frei Abel - Not\u00edcias - Franciscanos\",\"isPartOf\":{\"@id\":\"https:\/\/franciscanos.org.br\/noticias\/#website\"},\"primaryImageOfPage\":{\"@id\":\"https:\/\/franciscanos.org.br\/noticias\/noviciado-celebra-jubileu-de-frei-abel.html#primaryimage\"},\"datePublished\":\"2012-12-10T10:20:09+00:00\",\"dateModified\":\"2021-07-20T14:28:12+00:00\",\"author\":{\"@id\":\"https:\/\/franciscanos.org.br\/noticias\/#\/schema\/person\/b38fbf43118f02820bd932f2e4b14ad3\"},\"breadcrumb\":{\"@id\":\"https:\/\/franciscanos.org.br\/noticias\/noviciado-celebra-jubileu-de-frei-abel.html#breadcrumb\"},\"inLanguage\":\"pt-BR\",\"potentialAction\":[{\"@type\":\"ReadAction\",\"target\":[\"https:\/\/franciscanos.org.br\/noticias\/noviciado-celebra-jubileu-de-frei-abel.html\"]}]},{\"@type\":\"BreadcrumbList\",\"@id\":\"https:\/\/franciscanos.org.br\/noticias\/noviciado-celebra-jubileu-de-frei-abel.html#breadcrumb\",\"itemListElement\":[{\"@type\":\"ListItem\",\"position\":1,\"name\":\"Home\",\"item\":\"https:\/\/franciscanos.org.br\/noticias\"},{\"@type\":\"ListItem\",\"position\":2,\"name\":\"Noviciado celebra jubileu de Frei Abel\"}]},{\"@type\":\"Person\",\"@id\":\"https:\/\/franciscanos.org.br\/noticias\/#\/schema\/person\/b38fbf43118f02820bd932f2e4b14ad3\",\"name\":\"admin\",\"image\":{\"@type\":\"ImageObject\",\"inLanguage\":\"pt-BR\",\"@id\":\"https:\/\/franciscanos.org.br\/noticias\/#\/schema\/person\/image\/\",\"url\":\"https:\/\/secure.gravatar.com\/avatar\/e8495742d34d0ba6448ea1c628263b3e?s=96&d=mm&r=g\",\"contentUrl\":\"https:\/\/secure.gravatar.com\/avatar\/e8495742d34d0ba6448ea1c628263b3e?s=96&d=mm&r=g\",\"caption\":\"admin\"},\"url\":\"https:\/\/franciscanos.org.br\/noticias\/author\/admin\"}]}<\/script>\n<!-- \/ Yoast SEO plugin. -->","yoast_head_json":{"title":"Noviciado celebra jubileu de Frei Abel - Not\u00edcias - Franciscanos","robots":{"index":"index","follow":"follow","max-snippet":"max-snippet:-1","max-image-preview":"max-image-preview:large","max-video-preview":"max-video-preview:-1"},"canonical":"https:\/\/franciscanos.org.br\/noticias\/noviciado-celebra-jubileu-de-frei-abel.html","og_locale":"pt_BR","og_type":"article","og_title":"Noviciado celebra jubileu de Frei Abel - Not\u00edcias - Franciscanos","og_description":"Jubileu","og_url":"https:\/\/franciscanos.org.br\/noticias\/noviciado-celebra-jubileu-de-frei-abel.html","og_site_name":"Not\u00edcias - Franciscanos","article_published_time":"2012-12-10T10:20:09+00:00","article_modified_time":"2021-07-20T14:28:12+00:00","og_image":[{"width":273,"height":182,"url":"https:\/\/franciscanos.org.br\/noticias\/wp-content\/uploads\/2012\/12\/frabel.jpg","type":"image\/jpeg"}],"author":"admin","twitter_card":"summary_large_image","twitter_misc":{"Escrito por":"admin","Est. tempo de leitura":"1 minuto"},"schema":{"@context":"https:\/\/schema.org","@graph":[{"@type":"WebSite","@id":"https:\/\/franciscanos.org.br\/noticias\/#website","url":"https:\/\/franciscanos.org.br\/noticias\/","name":"Not\u00edcias - Franciscanos","description":"Prov\u00edncia Franciscana da Imaculada Concei\u00e7\u00e3o do Brasil - Ordem dos Frades Menores - OFM","potentialAction":[{"@type":"SearchAction","target":{"@type":"EntryPoint","urlTemplate":"https:\/\/franciscanos.org.br\/noticias\/?s={search_term_string}"},"query-input":"required name=search_term_string"}],"inLanguage":"pt-BR"},{"@type":"ImageObject","inLanguage":"pt-BR","@id":"https:\/\/franciscanos.org.br\/noticias\/noviciado-celebra-jubileu-de-frei-abel.html#primaryimage","url":"https:\/\/franciscanos.org.br\/noticias\/wp-content\/uploads\/2012\/12\/frabel.jpg","contentUrl":"https:\/\/franciscanos.org.br\/noticias\/wp-content\/uploads\/2012\/12\/frabel.jpg","width":273,"height":182},{"@type":"WebPage","@id":"https:\/\/franciscanos.org.br\/noticias\/noviciado-celebra-jubileu-de-frei-abel.html#webpage","url":"https:\/\/franciscanos.org.br\/noticias\/noviciado-celebra-jubileu-de-frei-abel.html","name":"Noviciado celebra jubileu de Frei Abel - Not\u00edcias - Franciscanos","isPartOf":{"@id":"https:\/\/franciscanos.org.br\/noticias\/#website"},"primaryImageOfPage":{"@id":"https:\/\/franciscanos.org.br\/noticias\/noviciado-celebra-jubileu-de-frei-abel.html#primaryimage"},"datePublished":"2012-12-10T10:20:09+00:00","dateModified":"2021-07-20T14:28:12+00:00","author":{"@id":"https:\/\/franciscanos.org.br\/noticias\/#\/schema\/person\/b38fbf43118f02820bd932f2e4b14ad3"},"breadcrumb":{"@id":"https:\/\/franciscanos.org.br\/noticias\/noviciado-celebra-jubileu-de-frei-abel.html#breadcrumb"},"inLanguage":"pt-BR","potentialAction":[{"@type":"ReadAction","target":["https:\/\/franciscanos.org.br\/noticias\/noviciado-celebra-jubileu-de-frei-abel.html"]}]},{"@type":"BreadcrumbList","@id":"https:\/\/franciscanos.org.br\/noticias\/noviciado-celebra-jubileu-de-frei-abel.html#breadcrumb","itemListElement":[{"@type":"ListItem","position":1,"name":"Home","item":"https:\/\/franciscanos.org.br\/noticias"},{"@type":"ListItem","position":2,"name":"Noviciado celebra jubileu de Frei Abel"}]},{"@type":"Person","@id":"https:\/\/franciscanos.org.br\/noticias\/#\/schema\/person\/b38fbf43118f02820bd932f2e4b14ad3","name":"admin","image":{"@type":"ImageObject","inLanguage":"pt-BR","@id":"https:\/\/franciscanos.org.br\/noticias\/#\/schema\/person\/image\/","url":"https:\/\/secure.gravatar.com\/avatar\/e8495742d34d0ba6448ea1c628263b3e?s=96&d=mm&r=g","contentUrl":"https:\/\/secure.gravatar.com\/avatar\/e8495742d34d0ba6448ea1c628263b3e?s=96&d=mm&r=g","caption":"admin"},"url":"https:\/\/franciscanos.org.br\/noticias\/author\/admin"}]}},"_links":{"self":[{"href":"https:\/\/franciscanos.org.br\/noticias\/wp-json\/wp\/v2\/posts\/30340"}],"collection":[{"href":"https:\/\/franciscanos.org.br\/noticias\/wp-json\/wp\/v2\/posts"}],"about":[{"href":"https:\/\/franciscanos.org.br\/noticias\/wp-json\/wp\/v2\/types\/post"}],"author":[{"embeddable":true,"href":"https:\/\/franciscanos.org.br\/noticias\/wp-json\/wp\/v2\/users\/1"}],"replies":[{"embeddable":true,"href":"https:\/\/franciscanos.org.br\/noticias\/wp-json\/wp\/v2\/comments?post=30340"}],"version-history":[{"count":1,"href":"https:\/\/franciscanos.org.br\/noticias\/wp-json\/wp\/v2\/posts\/30340\/revisions"}],"predecessor-version":[{"id":233319,"href":"https:\/\/franciscanos.org.br\/noticias\/wp-json\/wp\/v2\/posts\/30340\/revisions\/233319"}],"wp:featuredmedia":[{"embeddable":true,"href":"https:\/\/franciscanos.org.br\/noticias\/wp-json\/wp\/v2\/media\/204313"}],"wp:attachment":[{"href":"https:\/\/franciscanos.org.br\/noticias\/wp-json\/wp\/v2\/media?parent=30340"}],"wp:term":[{"taxonomy":"category","embeddable":true,"href":"https:\/\/franciscanos.org.br\/noticias\/wp-json\/wp\/v2\/categories?post=30340"},{"taxonomy":"post_tag","embeddable":true,"href":"https:\/\/franciscanos.org.br\/noticias\/wp-json\/wp\/v2\/tags?post=30340"}],"curies":[{"name":"wp","href":"https:\/\/api.w.org\/{rel}","templated":true}]}}