{"id":30261,"date":"2012-12-08T19:34:07","date_gmt":"2012-12-08T21:34:07","guid":{"rendered":"http:\/\/new.franciscanos.org.br\/?p=30261"},"modified":"2020-11-10T13:53:03","modified_gmt":"2020-11-10T16:53:03","slug":"inaugurada-a-23a-exposicao-franciscana-de-presepios","status":"publish","type":"post","link":"https:\/\/franciscanos.org.br\/noticias\/inaugurada-a-23a-exposicao-franciscana-de-presepios.html","title":{"rendered":"Inaugurada a 23\u00aa Exposi\u00e7\u00e3o Franciscana de Pres\u00e9pios"},"content":{"rendered":"<p><img loading=\"lazy\" class=\"alignnone size-full wp-image-229187\" src=\"https:\/\/franciscanos.org.br\/noticias\/wp-content\/uploads\/2012\/12\/presepios.jpg\" alt=\"\" width=\"1280\" height=\"853\" srcset=\"https:\/\/franciscanos.org.br\/noticias\/wp-content\/uploads\/2012\/12\/presepios.jpg 1280w, https:\/\/franciscanos.org.br\/noticias\/wp-content\/uploads\/2012\/12\/presepios-450x300.jpg 450w, https:\/\/franciscanos.org.br\/noticias\/wp-content\/uploads\/2012\/12\/presepios-1024x682.jpg 1024w, https:\/\/franciscanos.org.br\/noticias\/wp-content\/uploads\/2012\/12\/presepios-768x512.jpg 768w, https:\/\/franciscanos.org.br\/noticias\/wp-content\/uploads\/2012\/12\/presepios-150x100.jpg 150w\" sizes=\"(max-width: 1280px) 100vw, 1280px\" \/><\/p>\n<p><strong>Moacir Beggo<\/strong><\/p>\n<p><strong>S\u00e3o Paulo (SP)<\/strong> &#8211; Com a b\u00ean\u00e7\u00e3o do Vig\u00e1rio Provincial, Frei Est\u00eav\u00e3o Ottenbreit, foi aberta neste s\u00e1bado (8\/12), \u00e0s 9h30, a 23\u00aa Exposi\u00e7\u00e3o Franciscana de Pres\u00e9pios, no Claustro do Convento S\u00e3o Francisco, em S\u00e3o Paulo. Al\u00e9m de Frei Est\u00eav\u00e3o, estavam presentes o Ministro Provincial, Frei Fid\u00eancio Vanboemmel, o coordenador da Mostra, Frei R\u00f3ger Brunorio, o guardi\u00e3o do Convento, Frei Sal\u00e9sio Hillesheim, os frades jubilandos da Prov\u00edncia, paroquianos e visitantes.<\/p>\n<p>Neste ano, um total de 27 nichos exp\u00f5em 30 pres\u00e9pios do Brasil e do exterior. Acima de cada pres\u00e9pio, Frei Roger colocou um trecho do &#8220;Poema do Menino Jesus&#8221;, de <strong><a href=\"http:\/\/franciscanos.org.br\/?p=30304\" target=\"_blank\" rel=\"noopener noreferrer\">Fernando Pessoa<\/a><\/strong>.<\/p>\n<p>Na celebra\u00e7\u00e3o, Frei Roz\u00e2ntimo leu um trecho da &#8220;Legenda Perusina&#8221; (110), mostrando que &#8220;o bem-aventurado Francisco festejava com mais solenidade o Natal do que as outras festas do Senhor, porque, dizia, embora nas outras solenidades o Senhor tenha operado a nossa salva\u00e7\u00e3o, no dia em que Ele nasceu tivemos a certeza de que \u00edamos ser salvos&#8221;. Segundo Frei Est\u00eav\u00e3o, assim como queria Francisco quando fez uma representa\u00e7\u00e3o ao vivo do pres\u00e9pio, este era o primeiro motivo de realizar a Exposi\u00e7\u00e3o: manifestar a humanidade de nosso Deus em Jesus Cristo.<\/p>\n<table border=\"0\" width=\"400\" cellspacing=\"8\" cellpadding=\"2\" align=\"left\">\n<tbody>\n<tr>\n<td>\n<table border=\"0\" width=\"400\" cellspacing=\"5\" cellpadding=\"2\" align=\"left\">\n<tbody>\n<tr bgcolor=\"#EAF9FF\">\n<td bgcolor=\"#FFFBEC\"><strong>ORA\u00c7\u00c3O<\/strong><em> Senhor Deus, na noite santa em que fizestes nascer vosso Filho entre n\u00f3s, nos destes reencontrarmo-nos, novamente, com toda a realidade humana, sua beleza e seu pecado e nos enchestes de esperan\u00e7a. Fizestes que experiment\u00e1ssemos vosso constante e renovado amor por n\u00f3s e que reconhec\u00eassemos que sois o Deus dos pequenos, dos pobres e dos exclu\u00eddos. Em vossa total pobreza, nos destes vosso Filho, amparado pelos pobres Maria e Jos\u00e9. <\/em>Colocastes tamb\u00e9m, no cora\u00e7\u00e3o dos homens e das mulheres o desejo de vos encontrar e amar e, em sua criatividade, manifestassem seu carinho por vosso Filho crian\u00e7a. Aqui, nesta sala, Senhor, recordamos, particularmente, o vosso servo Francisco, colocado diante do mist\u00e9rio de vosso amor, meditando a grandeza de vosso gesto amoroso de Pai e contemplando a fragilidade de vosso Filho, feito carne e nosso irm\u00e3o. Aben\u00e7oai, Senhor, este espa\u00e7o que servir\u00e1, particularmente nestes dias, lugar de encontro e recorda\u00e7\u00e3o, de esperan\u00e7a e ilumina\u00e7\u00e3o para todos os que por aqui passarem. Desperta em cada um o desejo de vos possuir e o sonho de partilhar; a ousadia de buscar e a aud\u00e1cia de recome\u00e7ar. \u00c9 o que vos pedimos pelo mesmo Cristo, nosso Senhor.<\/td>\n<\/tr>\n<\/tbody>\n<\/table>\n<\/td>\n<\/tr>\n<\/tbody>\n<\/table>\n<p>&#8220;E o segundo motivo \u00e9 mostrar que todos sentimos, cada vez mais, o aumento da comercializa\u00e7\u00e3o e o consumismo nesta \u00e9poca de Natal. E n\u00f3s n\u00e3o somos contra dar presentes, celebrar em fam\u00edlia, de preparar a Ceia de Natal, mas gostar\u00edamos de, com esta exposi\u00e7\u00e3o, contribuir um pouco para resgatar e salvaguardar, principalmente, aquilo que \u00e9 o essencial na festa de Natal: o Nascimento de Jesus&#8221;.<\/p>\n<p>Segundo o Vig\u00e1rio Provincial, esta Mostra se distingue de muitas outras exposi\u00e7\u00f5es que tamb\u00e9m colocam o pres\u00e9pio em evid\u00eancia. &#8220;Essa exposi\u00e7\u00e3o n\u00e3o quer apenas expor o Mist\u00e9rio da Encarna\u00e7\u00e3o como \u00e9 representado pelos diversos modos, pelas diversas culturas, mas quer principalmente nos convidar a meditar.<br \/>\nEnt\u00e3o, cada pres\u00e9pio tem uma frase que nos convida a refletir e a aprofundar este mist\u00e9rio da Encarna\u00e7\u00e3o e o amor de Deus, t\u00e3o pr\u00f3ximo de n\u00f3s e de nossa vida&#8221;, acrescentou.<\/p>\n<p>Segundo Frei Est\u00eav\u00e3o, o desejo da Prov\u00edncia e dos frades do Convento \u00e9 que ao inaugurar esta 23\u00aa Exposi\u00e7\u00e3o todos possam sair &#8220;enriquecidos, renovados por essa certeza de que Deus nos ama, de que Deus est\u00e1 muito pr\u00f3ximo de n\u00f3s&#8221;. Frei Est\u00eav\u00e3o, por fim, agradeceu ao guardi\u00e3o do Convento pela disponibilidade de acolher pela 23\u00aa vez a exposi\u00e7\u00e3o e a todos que, direta ou indiretamente, ajudaram na sua realiza\u00e7\u00e3o. &#8220;De modo especial gostaria de agradecer a Frei R\u00f3ger, que no momento leva adiante esta tradi\u00e7\u00e3o que iniciamos h\u00e1 23 anos&#8221;, completou.<\/p>\n<p>A exposi\u00e7\u00e3o est\u00e1 montada no Sal\u00e3o S\u00e3o D\u00e2maso, no Claustro do Convento, e tem entrada franca, das 10 \u00e0s 17 horas. O Convento fica no Largo S\u00e3o Francisco, 133, no centro de S\u00e3o Paulo. N\u00e3o haver\u00e1 visita\u00e7\u00e3o nos dias 24 e 25 de dezembro. Mais informa\u00e7\u00f5es, pelo telefone (11) 3291-2400.<\/p>\n","protected":false},"excerpt":{"rendered":"<p>Pres\u00e9pios<\/p>\n","protected":false},"author":1,"featured_media":229188,"comment_status":"closed","ping_status":"closed","sticky":false,"template":"","format":"standard","meta":[],"categories":[1],"tags":[333],"acf":[],"yoast_head":"<!-- This site is optimized with the Yoast SEO plugin v19.2 - https:\/\/yoast.com\/wordpress\/plugins\/seo\/ -->\n<title>Inaugurada a 23\u00aa Exposi\u00e7\u00e3o Franciscana de Pres\u00e9pios - Not\u00edcias - Franciscanos<\/title>\n<meta name=\"robots\" content=\"index, follow, max-snippet:-1, max-image-preview:large, max-video-preview:-1\" \/>\n<link rel=\"canonical\" href=\"https:\/\/franciscanos.org.br\/noticias\/inaugurada-a-23a-exposicao-franciscana-de-presepios.html\" \/>\n<meta property=\"og:locale\" content=\"pt_BR\" \/>\n<meta property=\"og:type\" content=\"article\" \/>\n<meta property=\"og:title\" content=\"Inaugurada a 23\u00aa Exposi\u00e7\u00e3o Franciscana de Pres\u00e9pios - Not\u00edcias - Franciscanos\" \/>\n<meta property=\"og:description\" content=\"Pres\u00e9pios\" \/>\n<meta property=\"og:url\" content=\"https:\/\/franciscanos.org.br\/noticias\/inaugurada-a-23a-exposicao-franciscana-de-presepios.html\" \/>\n<meta property=\"og:site_name\" content=\"Not\u00edcias - Franciscanos\" \/>\n<meta property=\"article:published_time\" content=\"2012-12-08T21:34:07+00:00\" \/>\n<meta property=\"article:modified_time\" content=\"2020-11-10T16:53:03+00:00\" \/>\n<meta property=\"og:image\" content=\"https:\/\/franciscanos.org.br\/noticias\/wp-content\/uploads\/2012\/12\/presepios_D.jpg\" \/>\n\t<meta property=\"og:image:width\" content=\"800\" \/>\n\t<meta property=\"og:image:height\" content=\"600\" \/>\n\t<meta property=\"og:image:type\" content=\"image\/jpeg\" \/>\n<meta name=\"author\" content=\"admin\" \/>\n<meta name=\"twitter:card\" content=\"summary_large_image\" \/>\n<meta name=\"twitter:label1\" content=\"Escrito por\" \/>\n\t<meta name=\"twitter:data1\" content=\"admin\" \/>\n\t<meta name=\"twitter:label2\" content=\"Est. tempo de leitura\" \/>\n\t<meta name=\"twitter:data2\" content=\"4 minutos\" \/>\n<script type=\"application\/ld+json\" class=\"yoast-schema-graph\">{\"@context\":\"https:\/\/schema.org\",\"@graph\":[{\"@type\":\"WebSite\",\"@id\":\"https:\/\/franciscanos.org.br\/noticias\/#website\",\"url\":\"https:\/\/franciscanos.org.br\/noticias\/\",\"name\":\"Not\u00edcias - Franciscanos\",\"description\":\"Prov\u00edncia Franciscana da Imaculada Concei\u00e7\u00e3o do Brasil - Ordem dos Frades Menores - OFM\",\"potentialAction\":[{\"@type\":\"SearchAction\",\"target\":{\"@type\":\"EntryPoint\",\"urlTemplate\":\"https:\/\/franciscanos.org.br\/noticias\/?s={search_term_string}\"},\"query-input\":\"required name=search_term_string\"}],\"inLanguage\":\"pt-BR\"},{\"@type\":\"ImageObject\",\"inLanguage\":\"pt-BR\",\"@id\":\"https:\/\/franciscanos.org.br\/noticias\/inaugurada-a-23a-exposicao-franciscana-de-presepios.html#primaryimage\",\"url\":\"https:\/\/franciscanos.org.br\/noticias\/wp-content\/uploads\/2012\/12\/presepios_D.jpg\",\"contentUrl\":\"https:\/\/franciscanos.org.br\/noticias\/wp-content\/uploads\/2012\/12\/presepios_D.jpg\",\"width\":800,\"height\":600},{\"@type\":\"WebPage\",\"@id\":\"https:\/\/franciscanos.org.br\/noticias\/inaugurada-a-23a-exposicao-franciscana-de-presepios.html#webpage\",\"url\":\"https:\/\/franciscanos.org.br\/noticias\/inaugurada-a-23a-exposicao-franciscana-de-presepios.html\",\"name\":\"Inaugurada a 23\u00aa Exposi\u00e7\u00e3o Franciscana de Pres\u00e9pios - Not\u00edcias - Franciscanos\",\"isPartOf\":{\"@id\":\"https:\/\/franciscanos.org.br\/noticias\/#website\"},\"primaryImageOfPage\":{\"@id\":\"https:\/\/franciscanos.org.br\/noticias\/inaugurada-a-23a-exposicao-franciscana-de-presepios.html#primaryimage\"},\"datePublished\":\"2012-12-08T21:34:07+00:00\",\"dateModified\":\"2020-11-10T16:53:03+00:00\",\"author\":{\"@id\":\"https:\/\/franciscanos.org.br\/noticias\/#\/schema\/person\/b38fbf43118f02820bd932f2e4b14ad3\"},\"breadcrumb\":{\"@id\":\"https:\/\/franciscanos.org.br\/noticias\/inaugurada-a-23a-exposicao-franciscana-de-presepios.html#breadcrumb\"},\"inLanguage\":\"pt-BR\",\"potentialAction\":[{\"@type\":\"ReadAction\",\"target\":[\"https:\/\/franciscanos.org.br\/noticias\/inaugurada-a-23a-exposicao-franciscana-de-presepios.html\"]}]},{\"@type\":\"BreadcrumbList\",\"@id\":\"https:\/\/franciscanos.org.br\/noticias\/inaugurada-a-23a-exposicao-franciscana-de-presepios.html#breadcrumb\",\"itemListElement\":[{\"@type\":\"ListItem\",\"position\":1,\"name\":\"Home\",\"item\":\"https:\/\/franciscanos.org.br\/noticias\"},{\"@type\":\"ListItem\",\"position\":2,\"name\":\"Inaugurada a 23\u00aa Exposi\u00e7\u00e3o Franciscana de Pres\u00e9pios\"}]},{\"@type\":\"Person\",\"@id\":\"https:\/\/franciscanos.org.br\/noticias\/#\/schema\/person\/b38fbf43118f02820bd932f2e4b14ad3\",\"name\":\"admin\",\"image\":{\"@type\":\"ImageObject\",\"inLanguage\":\"pt-BR\",\"@id\":\"https:\/\/franciscanos.org.br\/noticias\/#\/schema\/person\/image\/\",\"url\":\"https:\/\/secure.gravatar.com\/avatar\/e8495742d34d0ba6448ea1c628263b3e?s=96&d=mm&r=g\",\"contentUrl\":\"https:\/\/secure.gravatar.com\/avatar\/e8495742d34d0ba6448ea1c628263b3e?s=96&d=mm&r=g\",\"caption\":\"admin\"},\"url\":\"https:\/\/franciscanos.org.br\/noticias\/author\/admin\"}]}<\/script>\n<!-- \/ Yoast SEO plugin. -->","yoast_head_json":{"title":"Inaugurada a 23\u00aa Exposi\u00e7\u00e3o Franciscana de Pres\u00e9pios - Not\u00edcias - Franciscanos","robots":{"index":"index","follow":"follow","max-snippet":"max-snippet:-1","max-image-preview":"max-image-preview:large","max-video-preview":"max-video-preview:-1"},"canonical":"https:\/\/franciscanos.org.br\/noticias\/inaugurada-a-23a-exposicao-franciscana-de-presepios.html","og_locale":"pt_BR","og_type":"article","og_title":"Inaugurada a 23\u00aa Exposi\u00e7\u00e3o Franciscana de Pres\u00e9pios - Not\u00edcias - Franciscanos","og_description":"Pres\u00e9pios","og_url":"https:\/\/franciscanos.org.br\/noticias\/inaugurada-a-23a-exposicao-franciscana-de-presepios.html","og_site_name":"Not\u00edcias - Franciscanos","article_published_time":"2012-12-08T21:34:07+00:00","article_modified_time":"2020-11-10T16:53:03+00:00","og_image":[{"width":800,"height":600,"url":"https:\/\/franciscanos.org.br\/noticias\/wp-content\/uploads\/2012\/12\/presepios_D.jpg","type":"image\/jpeg"}],"author":"admin","twitter_card":"summary_large_image","twitter_misc":{"Escrito por":"admin","Est. tempo de leitura":"4 minutos"},"schema":{"@context":"https:\/\/schema.org","@graph":[{"@type":"WebSite","@id":"https:\/\/franciscanos.org.br\/noticias\/#website","url":"https:\/\/franciscanos.org.br\/noticias\/","name":"Not\u00edcias - Franciscanos","description":"Prov\u00edncia Franciscana da Imaculada Concei\u00e7\u00e3o do Brasil - Ordem dos Frades Menores - OFM","potentialAction":[{"@type":"SearchAction","target":{"@type":"EntryPoint","urlTemplate":"https:\/\/franciscanos.org.br\/noticias\/?s={search_term_string}"},"query-input":"required name=search_term_string"}],"inLanguage":"pt-BR"},{"@type":"ImageObject","inLanguage":"pt-BR","@id":"https:\/\/franciscanos.org.br\/noticias\/inaugurada-a-23a-exposicao-franciscana-de-presepios.html#primaryimage","url":"https:\/\/franciscanos.org.br\/noticias\/wp-content\/uploads\/2012\/12\/presepios_D.jpg","contentUrl":"https:\/\/franciscanos.org.br\/noticias\/wp-content\/uploads\/2012\/12\/presepios_D.jpg","width":800,"height":600},{"@type":"WebPage","@id":"https:\/\/franciscanos.org.br\/noticias\/inaugurada-a-23a-exposicao-franciscana-de-presepios.html#webpage","url":"https:\/\/franciscanos.org.br\/noticias\/inaugurada-a-23a-exposicao-franciscana-de-presepios.html","name":"Inaugurada a 23\u00aa Exposi\u00e7\u00e3o Franciscana de Pres\u00e9pios - Not\u00edcias - Franciscanos","isPartOf":{"@id":"https:\/\/franciscanos.org.br\/noticias\/#website"},"primaryImageOfPage":{"@id":"https:\/\/franciscanos.org.br\/noticias\/inaugurada-a-23a-exposicao-franciscana-de-presepios.html#primaryimage"},"datePublished":"2012-12-08T21:34:07+00:00","dateModified":"2020-11-10T16:53:03+00:00","author":{"@id":"https:\/\/franciscanos.org.br\/noticias\/#\/schema\/person\/b38fbf43118f02820bd932f2e4b14ad3"},"breadcrumb":{"@id":"https:\/\/franciscanos.org.br\/noticias\/inaugurada-a-23a-exposicao-franciscana-de-presepios.html#breadcrumb"},"inLanguage":"pt-BR","potentialAction":[{"@type":"ReadAction","target":["https:\/\/franciscanos.org.br\/noticias\/inaugurada-a-23a-exposicao-franciscana-de-presepios.html"]}]},{"@type":"BreadcrumbList","@id":"https:\/\/franciscanos.org.br\/noticias\/inaugurada-a-23a-exposicao-franciscana-de-presepios.html#breadcrumb","itemListElement":[{"@type":"ListItem","position":1,"name":"Home","item":"https:\/\/franciscanos.org.br\/noticias"},{"@type":"ListItem","position":2,"name":"Inaugurada a 23\u00aa Exposi\u00e7\u00e3o Franciscana de Pres\u00e9pios"}]},{"@type":"Person","@id":"https:\/\/franciscanos.org.br\/noticias\/#\/schema\/person\/b38fbf43118f02820bd932f2e4b14ad3","name":"admin","image":{"@type":"ImageObject","inLanguage":"pt-BR","@id":"https:\/\/franciscanos.org.br\/noticias\/#\/schema\/person\/image\/","url":"https:\/\/secure.gravatar.com\/avatar\/e8495742d34d0ba6448ea1c628263b3e?s=96&d=mm&r=g","contentUrl":"https:\/\/secure.gravatar.com\/avatar\/e8495742d34d0ba6448ea1c628263b3e?s=96&d=mm&r=g","caption":"admin"},"url":"https:\/\/franciscanos.org.br\/noticias\/author\/admin"}]}},"_links":{"self":[{"href":"https:\/\/franciscanos.org.br\/noticias\/wp-json\/wp\/v2\/posts\/30261"}],"collection":[{"href":"https:\/\/franciscanos.org.br\/noticias\/wp-json\/wp\/v2\/posts"}],"about":[{"href":"https:\/\/franciscanos.org.br\/noticias\/wp-json\/wp\/v2\/types\/post"}],"author":[{"embeddable":true,"href":"https:\/\/franciscanos.org.br\/noticias\/wp-json\/wp\/v2\/users\/1"}],"replies":[{"embeddable":true,"href":"https:\/\/franciscanos.org.br\/noticias\/wp-json\/wp\/v2\/comments?post=30261"}],"version-history":[{"count":2,"href":"https:\/\/franciscanos.org.br\/noticias\/wp-json\/wp\/v2\/posts\/30261\/revisions"}],"predecessor-version":[{"id":229190,"href":"https:\/\/franciscanos.org.br\/noticias\/wp-json\/wp\/v2\/posts\/30261\/revisions\/229190"}],"wp:featuredmedia":[{"embeddable":true,"href":"https:\/\/franciscanos.org.br\/noticias\/wp-json\/wp\/v2\/media\/229188"}],"wp:attachment":[{"href":"https:\/\/franciscanos.org.br\/noticias\/wp-json\/wp\/v2\/media?parent=30261"}],"wp:term":[{"taxonomy":"category","embeddable":true,"href":"https:\/\/franciscanos.org.br\/noticias\/wp-json\/wp\/v2\/categories?post=30261"},{"taxonomy":"post_tag","embeddable":true,"href":"https:\/\/franciscanos.org.br\/noticias\/wp-json\/wp\/v2\/tags?post=30261"}],"curies":[{"name":"wp","href":"https:\/\/api.w.org\/{rel}","templated":true}]}}