{"id":30241,"date":"2012-12-15T17:41:05","date_gmt":"2012-12-15T19:41:05","guid":{"rendered":"http:\/\/new.franciscanos.org.br\/?p=30241"},"modified":"2019-09-27T11:22:08","modified_gmt":"2019-09-27T14:22:08","slug":"acao-de-gracas-pelos-jubileus-da-provincia","status":"publish","type":"post","link":"https:\/\/franciscanos.org.br\/noticias\/acao-de-gracas-pelos-jubileus-da-provincia.html","title":{"rendered":"Missa de A\u00e7\u00e3o de Gra\u00e7as pelos jubileus da Prov\u00edncia"},"content":{"rendered":"<p><img loading=\"lazy\" class=\"alignleft size-full wp-image-198411\" src=\"https:\/\/franciscanos.org.br\/noticias\/wp-content\/uploads\/2012\/12\/alto-1.jpg\" alt=\"\" width=\"830\" height=\"239\" srcset=\"https:\/\/franciscanos.org.br\/noticias\/wp-content\/uploads\/2012\/12\/alto-1.jpg 830w, https:\/\/franciscanos.org.br\/noticias\/wp-content\/uploads\/2012\/12\/alto-1-450x130.jpg 450w, https:\/\/franciscanos.org.br\/noticias\/wp-content\/uploads\/2012\/12\/alto-1-768x221.jpg 768w, https:\/\/franciscanos.org.br\/noticias\/wp-content\/uploads\/2012\/12\/alto-1-150x43.jpg 150w\" sizes=\"(max-width: 830px) 100vw, 830px\" \/><\/p>\n<p><strong>Moacir Beggo<\/strong><\/p>\n<p><strong>S\u00e3o Paulo (SP)<\/strong>&#8211; O restaurado Convento S\u00e3o Francisco, que neste ano festeja 370 anos de vida, no centro da capital paulista, acolheu os frades jubilandos da Prov\u00edncia Franciscana da Imaculada Concei\u00e7\u00e3o para celebrarem os seus jubileus e a Padroeira neste dia 8 de dezembro, s\u00e1bado, \u00e0s 10h30, na Missa de A\u00e7\u00e3o de Gra\u00e7as presidida pelo Ministro Provincial Frei Fid\u00eancio Vanboemmel. J\u00e1 o Vig\u00e1rio Provincial e Moderador da Forma\u00e7\u00e3o Permanente, Frei Est\u00eav\u00e3o Ottenbreit, apresentou os jubilandos.<\/p>\n<p>Na verdade, esta celebra\u00e7\u00e3o encerrou o encontro dos Jubilandos, que come\u00e7ou no dia 6 e, neste ano, reuniu frades de vida religiosa de 71, 70, 65, 60, 50 e 25 anos e frades de 50 e 25 anos no sacerd\u00f3cio. No dia 7, a programa\u00e7\u00e3o previa uma celebra\u00e7\u00e3o no Mosteiro da Luz \u00e0s 16 horas, mas devido ao falecimento de Frei Jo\u00e3o Pflanzer, os jubilandos participaram da Missa de Ex\u00e9quias no Cemit\u00e9rio do Sant\u00edssimo Sacramento. Al\u00e9m do Guardi\u00e3o e Reitor do Convento S\u00e3o Francisco, Frei Sal\u00e9sio Hillesheim, estavam presentes os Definidores Frei M\u00e1rio Tagliari e Frei Jos\u00e9 Francisco de C\u00e1ssia dos Santos, e frades das fraternidades de S\u00e3o Paulo.<\/p>\n<p><img loading=\"lazy\" class=\"alignright wp-image-198413 size-full\" src=\"https:\/\/franciscanos.org.br\/noticias\/wp-content\/uploads\/2012\/12\/05.jpg\" alt=\"\" width=\"600\" height=\"316\" srcset=\"https:\/\/franciscanos.org.br\/noticias\/wp-content\/uploads\/2012\/12\/05.jpg 600w, https:\/\/franciscanos.org.br\/noticias\/wp-content\/uploads\/2012\/12\/05-450x237.jpg 450w, https:\/\/franciscanos.org.br\/noticias\/wp-content\/uploads\/2012\/12\/05-150x79.jpg 150w\" sizes=\"(max-width: 600px) 100vw, 600px\" \/>Frei Fid\u00eancio lembrou da import\u00e2ncia desse momento de a\u00e7\u00e3o de gra\u00e7as na Prov\u00edncia. &#8220;Creio que celebrar o jubileu \u00e9 olhar, sim, para o passado, de 25, 50, 60, 70 anos de caminhada e, creio que n\u00f3s, religiosos, como todos os crist\u00e3os, hoje mais do que nunca, necessitamos ter dentro de n\u00f3s a nitidez da f\u00f3rmula que um dia professamos. N\u00e3o a f\u00f3rmula elaborada juridicamente, mas aquilo que est\u00e1 na ess\u00eancia da nossa profiss\u00e3o religiosa e tamb\u00e9m aquilo que est\u00e1 na ess\u00eancia do nosso compromisso sacerdotal&#8221;, destacou.<\/p>\n<div id=\"attachment_30245\" style=\"width: 360px\" class=\"wp-caption alignleft\"><a href=\"http:\/\/franciscanos.org.br\/wp-content\/uploads\/2012\/12\/fidencio.jpg\"><img aria-describedby=\"caption-attachment-30245\" loading=\"lazy\" class=\"wp-image-30245 size-full\" title=\"Ministro\" src=\"http:\/\/franciscanos.org.br\/wp-content\/uploads\/2012\/12\/fidencio.jpg\" alt=\"\" width=\"350\" height=\"484\" \/><\/a><p id=\"caption-attachment-30245\" class=\"wp-caption-text\">Fid\u00eancio Vanboemmel, Ministro Provincial<\/p><\/div>\n<p>Citando a Carta \u00a0aos Ef\u00e9sios (Ef 1,3-6), na qual o Ap\u00f3stolo Paulo diz que o Pai de Nosso Senhor Jesus Cristo nos escolheu, nos chamou, antes da funda\u00e7\u00e3o do mundo para sermos santos e irrepreens\u00edveis, Frei Fid\u00eancio lembrou que para sermos santos, imaculados, precisamos cada dia de novo renovar dentro de n\u00f3s mesmos o sentido mais profundo da obedi\u00eancia a Deus. &#8220;Quando isso n\u00e3o est\u00e1 claro dentro de n\u00f3s, experimentamos continuamente a fala das serpentes que nos cercam. E quantas vezes corremos esse risco de ceder&#8221;, explicou, acrescentando: &#8220;Porque n\u00f3s, religiosos e sacerdotes, temos que ter clareza de que existem serpentes ao nosso redor, que nos provocam, que nos estimulam, que tentam inverter o mandato de Deus. Quantas vezes n\u00f3s corremos o risco de ceder e a\u00ed, sim, experimentamos o quanto estamos vazios naquilo que n\u00f3s, voluntariamente, professamos a Deus e naquilo que, voluntariamente, tamb\u00e9m professamos dentro da Igreja no compromisso sacerdotal&#8221;, enfatizou. &#8220;Por isso vamos, hoje, nesta solenidade da Imaculada Concei\u00e7\u00e3o, nos colocar diante dessa voca\u00e7\u00e3o origin\u00e1ria de todos n\u00f3s: Deus nos escolheu para sermos tamb\u00e9m como a M\u00e3e de Deus, santos e imaculados sob o seu olhar, isto \u00e9, cheios de gra\u00e7a, de encanto, de beleza&#8221;, completou.<\/p>\n<p>Logo depois da homilia de Frei Fid\u00eancio, come\u00e7ou o rito da renova\u00e7\u00e3o dos votos religiosos. Muitos frades jubilandos vieram de longe para celebrar este momento, como Frei Olavo Seifert, 71 anos de vida religiosa. Aos 93 anos, Frei Olavo veio do Rio de Janeiro; Frei C\u00e1ssio Vieira de Lima (70 anos de vida religiosa) e Frei Raul Budal da Silva (60 anos de vida religiosa) vieram de Curitiba; Frei Anselmo J. M\u00fcnchen (65 anos de vida religiosa) veio de Ituporanga (SC); e Frei Euclydes Pezzamiglio (60 anos de vida religiosa) reside na Vila Clementino, em S\u00e3o Paulo<em> (foto 11 das imagens abaixo)<\/em>. Cada frade, com a vela acesa, renovou o compromisso da vida religiosa.<\/p>\n<p>Este compromisso tamb\u00e9m foi renovado por Frei \u00c1lido Rosa e Frei N\u00e9lson Bernardes Martins (50 anos de vida religiosa), por coincid\u00eancia os dois mission\u00e1rios a servi\u00e7o da Cust\u00f3dia das Sete Alegrias de Nossa Senhora, no Mato Grosso e Mato Grosso do Sul <em>(foto 12)<\/em>.<\/p>\n<p>Quem veio de muito longe ainda foi Dom Bernardo Johannes Bahlmann, bispo de \u00d3bidos, no Par\u00e1, que celebrou os 25 anos de vida religiosa com os seus confrades Frei Athaylton Jorge Belo, Frei Osmar Dalazen e Frei Walter Ferreira J\u00fanior <em>(foto 15).<\/em><\/p>\n<p>O compromisso da vida sacerdotal foi renovado por Frei Alberto Beckh\u00e4user, Frei Jos\u00e9 Bertoldi e Frei Josu\u00e9 Celante (50 anos,<em> na foto 14<\/em>) e Frei Lindolfo Jasper e Roz\u00e2ntimo Antunes Costa (25 anos, <em>na foto 17<\/em>).<\/p>\n<p><img loading=\"lazy\" class=\"alignnone size-full wp-image-198412\" src=\"https:\/\/franciscanos.org.br\/noticias\/wp-content\/uploads\/2012\/12\/26.jpg\" alt=\"\" width=\"600\" height=\"400\" srcset=\"https:\/\/franciscanos.org.br\/noticias\/wp-content\/uploads\/2012\/12\/26.jpg 600w, https:\/\/franciscanos.org.br\/noticias\/wp-content\/uploads\/2012\/12\/26-450x300.jpg 450w, https:\/\/franciscanos.org.br\/noticias\/wp-content\/uploads\/2012\/12\/26-150x100.jpg 150w\" sizes=\"(max-width: 600px) 100vw, 600px\" \/><\/p>\n","protected":false},"excerpt":{"rendered":"<p>Jubileus da Prov\u00edncia<\/p>\n","protected":false},"author":1,"featured_media":211693,"comment_status":"closed","ping_status":"closed","sticky":false,"template":"","format":"standard","meta":[],"categories":[1],"tags":[332],"acf":[],"yoast_head":"<!-- This site is optimized with the Yoast SEO plugin v19.2 - https:\/\/yoast.com\/wordpress\/plugins\/seo\/ -->\n<title>Missa de A\u00e7\u00e3o de Gra\u00e7as pelos jubileus da Prov\u00edncia - Not\u00edcias - Franciscanos<\/title>\n<meta name=\"robots\" content=\"index, follow, max-snippet:-1, max-image-preview:large, max-video-preview:-1\" \/>\n<link rel=\"canonical\" href=\"https:\/\/franciscanos.org.br\/noticias\/acao-de-gracas-pelos-jubileus-da-provincia.html\" \/>\n<meta property=\"og:locale\" content=\"pt_BR\" \/>\n<meta property=\"og:type\" content=\"article\" \/>\n<meta property=\"og:title\" content=\"Missa de A\u00e7\u00e3o de Gra\u00e7as pelos jubileus da Prov\u00edncia - Not\u00edcias - Franciscanos\" \/>\n<meta property=\"og:description\" content=\"Jubileus da Prov\u00edncia\" \/>\n<meta property=\"og:url\" content=\"https:\/\/franciscanos.org.br\/noticias\/acao-de-gracas-pelos-jubileus-da-provincia.html\" \/>\n<meta property=\"og:site_name\" content=\"Not\u00edcias - Franciscanos\" \/>\n<meta property=\"article:published_time\" content=\"2012-12-15T19:41:05+00:00\" \/>\n<meta property=\"article:modified_time\" content=\"2019-09-27T14:22:08+00:00\" \/>\n<meta property=\"og:image\" content=\"https:\/\/franciscanos.org.br\/noticias\/wp-content\/uploads\/2012\/12\/alto-1-1.jpg\" \/>\n\t<meta property=\"og:image:width\" content=\"273\" \/>\n\t<meta property=\"og:image:height\" content=\"181\" \/>\n\t<meta property=\"og:image:type\" content=\"image\/jpeg\" \/>\n<meta name=\"author\" content=\"admin\" \/>\n<meta name=\"twitter:card\" content=\"summary_large_image\" \/>\n<meta name=\"twitter:label1\" content=\"Escrito por\" \/>\n\t<meta name=\"twitter:data1\" content=\"admin\" \/>\n\t<meta name=\"twitter:label2\" content=\"Est. tempo de leitura\" \/>\n\t<meta name=\"twitter:data2\" content=\"4 minutos\" \/>\n<script type=\"application\/ld+json\" class=\"yoast-schema-graph\">{\"@context\":\"https:\/\/schema.org\",\"@graph\":[{\"@type\":\"WebSite\",\"@id\":\"https:\/\/franciscanos.org.br\/noticias\/#website\",\"url\":\"https:\/\/franciscanos.org.br\/noticias\/\",\"name\":\"Not\u00edcias - Franciscanos\",\"description\":\"Prov\u00edncia Franciscana da Imaculada Concei\u00e7\u00e3o do Brasil - Ordem dos Frades Menores - OFM\",\"potentialAction\":[{\"@type\":\"SearchAction\",\"target\":{\"@type\":\"EntryPoint\",\"urlTemplate\":\"https:\/\/franciscanos.org.br\/noticias\/?s={search_term_string}\"},\"query-input\":\"required name=search_term_string\"}],\"inLanguage\":\"pt-BR\"},{\"@type\":\"ImageObject\",\"inLanguage\":\"pt-BR\",\"@id\":\"https:\/\/franciscanos.org.br\/noticias\/acao-de-gracas-pelos-jubileus-da-provincia.html#primaryimage\",\"url\":\"https:\/\/franciscanos.org.br\/noticias\/wp-content\/uploads\/2012\/12\/alto-1-1.jpg\",\"contentUrl\":\"https:\/\/franciscanos.org.br\/noticias\/wp-content\/uploads\/2012\/12\/alto-1-1.jpg\",\"width\":273,\"height\":181},{\"@type\":\"WebPage\",\"@id\":\"https:\/\/franciscanos.org.br\/noticias\/acao-de-gracas-pelos-jubileus-da-provincia.html#webpage\",\"url\":\"https:\/\/franciscanos.org.br\/noticias\/acao-de-gracas-pelos-jubileus-da-provincia.html\",\"name\":\"Missa de A\u00e7\u00e3o de Gra\u00e7as pelos jubileus da Prov\u00edncia - Not\u00edcias - Franciscanos\",\"isPartOf\":{\"@id\":\"https:\/\/franciscanos.org.br\/noticias\/#website\"},\"primaryImageOfPage\":{\"@id\":\"https:\/\/franciscanos.org.br\/noticias\/acao-de-gracas-pelos-jubileus-da-provincia.html#primaryimage\"},\"datePublished\":\"2012-12-15T19:41:05+00:00\",\"dateModified\":\"2019-09-27T14:22:08+00:00\",\"author\":{\"@id\":\"https:\/\/franciscanos.org.br\/noticias\/#\/schema\/person\/b38fbf43118f02820bd932f2e4b14ad3\"},\"breadcrumb\":{\"@id\":\"https:\/\/franciscanos.org.br\/noticias\/acao-de-gracas-pelos-jubileus-da-provincia.html#breadcrumb\"},\"inLanguage\":\"pt-BR\",\"potentialAction\":[{\"@type\":\"ReadAction\",\"target\":[\"https:\/\/franciscanos.org.br\/noticias\/acao-de-gracas-pelos-jubileus-da-provincia.html\"]}]},{\"@type\":\"BreadcrumbList\",\"@id\":\"https:\/\/franciscanos.org.br\/noticias\/acao-de-gracas-pelos-jubileus-da-provincia.html#breadcrumb\",\"itemListElement\":[{\"@type\":\"ListItem\",\"position\":1,\"name\":\"Home\",\"item\":\"https:\/\/franciscanos.org.br\/noticias\"},{\"@type\":\"ListItem\",\"position\":2,\"name\":\"Missa de A\u00e7\u00e3o de Gra\u00e7as pelos jubileus da Prov\u00edncia\"}]},{\"@type\":\"Person\",\"@id\":\"https:\/\/franciscanos.org.br\/noticias\/#\/schema\/person\/b38fbf43118f02820bd932f2e4b14ad3\",\"name\":\"admin\",\"image\":{\"@type\":\"ImageObject\",\"inLanguage\":\"pt-BR\",\"@id\":\"https:\/\/franciscanos.org.br\/noticias\/#\/schema\/person\/image\/\",\"url\":\"https:\/\/secure.gravatar.com\/avatar\/e8495742d34d0ba6448ea1c628263b3e?s=96&d=mm&r=g\",\"contentUrl\":\"https:\/\/secure.gravatar.com\/avatar\/e8495742d34d0ba6448ea1c628263b3e?s=96&d=mm&r=g\",\"caption\":\"admin\"},\"url\":\"https:\/\/franciscanos.org.br\/noticias\/author\/admin\"}]}<\/script>\n<!-- \/ Yoast SEO plugin. -->","yoast_head_json":{"title":"Missa de A\u00e7\u00e3o de Gra\u00e7as pelos jubileus da Prov\u00edncia - Not\u00edcias - Franciscanos","robots":{"index":"index","follow":"follow","max-snippet":"max-snippet:-1","max-image-preview":"max-image-preview:large","max-video-preview":"max-video-preview:-1"},"canonical":"https:\/\/franciscanos.org.br\/noticias\/acao-de-gracas-pelos-jubileus-da-provincia.html","og_locale":"pt_BR","og_type":"article","og_title":"Missa de A\u00e7\u00e3o de Gra\u00e7as pelos jubileus da Prov\u00edncia - Not\u00edcias - Franciscanos","og_description":"Jubileus da Prov\u00edncia","og_url":"https:\/\/franciscanos.org.br\/noticias\/acao-de-gracas-pelos-jubileus-da-provincia.html","og_site_name":"Not\u00edcias - Franciscanos","article_published_time":"2012-12-15T19:41:05+00:00","article_modified_time":"2019-09-27T14:22:08+00:00","og_image":[{"width":273,"height":181,"url":"https:\/\/franciscanos.org.br\/noticias\/wp-content\/uploads\/2012\/12\/alto-1-1.jpg","type":"image\/jpeg"}],"author":"admin","twitter_card":"summary_large_image","twitter_misc":{"Escrito por":"admin","Est. tempo de leitura":"4 minutos"},"schema":{"@context":"https:\/\/schema.org","@graph":[{"@type":"WebSite","@id":"https:\/\/franciscanos.org.br\/noticias\/#website","url":"https:\/\/franciscanos.org.br\/noticias\/","name":"Not\u00edcias - Franciscanos","description":"Prov\u00edncia Franciscana da Imaculada Concei\u00e7\u00e3o do Brasil - Ordem dos Frades Menores - OFM","potentialAction":[{"@type":"SearchAction","target":{"@type":"EntryPoint","urlTemplate":"https:\/\/franciscanos.org.br\/noticias\/?s={search_term_string}"},"query-input":"required name=search_term_string"}],"inLanguage":"pt-BR"},{"@type":"ImageObject","inLanguage":"pt-BR","@id":"https:\/\/franciscanos.org.br\/noticias\/acao-de-gracas-pelos-jubileus-da-provincia.html#primaryimage","url":"https:\/\/franciscanos.org.br\/noticias\/wp-content\/uploads\/2012\/12\/alto-1-1.jpg","contentUrl":"https:\/\/franciscanos.org.br\/noticias\/wp-content\/uploads\/2012\/12\/alto-1-1.jpg","width":273,"height":181},{"@type":"WebPage","@id":"https:\/\/franciscanos.org.br\/noticias\/acao-de-gracas-pelos-jubileus-da-provincia.html#webpage","url":"https:\/\/franciscanos.org.br\/noticias\/acao-de-gracas-pelos-jubileus-da-provincia.html","name":"Missa de A\u00e7\u00e3o de Gra\u00e7as pelos jubileus da Prov\u00edncia - Not\u00edcias - Franciscanos","isPartOf":{"@id":"https:\/\/franciscanos.org.br\/noticias\/#website"},"primaryImageOfPage":{"@id":"https:\/\/franciscanos.org.br\/noticias\/acao-de-gracas-pelos-jubileus-da-provincia.html#primaryimage"},"datePublished":"2012-12-15T19:41:05+00:00","dateModified":"2019-09-27T14:22:08+00:00","author":{"@id":"https:\/\/franciscanos.org.br\/noticias\/#\/schema\/person\/b38fbf43118f02820bd932f2e4b14ad3"},"breadcrumb":{"@id":"https:\/\/franciscanos.org.br\/noticias\/acao-de-gracas-pelos-jubileus-da-provincia.html#breadcrumb"},"inLanguage":"pt-BR","potentialAction":[{"@type":"ReadAction","target":["https:\/\/franciscanos.org.br\/noticias\/acao-de-gracas-pelos-jubileus-da-provincia.html"]}]},{"@type":"BreadcrumbList","@id":"https:\/\/franciscanos.org.br\/noticias\/acao-de-gracas-pelos-jubileus-da-provincia.html#breadcrumb","itemListElement":[{"@type":"ListItem","position":1,"name":"Home","item":"https:\/\/franciscanos.org.br\/noticias"},{"@type":"ListItem","position":2,"name":"Missa de A\u00e7\u00e3o de Gra\u00e7as pelos jubileus da Prov\u00edncia"}]},{"@type":"Person","@id":"https:\/\/franciscanos.org.br\/noticias\/#\/schema\/person\/b38fbf43118f02820bd932f2e4b14ad3","name":"admin","image":{"@type":"ImageObject","inLanguage":"pt-BR","@id":"https:\/\/franciscanos.org.br\/noticias\/#\/schema\/person\/image\/","url":"https:\/\/secure.gravatar.com\/avatar\/e8495742d34d0ba6448ea1c628263b3e?s=96&d=mm&r=g","contentUrl":"https:\/\/secure.gravatar.com\/avatar\/e8495742d34d0ba6448ea1c628263b3e?s=96&d=mm&r=g","caption":"admin"},"url":"https:\/\/franciscanos.org.br\/noticias\/author\/admin"}]}},"_links":{"self":[{"href":"https:\/\/franciscanos.org.br\/noticias\/wp-json\/wp\/v2\/posts\/30241"}],"collection":[{"href":"https:\/\/franciscanos.org.br\/noticias\/wp-json\/wp\/v2\/posts"}],"about":[{"href":"https:\/\/franciscanos.org.br\/noticias\/wp-json\/wp\/v2\/types\/post"}],"author":[{"embeddable":true,"href":"https:\/\/franciscanos.org.br\/noticias\/wp-json\/wp\/v2\/users\/1"}],"replies":[{"embeddable":true,"href":"https:\/\/franciscanos.org.br\/noticias\/wp-json\/wp\/v2\/comments?post=30241"}],"version-history":[{"count":0,"href":"https:\/\/franciscanos.org.br\/noticias\/wp-json\/wp\/v2\/posts\/30241\/revisions"}],"wp:featuredmedia":[{"embeddable":true,"href":"https:\/\/franciscanos.org.br\/noticias\/wp-json\/wp\/v2\/media\/211693"}],"wp:attachment":[{"href":"https:\/\/franciscanos.org.br\/noticias\/wp-json\/wp\/v2\/media?parent=30241"}],"wp:term":[{"taxonomy":"category","embeddable":true,"href":"https:\/\/franciscanos.org.br\/noticias\/wp-json\/wp\/v2\/categories?post=30241"},{"taxonomy":"post_tag","embeddable":true,"href":"https:\/\/franciscanos.org.br\/noticias\/wp-json\/wp\/v2\/tags?post=30241"}],"curies":[{"name":"wp","href":"https:\/\/api.w.org\/{rel}","templated":true}]}}