{"id":30183,"date":"2012-12-14T08:07:13","date_gmt":"2012-12-14T10:07:13","guid":{"rendered":"http:\/\/new.franciscanos.org.br\/?p=30183"},"modified":"2019-01-29T17:16:17","modified_gmt":"2019-01-29T19:16:17","slug":"coral-arautos-do-grande-rei-de-xaxim-comemora-40-anos-de-fundacao","status":"publish","type":"post","link":"https:\/\/franciscanos.org.br\/noticias\/coral-arautos-do-grande-rei-de-xaxim-comemora-40-anos-de-fundacao.html","title":{"rendered":"Coral Arautos do Grande Rei comemora 40 anos de funda\u00e7\u00e3o"},"content":{"rendered":"<p><img loading=\"lazy\" class=\"alignnone size-full wp-image-198416\" src=\"https:\/\/franciscanos.org.br\/noticias\/wp-content\/uploads\/2012\/12\/AFONSO.jpg\" alt=\"\" width=\"830\" height=\"325\" srcset=\"https:\/\/franciscanos.org.br\/noticias\/wp-content\/uploads\/2012\/12\/AFONSO.jpg 830w, https:\/\/franciscanos.org.br\/noticias\/wp-content\/uploads\/2012\/12\/AFONSO-450x176.jpg 450w, https:\/\/franciscanos.org.br\/noticias\/wp-content\/uploads\/2012\/12\/AFONSO-768x301.jpg 768w, https:\/\/franciscanos.org.br\/noticias\/wp-content\/uploads\/2012\/12\/AFONSO-150x59.jpg 150w\" sizes=\"(max-width: 830px) 100vw, 830px\" \/><\/p>\n<p><strong>Por Moacir Beggo<\/strong><\/p>\n<p>No dia 25\u00a0 de dezembro deste ano, al\u00e9m de comemorarmos o dia de Natal e o nascimento de Jesus Cristo, o Coral Arautos do Grande Rei de Xaxim, SC, completa 40 anos de exist\u00eancia. Frei Afonso Vogel continua de forma magistral \u00e0 frente desta nobre institui\u00e7\u00e3o de ensino, ministrando diariamente suas aulas de m\u00fasica para as crian\u00e7as e jovens que desfrutam dos ensaios, demonstrando seu constante empenho em utilizar da m\u00fasica como meio pedag\u00f3gico para o desenvolvimento destas crian\u00e7as e levando esta bela arte a todas as pessoas.<\/p>\n<p>O Coral Arautos do Grande Rei foi fundado em 1972, quando fez a primeira apresenta\u00e7\u00e3o na Missa de Natal. Desde ent\u00e3o, o Coral n\u00e3o parou mais de fazer apresenta\u00e7\u00f5es na cidade, no Estado e no pa\u00eds. Para manter esta obra, Frei Afonso Vicente Vogel conta com uma verba mensal da Prefeitura Municipal de Xaxim, promove eventos beneficentes e tem alguns benfeitores.<\/p>\n<p>A sede do Arautos, ao lado esquerdo da matriz, foi inaugurada em 81 e depois foi ampliada.<\/p>\n<p>Nos primeiros oito anos de sua exist\u00eancia, o Coral ensaiava no 1\u00ba andar da casa can\u00f4nica de Xaxim. S\u00e3o 250 metros quadrados constru\u00eddos, divididos em salas de ensaios, diretoria, saleta para guarda-roupas e dois vesti\u00e1rios com banheiros.<\/p>\n<p><strong>Frei Afonso<\/strong><\/p>\n<p>Aos 80 anos, com duas pontes de safena, Frei Afonso ainda se dedica exclusivamente \u00e0 obra que fundou h\u00e1 40 anos. Hoje, n\u00e3o d\u00e1 para imaginar Frei Afonso longe dos seus Arautos. Ali\u00e1s, s\u00f3 em 77 o Coral teve um breve recesso, exatamente porque ficou sem maestro, j\u00e1 que Frei Afonso fora transferido para Curitiba. Mas, em 78, ele estava de volta e o Coral n\u00e3o ficou mais sem o seu regente.\u00a0 &#8220;Quando estava em Curitiba, pude ver uma apresenta\u00e7\u00e3o dos Meninos Cantores de Viena e voltei mais animado ainda para o Coral dos Arautos do Grande Rei&#8221;, relembra o maestro.<\/p>\n","protected":false},"excerpt":{"rendered":"<p>Orgulho de Xaxim e do fundador Frei Afonso Vogel<\/p>\n","protected":false},"author":1,"featured_media":198419,"comment_status":"closed","ping_status":"open","sticky":false,"template":"","format":"standard","meta":[],"categories":[1],"tags":[1325],"acf":[],"yoast_head":"<!-- This site is optimized with the Yoast SEO plugin v19.2 - https:\/\/yoast.com\/wordpress\/plugins\/seo\/ -->\n<title>Coral Arautos do Grande Rei comemora 40 anos de funda\u00e7\u00e3o - Not\u00edcias - Franciscanos<\/title>\n<meta name=\"robots\" content=\"index, follow, max-snippet:-1, max-image-preview:large, max-video-preview:-1\" \/>\n<link rel=\"canonical\" href=\"https:\/\/franciscanos.org.br\/noticias\/coral-arautos-do-grande-rei-de-xaxim-comemora-40-anos-de-fundacao.html\" \/>\n<meta property=\"og:locale\" content=\"pt_BR\" \/>\n<meta property=\"og:type\" content=\"article\" \/>\n<meta property=\"og:title\" content=\"Coral Arautos do Grande Rei comemora 40 anos de funda\u00e7\u00e3o - Not\u00edcias - Franciscanos\" \/>\n<meta property=\"og:description\" content=\"Orgulho de Xaxim e do fundador Frei Afonso Vogel\" \/>\n<meta property=\"og:url\" content=\"https:\/\/franciscanos.org.br\/noticias\/coral-arautos-do-grande-rei-de-xaxim-comemora-40-anos-de-fundacao.html\" \/>\n<meta property=\"og:site_name\" content=\"Not\u00edcias - Franciscanos\" \/>\n<meta property=\"article:published_time\" content=\"2012-12-14T10:07:13+00:00\" \/>\n<meta property=\"article:modified_time\" content=\"2019-01-29T19:16:17+00:00\" \/>\n<meta property=\"og:image\" content=\"https:\/\/franciscanos.org.br\/noticias\/wp-content\/uploads\/2012\/12\/afonso_coral.jpg\" \/>\n\t<meta property=\"og:image:width\" content=\"273\" \/>\n\t<meta property=\"og:image:height\" content=\"181\" \/>\n\t<meta property=\"og:image:type\" content=\"image\/jpeg\" \/>\n<meta name=\"author\" content=\"admin\" \/>\n<meta name=\"twitter:card\" content=\"summary_large_image\" \/>\n<meta name=\"twitter:label1\" content=\"Escrito por\" \/>\n\t<meta name=\"twitter:data1\" content=\"admin\" \/>\n\t<meta name=\"twitter:label2\" content=\"Est. tempo de leitura\" \/>\n\t<meta name=\"twitter:data2\" content=\"2 minutos\" \/>\n<script type=\"application\/ld+json\" class=\"yoast-schema-graph\">{\"@context\":\"https:\/\/schema.org\",\"@graph\":[{\"@type\":\"WebSite\",\"@id\":\"https:\/\/franciscanos.org.br\/noticias\/#website\",\"url\":\"https:\/\/franciscanos.org.br\/noticias\/\",\"name\":\"Not\u00edcias - Franciscanos\",\"description\":\"Prov\u00edncia Franciscana da Imaculada Concei\u00e7\u00e3o do Brasil - Ordem dos Frades Menores - OFM\",\"potentialAction\":[{\"@type\":\"SearchAction\",\"target\":{\"@type\":\"EntryPoint\",\"urlTemplate\":\"https:\/\/franciscanos.org.br\/noticias\/?s={search_term_string}\"},\"query-input\":\"required name=search_term_string\"}],\"inLanguage\":\"pt-BR\"},{\"@type\":\"ImageObject\",\"inLanguage\":\"pt-BR\",\"@id\":\"https:\/\/franciscanos.org.br\/noticias\/coral-arautos-do-grande-rei-de-xaxim-comemora-40-anos-de-fundacao.html#primaryimage\",\"url\":\"https:\/\/franciscanos.org.br\/noticias\/wp-content\/uploads\/2012\/12\/afonso_coral.jpg\",\"contentUrl\":\"https:\/\/franciscanos.org.br\/noticias\/wp-content\/uploads\/2012\/12\/afonso_coral.jpg\",\"width\":273,\"height\":181},{\"@type\":\"WebPage\",\"@id\":\"https:\/\/franciscanos.org.br\/noticias\/coral-arautos-do-grande-rei-de-xaxim-comemora-40-anos-de-fundacao.html#webpage\",\"url\":\"https:\/\/franciscanos.org.br\/noticias\/coral-arautos-do-grande-rei-de-xaxim-comemora-40-anos-de-fundacao.html\",\"name\":\"Coral Arautos do Grande Rei comemora 40 anos de funda\u00e7\u00e3o - Not\u00edcias - Franciscanos\",\"isPartOf\":{\"@id\":\"https:\/\/franciscanos.org.br\/noticias\/#website\"},\"primaryImageOfPage\":{\"@id\":\"https:\/\/franciscanos.org.br\/noticias\/coral-arautos-do-grande-rei-de-xaxim-comemora-40-anos-de-fundacao.html#primaryimage\"},\"datePublished\":\"2012-12-14T10:07:13+00:00\",\"dateModified\":\"2019-01-29T19:16:17+00:00\",\"author\":{\"@id\":\"https:\/\/franciscanos.org.br\/noticias\/#\/schema\/person\/b38fbf43118f02820bd932f2e4b14ad3\"},\"breadcrumb\":{\"@id\":\"https:\/\/franciscanos.org.br\/noticias\/coral-arautos-do-grande-rei-de-xaxim-comemora-40-anos-de-fundacao.html#breadcrumb\"},\"inLanguage\":\"pt-BR\",\"potentialAction\":[{\"@type\":\"ReadAction\",\"target\":[\"https:\/\/franciscanos.org.br\/noticias\/coral-arautos-do-grande-rei-de-xaxim-comemora-40-anos-de-fundacao.html\"]}]},{\"@type\":\"BreadcrumbList\",\"@id\":\"https:\/\/franciscanos.org.br\/noticias\/coral-arautos-do-grande-rei-de-xaxim-comemora-40-anos-de-fundacao.html#breadcrumb\",\"itemListElement\":[{\"@type\":\"ListItem\",\"position\":1,\"name\":\"Home\",\"item\":\"https:\/\/franciscanos.org.br\/noticias\"},{\"@type\":\"ListItem\",\"position\":2,\"name\":\"Coral Arautos do Grande Rei comemora 40 anos de funda\u00e7\u00e3o\"}]},{\"@type\":\"Person\",\"@id\":\"https:\/\/franciscanos.org.br\/noticias\/#\/schema\/person\/b38fbf43118f02820bd932f2e4b14ad3\",\"name\":\"admin\",\"image\":{\"@type\":\"ImageObject\",\"inLanguage\":\"pt-BR\",\"@id\":\"https:\/\/franciscanos.org.br\/noticias\/#\/schema\/person\/image\/\",\"url\":\"https:\/\/secure.gravatar.com\/avatar\/e8495742d34d0ba6448ea1c628263b3e?s=96&d=mm&r=g\",\"contentUrl\":\"https:\/\/secure.gravatar.com\/avatar\/e8495742d34d0ba6448ea1c628263b3e?s=96&d=mm&r=g\",\"caption\":\"admin\"},\"url\":\"https:\/\/franciscanos.org.br\/noticias\/author\/admin\"}]}<\/script>\n<!-- \/ Yoast SEO plugin. -->","yoast_head_json":{"title":"Coral Arautos do Grande Rei comemora 40 anos de funda\u00e7\u00e3o - Not\u00edcias - Franciscanos","robots":{"index":"index","follow":"follow","max-snippet":"max-snippet:-1","max-image-preview":"max-image-preview:large","max-video-preview":"max-video-preview:-1"},"canonical":"https:\/\/franciscanos.org.br\/noticias\/coral-arautos-do-grande-rei-de-xaxim-comemora-40-anos-de-fundacao.html","og_locale":"pt_BR","og_type":"article","og_title":"Coral Arautos do Grande Rei comemora 40 anos de funda\u00e7\u00e3o - Not\u00edcias - Franciscanos","og_description":"Orgulho de Xaxim e do fundador Frei Afonso Vogel","og_url":"https:\/\/franciscanos.org.br\/noticias\/coral-arautos-do-grande-rei-de-xaxim-comemora-40-anos-de-fundacao.html","og_site_name":"Not\u00edcias - Franciscanos","article_published_time":"2012-12-14T10:07:13+00:00","article_modified_time":"2019-01-29T19:16:17+00:00","og_image":[{"width":273,"height":181,"url":"https:\/\/franciscanos.org.br\/noticias\/wp-content\/uploads\/2012\/12\/afonso_coral.jpg","type":"image\/jpeg"}],"author":"admin","twitter_card":"summary_large_image","twitter_misc":{"Escrito por":"admin","Est. tempo de leitura":"2 minutos"},"schema":{"@context":"https:\/\/schema.org","@graph":[{"@type":"WebSite","@id":"https:\/\/franciscanos.org.br\/noticias\/#website","url":"https:\/\/franciscanos.org.br\/noticias\/","name":"Not\u00edcias - Franciscanos","description":"Prov\u00edncia Franciscana da Imaculada Concei\u00e7\u00e3o do Brasil - Ordem dos Frades Menores - OFM","potentialAction":[{"@type":"SearchAction","target":{"@type":"EntryPoint","urlTemplate":"https:\/\/franciscanos.org.br\/noticias\/?s={search_term_string}"},"query-input":"required name=search_term_string"}],"inLanguage":"pt-BR"},{"@type":"ImageObject","inLanguage":"pt-BR","@id":"https:\/\/franciscanos.org.br\/noticias\/coral-arautos-do-grande-rei-de-xaxim-comemora-40-anos-de-fundacao.html#primaryimage","url":"https:\/\/franciscanos.org.br\/noticias\/wp-content\/uploads\/2012\/12\/afonso_coral.jpg","contentUrl":"https:\/\/franciscanos.org.br\/noticias\/wp-content\/uploads\/2012\/12\/afonso_coral.jpg","width":273,"height":181},{"@type":"WebPage","@id":"https:\/\/franciscanos.org.br\/noticias\/coral-arautos-do-grande-rei-de-xaxim-comemora-40-anos-de-fundacao.html#webpage","url":"https:\/\/franciscanos.org.br\/noticias\/coral-arautos-do-grande-rei-de-xaxim-comemora-40-anos-de-fundacao.html","name":"Coral Arautos do Grande Rei comemora 40 anos de funda\u00e7\u00e3o - Not\u00edcias - Franciscanos","isPartOf":{"@id":"https:\/\/franciscanos.org.br\/noticias\/#website"},"primaryImageOfPage":{"@id":"https:\/\/franciscanos.org.br\/noticias\/coral-arautos-do-grande-rei-de-xaxim-comemora-40-anos-de-fundacao.html#primaryimage"},"datePublished":"2012-12-14T10:07:13+00:00","dateModified":"2019-01-29T19:16:17+00:00","author":{"@id":"https:\/\/franciscanos.org.br\/noticias\/#\/schema\/person\/b38fbf43118f02820bd932f2e4b14ad3"},"breadcrumb":{"@id":"https:\/\/franciscanos.org.br\/noticias\/coral-arautos-do-grande-rei-de-xaxim-comemora-40-anos-de-fundacao.html#breadcrumb"},"inLanguage":"pt-BR","potentialAction":[{"@type":"ReadAction","target":["https:\/\/franciscanos.org.br\/noticias\/coral-arautos-do-grande-rei-de-xaxim-comemora-40-anos-de-fundacao.html"]}]},{"@type":"BreadcrumbList","@id":"https:\/\/franciscanos.org.br\/noticias\/coral-arautos-do-grande-rei-de-xaxim-comemora-40-anos-de-fundacao.html#breadcrumb","itemListElement":[{"@type":"ListItem","position":1,"name":"Home","item":"https:\/\/franciscanos.org.br\/noticias"},{"@type":"ListItem","position":2,"name":"Coral Arautos do Grande Rei comemora 40 anos de funda\u00e7\u00e3o"}]},{"@type":"Person","@id":"https:\/\/franciscanos.org.br\/noticias\/#\/schema\/person\/b38fbf43118f02820bd932f2e4b14ad3","name":"admin","image":{"@type":"ImageObject","inLanguage":"pt-BR","@id":"https:\/\/franciscanos.org.br\/noticias\/#\/schema\/person\/image\/","url":"https:\/\/secure.gravatar.com\/avatar\/e8495742d34d0ba6448ea1c628263b3e?s=96&d=mm&r=g","contentUrl":"https:\/\/secure.gravatar.com\/avatar\/e8495742d34d0ba6448ea1c628263b3e?s=96&d=mm&r=g","caption":"admin"},"url":"https:\/\/franciscanos.org.br\/noticias\/author\/admin"}]}},"_links":{"self":[{"href":"https:\/\/franciscanos.org.br\/noticias\/wp-json\/wp\/v2\/posts\/30183"}],"collection":[{"href":"https:\/\/franciscanos.org.br\/noticias\/wp-json\/wp\/v2\/posts"}],"about":[{"href":"https:\/\/franciscanos.org.br\/noticias\/wp-json\/wp\/v2\/types\/post"}],"author":[{"embeddable":true,"href":"https:\/\/franciscanos.org.br\/noticias\/wp-json\/wp\/v2\/users\/1"}],"replies":[{"embeddable":true,"href":"https:\/\/franciscanos.org.br\/noticias\/wp-json\/wp\/v2\/comments?post=30183"}],"version-history":[{"count":0,"href":"https:\/\/franciscanos.org.br\/noticias\/wp-json\/wp\/v2\/posts\/30183\/revisions"}],"wp:featuredmedia":[{"embeddable":true,"href":"https:\/\/franciscanos.org.br\/noticias\/wp-json\/wp\/v2\/media\/198419"}],"wp:attachment":[{"href":"https:\/\/franciscanos.org.br\/noticias\/wp-json\/wp\/v2\/media?parent=30183"}],"wp:term":[{"taxonomy":"category","embeddable":true,"href":"https:\/\/franciscanos.org.br\/noticias\/wp-json\/wp\/v2\/categories?post=30183"},{"taxonomy":"post_tag","embeddable":true,"href":"https:\/\/franciscanos.org.br\/noticias\/wp-json\/wp\/v2\/tags?post=30183"}],"curies":[{"name":"wp","href":"https:\/\/api.w.org\/{rel}","templated":true}]}}