{"id":29558,"date":"2012-12-04T07:41:30","date_gmt":"2012-12-04T09:41:30","guid":{"rendered":"http:\/\/new.franciscanos.org.br\/?p=29558"},"modified":"2020-11-10T13:55:51","modified_gmt":"2020-11-10T16:55:51","slug":"familia-franciscana-de-florianopolis-faz-encontro-de-fim-de-ano","status":"publish","type":"post","link":"https:\/\/franciscanos.org.br\/noticias\/familia-franciscana-de-florianopolis-faz-encontro-de-fim-de-ano.html","title":{"rendered":"Fam\u00edlia Franciscana de Florian\u00f3polis faz encontro de fim de ano"},"content":{"rendered":"<p><strong><img loading=\"lazy\" class=\"alignright size-full wp-image-29559\" title=\"FFB\" src=\"http:\/\/franciscanos.org.br\/wp-content\/uploads\/2012\/12\/FFB.jpg\" alt=\"\" width=\"450\" height=\"341\" \/><\/strong><strong>Florian\u00f3polis (SP) &#8211;<\/strong> Neste primeiro s\u00e1bado do m\u00eas de dezembro, a Fam\u00edlia Franciscana do Sub-Regional Florian\u00f3polis se encontrou para uma tarde de reflex\u00e3o, confraterniza\u00e7\u00e3o, avalia\u00e7\u00e3o e constru\u00e7\u00e3o da agenda conjunta para 2013.<\/p>\n<p>As crian\u00e7as do 2\u00b0 ano do Col\u00e9gio Santa Catarina (local do encontro) abriram as atividades com uma apresenta\u00e7\u00e3o natalina. Irm\u00e3 Irene Novak, Franciscana da Sant\u00edssima Trindade, foi a respons\u00e1vel pela forma\u00e7\u00e3o, que teve como tema \u201cA Encarna\u00e7\u00e3o\u201d.<\/p>\n<p>Nos trabalhos de grupo, foi discutido como os franciscanos e franciscanas podem vivenciar a espiritualidade da Encarna\u00e7\u00e3o nos dias de hoje. O pr\u00f3ximo encontro da Fam\u00edlia Franciscana de Florian\u00f3polis ficou agendado para o dia 16\/03\/2013, na Par\u00f3quia Santo Ant\u00f4nio, no centro da capital catarinense. O tema, orientado pela Campanha da Fraternidade e pela Jornada Mundial da Juventude do Rio de Janeiro, ser\u00e1 &#8216;Juventude e Vida Franciscana&#8217; e ser\u00e1 assessorado pela Irm\u00e3 Eunice Berri, Catequista Franciscana. Tamb\u00e9m na agenda de 2013, foi sugerido que a Fam\u00edlia Franciscana se re\u00fana para celebrar Santa Clara e S\u00e3o Francisco de Assis em suas datas comemorativas &#8211; os locais ser\u00e3o definidos no encontro de mar\u00e7o.<\/p>\n","protected":false},"excerpt":{"rendered":"<p>FFB\/SC<\/p>\n","protected":false},"author":1,"featured_media":214790,"comment_status":"closed","ping_status":"open","sticky":false,"template":"","format":"standard","meta":[],"categories":[1],"tags":[203],"acf":[],"yoast_head":"<!-- This site is optimized with the Yoast SEO plugin v19.2 - https:\/\/yoast.com\/wordpress\/plugins\/seo\/ -->\n<title>Fam\u00edlia Franciscana de Florian\u00f3polis faz encontro de fim de ano - Not\u00edcias - Franciscanos<\/title>\n<meta name=\"robots\" content=\"index, follow, max-snippet:-1, max-image-preview:large, max-video-preview:-1\" \/>\n<link rel=\"canonical\" href=\"https:\/\/franciscanos.org.br\/noticias\/familia-franciscana-de-florianopolis-faz-encontro-de-fim-de-ano.html\" \/>\n<meta property=\"og:locale\" content=\"pt_BR\" \/>\n<meta property=\"og:type\" content=\"article\" \/>\n<meta property=\"og:title\" content=\"Fam\u00edlia Franciscana de Florian\u00f3polis faz encontro de fim de ano - Not\u00edcias - Franciscanos\" \/>\n<meta property=\"og:description\" content=\"FFB\/SC\" \/>\n<meta property=\"og:url\" content=\"https:\/\/franciscanos.org.br\/noticias\/familia-franciscana-de-florianopolis-faz-encontro-de-fim-de-ano.html\" \/>\n<meta property=\"og:site_name\" content=\"Not\u00edcias - Franciscanos\" \/>\n<meta property=\"article:published_time\" content=\"2012-12-04T09:41:30+00:00\" \/>\n<meta property=\"article:modified_time\" content=\"2020-11-10T16:55:51+00:00\" \/>\n<meta property=\"og:image\" content=\"https:\/\/franciscanos.org.br\/noticias\/wp-content\/uploads\/2012\/12\/FFB.jpg\" \/>\n\t<meta property=\"og:image:width\" content=\"273\" \/>\n\t<meta property=\"og:image:height\" content=\"181\" \/>\n\t<meta property=\"og:image:type\" content=\"image\/jpeg\" \/>\n<meta name=\"author\" content=\"admin\" \/>\n<meta name=\"twitter:card\" content=\"summary_large_image\" \/>\n<meta name=\"twitter:label1\" content=\"Escrito por\" \/>\n\t<meta name=\"twitter:data1\" content=\"admin\" \/>\n\t<meta name=\"twitter:label2\" content=\"Est. tempo de leitura\" \/>\n\t<meta name=\"twitter:data2\" content=\"1 minuto\" \/>\n<script type=\"application\/ld+json\" class=\"yoast-schema-graph\">{\"@context\":\"https:\/\/schema.org\",\"@graph\":[{\"@type\":\"WebSite\",\"@id\":\"https:\/\/franciscanos.org.br\/noticias\/#website\",\"url\":\"https:\/\/franciscanos.org.br\/noticias\/\",\"name\":\"Not\u00edcias - Franciscanos\",\"description\":\"Prov\u00edncia Franciscana da Imaculada Concei\u00e7\u00e3o do Brasil - Ordem dos Frades Menores - OFM\",\"potentialAction\":[{\"@type\":\"SearchAction\",\"target\":{\"@type\":\"EntryPoint\",\"urlTemplate\":\"https:\/\/franciscanos.org.br\/noticias\/?s={search_term_string}\"},\"query-input\":\"required name=search_term_string\"}],\"inLanguage\":\"pt-BR\"},{\"@type\":\"ImageObject\",\"inLanguage\":\"pt-BR\",\"@id\":\"https:\/\/franciscanos.org.br\/noticias\/familia-franciscana-de-florianopolis-faz-encontro-de-fim-de-ano.html#primaryimage\",\"url\":\"https:\/\/franciscanos.org.br\/noticias\/wp-content\/uploads\/2012\/12\/FFB.jpg\",\"contentUrl\":\"https:\/\/franciscanos.org.br\/noticias\/wp-content\/uploads\/2012\/12\/FFB.jpg\",\"width\":273,\"height\":181},{\"@type\":\"WebPage\",\"@id\":\"https:\/\/franciscanos.org.br\/noticias\/familia-franciscana-de-florianopolis-faz-encontro-de-fim-de-ano.html#webpage\",\"url\":\"https:\/\/franciscanos.org.br\/noticias\/familia-franciscana-de-florianopolis-faz-encontro-de-fim-de-ano.html\",\"name\":\"Fam\u00edlia Franciscana de Florian\u00f3polis faz encontro de fim de ano - Not\u00edcias - Franciscanos\",\"isPartOf\":{\"@id\":\"https:\/\/franciscanos.org.br\/noticias\/#website\"},\"primaryImageOfPage\":{\"@id\":\"https:\/\/franciscanos.org.br\/noticias\/familia-franciscana-de-florianopolis-faz-encontro-de-fim-de-ano.html#primaryimage\"},\"datePublished\":\"2012-12-04T09:41:30+00:00\",\"dateModified\":\"2020-11-10T16:55:51+00:00\",\"author\":{\"@id\":\"https:\/\/franciscanos.org.br\/noticias\/#\/schema\/person\/b38fbf43118f02820bd932f2e4b14ad3\"},\"breadcrumb\":{\"@id\":\"https:\/\/franciscanos.org.br\/noticias\/familia-franciscana-de-florianopolis-faz-encontro-de-fim-de-ano.html#breadcrumb\"},\"inLanguage\":\"pt-BR\",\"potentialAction\":[{\"@type\":\"ReadAction\",\"target\":[\"https:\/\/franciscanos.org.br\/noticias\/familia-franciscana-de-florianopolis-faz-encontro-de-fim-de-ano.html\"]}]},{\"@type\":\"BreadcrumbList\",\"@id\":\"https:\/\/franciscanos.org.br\/noticias\/familia-franciscana-de-florianopolis-faz-encontro-de-fim-de-ano.html#breadcrumb\",\"itemListElement\":[{\"@type\":\"ListItem\",\"position\":1,\"name\":\"Home\",\"item\":\"https:\/\/franciscanos.org.br\/noticias\"},{\"@type\":\"ListItem\",\"position\":2,\"name\":\"Fam\u00edlia Franciscana de Florian\u00f3polis faz encontro de fim de ano\"}]},{\"@type\":\"Person\",\"@id\":\"https:\/\/franciscanos.org.br\/noticias\/#\/schema\/person\/b38fbf43118f02820bd932f2e4b14ad3\",\"name\":\"admin\",\"image\":{\"@type\":\"ImageObject\",\"inLanguage\":\"pt-BR\",\"@id\":\"https:\/\/franciscanos.org.br\/noticias\/#\/schema\/person\/image\/\",\"url\":\"https:\/\/secure.gravatar.com\/avatar\/e8495742d34d0ba6448ea1c628263b3e?s=96&d=mm&r=g\",\"contentUrl\":\"https:\/\/secure.gravatar.com\/avatar\/e8495742d34d0ba6448ea1c628263b3e?s=96&d=mm&r=g\",\"caption\":\"admin\"},\"url\":\"https:\/\/franciscanos.org.br\/noticias\/author\/admin\"}]}<\/script>\n<!-- \/ Yoast SEO plugin. -->","yoast_head_json":{"title":"Fam\u00edlia Franciscana de Florian\u00f3polis faz encontro de fim de ano - Not\u00edcias - Franciscanos","robots":{"index":"index","follow":"follow","max-snippet":"max-snippet:-1","max-image-preview":"max-image-preview:large","max-video-preview":"max-video-preview:-1"},"canonical":"https:\/\/franciscanos.org.br\/noticias\/familia-franciscana-de-florianopolis-faz-encontro-de-fim-de-ano.html","og_locale":"pt_BR","og_type":"article","og_title":"Fam\u00edlia Franciscana de Florian\u00f3polis faz encontro de fim de ano - Not\u00edcias - Franciscanos","og_description":"FFB\/SC","og_url":"https:\/\/franciscanos.org.br\/noticias\/familia-franciscana-de-florianopolis-faz-encontro-de-fim-de-ano.html","og_site_name":"Not\u00edcias - Franciscanos","article_published_time":"2012-12-04T09:41:30+00:00","article_modified_time":"2020-11-10T16:55:51+00:00","og_image":[{"width":273,"height":181,"url":"https:\/\/franciscanos.org.br\/noticias\/wp-content\/uploads\/2012\/12\/FFB.jpg","type":"image\/jpeg"}],"author":"admin","twitter_card":"summary_large_image","twitter_misc":{"Escrito por":"admin","Est. tempo de leitura":"1 minuto"},"schema":{"@context":"https:\/\/schema.org","@graph":[{"@type":"WebSite","@id":"https:\/\/franciscanos.org.br\/noticias\/#website","url":"https:\/\/franciscanos.org.br\/noticias\/","name":"Not\u00edcias - Franciscanos","description":"Prov\u00edncia Franciscana da Imaculada Concei\u00e7\u00e3o do Brasil - Ordem dos Frades Menores - OFM","potentialAction":[{"@type":"SearchAction","target":{"@type":"EntryPoint","urlTemplate":"https:\/\/franciscanos.org.br\/noticias\/?s={search_term_string}"},"query-input":"required name=search_term_string"}],"inLanguage":"pt-BR"},{"@type":"ImageObject","inLanguage":"pt-BR","@id":"https:\/\/franciscanos.org.br\/noticias\/familia-franciscana-de-florianopolis-faz-encontro-de-fim-de-ano.html#primaryimage","url":"https:\/\/franciscanos.org.br\/noticias\/wp-content\/uploads\/2012\/12\/FFB.jpg","contentUrl":"https:\/\/franciscanos.org.br\/noticias\/wp-content\/uploads\/2012\/12\/FFB.jpg","width":273,"height":181},{"@type":"WebPage","@id":"https:\/\/franciscanos.org.br\/noticias\/familia-franciscana-de-florianopolis-faz-encontro-de-fim-de-ano.html#webpage","url":"https:\/\/franciscanos.org.br\/noticias\/familia-franciscana-de-florianopolis-faz-encontro-de-fim-de-ano.html","name":"Fam\u00edlia Franciscana de Florian\u00f3polis faz encontro de fim de ano - Not\u00edcias - Franciscanos","isPartOf":{"@id":"https:\/\/franciscanos.org.br\/noticias\/#website"},"primaryImageOfPage":{"@id":"https:\/\/franciscanos.org.br\/noticias\/familia-franciscana-de-florianopolis-faz-encontro-de-fim-de-ano.html#primaryimage"},"datePublished":"2012-12-04T09:41:30+00:00","dateModified":"2020-11-10T16:55:51+00:00","author":{"@id":"https:\/\/franciscanos.org.br\/noticias\/#\/schema\/person\/b38fbf43118f02820bd932f2e4b14ad3"},"breadcrumb":{"@id":"https:\/\/franciscanos.org.br\/noticias\/familia-franciscana-de-florianopolis-faz-encontro-de-fim-de-ano.html#breadcrumb"},"inLanguage":"pt-BR","potentialAction":[{"@type":"ReadAction","target":["https:\/\/franciscanos.org.br\/noticias\/familia-franciscana-de-florianopolis-faz-encontro-de-fim-de-ano.html"]}]},{"@type":"BreadcrumbList","@id":"https:\/\/franciscanos.org.br\/noticias\/familia-franciscana-de-florianopolis-faz-encontro-de-fim-de-ano.html#breadcrumb","itemListElement":[{"@type":"ListItem","position":1,"name":"Home","item":"https:\/\/franciscanos.org.br\/noticias"},{"@type":"ListItem","position":2,"name":"Fam\u00edlia Franciscana de Florian\u00f3polis faz encontro de fim de ano"}]},{"@type":"Person","@id":"https:\/\/franciscanos.org.br\/noticias\/#\/schema\/person\/b38fbf43118f02820bd932f2e4b14ad3","name":"admin","image":{"@type":"ImageObject","inLanguage":"pt-BR","@id":"https:\/\/franciscanos.org.br\/noticias\/#\/schema\/person\/image\/","url":"https:\/\/secure.gravatar.com\/avatar\/e8495742d34d0ba6448ea1c628263b3e?s=96&d=mm&r=g","contentUrl":"https:\/\/secure.gravatar.com\/avatar\/e8495742d34d0ba6448ea1c628263b3e?s=96&d=mm&r=g","caption":"admin"},"url":"https:\/\/franciscanos.org.br\/noticias\/author\/admin"}]}},"_links":{"self":[{"href":"https:\/\/franciscanos.org.br\/noticias\/wp-json\/wp\/v2\/posts\/29558"}],"collection":[{"href":"https:\/\/franciscanos.org.br\/noticias\/wp-json\/wp\/v2\/posts"}],"about":[{"href":"https:\/\/franciscanos.org.br\/noticias\/wp-json\/wp\/v2\/types\/post"}],"author":[{"embeddable":true,"href":"https:\/\/franciscanos.org.br\/noticias\/wp-json\/wp\/v2\/users\/1"}],"replies":[{"embeddable":true,"href":"https:\/\/franciscanos.org.br\/noticias\/wp-json\/wp\/v2\/comments?post=29558"}],"version-history":[{"count":1,"href":"https:\/\/franciscanos.org.br\/noticias\/wp-json\/wp\/v2\/posts\/29558\/revisions"}],"predecessor-version":[{"id":229194,"href":"https:\/\/franciscanos.org.br\/noticias\/wp-json\/wp\/v2\/posts\/29558\/revisions\/229194"}],"wp:featuredmedia":[{"embeddable":true,"href":"https:\/\/franciscanos.org.br\/noticias\/wp-json\/wp\/v2\/media\/214790"}],"wp:attachment":[{"href":"https:\/\/franciscanos.org.br\/noticias\/wp-json\/wp\/v2\/media?parent=29558"}],"wp:term":[{"taxonomy":"category","embeddable":true,"href":"https:\/\/franciscanos.org.br\/noticias\/wp-json\/wp\/v2\/categories?post=29558"},{"taxonomy":"post_tag","embeddable":true,"href":"https:\/\/franciscanos.org.br\/noticias\/wp-json\/wp\/v2\/tags?post=29558"}],"curies":[{"name":"wp","href":"https:\/\/api.w.org\/{rel}","templated":true}]}}