{"id":29330,"date":"2012-12-08T07:29:22","date_gmt":"2012-12-08T09:29:22","guid":{"rendered":"http:\/\/new.franciscanos.org.br\/?p=29330"},"modified":"2020-11-10T13:55:25","modified_gmt":"2020-11-10T16:55:25","slug":"a-paz-e-tema-da-23a-exposicao-franciscana-de-presepios","status":"publish","type":"post","link":"https:\/\/franciscanos.org.br\/noticias\/a-paz-e-tema-da-23a-exposicao-franciscana-de-presepios.html","title":{"rendered":"A Paz \u00e9 tema da 23\u00aa Exposi\u00e7\u00e3o Franciscana de Pres\u00e9pios"},"content":{"rendered":"<p><img loading=\"lazy\" title=\"Pres\u00e9pio\" src=\"http:\/\/franciscanos.org.br\/wp-content\/uploads\/2012\/12\/presepio_cab.jpg\" alt=\"\" width=\"830\" height=\"407\" \/><\/p>\n<p>O tema da paz, t\u00e3o atual e t\u00e3o desejado na cidade de S\u00e3o Paulo nos \u00faltimos meses, foi escolhido para a 23\u00aa Exposi\u00e7\u00e3o Franciscana de Pres\u00e9pios, que ser\u00e1 inaugurada no pr\u00f3ximo dia 8 de dezembro, \u00e0s 9h30 horas, no Claustro do Convento S\u00e3o Francisco de Assis, no Largo S\u00e3o Francisco, regi\u00e3o central de S\u00e3o Paulo.<\/p>\n<table style=\"height: 575px;\" border=\"0\" width=\"298\" cellspacing=\"5\" cellpadding=\"2\" align=\"right\">\n<tbody>\n<tr>\n<td bgcolor=\"#FFFFFF\" width=\"395\"><img loading=\"lazy\" title=\"cartaz\" src=\"http:\/\/franciscanos.org.br\/wp-content\/uploads\/2012\/12\/cartaz.jpg\" alt=\"\" width=\"400\" height=\"600\" \/><\/td>\n<\/tr>\n<tr>\n<td bgcolor=\"#FFFFFF\">\n<p style=\"text-align: center;\">\n<p style=\"text-align: center;\">\n<\/td>\n<\/tr>\n<\/tbody>\n<\/table>\n<p>Sob a coordena\u00e7\u00e3o art\u00edstica de Frei R\u00f3ger Brunorio, esta Mostra apresenta ao p\u00fablico 30 pres\u00e9pios in\u00e9ditos. &#8220;A Cole\u00e7\u00e3o Franciscana de Pres\u00e9pios ficou mais enriquecida este ano. Isso porque recebemos cerca de 50 novos pres\u00e9pios oriundos de diversos pa\u00edses. Mas, para esta Exposi\u00e7\u00e3o, selecionamos 30 conjuntos&#8221;, explica Frei R\u00f3ger, lembrando que a Mostra ficar\u00e1 aberta ao p\u00fablico de 8 a 30 de dezembro de 2012.<\/p>\n<p>Este ano, o sal\u00e3o S\u00e3o Francisco, no Claustro do Convento, onde acontece a Exposi\u00e7\u00e3o, ter\u00e1 um tom mais claro, cor palha, para remeter ao tema da paz. &#8220;Al\u00e9m disso, escolhemos pres\u00e9pios feitos com barro e modelados a m\u00e3o. O barro nos remete \u00e0 cria\u00e7\u00e3o do homem e, com as m\u00e3os, o artista mexe e modela as obras de arte. Neste caso, as m\u00e3os simbolizam aqueles que promovem a paz&#8221;, explica Frei R\u00f3ger, que \u00e9 muse\u00f3logo e respons\u00e1vel pelo Departamento de Bens Culturais da Prov\u00edncia Franciscana da Imaculada Concei\u00e7\u00e3o.<\/p>\n<p>Segundo o frade, que realiza pela terceira vez esta mostra em S\u00e3o Paulo, esta Exposi\u00e7\u00e3o promoveu tamb\u00e9m um interc\u00e2mbio cultural internacional. &#8220;Duas artistas\u00a0 brasileiras fizeram pres\u00e9pios em estilo japon\u00eas e uma artista alem\u00e3 fez um conjunto em estilo africano. Esse respeito \u00e0s diferen\u00e7as culturais ajudam a promover a paz&#8221;, diz o franciscano, lembrando que nos \u00faltimos anos h\u00e1 um acentuado aumento de intoler\u00e2ncia, extremismo e viol\u00eancia em todo o mundo.<\/p>\n<p>&#8220;Natal \u00e9 tempo novo; \u00e9 tempo de solidariedade&#8221;, acrescenta o coordenador, informando que esta a\u00e7\u00e3o solid\u00e1ria ser\u00e1 feita durante a Mostra, j\u00e1 que os visitantes s\u00e3o convidados a doar 1 kg de alimento n\u00e3o-perec\u00edvel. No final, todos os alimentos ser\u00e3o doados para o Servi\u00e7o Franciscano de Solidariedade, que em S\u00e3o Paulo tem projetos sociais voltados para pessoas em situa\u00e7\u00e3o de rua, soropositivos\/HIV, idosos, crian\u00e7as em situa\u00e7\u00e3o de risco e um servi\u00e7o de apoio \u00e0 reciclagem.<\/p>\n<p>O pres\u00e9pio \u00e9 uma devo\u00e7\u00e3o franciscana que nasceu em 1223, na cidade italiana de Greccio, por iniciativa de S\u00e3o Francisco de Assis. No Natal daquele ano, ele promoveu a representa\u00e7\u00e3o ao vivo, usando animais e pessoas da regi\u00e3o do Vale de Rieti.<\/p>\n<p>A exposi\u00e7\u00e3o tem entrada franca e estar\u00e1 aberta das 10 \u00e0s 17 horas, no Claustro do Convento S\u00e3o Francisco de Assis, 133. N\u00e3o haver\u00e1 visita\u00e7\u00e3o nos dias 24 e 25 de dezembro. Mais informa\u00e7\u00f5es, pelo telefone (11) 3291-2400.<\/p>\n<p>&nbsp;<\/p>\n","protected":false},"excerpt":{"rendered":"<p>Cultura Franciscana<\/p>\n","protected":false},"author":1,"featured_media":210404,"comment_status":"closed","ping_status":"open","sticky":false,"template":"","format":"standard","meta":[],"categories":[1],"tags":[76],"acf":[],"yoast_head":"<!-- This site is optimized with the Yoast SEO plugin v19.2 - https:\/\/yoast.com\/wordpress\/plugins\/seo\/ -->\n<title>A Paz \u00e9 tema da 23\u00aa Exposi\u00e7\u00e3o Franciscana de Pres\u00e9pios - Not\u00edcias - Franciscanos<\/title>\n<meta name=\"robots\" content=\"index, follow, max-snippet:-1, max-image-preview:large, max-video-preview:-1\" \/>\n<link rel=\"canonical\" href=\"https:\/\/franciscanos.org.br\/noticias\/a-paz-e-tema-da-23a-exposicao-franciscana-de-presepios.html\" \/>\n<meta property=\"og:locale\" content=\"pt_BR\" \/>\n<meta property=\"og:type\" content=\"article\" \/>\n<meta property=\"og:title\" content=\"A Paz \u00e9 tema da 23\u00aa Exposi\u00e7\u00e3o Franciscana de Pres\u00e9pios - Not\u00edcias - Franciscanos\" \/>\n<meta property=\"og:description\" content=\"Cultura Franciscana\" \/>\n<meta property=\"og:url\" content=\"https:\/\/franciscanos.org.br\/noticias\/a-paz-e-tema-da-23a-exposicao-franciscana-de-presepios.html\" \/>\n<meta property=\"og:site_name\" content=\"Not\u00edcias - Franciscanos\" \/>\n<meta property=\"article:published_time\" content=\"2012-12-08T09:29:22+00:00\" \/>\n<meta property=\"article:modified_time\" content=\"2020-11-10T16:55:25+00:00\" \/>\n<meta property=\"og:image\" content=\"https:\/\/franciscanos.org.br\/noticias\/wp-content\/uploads\/2012\/12\/presepio_cab.jpg\" \/>\n\t<meta property=\"og:image:width\" content=\"273\" \/>\n\t<meta property=\"og:image:height\" content=\"181\" \/>\n\t<meta property=\"og:image:type\" content=\"image\/jpeg\" \/>\n<meta name=\"author\" content=\"admin\" \/>\n<meta name=\"twitter:card\" content=\"summary_large_image\" \/>\n<meta name=\"twitter:label1\" content=\"Escrito por\" \/>\n\t<meta name=\"twitter:data1\" content=\"admin\" \/>\n\t<meta name=\"twitter:label2\" content=\"Est. tempo de leitura\" \/>\n\t<meta name=\"twitter:data2\" content=\"2 minutos\" \/>\n<script type=\"application\/ld+json\" class=\"yoast-schema-graph\">{\"@context\":\"https:\/\/schema.org\",\"@graph\":[{\"@type\":\"WebSite\",\"@id\":\"https:\/\/franciscanos.org.br\/noticias\/#website\",\"url\":\"https:\/\/franciscanos.org.br\/noticias\/\",\"name\":\"Not\u00edcias - Franciscanos\",\"description\":\"Prov\u00edncia Franciscana da Imaculada Concei\u00e7\u00e3o do Brasil - Ordem dos Frades Menores - OFM\",\"potentialAction\":[{\"@type\":\"SearchAction\",\"target\":{\"@type\":\"EntryPoint\",\"urlTemplate\":\"https:\/\/franciscanos.org.br\/noticias\/?s={search_term_string}\"},\"query-input\":\"required name=search_term_string\"}],\"inLanguage\":\"pt-BR\"},{\"@type\":\"ImageObject\",\"inLanguage\":\"pt-BR\",\"@id\":\"https:\/\/franciscanos.org.br\/noticias\/a-paz-e-tema-da-23a-exposicao-franciscana-de-presepios.html#primaryimage\",\"url\":\"https:\/\/franciscanos.org.br\/noticias\/wp-content\/uploads\/2012\/12\/presepio_cab.jpg\",\"contentUrl\":\"https:\/\/franciscanos.org.br\/noticias\/wp-content\/uploads\/2012\/12\/presepio_cab.jpg\",\"width\":273,\"height\":181},{\"@type\":\"WebPage\",\"@id\":\"https:\/\/franciscanos.org.br\/noticias\/a-paz-e-tema-da-23a-exposicao-franciscana-de-presepios.html#webpage\",\"url\":\"https:\/\/franciscanos.org.br\/noticias\/a-paz-e-tema-da-23a-exposicao-franciscana-de-presepios.html\",\"name\":\"A Paz \u00e9 tema da 23\u00aa Exposi\u00e7\u00e3o Franciscana de Pres\u00e9pios - Not\u00edcias - Franciscanos\",\"isPartOf\":{\"@id\":\"https:\/\/franciscanos.org.br\/noticias\/#website\"},\"primaryImageOfPage\":{\"@id\":\"https:\/\/franciscanos.org.br\/noticias\/a-paz-e-tema-da-23a-exposicao-franciscana-de-presepios.html#primaryimage\"},\"datePublished\":\"2012-12-08T09:29:22+00:00\",\"dateModified\":\"2020-11-10T16:55:25+00:00\",\"author\":{\"@id\":\"https:\/\/franciscanos.org.br\/noticias\/#\/schema\/person\/b38fbf43118f02820bd932f2e4b14ad3\"},\"breadcrumb\":{\"@id\":\"https:\/\/franciscanos.org.br\/noticias\/a-paz-e-tema-da-23a-exposicao-franciscana-de-presepios.html#breadcrumb\"},\"inLanguage\":\"pt-BR\",\"potentialAction\":[{\"@type\":\"ReadAction\",\"target\":[\"https:\/\/franciscanos.org.br\/noticias\/a-paz-e-tema-da-23a-exposicao-franciscana-de-presepios.html\"]}]},{\"@type\":\"BreadcrumbList\",\"@id\":\"https:\/\/franciscanos.org.br\/noticias\/a-paz-e-tema-da-23a-exposicao-franciscana-de-presepios.html#breadcrumb\",\"itemListElement\":[{\"@type\":\"ListItem\",\"position\":1,\"name\":\"Home\",\"item\":\"https:\/\/franciscanos.org.br\/noticias\"},{\"@type\":\"ListItem\",\"position\":2,\"name\":\"A Paz \u00e9 tema da 23\u00aa Exposi\u00e7\u00e3o Franciscana de Pres\u00e9pios\"}]},{\"@type\":\"Person\",\"@id\":\"https:\/\/franciscanos.org.br\/noticias\/#\/schema\/person\/b38fbf43118f02820bd932f2e4b14ad3\",\"name\":\"admin\",\"image\":{\"@type\":\"ImageObject\",\"inLanguage\":\"pt-BR\",\"@id\":\"https:\/\/franciscanos.org.br\/noticias\/#\/schema\/person\/image\/\",\"url\":\"https:\/\/secure.gravatar.com\/avatar\/e8495742d34d0ba6448ea1c628263b3e?s=96&d=mm&r=g\",\"contentUrl\":\"https:\/\/secure.gravatar.com\/avatar\/e8495742d34d0ba6448ea1c628263b3e?s=96&d=mm&r=g\",\"caption\":\"admin\"},\"url\":\"https:\/\/franciscanos.org.br\/noticias\/author\/admin\"}]}<\/script>\n<!-- \/ Yoast SEO plugin. -->","yoast_head_json":{"title":"A Paz \u00e9 tema da 23\u00aa Exposi\u00e7\u00e3o Franciscana de Pres\u00e9pios - Not\u00edcias - Franciscanos","robots":{"index":"index","follow":"follow","max-snippet":"max-snippet:-1","max-image-preview":"max-image-preview:large","max-video-preview":"max-video-preview:-1"},"canonical":"https:\/\/franciscanos.org.br\/noticias\/a-paz-e-tema-da-23a-exposicao-franciscana-de-presepios.html","og_locale":"pt_BR","og_type":"article","og_title":"A Paz \u00e9 tema da 23\u00aa Exposi\u00e7\u00e3o Franciscana de Pres\u00e9pios - Not\u00edcias - Franciscanos","og_description":"Cultura Franciscana","og_url":"https:\/\/franciscanos.org.br\/noticias\/a-paz-e-tema-da-23a-exposicao-franciscana-de-presepios.html","og_site_name":"Not\u00edcias - Franciscanos","article_published_time":"2012-12-08T09:29:22+00:00","article_modified_time":"2020-11-10T16:55:25+00:00","og_image":[{"width":273,"height":181,"url":"https:\/\/franciscanos.org.br\/noticias\/wp-content\/uploads\/2012\/12\/presepio_cab.jpg","type":"image\/jpeg"}],"author":"admin","twitter_card":"summary_large_image","twitter_misc":{"Escrito por":"admin","Est. tempo de leitura":"2 minutos"},"schema":{"@context":"https:\/\/schema.org","@graph":[{"@type":"WebSite","@id":"https:\/\/franciscanos.org.br\/noticias\/#website","url":"https:\/\/franciscanos.org.br\/noticias\/","name":"Not\u00edcias - Franciscanos","description":"Prov\u00edncia Franciscana da Imaculada Concei\u00e7\u00e3o do Brasil - Ordem dos Frades Menores - OFM","potentialAction":[{"@type":"SearchAction","target":{"@type":"EntryPoint","urlTemplate":"https:\/\/franciscanos.org.br\/noticias\/?s={search_term_string}"},"query-input":"required name=search_term_string"}],"inLanguage":"pt-BR"},{"@type":"ImageObject","inLanguage":"pt-BR","@id":"https:\/\/franciscanos.org.br\/noticias\/a-paz-e-tema-da-23a-exposicao-franciscana-de-presepios.html#primaryimage","url":"https:\/\/franciscanos.org.br\/noticias\/wp-content\/uploads\/2012\/12\/presepio_cab.jpg","contentUrl":"https:\/\/franciscanos.org.br\/noticias\/wp-content\/uploads\/2012\/12\/presepio_cab.jpg","width":273,"height":181},{"@type":"WebPage","@id":"https:\/\/franciscanos.org.br\/noticias\/a-paz-e-tema-da-23a-exposicao-franciscana-de-presepios.html#webpage","url":"https:\/\/franciscanos.org.br\/noticias\/a-paz-e-tema-da-23a-exposicao-franciscana-de-presepios.html","name":"A Paz \u00e9 tema da 23\u00aa Exposi\u00e7\u00e3o Franciscana de Pres\u00e9pios - Not\u00edcias - Franciscanos","isPartOf":{"@id":"https:\/\/franciscanos.org.br\/noticias\/#website"},"primaryImageOfPage":{"@id":"https:\/\/franciscanos.org.br\/noticias\/a-paz-e-tema-da-23a-exposicao-franciscana-de-presepios.html#primaryimage"},"datePublished":"2012-12-08T09:29:22+00:00","dateModified":"2020-11-10T16:55:25+00:00","author":{"@id":"https:\/\/franciscanos.org.br\/noticias\/#\/schema\/person\/b38fbf43118f02820bd932f2e4b14ad3"},"breadcrumb":{"@id":"https:\/\/franciscanos.org.br\/noticias\/a-paz-e-tema-da-23a-exposicao-franciscana-de-presepios.html#breadcrumb"},"inLanguage":"pt-BR","potentialAction":[{"@type":"ReadAction","target":["https:\/\/franciscanos.org.br\/noticias\/a-paz-e-tema-da-23a-exposicao-franciscana-de-presepios.html"]}]},{"@type":"BreadcrumbList","@id":"https:\/\/franciscanos.org.br\/noticias\/a-paz-e-tema-da-23a-exposicao-franciscana-de-presepios.html#breadcrumb","itemListElement":[{"@type":"ListItem","position":1,"name":"Home","item":"https:\/\/franciscanos.org.br\/noticias"},{"@type":"ListItem","position":2,"name":"A Paz \u00e9 tema da 23\u00aa Exposi\u00e7\u00e3o Franciscana de Pres\u00e9pios"}]},{"@type":"Person","@id":"https:\/\/franciscanos.org.br\/noticias\/#\/schema\/person\/b38fbf43118f02820bd932f2e4b14ad3","name":"admin","image":{"@type":"ImageObject","inLanguage":"pt-BR","@id":"https:\/\/franciscanos.org.br\/noticias\/#\/schema\/person\/image\/","url":"https:\/\/secure.gravatar.com\/avatar\/e8495742d34d0ba6448ea1c628263b3e?s=96&d=mm&r=g","contentUrl":"https:\/\/secure.gravatar.com\/avatar\/e8495742d34d0ba6448ea1c628263b3e?s=96&d=mm&r=g","caption":"admin"},"url":"https:\/\/franciscanos.org.br\/noticias\/author\/admin"}]}},"_links":{"self":[{"href":"https:\/\/franciscanos.org.br\/noticias\/wp-json\/wp\/v2\/posts\/29330"}],"collection":[{"href":"https:\/\/franciscanos.org.br\/noticias\/wp-json\/wp\/v2\/posts"}],"about":[{"href":"https:\/\/franciscanos.org.br\/noticias\/wp-json\/wp\/v2\/types\/post"}],"author":[{"embeddable":true,"href":"https:\/\/franciscanos.org.br\/noticias\/wp-json\/wp\/v2\/users\/1"}],"replies":[{"embeddable":true,"href":"https:\/\/franciscanos.org.br\/noticias\/wp-json\/wp\/v2\/comments?post=29330"}],"version-history":[{"count":2,"href":"https:\/\/franciscanos.org.br\/noticias\/wp-json\/wp\/v2\/posts\/29330\/revisions"}],"predecessor-version":[{"id":229193,"href":"https:\/\/franciscanos.org.br\/noticias\/wp-json\/wp\/v2\/posts\/29330\/revisions\/229193"}],"wp:featuredmedia":[{"embeddable":true,"href":"https:\/\/franciscanos.org.br\/noticias\/wp-json\/wp\/v2\/media\/210404"}],"wp:attachment":[{"href":"https:\/\/franciscanos.org.br\/noticias\/wp-json\/wp\/v2\/media?parent=29330"}],"wp:term":[{"taxonomy":"category","embeddable":true,"href":"https:\/\/franciscanos.org.br\/noticias\/wp-json\/wp\/v2\/categories?post=29330"},{"taxonomy":"post_tag","embeddable":true,"href":"https:\/\/franciscanos.org.br\/noticias\/wp-json\/wp\/v2\/tags?post=29330"}],"curies":[{"name":"wp","href":"https:\/\/api.w.org\/{rel}","templated":true}]}}