{"id":29281,"date":"2012-11-30T09:21:28","date_gmt":"2012-11-30T11:21:28","guid":{"rendered":"http:\/\/new.franciscanos.org.br\/?p=29281"},"modified":"2019-03-08T18:05:38","modified_gmt":"2019-03-08T21:05:38","slug":"o-novo-ponto-da-vozes-em-sao-paulo","status":"publish","type":"post","link":"https:\/\/franciscanos.org.br\/noticias\/o-novo-ponto-da-vozes-em-sao-paulo.html","title":{"rendered":"O novo ponto da Vozes em S\u00e3o Paulo"},"content":{"rendered":"<p><img loading=\"lazy\" title=\"vozes\" src=\"http:\/\/franciscanos.org.br\/wp-content\/uploads\/2012\/11\/vo.jpg\" alt=\"\" width=\"830\" height=\"256\" \/><br \/>\n<strong>Moacir Beggo<\/strong><\/p>\n<p><strong>S\u00e3o Paulo (SP) &#8211;<\/strong> Em fevereiro de 1942, portanto h\u00e1 setenta anos, a Editora Vozes fundava na capital paulista a sua terceira filial. O ponto na Rua Senador Feij\u00f3 era estrat\u00e9gico, j\u00e1 que ficava ao lado da Catedral da S\u00e9 e bem pr\u00f3ximo do Convento S\u00e3o Francisco, ent\u00e3o sede da Prov\u00edncia Franciscana da Imaculada Concei\u00e7\u00e3o. Nesta quinta-feira (29\/11), a Livraria Vozes se mudou para a Rua Jos\u00e9 Bonif\u00e1cio, 114, na mesma regi\u00e3o central. Afinal, a livraria n\u00e3o deixaria um ponto que hoje \u00e9 dominado pelas editoras cat\u00f3licas e do qual ela foi pioneira.<\/p>\n<p>O Ministro Provincial, Frei Fid\u00eancio Vanboemmel, deu a b\u00ean\u00e7\u00e3o ao novo espa\u00e7o da Livraria e agradeceu aos seus confrades, especialmente ao diretor Frei Ant\u00f4nio Moser, que abriu a celebra\u00e7\u00e3o, e aos parceiros e parceiras que est\u00e3o \u00e0 frente deste trabalhado evangelizador. Al\u00e9m do Ministro, estavam presentes os Definidores Frei Jo\u00e3o Mannes e Frei M\u00e1rio Tagliari.<\/p>\n<div id=\"attachment_29293\" style=\"width: 360px\" class=\"wp-caption alignleft\"><img aria-describedby=\"caption-attachment-29293\" loading=\"lazy\" class=\"size-full wp-image-29293\" title=\"Frei fid\u00eanciio\" src=\"http:\/\/franciscanos.org.br\/wp-content\/uploads\/2012\/11\/freifidenciio.jpg\" alt=\"\" width=\"350\" height=\"404\" \/><p id=\"caption-attachment-29293\" class=\"wp-caption-text\">Frei Fid\u00eancio Vanboemmel, Ministro Provincial<\/p><\/div>\n<p>Frei Fid\u00eancio informou aos presentes que o trabalho com a comunica\u00e7\u00e3o e a educa\u00e7\u00e3o faz parte das frentes de evangeliza\u00e7\u00e3o da Prov\u00edncia da Imaculada que foram definidas no rec\u00e9m-encerrado Cap\u00edtulo Provincial e lembrou que S\u00e3o Francisco era um homem bastante cioso das palavras. &#8220;Ele entendia que a boa Palavra escrita deve ser multiplicada, porque atrav\u00e9s da palavra multiplicada todas as pessoas tamb\u00e9m tinham acesso \u00e0 sabedoria. E a sabedoria das sabedorias \u00e9, sem d\u00favida alguma, conhecer a ess\u00eancia do mist\u00e9rio do amor de Deus&#8221;, observou, pedindo a Deus que o novo espa\u00e7o seja um lugar de b\u00ean\u00e7\u00e3o e que &#8220;espalhe as b\u00ean\u00e7\u00e3os de Deus para as pessoas que aqui vierem para adquirir essa sabedoria mais profunda dos livros&#8221;.<\/p>\n<p>Frei Ant\u00f4nio Moser agradeceu aos antigos propriet\u00e1rios do pr\u00e9dio onde a Livraria esteve por 70 anos e lembrou que, al\u00e9m da b\u00ean\u00e7\u00e3o ao novo local, o momento\u00a0 era tamb\u00e9m uma confraterniza\u00e7\u00e3o de Natal das pessoas envolvidas no trabalho das tr\u00eas lojas e uma distribuidora da Editora Vozes no Estado de S\u00e3o Paulo (3 na capital e uma em Campinas).<\/p>\n<p>&#8220;Este \u00e9 um momento de muita alegria&#8221;, disse Frei Ant\u00f4nio, agradecendo a presen\u00e7a do Governo Provincial, j\u00e1 que a Editora \u00e9 uma &#8220;obra centen\u00e1ria da Prov\u00edncia e da Ordem Franciscana&#8221;.<\/p>\n<p>Segundo Frei Ant\u00f4nio, algu\u00e9m poderia perguntar por que a Vozes investe num espa\u00e7o maior num momento de crescimento do livro digital. &#8220;Eu diria que o livro, apesar de todas as novas m\u00eddias, continuar\u00e1 tendo uma import\u00e2ncia fundamental para as pessoas. Muitos v\u00e3o tomar conhecimento de trechos dos livros pela internet e acabar\u00e3o adquirindo o livro&#8221;, disse Frei Moser, apostando numa conviv\u00eancia igualit\u00e1ria do livro com as novas m\u00eddias.<\/p>\n<p>Frei Moser lembrou que a Editora Vozes hoje tem 111 anos e continua editando livros que atendem \u00e0 alta intelectualidade do pa\u00eds, como o \u201cLivro Vermelho\u201d de Jung, que custa mais de R$ 500 reais, e livros para pessoa mais simples. &#8220;O que caracteriza a Editora Vozes, desde o in\u00edcio, \u00e9 o seu bra\u00e7o cultural e o bra\u00e7o religioso&#8221;, explicou Frei Ant\u00f4nio.<\/p>\n<p>A primeira filial fora de Petr\u00f3polis foi criada no final da d\u00e9cada de 30, no Rio de Janeiro, ent\u00e3o Capital Federal. Antes, para vender no territ\u00f3rio nacional, a editora despachava da sede seus livros pelos Correios. Em 1935, com o crescimento da empresa foram despachados 25.540 pacotes.\u00a0 Em 1942, seria criada a filial de S\u00e3o Paulo.<\/p>\n<p>Nesses 111 anos de funda\u00e7\u00e3o, a Editora Vozes responde por mais de 5 mil t\u00edtulos no seu cat\u00e1logo, tem 14 distribuidoras e 18 livrarias no Brasil e uma livraria em Lisboa, Portugal.<br \/>\nH\u00e1 dez anos, a administra\u00e7\u00e3o da Editora Vozes \u00e9 feita por um sistema colegiado, tendo \u00e0 frente tr\u00eas diretores: Frei Ant\u00f4nio Moser, Frei Volney Berkenbrock e Frei Ludovico Garmus.<\/p>\n","protected":false},"excerpt":{"rendered":"<p>Cultura<\/p>\n","protected":false},"author":1,"featured_media":201209,"comment_status":"closed","ping_status":"open","sticky":false,"template":"","format":"standard","meta":[],"categories":[1],"tags":[238],"acf":[],"yoast_head":"<!-- This site is optimized with the Yoast SEO plugin v19.2 - https:\/\/yoast.com\/wordpress\/plugins\/seo\/ -->\n<title>O novo ponto da Vozes em S\u00e3o Paulo - Not\u00edcias - Franciscanos<\/title>\n<meta name=\"robots\" content=\"index, follow, max-snippet:-1, max-image-preview:large, max-video-preview:-1\" \/>\n<link rel=\"canonical\" href=\"https:\/\/franciscanos.org.br\/noticias\/o-novo-ponto-da-vozes-em-sao-paulo.html\" \/>\n<meta property=\"og:locale\" content=\"pt_BR\" \/>\n<meta property=\"og:type\" content=\"article\" \/>\n<meta property=\"og:title\" content=\"O novo ponto da Vozes em S\u00e3o Paulo - Not\u00edcias - Franciscanos\" \/>\n<meta property=\"og:description\" content=\"Cultura\" \/>\n<meta property=\"og:url\" content=\"https:\/\/franciscanos.org.br\/noticias\/o-novo-ponto-da-vozes-em-sao-paulo.html\" \/>\n<meta property=\"og:site_name\" content=\"Not\u00edcias - Franciscanos\" \/>\n<meta property=\"article:published_time\" content=\"2012-11-30T11:21:28+00:00\" \/>\n<meta property=\"article:modified_time\" content=\"2019-03-08T21:05:38+00:00\" \/>\n<meta property=\"og:image\" content=\"https:\/\/franciscanos.org.br\/noticias\/wp-content\/uploads\/2012\/11\/vozes_sp.jpg\" \/>\n\t<meta property=\"og:image:width\" content=\"273\" \/>\n\t<meta property=\"og:image:height\" content=\"181\" \/>\n\t<meta property=\"og:image:type\" content=\"image\/jpeg\" \/>\n<meta name=\"author\" content=\"admin\" \/>\n<meta name=\"twitter:card\" content=\"summary_large_image\" \/>\n<meta name=\"twitter:label1\" content=\"Escrito por\" \/>\n\t<meta name=\"twitter:data1\" content=\"admin\" \/>\n\t<meta name=\"twitter:label2\" content=\"Est. tempo de leitura\" \/>\n\t<meta name=\"twitter:data2\" content=\"3 minutos\" \/>\n<script type=\"application\/ld+json\" class=\"yoast-schema-graph\">{\"@context\":\"https:\/\/schema.org\",\"@graph\":[{\"@type\":\"WebSite\",\"@id\":\"https:\/\/franciscanos.org.br\/noticias\/#website\",\"url\":\"https:\/\/franciscanos.org.br\/noticias\/\",\"name\":\"Not\u00edcias - Franciscanos\",\"description\":\"Prov\u00edncia Franciscana da Imaculada Concei\u00e7\u00e3o do Brasil - Ordem dos Frades Menores - OFM\",\"potentialAction\":[{\"@type\":\"SearchAction\",\"target\":{\"@type\":\"EntryPoint\",\"urlTemplate\":\"https:\/\/franciscanos.org.br\/noticias\/?s={search_term_string}\"},\"query-input\":\"required name=search_term_string\"}],\"inLanguage\":\"pt-BR\"},{\"@type\":\"ImageObject\",\"inLanguage\":\"pt-BR\",\"@id\":\"https:\/\/franciscanos.org.br\/noticias\/o-novo-ponto-da-vozes-em-sao-paulo.html#primaryimage\",\"url\":\"https:\/\/franciscanos.org.br\/noticias\/wp-content\/uploads\/2012\/11\/vozes_sp.jpg\",\"contentUrl\":\"https:\/\/franciscanos.org.br\/noticias\/wp-content\/uploads\/2012\/11\/vozes_sp.jpg\",\"width\":273,\"height\":181},{\"@type\":\"WebPage\",\"@id\":\"https:\/\/franciscanos.org.br\/noticias\/o-novo-ponto-da-vozes-em-sao-paulo.html#webpage\",\"url\":\"https:\/\/franciscanos.org.br\/noticias\/o-novo-ponto-da-vozes-em-sao-paulo.html\",\"name\":\"O novo ponto da Vozes em S\u00e3o Paulo - Not\u00edcias - Franciscanos\",\"isPartOf\":{\"@id\":\"https:\/\/franciscanos.org.br\/noticias\/#website\"},\"primaryImageOfPage\":{\"@id\":\"https:\/\/franciscanos.org.br\/noticias\/o-novo-ponto-da-vozes-em-sao-paulo.html#primaryimage\"},\"datePublished\":\"2012-11-30T11:21:28+00:00\",\"dateModified\":\"2019-03-08T21:05:38+00:00\",\"author\":{\"@id\":\"https:\/\/franciscanos.org.br\/noticias\/#\/schema\/person\/b38fbf43118f02820bd932f2e4b14ad3\"},\"breadcrumb\":{\"@id\":\"https:\/\/franciscanos.org.br\/noticias\/o-novo-ponto-da-vozes-em-sao-paulo.html#breadcrumb\"},\"inLanguage\":\"pt-BR\",\"potentialAction\":[{\"@type\":\"ReadAction\",\"target\":[\"https:\/\/franciscanos.org.br\/noticias\/o-novo-ponto-da-vozes-em-sao-paulo.html\"]}]},{\"@type\":\"BreadcrumbList\",\"@id\":\"https:\/\/franciscanos.org.br\/noticias\/o-novo-ponto-da-vozes-em-sao-paulo.html#breadcrumb\",\"itemListElement\":[{\"@type\":\"ListItem\",\"position\":1,\"name\":\"Home\",\"item\":\"https:\/\/franciscanos.org.br\/noticias\"},{\"@type\":\"ListItem\",\"position\":2,\"name\":\"O novo ponto da Vozes em S\u00e3o Paulo\"}]},{\"@type\":\"Person\",\"@id\":\"https:\/\/franciscanos.org.br\/noticias\/#\/schema\/person\/b38fbf43118f02820bd932f2e4b14ad3\",\"name\":\"admin\",\"image\":{\"@type\":\"ImageObject\",\"inLanguage\":\"pt-BR\",\"@id\":\"https:\/\/franciscanos.org.br\/noticias\/#\/schema\/person\/image\/\",\"url\":\"https:\/\/secure.gravatar.com\/avatar\/e8495742d34d0ba6448ea1c628263b3e?s=96&d=mm&r=g\",\"contentUrl\":\"https:\/\/secure.gravatar.com\/avatar\/e8495742d34d0ba6448ea1c628263b3e?s=96&d=mm&r=g\",\"caption\":\"admin\"},\"url\":\"https:\/\/franciscanos.org.br\/noticias\/author\/admin\"}]}<\/script>\n<!-- \/ Yoast SEO plugin. -->","yoast_head_json":{"title":"O novo ponto da Vozes em S\u00e3o Paulo - Not\u00edcias - Franciscanos","robots":{"index":"index","follow":"follow","max-snippet":"max-snippet:-1","max-image-preview":"max-image-preview:large","max-video-preview":"max-video-preview:-1"},"canonical":"https:\/\/franciscanos.org.br\/noticias\/o-novo-ponto-da-vozes-em-sao-paulo.html","og_locale":"pt_BR","og_type":"article","og_title":"O novo ponto da Vozes em S\u00e3o Paulo - Not\u00edcias - Franciscanos","og_description":"Cultura","og_url":"https:\/\/franciscanos.org.br\/noticias\/o-novo-ponto-da-vozes-em-sao-paulo.html","og_site_name":"Not\u00edcias - Franciscanos","article_published_time":"2012-11-30T11:21:28+00:00","article_modified_time":"2019-03-08T21:05:38+00:00","og_image":[{"width":273,"height":181,"url":"https:\/\/franciscanos.org.br\/noticias\/wp-content\/uploads\/2012\/11\/vozes_sp.jpg","type":"image\/jpeg"}],"author":"admin","twitter_card":"summary_large_image","twitter_misc":{"Escrito por":"admin","Est. tempo de leitura":"3 minutos"},"schema":{"@context":"https:\/\/schema.org","@graph":[{"@type":"WebSite","@id":"https:\/\/franciscanos.org.br\/noticias\/#website","url":"https:\/\/franciscanos.org.br\/noticias\/","name":"Not\u00edcias - Franciscanos","description":"Prov\u00edncia Franciscana da Imaculada Concei\u00e7\u00e3o do Brasil - Ordem dos Frades Menores - OFM","potentialAction":[{"@type":"SearchAction","target":{"@type":"EntryPoint","urlTemplate":"https:\/\/franciscanos.org.br\/noticias\/?s={search_term_string}"},"query-input":"required name=search_term_string"}],"inLanguage":"pt-BR"},{"@type":"ImageObject","inLanguage":"pt-BR","@id":"https:\/\/franciscanos.org.br\/noticias\/o-novo-ponto-da-vozes-em-sao-paulo.html#primaryimage","url":"https:\/\/franciscanos.org.br\/noticias\/wp-content\/uploads\/2012\/11\/vozes_sp.jpg","contentUrl":"https:\/\/franciscanos.org.br\/noticias\/wp-content\/uploads\/2012\/11\/vozes_sp.jpg","width":273,"height":181},{"@type":"WebPage","@id":"https:\/\/franciscanos.org.br\/noticias\/o-novo-ponto-da-vozes-em-sao-paulo.html#webpage","url":"https:\/\/franciscanos.org.br\/noticias\/o-novo-ponto-da-vozes-em-sao-paulo.html","name":"O novo ponto da Vozes em S\u00e3o Paulo - Not\u00edcias - Franciscanos","isPartOf":{"@id":"https:\/\/franciscanos.org.br\/noticias\/#website"},"primaryImageOfPage":{"@id":"https:\/\/franciscanos.org.br\/noticias\/o-novo-ponto-da-vozes-em-sao-paulo.html#primaryimage"},"datePublished":"2012-11-30T11:21:28+00:00","dateModified":"2019-03-08T21:05:38+00:00","author":{"@id":"https:\/\/franciscanos.org.br\/noticias\/#\/schema\/person\/b38fbf43118f02820bd932f2e4b14ad3"},"breadcrumb":{"@id":"https:\/\/franciscanos.org.br\/noticias\/o-novo-ponto-da-vozes-em-sao-paulo.html#breadcrumb"},"inLanguage":"pt-BR","potentialAction":[{"@type":"ReadAction","target":["https:\/\/franciscanos.org.br\/noticias\/o-novo-ponto-da-vozes-em-sao-paulo.html"]}]},{"@type":"BreadcrumbList","@id":"https:\/\/franciscanos.org.br\/noticias\/o-novo-ponto-da-vozes-em-sao-paulo.html#breadcrumb","itemListElement":[{"@type":"ListItem","position":1,"name":"Home","item":"https:\/\/franciscanos.org.br\/noticias"},{"@type":"ListItem","position":2,"name":"O novo ponto da Vozes em S\u00e3o Paulo"}]},{"@type":"Person","@id":"https:\/\/franciscanos.org.br\/noticias\/#\/schema\/person\/b38fbf43118f02820bd932f2e4b14ad3","name":"admin","image":{"@type":"ImageObject","inLanguage":"pt-BR","@id":"https:\/\/franciscanos.org.br\/noticias\/#\/schema\/person\/image\/","url":"https:\/\/secure.gravatar.com\/avatar\/e8495742d34d0ba6448ea1c628263b3e?s=96&d=mm&r=g","contentUrl":"https:\/\/secure.gravatar.com\/avatar\/e8495742d34d0ba6448ea1c628263b3e?s=96&d=mm&r=g","caption":"admin"},"url":"https:\/\/franciscanos.org.br\/noticias\/author\/admin"}]}},"_links":{"self":[{"href":"https:\/\/franciscanos.org.br\/noticias\/wp-json\/wp\/v2\/posts\/29281"}],"collection":[{"href":"https:\/\/franciscanos.org.br\/noticias\/wp-json\/wp\/v2\/posts"}],"about":[{"href":"https:\/\/franciscanos.org.br\/noticias\/wp-json\/wp\/v2\/types\/post"}],"author":[{"embeddable":true,"href":"https:\/\/franciscanos.org.br\/noticias\/wp-json\/wp\/v2\/users\/1"}],"replies":[{"embeddable":true,"href":"https:\/\/franciscanos.org.br\/noticias\/wp-json\/wp\/v2\/comments?post=29281"}],"version-history":[{"count":0,"href":"https:\/\/franciscanos.org.br\/noticias\/wp-json\/wp\/v2\/posts\/29281\/revisions"}],"wp:featuredmedia":[{"embeddable":true,"href":"https:\/\/franciscanos.org.br\/noticias\/wp-json\/wp\/v2\/media\/201209"}],"wp:attachment":[{"href":"https:\/\/franciscanos.org.br\/noticias\/wp-json\/wp\/v2\/media?parent=29281"}],"wp:term":[{"taxonomy":"category","embeddable":true,"href":"https:\/\/franciscanos.org.br\/noticias\/wp-json\/wp\/v2\/categories?post=29281"},{"taxonomy":"post_tag","embeddable":true,"href":"https:\/\/franciscanos.org.br\/noticias\/wp-json\/wp\/v2\/tags?post=29281"}],"curies":[{"name":"wp","href":"https:\/\/api.w.org\/{rel}","templated":true}]}}