{"id":29094,"date":"2012-11-28T07:28:19","date_gmt":"2012-11-28T09:28:19","guid":{"rendered":"http:\/\/new.franciscanos.org.br\/?p=29094"},"modified":"2019-11-06T13:45:30","modified_gmt":"2019-11-06T16:45:30","slug":"estado-saude-e-ecologia-e-tema-de-evento-nacional","status":"publish","type":"post","link":"https:\/\/franciscanos.org.br\/noticias\/estado-saude-e-ecologia-e-tema-de-evento-nacional.html","title":{"rendered":"\u201cEstado, sa\u00fade e ecologia\u201d \u00e9 tema de evento nacional"},"content":{"rendered":"<p><img loading=\"lazy\" class=\"size-full wp-image-29096 alignright\" title=\"Cartilha\" src=\"http:\/\/franciscanos.org.br\/wp-content\/uploads\/2012\/11\/42984_271112.jpg\" alt=\"\" width=\"400\" height=\"565\" \/>Com este tema \u201cEstado, Sa\u00fade e Ecologia\u201d, entre os dias 1\u00ba e 10 de dezembro de 2012, a Juventude Franciscana (Jufra) do Brasil estar\u00e1 realizando a 3\u00aa Jornada Franciscana Nacional pelos Direitos Humanos. A Jornada \u00e9 coordenada pela Subsecretaria Nacional de Direitos Humanos, Justi\u00e7a, Paz e Integridade da Cria\u00e7\u00e3o (DHJUPIC) da Jufra, e ocorre na primeira semana de dezembro, culminado com o Dia Universal dos Direitos Humanos (10\/12).<\/p>\n<p>A Jornada \u00e9 nacional, mas as a\u00e7\u00f5es ser\u00e3o todas realizadas nas fraternidades locais da Jufra, a partir da sua realidade, ou pelas entidades que tamb\u00e9m desejarem promover e aderir \u00e0 mesma. As a\u00e7\u00f5es s\u00e3o diversas, tais como encontros de forma\u00e7\u00e3o, celebra\u00e7\u00f5es, gincanas, visitas solid\u00e1rias, refei\u00e7\u00f5es fraternas e caminhadas.\u00a0Tanto o tema quanto o lema da 3\u00aa Jornada &#8211; \u201cJuventude Franciscana na constru\u00e7\u00e3o da sociedade do Bem-Viver\u201d &#8211; derivam dos principais processos que a Jufra do Brasil participou este ano: Campanha da Fraternidade, o Grito dos Exclu\u00eddoss, o Servi\u00e7o Interfranciscano de Justi\u00e7a, Paz e Ecologia -Sinfrajupe, a C\u00fapula dos Povos, a 5\u00aa Semana Social Brasileira, a parceria com a PJ e Rejuma, Enlace das Juventudes etc.<\/p>\n<p>Para ajudar na realiza\u00e7\u00e3o da Jornada foram publicados um cartaz e uma cartilha com o m\u00e9todo \u201cVer-Julgar-Agir\u201d, com tr\u00eas encontros sobre: 1) \u201cEstado: Para qu\u00ea e para quem?\u201d 2) \u201cSa\u00fade \u00e9 Direito: A Vida em primeiro lugar!\u201d e 3) \u201cEcologia: Por Justi\u00e7a Socioambiental!\u201d; e uma celebra\u00e7\u00e3o \u201cO Reino de Deus floresce onde o Bem-Viver acontece!\u201d. Al\u00e9m disso, na cartilha tamb\u00e9m se encontram subs\u00eddios para auxiliar no trabalho da Jornada e para aprofundamento nas tem\u00e1ticas, contatos dos Regionais e do Secretariado Nacional, bem como documentos importantes para a continuidade dos trabalhos nos quais a Jufra est\u00e1 envolvida.<\/p>\n<p>As atividades ser\u00e3o divulgadas nos blogs nacionais e regionais da Jufra, sobretudo no site nacional da Jufra do Brasil: www.jufrabrasil.org e no blog da Subsecretaria Nacional de DHJUPIC: <a href=\"http:\/\/www.dhjupic.blogspot.com\" target=\"_blank\" rel=\"noopener noreferrer\">www.dhjupic.blogspot.com,<\/a> onde constar\u00e3o fotos e relatos das atividades realizadas, assim como arquivos da 1\u00aa e 2\u00aa Jornadas Nacionais.<\/p>\n<p>A Juventude Franciscana do Brasil entende que s\u00f3 ser\u00e1 um real servi\u00e7o ao povo de Deus, \u00e0 medida que estiver profundamente inserida em sua vida, nas suas culturas, nos seus fracassos, nas suas lutas e nas suas esperan\u00e7as, identificando-se cada vez mais com os anseios populares, \u00e0 luz do Evangelho de Jesus Cristo, para que tudo tenha vida, e vida em abund\u00e2ncia.<\/p>\n<p><strong>Mais informa\u00e7\u00f5es:<\/strong> <a href=\"mailto:jufrabrasil@gmail.com\">jufrabrasil@gmail.com<\/a><\/p>\n<h4 style=\"text-align: left;\" align=\"center\"><strong>ORA\u00c7\u00c3O PELA III JORNADA FRANCISCANA NACIONAL\u00a0<\/strong><strong>PELOS DIREITOS HUMANOS<\/strong><\/h4>\n<p style=\"text-align: left;\" align=\"center\">Deus nosso Criador e Libertador,<br \/>\nQueremos mais uma vez abrir-nos \u00e0 tua voz,<br \/>\nOuvindo teus apelos nos caminhos da hist\u00f3ria,<br \/>\nE deixando-nos interpelar pelo Evangelho do Teu Filho.<br \/>\nEm atitude de escuta queremos nos abrir \u00e0 miss\u00e3o de testemunhar nosso carisma, assumindo gestos concretos em prol da constru\u00e7\u00e3o de uma nova sociedade<br \/>\ne de um mundo novo, a servi\u00e7o da Vida e de toda a Cria\u00e7\u00e3o.<\/p>\n<p style=\"text-align: left;\" align=\"center\">Acolhe, Senhor, com solicitude o nosso desejo de nos empenharmos,<br \/>\nenquanto Juventude Franciscana do Brasil,<br \/>\n<strong><em>na constru\u00e7\u00e3o da sociedade do bem-viver<br \/>\n<\/em><\/strong>e orienta-nos com teu Esp\u00edrito transformador na realiza\u00e7\u00e3o da<br \/>\nIII Jornada Franciscana Nacional pelos Direitos Humanos,<br \/>\nque este ano tem como Tema: \u201c<strong>ESTADO, SA\u00daDE E ECOLOGIA<\/strong>\u201d.<\/p>\n<p style=\"text-align: left;\" align=\"center\">Ajuda-nos a construir um <strong><em>Estado<\/em><\/strong> onde se vivencie uma rela\u00e7\u00e3o nova<br \/>\ncom a natu\u00adreza e com todas as pessoas;<br \/>\nque esteja de fato a servi\u00e7o das neces\u00adsidades b\u00e1sicas da popula\u00e7\u00e3o,<br \/>\ne n\u00e3o movido pelo lucro e acumula\u00e7\u00e3o de capital;<br \/>\nonde queremos unir nossas for\u00e7as \u00e0 da mobiliza\u00e7\u00e3o popular<br \/>\npara que ela possa seguir acendendo pequenas luzes em meio \u00e0 escurid\u00e3o.<\/p>\n<p style=\"text-align: left;\" align=\"center\">Encoraja-nos a lutar por uma <strong><em>Sa\u00fade<\/em><\/strong> p\u00fablica que esteja de fato a servi\u00e7o<br \/>\ndo cuidado com a vida humana, como direito que nos compete e<br \/>\nonde se disponibilize recursos e uma estrutura f\u00edsica e humana dignas<br \/>\npara atender os cidad\u00e3os de forma adequada e eficiente.<br \/>\nQue nossa mobiliza\u00e7\u00e3o tenha como prop\u00f3sito eminente a reivindica\u00e7\u00e3o para que o Estado cumpra a sua responsabilidade de garantir o direito \u00e0 sa\u00fade p\u00fablica<br \/>\na todos os brasileiros e brasileiras.<\/p>\n<p style=\"text-align: left;\" align=\"center\">Orienta-nos a praticar uma <strong><em>Ecologia<\/em><\/strong> mais humanizada,<br \/>\nonde tenhamos a consci\u00eancia de nossas responsabilidades<br \/>\nem rela\u00e7\u00e3o a toda a Cria\u00e7\u00e3o que nos cerca, como tamb\u00e9m em rela\u00e7\u00e3o a n\u00f3s mesmos;<\/p>\n<p style=\"text-align: left;\" align=\"center\">tendo o compromisso de lutarmos para que, acima de qualquer interesse,<br \/>\na vida seja sempre e em tudo preservada;<br \/>\nconstruindo um \u2018mundo novo\u2019 que atenda as necessidades humanas<br \/>\nde forma justa e equilibrada, respeitando e resgatando o equil\u00edbrio do planeta.<\/p>\n<p style=\"text-align: left;\" align=\"center\">Por fim, faze-nos Senhor, d\u00f3ceis \u00e0 a\u00e7\u00e3o do teu Esp\u00edrito, pois queremos acima de tudo n\u00e3o perder \u201c<em>o santo esp\u00edrito de ora\u00e7\u00e3o e devo\u00e7\u00e3o<\/em>\u201d, pelo qual teu servo Francisco se deixou mover, colocando-se a servi\u00e7o dos Crucificados de seu tempo, atento ao chamado que V\u00f3s o fizestes de reconstruir a Sua Igreja, a partir do lugar do pr\u00f3prio Cristo. E que Maria, vossa M\u00e3e e nossa, interceda por n\u00f3s, Juventude Franciscana, nesse processo de constru\u00e7\u00e3o da sociedade do Bem-viver! Assim seja!<\/p>\n<h4><a href=\"http:\/\/franciscanos.org.br\/wp-content\/uploads\/2012\/11\/cartilha.pdf\" target=\"_blank\" rel=\"noopener noreferrer\">CLIQUE E BAIXE A CARTILHA<\/a><\/h4>\n","protected":false},"excerpt":{"rendered":"<p>Jufra<\/p>\n","protected":false},"author":1,"featured_media":210004,"comment_status":"closed","ping_status":"open","sticky":false,"template":"","format":"standard","meta":[],"categories":[1],"tags":[187],"acf":[],"yoast_head":"<!-- This site is optimized with the Yoast SEO plugin v19.2 - https:\/\/yoast.com\/wordpress\/plugins\/seo\/ -->\n<title>\u201cEstado, sa\u00fade e ecologia\u201d \u00e9 tema de evento nacional - Not\u00edcias - Franciscanos<\/title>\n<meta name=\"robots\" content=\"index, follow, max-snippet:-1, max-image-preview:large, max-video-preview:-1\" \/>\n<link rel=\"canonical\" href=\"https:\/\/franciscanos.org.br\/noticias\/estado-saude-e-ecologia-e-tema-de-evento-nacional.html\" \/>\n<meta property=\"og:locale\" content=\"pt_BR\" \/>\n<meta property=\"og:type\" content=\"article\" \/>\n<meta property=\"og:title\" content=\"\u201cEstado, sa\u00fade e ecologia\u201d \u00e9 tema de evento nacional - Not\u00edcias - Franciscanos\" \/>\n<meta property=\"og:description\" content=\"Jufra\" \/>\n<meta property=\"og:url\" content=\"https:\/\/franciscanos.org.br\/noticias\/estado-saude-e-ecologia-e-tema-de-evento-nacional.html\" \/>\n<meta property=\"og:site_name\" content=\"Not\u00edcias - Franciscanos\" \/>\n<meta property=\"article:published_time\" content=\"2012-11-28T09:28:19+00:00\" \/>\n<meta property=\"article:modified_time\" content=\"2019-11-06T16:45:30+00:00\" \/>\n<meta property=\"og:image\" content=\"https:\/\/franciscanos.org.br\/noticias\/wp-content\/uploads\/2012\/11\/42984_271112.jpg\" \/>\n\t<meta property=\"og:image:width\" content=\"273\" \/>\n\t<meta property=\"og:image:height\" content=\"181\" \/>\n\t<meta property=\"og:image:type\" content=\"image\/jpeg\" \/>\n<meta name=\"author\" content=\"admin\" \/>\n<meta name=\"twitter:card\" content=\"summary_large_image\" \/>\n<meta name=\"twitter:label1\" content=\"Escrito por\" \/>\n\t<meta name=\"twitter:data1\" content=\"admin\" \/>\n\t<meta name=\"twitter:label2\" content=\"Est. tempo de leitura\" \/>\n\t<meta name=\"twitter:data2\" content=\"4 minutos\" \/>\n<script type=\"application\/ld+json\" class=\"yoast-schema-graph\">{\"@context\":\"https:\/\/schema.org\",\"@graph\":[{\"@type\":\"WebSite\",\"@id\":\"https:\/\/franciscanos.org.br\/noticias\/#website\",\"url\":\"https:\/\/franciscanos.org.br\/noticias\/\",\"name\":\"Not\u00edcias - Franciscanos\",\"description\":\"Prov\u00edncia Franciscana da Imaculada Concei\u00e7\u00e3o do Brasil - Ordem dos Frades Menores - OFM\",\"potentialAction\":[{\"@type\":\"SearchAction\",\"target\":{\"@type\":\"EntryPoint\",\"urlTemplate\":\"https:\/\/franciscanos.org.br\/noticias\/?s={search_term_string}\"},\"query-input\":\"required name=search_term_string\"}],\"inLanguage\":\"pt-BR\"},{\"@type\":\"ImageObject\",\"inLanguage\":\"pt-BR\",\"@id\":\"https:\/\/franciscanos.org.br\/noticias\/estado-saude-e-ecologia-e-tema-de-evento-nacional.html#primaryimage\",\"url\":\"https:\/\/franciscanos.org.br\/noticias\/wp-content\/uploads\/2012\/11\/42984_271112.jpg\",\"contentUrl\":\"https:\/\/franciscanos.org.br\/noticias\/wp-content\/uploads\/2012\/11\/42984_271112.jpg\",\"width\":273,\"height\":181},{\"@type\":\"WebPage\",\"@id\":\"https:\/\/franciscanos.org.br\/noticias\/estado-saude-e-ecologia-e-tema-de-evento-nacional.html#webpage\",\"url\":\"https:\/\/franciscanos.org.br\/noticias\/estado-saude-e-ecologia-e-tema-de-evento-nacional.html\",\"name\":\"\u201cEstado, sa\u00fade e ecologia\u201d \u00e9 tema de evento nacional - Not\u00edcias - Franciscanos\",\"isPartOf\":{\"@id\":\"https:\/\/franciscanos.org.br\/noticias\/#website\"},\"primaryImageOfPage\":{\"@id\":\"https:\/\/franciscanos.org.br\/noticias\/estado-saude-e-ecologia-e-tema-de-evento-nacional.html#primaryimage\"},\"datePublished\":\"2012-11-28T09:28:19+00:00\",\"dateModified\":\"2019-11-06T16:45:30+00:00\",\"author\":{\"@id\":\"https:\/\/franciscanos.org.br\/noticias\/#\/schema\/person\/b38fbf43118f02820bd932f2e4b14ad3\"},\"breadcrumb\":{\"@id\":\"https:\/\/franciscanos.org.br\/noticias\/estado-saude-e-ecologia-e-tema-de-evento-nacional.html#breadcrumb\"},\"inLanguage\":\"pt-BR\",\"potentialAction\":[{\"@type\":\"ReadAction\",\"target\":[\"https:\/\/franciscanos.org.br\/noticias\/estado-saude-e-ecologia-e-tema-de-evento-nacional.html\"]}]},{\"@type\":\"BreadcrumbList\",\"@id\":\"https:\/\/franciscanos.org.br\/noticias\/estado-saude-e-ecologia-e-tema-de-evento-nacional.html#breadcrumb\",\"itemListElement\":[{\"@type\":\"ListItem\",\"position\":1,\"name\":\"Home\",\"item\":\"https:\/\/franciscanos.org.br\/noticias\"},{\"@type\":\"ListItem\",\"position\":2,\"name\":\"\u201cEstado, sa\u00fade e ecologia\u201d \u00e9 tema de evento nacional\"}]},{\"@type\":\"Person\",\"@id\":\"https:\/\/franciscanos.org.br\/noticias\/#\/schema\/person\/b38fbf43118f02820bd932f2e4b14ad3\",\"name\":\"admin\",\"image\":{\"@type\":\"ImageObject\",\"inLanguage\":\"pt-BR\",\"@id\":\"https:\/\/franciscanos.org.br\/noticias\/#\/schema\/person\/image\/\",\"url\":\"https:\/\/secure.gravatar.com\/avatar\/e8495742d34d0ba6448ea1c628263b3e?s=96&d=mm&r=g\",\"contentUrl\":\"https:\/\/secure.gravatar.com\/avatar\/e8495742d34d0ba6448ea1c628263b3e?s=96&d=mm&r=g\",\"caption\":\"admin\"},\"url\":\"https:\/\/franciscanos.org.br\/noticias\/author\/admin\"}]}<\/script>\n<!-- \/ Yoast SEO plugin. -->","yoast_head_json":{"title":"\u201cEstado, sa\u00fade e ecologia\u201d \u00e9 tema de evento nacional - Not\u00edcias - Franciscanos","robots":{"index":"index","follow":"follow","max-snippet":"max-snippet:-1","max-image-preview":"max-image-preview:large","max-video-preview":"max-video-preview:-1"},"canonical":"https:\/\/franciscanos.org.br\/noticias\/estado-saude-e-ecologia-e-tema-de-evento-nacional.html","og_locale":"pt_BR","og_type":"article","og_title":"\u201cEstado, sa\u00fade e ecologia\u201d \u00e9 tema de evento nacional - Not\u00edcias - Franciscanos","og_description":"Jufra","og_url":"https:\/\/franciscanos.org.br\/noticias\/estado-saude-e-ecologia-e-tema-de-evento-nacional.html","og_site_name":"Not\u00edcias - Franciscanos","article_published_time":"2012-11-28T09:28:19+00:00","article_modified_time":"2019-11-06T16:45:30+00:00","og_image":[{"width":273,"height":181,"url":"https:\/\/franciscanos.org.br\/noticias\/wp-content\/uploads\/2012\/11\/42984_271112.jpg","type":"image\/jpeg"}],"author":"admin","twitter_card":"summary_large_image","twitter_misc":{"Escrito por":"admin","Est. tempo de leitura":"4 minutos"},"schema":{"@context":"https:\/\/schema.org","@graph":[{"@type":"WebSite","@id":"https:\/\/franciscanos.org.br\/noticias\/#website","url":"https:\/\/franciscanos.org.br\/noticias\/","name":"Not\u00edcias - Franciscanos","description":"Prov\u00edncia Franciscana da Imaculada Concei\u00e7\u00e3o do Brasil - Ordem dos Frades Menores - OFM","potentialAction":[{"@type":"SearchAction","target":{"@type":"EntryPoint","urlTemplate":"https:\/\/franciscanos.org.br\/noticias\/?s={search_term_string}"},"query-input":"required name=search_term_string"}],"inLanguage":"pt-BR"},{"@type":"ImageObject","inLanguage":"pt-BR","@id":"https:\/\/franciscanos.org.br\/noticias\/estado-saude-e-ecologia-e-tema-de-evento-nacional.html#primaryimage","url":"https:\/\/franciscanos.org.br\/noticias\/wp-content\/uploads\/2012\/11\/42984_271112.jpg","contentUrl":"https:\/\/franciscanos.org.br\/noticias\/wp-content\/uploads\/2012\/11\/42984_271112.jpg","width":273,"height":181},{"@type":"WebPage","@id":"https:\/\/franciscanos.org.br\/noticias\/estado-saude-e-ecologia-e-tema-de-evento-nacional.html#webpage","url":"https:\/\/franciscanos.org.br\/noticias\/estado-saude-e-ecologia-e-tema-de-evento-nacional.html","name":"\u201cEstado, sa\u00fade e ecologia\u201d \u00e9 tema de evento nacional - Not\u00edcias - Franciscanos","isPartOf":{"@id":"https:\/\/franciscanos.org.br\/noticias\/#website"},"primaryImageOfPage":{"@id":"https:\/\/franciscanos.org.br\/noticias\/estado-saude-e-ecologia-e-tema-de-evento-nacional.html#primaryimage"},"datePublished":"2012-11-28T09:28:19+00:00","dateModified":"2019-11-06T16:45:30+00:00","author":{"@id":"https:\/\/franciscanos.org.br\/noticias\/#\/schema\/person\/b38fbf43118f02820bd932f2e4b14ad3"},"breadcrumb":{"@id":"https:\/\/franciscanos.org.br\/noticias\/estado-saude-e-ecologia-e-tema-de-evento-nacional.html#breadcrumb"},"inLanguage":"pt-BR","potentialAction":[{"@type":"ReadAction","target":["https:\/\/franciscanos.org.br\/noticias\/estado-saude-e-ecologia-e-tema-de-evento-nacional.html"]}]},{"@type":"BreadcrumbList","@id":"https:\/\/franciscanos.org.br\/noticias\/estado-saude-e-ecologia-e-tema-de-evento-nacional.html#breadcrumb","itemListElement":[{"@type":"ListItem","position":1,"name":"Home","item":"https:\/\/franciscanos.org.br\/noticias"},{"@type":"ListItem","position":2,"name":"\u201cEstado, sa\u00fade e ecologia\u201d \u00e9 tema de evento nacional"}]},{"@type":"Person","@id":"https:\/\/franciscanos.org.br\/noticias\/#\/schema\/person\/b38fbf43118f02820bd932f2e4b14ad3","name":"admin","image":{"@type":"ImageObject","inLanguage":"pt-BR","@id":"https:\/\/franciscanos.org.br\/noticias\/#\/schema\/person\/image\/","url":"https:\/\/secure.gravatar.com\/avatar\/e8495742d34d0ba6448ea1c628263b3e?s=96&d=mm&r=g","contentUrl":"https:\/\/secure.gravatar.com\/avatar\/e8495742d34d0ba6448ea1c628263b3e?s=96&d=mm&r=g","caption":"admin"},"url":"https:\/\/franciscanos.org.br\/noticias\/author\/admin"}]}},"_links":{"self":[{"href":"https:\/\/franciscanos.org.br\/noticias\/wp-json\/wp\/v2\/posts\/29094"}],"collection":[{"href":"https:\/\/franciscanos.org.br\/noticias\/wp-json\/wp\/v2\/posts"}],"about":[{"href":"https:\/\/franciscanos.org.br\/noticias\/wp-json\/wp\/v2\/types\/post"}],"author":[{"embeddable":true,"href":"https:\/\/franciscanos.org.br\/noticias\/wp-json\/wp\/v2\/users\/1"}],"replies":[{"embeddable":true,"href":"https:\/\/franciscanos.org.br\/noticias\/wp-json\/wp\/v2\/comments?post=29094"}],"version-history":[{"count":0,"href":"https:\/\/franciscanos.org.br\/noticias\/wp-json\/wp\/v2\/posts\/29094\/revisions"}],"wp:featuredmedia":[{"embeddable":true,"href":"https:\/\/franciscanos.org.br\/noticias\/wp-json\/wp\/v2\/media\/210004"}],"wp:attachment":[{"href":"https:\/\/franciscanos.org.br\/noticias\/wp-json\/wp\/v2\/media?parent=29094"}],"wp:term":[{"taxonomy":"category","embeddable":true,"href":"https:\/\/franciscanos.org.br\/noticias\/wp-json\/wp\/v2\/categories?post=29094"},{"taxonomy":"post_tag","embeddable":true,"href":"https:\/\/franciscanos.org.br\/noticias\/wp-json\/wp\/v2\/tags?post=29094"}],"curies":[{"name":"wp","href":"https:\/\/api.w.org\/{rel}","templated":true}]}}