{"id":28963,"date":"2012-11-26T08:00:17","date_gmt":"2012-11-26T10:00:17","guid":{"rendered":"http:\/\/new.franciscanos.org.br\/?p=28963"},"modified":"2019-11-06T13:44:41","modified_gmt":"2019-11-06T16:44:41","slug":"novicos-encerram-retiro-de-preparacao-para-a-primeira-profissao-religiosa","status":"publish","type":"post","link":"https:\/\/franciscanos.org.br\/noticias\/novicos-encerram-retiro-de-preparacao-para-a-primeira-profissao-religiosa.html","title":{"rendered":"Novi\u00e7os encerram retiro de prepara\u00e7\u00e3o para a Primeira Profiss\u00e3o religiosa"},"content":{"rendered":"<p><img loading=\"lazy\" title=\"Novi\u00e7os\" src=\"http:\/\/franciscanos.org.br\/wp-content\/uploads\/2012\/11\/42946_261112.jpg\" alt=\"\" width=\"830\" height=\"459\" \/><\/p>\n<p><img loading=\"lazy\" class=\"alignright size-full wp-image-28965\" title=\"noviciado\" src=\"http:\/\/franciscanos.org.br\/wp-content\/uploads\/2012\/11\/42944_261112.jpg\" alt=\"\" width=\"400\" height=\"300\" \/>Entre os dias 19 e 23 de novembro, n\u00f3s, frades novi\u00e7os, obtivemos a gra\u00e7a de realizar o Retiro em prepara\u00e7\u00e3o \u00e0 nossa Primeira Profiss\u00e3o, sob a orienta\u00e7\u00e3o de Frei Raimundo J. De Oliveira Castro, no Eremit\u00e9rio Beato Frei Eg\u00eddio, em Rodeio. Foi-nos uma experi\u00eancia \u00edmpar, particular e comunit\u00e1ria, na busca pelo amadurecimento e do firme prop\u00f3sito em abra\u00e7armos livremente o Evangelho na forma de vida dos Frades Menores.<\/p>\n<p>Inicialmente, fomos acolhidos pelo belo e suave cantar dos p\u00e1ssaros que pairavam sob as depend\u00eancias do Eremit\u00e9rio, parecendo j\u00e1 estarem em plena comunh\u00e3o conosco. Ao dirigirmos \u00e0s humildes celas ocorreu que um ardente \u201cdesejo honesto\u201d de mergulharmos no mist\u00e9rio da \u201cSenhora Pobreza\u201d foi tomando conta de nossos cora\u00e7\u00f5es. Assim tamb\u00e9m aconteceu quando abrimos as janelas venezianas e vimos \u201cno dan\u00e7ar das \u00e1rvores\u201d, o real sentido do \u201cCasto amor ao Deus Criador\u201d. Ademais, foi percept\u00edvel a \u201cPerfeita Obedi\u00eancia\u201d destas ao serem tocadas pelo g\u00e9lido sopro dos ventos. Diante daquela obediente, humilde e pura natureza havia como compreender a din\u00e2mica e a import\u00e2ncia dos Votos Religiosos aos escolhidos \u00e0s obras do Senhor!<\/p>\n<p>Durante o retiro, Frei Raimundo partilhou suas experi\u00eancias e sabedorias afirmando sempre que \u201ca voca\u00e7\u00e3o do frade menor \u00e9 movida por fortes desejos honestos que o impulsiona \u00e0 profiss\u00e3o dos votos e a viver conforme o Evangelho, a Regra e as Constitui\u00e7\u00f5es Gerais da Ordem dos Frades Menores\u201d. Al\u00e9m disso, ressaltou a import\u00e2ncia da permanente busca de Deus, suplicando-O uma F\u00e9 Reta: para que n\u00e3o caiamos num ativismo e nem percamos o foco de nossa vida e miss\u00e3o; uma Esperan\u00e7a Firme: que nos previna de vacilarmos diante das propostas fantasiosas e enganadoras do mundo; E uma Caridade Perfeita: \u00e0 qual leva-nos ao pleno cuidado com o outro na medida do amor de Cristo.<\/p>\n<p>Oxal\u00e1 que estejamos sempre bem dispostos a testemunhar os valores do Reino diante de uma sociedade individualista, movida pelo prazer e poder econ\u00f4mico. Que pela intercess\u00e3o de S\u00e3o Francisco sejamos fi\u00e9is a nossa voca\u00e7\u00e3o de Frades Menores!<\/p>\n","protected":false},"excerpt":{"rendered":"<p>Noviciado<\/p>\n","protected":false},"author":1,"featured_media":213759,"comment_status":"closed","ping_status":"open","sticky":false,"template":"","format":"standard","meta":[],"categories":[1],"tags":[135],"acf":[],"yoast_head":"<!-- This site is optimized with the Yoast SEO plugin v19.2 - https:\/\/yoast.com\/wordpress\/plugins\/seo\/ -->\n<title>Novi\u00e7os encerram retiro de prepara\u00e7\u00e3o para a Primeira Profiss\u00e3o religiosa - Not\u00edcias - Franciscanos<\/title>\n<meta name=\"robots\" content=\"index, follow, max-snippet:-1, max-image-preview:large, max-video-preview:-1\" \/>\n<link rel=\"canonical\" href=\"https:\/\/franciscanos.org.br\/noticias\/novicos-encerram-retiro-de-preparacao-para-a-primeira-profissao-religiosa.html\" \/>\n<meta property=\"og:locale\" content=\"pt_BR\" \/>\n<meta property=\"og:type\" content=\"article\" \/>\n<meta property=\"og:title\" content=\"Novi\u00e7os encerram retiro de prepara\u00e7\u00e3o para a Primeira Profiss\u00e3o religiosa - Not\u00edcias - Franciscanos\" \/>\n<meta property=\"og:description\" content=\"Noviciado\" \/>\n<meta property=\"og:url\" content=\"https:\/\/franciscanos.org.br\/noticias\/novicos-encerram-retiro-de-preparacao-para-a-primeira-profissao-religiosa.html\" \/>\n<meta property=\"og:site_name\" content=\"Not\u00edcias - Franciscanos\" \/>\n<meta property=\"article:published_time\" content=\"2012-11-26T10:00:17+00:00\" \/>\n<meta property=\"article:modified_time\" content=\"2019-11-06T16:44:41+00:00\" \/>\n<meta property=\"og:image\" content=\"https:\/\/franciscanos.org.br\/noticias\/wp-content\/uploads\/2012\/11\/42946_261112.jpg\" \/>\n\t<meta property=\"og:image:width\" content=\"273\" \/>\n\t<meta property=\"og:image:height\" content=\"181\" \/>\n\t<meta property=\"og:image:type\" content=\"image\/jpeg\" \/>\n<meta name=\"author\" content=\"admin\" \/>\n<meta name=\"twitter:card\" content=\"summary_large_image\" \/>\n<meta name=\"twitter:label1\" content=\"Escrito por\" \/>\n\t<meta name=\"twitter:data1\" content=\"admin\" \/>\n\t<meta name=\"twitter:label2\" content=\"Est. tempo de leitura\" \/>\n\t<meta name=\"twitter:data2\" content=\"2 minutos\" \/>\n<script type=\"application\/ld+json\" class=\"yoast-schema-graph\">{\"@context\":\"https:\/\/schema.org\",\"@graph\":[{\"@type\":\"WebSite\",\"@id\":\"https:\/\/franciscanos.org.br\/noticias\/#website\",\"url\":\"https:\/\/franciscanos.org.br\/noticias\/\",\"name\":\"Not\u00edcias - Franciscanos\",\"description\":\"Prov\u00edncia Franciscana da Imaculada Concei\u00e7\u00e3o do Brasil - Ordem dos Frades Menores - OFM\",\"potentialAction\":[{\"@type\":\"SearchAction\",\"target\":{\"@type\":\"EntryPoint\",\"urlTemplate\":\"https:\/\/franciscanos.org.br\/noticias\/?s={search_term_string}\"},\"query-input\":\"required name=search_term_string\"}],\"inLanguage\":\"pt-BR\"},{\"@type\":\"ImageObject\",\"inLanguage\":\"pt-BR\",\"@id\":\"https:\/\/franciscanos.org.br\/noticias\/novicos-encerram-retiro-de-preparacao-para-a-primeira-profissao-religiosa.html#primaryimage\",\"url\":\"https:\/\/franciscanos.org.br\/noticias\/wp-content\/uploads\/2012\/11\/42946_261112.jpg\",\"contentUrl\":\"https:\/\/franciscanos.org.br\/noticias\/wp-content\/uploads\/2012\/11\/42946_261112.jpg\",\"width\":273,\"height\":181},{\"@type\":\"WebPage\",\"@id\":\"https:\/\/franciscanos.org.br\/noticias\/novicos-encerram-retiro-de-preparacao-para-a-primeira-profissao-religiosa.html#webpage\",\"url\":\"https:\/\/franciscanos.org.br\/noticias\/novicos-encerram-retiro-de-preparacao-para-a-primeira-profissao-religiosa.html\",\"name\":\"Novi\u00e7os encerram retiro de prepara\u00e7\u00e3o para a Primeira Profiss\u00e3o religiosa - Not\u00edcias - Franciscanos\",\"isPartOf\":{\"@id\":\"https:\/\/franciscanos.org.br\/noticias\/#website\"},\"primaryImageOfPage\":{\"@id\":\"https:\/\/franciscanos.org.br\/noticias\/novicos-encerram-retiro-de-preparacao-para-a-primeira-profissao-religiosa.html#primaryimage\"},\"datePublished\":\"2012-11-26T10:00:17+00:00\",\"dateModified\":\"2019-11-06T16:44:41+00:00\",\"author\":{\"@id\":\"https:\/\/franciscanos.org.br\/noticias\/#\/schema\/person\/b38fbf43118f02820bd932f2e4b14ad3\"},\"breadcrumb\":{\"@id\":\"https:\/\/franciscanos.org.br\/noticias\/novicos-encerram-retiro-de-preparacao-para-a-primeira-profissao-religiosa.html#breadcrumb\"},\"inLanguage\":\"pt-BR\",\"potentialAction\":[{\"@type\":\"ReadAction\",\"target\":[\"https:\/\/franciscanos.org.br\/noticias\/novicos-encerram-retiro-de-preparacao-para-a-primeira-profissao-religiosa.html\"]}]},{\"@type\":\"BreadcrumbList\",\"@id\":\"https:\/\/franciscanos.org.br\/noticias\/novicos-encerram-retiro-de-preparacao-para-a-primeira-profissao-religiosa.html#breadcrumb\",\"itemListElement\":[{\"@type\":\"ListItem\",\"position\":1,\"name\":\"Home\",\"item\":\"https:\/\/franciscanos.org.br\/noticias\"},{\"@type\":\"ListItem\",\"position\":2,\"name\":\"Novi\u00e7os encerram retiro de prepara\u00e7\u00e3o para a Primeira Profiss\u00e3o religiosa\"}]},{\"@type\":\"Person\",\"@id\":\"https:\/\/franciscanos.org.br\/noticias\/#\/schema\/person\/b38fbf43118f02820bd932f2e4b14ad3\",\"name\":\"admin\",\"image\":{\"@type\":\"ImageObject\",\"inLanguage\":\"pt-BR\",\"@id\":\"https:\/\/franciscanos.org.br\/noticias\/#\/schema\/person\/image\/\",\"url\":\"https:\/\/secure.gravatar.com\/avatar\/e8495742d34d0ba6448ea1c628263b3e?s=96&d=mm&r=g\",\"contentUrl\":\"https:\/\/secure.gravatar.com\/avatar\/e8495742d34d0ba6448ea1c628263b3e?s=96&d=mm&r=g\",\"caption\":\"admin\"},\"url\":\"https:\/\/franciscanos.org.br\/noticias\/author\/admin\"}]}<\/script>\n<!-- \/ Yoast SEO plugin. -->","yoast_head_json":{"title":"Novi\u00e7os encerram retiro de prepara\u00e7\u00e3o para a Primeira Profiss\u00e3o religiosa - Not\u00edcias - Franciscanos","robots":{"index":"index","follow":"follow","max-snippet":"max-snippet:-1","max-image-preview":"max-image-preview:large","max-video-preview":"max-video-preview:-1"},"canonical":"https:\/\/franciscanos.org.br\/noticias\/novicos-encerram-retiro-de-preparacao-para-a-primeira-profissao-religiosa.html","og_locale":"pt_BR","og_type":"article","og_title":"Novi\u00e7os encerram retiro de prepara\u00e7\u00e3o para a Primeira Profiss\u00e3o religiosa - Not\u00edcias - Franciscanos","og_description":"Noviciado","og_url":"https:\/\/franciscanos.org.br\/noticias\/novicos-encerram-retiro-de-preparacao-para-a-primeira-profissao-religiosa.html","og_site_name":"Not\u00edcias - Franciscanos","article_published_time":"2012-11-26T10:00:17+00:00","article_modified_time":"2019-11-06T16:44:41+00:00","og_image":[{"width":273,"height":181,"url":"https:\/\/franciscanos.org.br\/noticias\/wp-content\/uploads\/2012\/11\/42946_261112.jpg","type":"image\/jpeg"}],"author":"admin","twitter_card":"summary_large_image","twitter_misc":{"Escrito por":"admin","Est. tempo de leitura":"2 minutos"},"schema":{"@context":"https:\/\/schema.org","@graph":[{"@type":"WebSite","@id":"https:\/\/franciscanos.org.br\/noticias\/#website","url":"https:\/\/franciscanos.org.br\/noticias\/","name":"Not\u00edcias - Franciscanos","description":"Prov\u00edncia Franciscana da Imaculada Concei\u00e7\u00e3o do Brasil - Ordem dos Frades Menores - OFM","potentialAction":[{"@type":"SearchAction","target":{"@type":"EntryPoint","urlTemplate":"https:\/\/franciscanos.org.br\/noticias\/?s={search_term_string}"},"query-input":"required name=search_term_string"}],"inLanguage":"pt-BR"},{"@type":"ImageObject","inLanguage":"pt-BR","@id":"https:\/\/franciscanos.org.br\/noticias\/novicos-encerram-retiro-de-preparacao-para-a-primeira-profissao-religiosa.html#primaryimage","url":"https:\/\/franciscanos.org.br\/noticias\/wp-content\/uploads\/2012\/11\/42946_261112.jpg","contentUrl":"https:\/\/franciscanos.org.br\/noticias\/wp-content\/uploads\/2012\/11\/42946_261112.jpg","width":273,"height":181},{"@type":"WebPage","@id":"https:\/\/franciscanos.org.br\/noticias\/novicos-encerram-retiro-de-preparacao-para-a-primeira-profissao-religiosa.html#webpage","url":"https:\/\/franciscanos.org.br\/noticias\/novicos-encerram-retiro-de-preparacao-para-a-primeira-profissao-religiosa.html","name":"Novi\u00e7os encerram retiro de prepara\u00e7\u00e3o para a Primeira Profiss\u00e3o religiosa - Not\u00edcias - Franciscanos","isPartOf":{"@id":"https:\/\/franciscanos.org.br\/noticias\/#website"},"primaryImageOfPage":{"@id":"https:\/\/franciscanos.org.br\/noticias\/novicos-encerram-retiro-de-preparacao-para-a-primeira-profissao-religiosa.html#primaryimage"},"datePublished":"2012-11-26T10:00:17+00:00","dateModified":"2019-11-06T16:44:41+00:00","author":{"@id":"https:\/\/franciscanos.org.br\/noticias\/#\/schema\/person\/b38fbf43118f02820bd932f2e4b14ad3"},"breadcrumb":{"@id":"https:\/\/franciscanos.org.br\/noticias\/novicos-encerram-retiro-de-preparacao-para-a-primeira-profissao-religiosa.html#breadcrumb"},"inLanguage":"pt-BR","potentialAction":[{"@type":"ReadAction","target":["https:\/\/franciscanos.org.br\/noticias\/novicos-encerram-retiro-de-preparacao-para-a-primeira-profissao-religiosa.html"]}]},{"@type":"BreadcrumbList","@id":"https:\/\/franciscanos.org.br\/noticias\/novicos-encerram-retiro-de-preparacao-para-a-primeira-profissao-religiosa.html#breadcrumb","itemListElement":[{"@type":"ListItem","position":1,"name":"Home","item":"https:\/\/franciscanos.org.br\/noticias"},{"@type":"ListItem","position":2,"name":"Novi\u00e7os encerram retiro de prepara\u00e7\u00e3o para a Primeira Profiss\u00e3o religiosa"}]},{"@type":"Person","@id":"https:\/\/franciscanos.org.br\/noticias\/#\/schema\/person\/b38fbf43118f02820bd932f2e4b14ad3","name":"admin","image":{"@type":"ImageObject","inLanguage":"pt-BR","@id":"https:\/\/franciscanos.org.br\/noticias\/#\/schema\/person\/image\/","url":"https:\/\/secure.gravatar.com\/avatar\/e8495742d34d0ba6448ea1c628263b3e?s=96&d=mm&r=g","contentUrl":"https:\/\/secure.gravatar.com\/avatar\/e8495742d34d0ba6448ea1c628263b3e?s=96&d=mm&r=g","caption":"admin"},"url":"https:\/\/franciscanos.org.br\/noticias\/author\/admin"}]}},"_links":{"self":[{"href":"https:\/\/franciscanos.org.br\/noticias\/wp-json\/wp\/v2\/posts\/28963"}],"collection":[{"href":"https:\/\/franciscanos.org.br\/noticias\/wp-json\/wp\/v2\/posts"}],"about":[{"href":"https:\/\/franciscanos.org.br\/noticias\/wp-json\/wp\/v2\/types\/post"}],"author":[{"embeddable":true,"href":"https:\/\/franciscanos.org.br\/noticias\/wp-json\/wp\/v2\/users\/1"}],"replies":[{"embeddable":true,"href":"https:\/\/franciscanos.org.br\/noticias\/wp-json\/wp\/v2\/comments?post=28963"}],"version-history":[{"count":0,"href":"https:\/\/franciscanos.org.br\/noticias\/wp-json\/wp\/v2\/posts\/28963\/revisions"}],"wp:featuredmedia":[{"embeddable":true,"href":"https:\/\/franciscanos.org.br\/noticias\/wp-json\/wp\/v2\/media\/213759"}],"wp:attachment":[{"href":"https:\/\/franciscanos.org.br\/noticias\/wp-json\/wp\/v2\/media?parent=28963"}],"wp:term":[{"taxonomy":"category","embeddable":true,"href":"https:\/\/franciscanos.org.br\/noticias\/wp-json\/wp\/v2\/categories?post=28963"},{"taxonomy":"post_tag","embeddable":true,"href":"https:\/\/franciscanos.org.br\/noticias\/wp-json\/wp\/v2\/tags?post=28963"}],"curies":[{"name":"wp","href":"https:\/\/api.w.org\/{rel}","templated":true}]}}