{"id":28771,"date":"2012-11-21T13:20:09","date_gmt":"2012-11-21T15:20:09","guid":{"rendered":"http:\/\/new.franciscanos.org.br\/?p=28771"},"modified":"2020-11-10T13:35:16","modified_gmt":"2020-11-10T16:35:16","slug":"novicos-iniciam-retiro-de-preparacao-para-a-primeira-profissao-religiosa","status":"publish","type":"post","link":"https:\/\/franciscanos.org.br\/noticias\/novicos-iniciam-retiro-de-preparacao-para-a-primeira-profissao-religiosa.html","title":{"rendered":"Novi\u00e7os iniciam retiro de prepara\u00e7\u00e3o para a Primeira Profiss\u00e3o religiosa"},"content":{"rendered":"<blockquote><p><img loading=\"lazy\" class=\"alignright size-full wp-image-28772\" title=\"Novi\u00e7os iniciam retiro de prepara\u00e7\u00e3o para a Primeira Profiss\u00e3o religiosa\" src=\"http:\/\/franciscanos.org.br\/wp-content\/uploads\/2012\/11\/42935_211112.jpg\" alt=\"\" width=\"400\" height=\"300\" \/>\u201c<em>Vinde, vamos subir a montanha do Senhor e ir \u00e0 casa da Senhora Pobreza, para que nos ensine os seus caminhos e andemos por suas veredas\u201d (Sacrum Comercium).<\/em><\/p><\/blockquote>\n<p>\u00c9, pois, neste mesmo esp\u00edrito que n\u00f3s, frades novi\u00e7os, iniciamos nesta \u00faltima segunda-feira, dia 19, o retiro em prepara\u00e7\u00e3o \u00e0 nossa Primeira Profiss\u00e3o na Ordem dos Frades Menores. Sob Orienta\u00e7\u00e3o do Frei Raimundo Justiniano de Oliveira Castro, durante cinco dias buscaremos amadurecer o nosso sim \u00e0 vida religiosa e mergulhar profundamente nos mist\u00e9rios divinos que nos orientam a viver em penit\u00eancia o Santo Evangelho de Nosso Senhor Jesus Cristo ao modo adotado por S\u00e3o Francisco de Assis: em obedi\u00eancia, castidade e sem nada de pr\u00f3prio.<\/p>\n<p>Assim sendo, suplicamos humildemente ao Senhor Deus o seu apraz\u00edvel Esp\u00edrito para que nos tornemos capazes de responder, sem reservas, \u00e0s suas vontades e preceitos. Oxal\u00e1 que esta experi\u00eancia reascenda em n\u00f3s a chama do amor paterno de Deus, impulsionando-nos a sempre busc\u00e1-lo com desejos honestos, implorando sua b\u00ean\u00e7\u00e3o e miseric\u00f3rdia!<\/p>\n","protected":false},"excerpt":{"rendered":"<p>Noviciado<\/p>\n","protected":false},"author":1,"featured_media":213757,"comment_status":"closed","ping_status":"open","sticky":false,"template":"","format":"standard","meta":[],"categories":[1],"tags":[135],"acf":[],"yoast_head":"<!-- This site is optimized with the Yoast SEO plugin v19.2 - https:\/\/yoast.com\/wordpress\/plugins\/seo\/ -->\n<title>Novi\u00e7os iniciam retiro de prepara\u00e7\u00e3o para a Primeira Profiss\u00e3o religiosa - Not\u00edcias - Franciscanos<\/title>\n<meta name=\"robots\" content=\"index, follow, max-snippet:-1, max-image-preview:large, max-video-preview:-1\" \/>\n<link rel=\"canonical\" href=\"https:\/\/franciscanos.org.br\/noticias\/novicos-iniciam-retiro-de-preparacao-para-a-primeira-profissao-religiosa.html\" \/>\n<meta property=\"og:locale\" content=\"pt_BR\" \/>\n<meta property=\"og:type\" content=\"article\" \/>\n<meta property=\"og:title\" content=\"Novi\u00e7os iniciam retiro de prepara\u00e7\u00e3o para a Primeira Profiss\u00e3o religiosa - Not\u00edcias - Franciscanos\" \/>\n<meta property=\"og:description\" content=\"Noviciado\" \/>\n<meta property=\"og:url\" content=\"https:\/\/franciscanos.org.br\/noticias\/novicos-iniciam-retiro-de-preparacao-para-a-primeira-profissao-religiosa.html\" \/>\n<meta property=\"og:site_name\" content=\"Not\u00edcias - Franciscanos\" \/>\n<meta property=\"article:published_time\" content=\"2012-11-21T15:20:09+00:00\" \/>\n<meta property=\"article:modified_time\" content=\"2020-11-10T16:35:16+00:00\" \/>\n<meta property=\"og:image\" content=\"https:\/\/franciscanos.org.br\/noticias\/wp-content\/uploads\/2012\/11\/42935_211112.jpg\" \/>\n\t<meta property=\"og:image:width\" content=\"273\" \/>\n\t<meta property=\"og:image:height\" content=\"181\" \/>\n\t<meta property=\"og:image:type\" content=\"image\/jpeg\" \/>\n<meta name=\"author\" content=\"admin\" \/>\n<meta name=\"twitter:card\" content=\"summary_large_image\" \/>\n<meta name=\"twitter:label1\" content=\"Escrito por\" \/>\n\t<meta name=\"twitter:data1\" content=\"admin\" \/>\n\t<meta name=\"twitter:label2\" content=\"Est. tempo de leitura\" \/>\n\t<meta name=\"twitter:data2\" content=\"1 minuto\" \/>\n<script type=\"application\/ld+json\" class=\"yoast-schema-graph\">{\"@context\":\"https:\/\/schema.org\",\"@graph\":[{\"@type\":\"WebSite\",\"@id\":\"https:\/\/franciscanos.org.br\/noticias\/#website\",\"url\":\"https:\/\/franciscanos.org.br\/noticias\/\",\"name\":\"Not\u00edcias - Franciscanos\",\"description\":\"Prov\u00edncia Franciscana da Imaculada Concei\u00e7\u00e3o do Brasil - Ordem dos Frades Menores - OFM\",\"potentialAction\":[{\"@type\":\"SearchAction\",\"target\":{\"@type\":\"EntryPoint\",\"urlTemplate\":\"https:\/\/franciscanos.org.br\/noticias\/?s={search_term_string}\"},\"query-input\":\"required name=search_term_string\"}],\"inLanguage\":\"pt-BR\"},{\"@type\":\"ImageObject\",\"inLanguage\":\"pt-BR\",\"@id\":\"https:\/\/franciscanos.org.br\/noticias\/novicos-iniciam-retiro-de-preparacao-para-a-primeira-profissao-religiosa.html#primaryimage\",\"url\":\"https:\/\/franciscanos.org.br\/noticias\/wp-content\/uploads\/2012\/11\/42935_211112.jpg\",\"contentUrl\":\"https:\/\/franciscanos.org.br\/noticias\/wp-content\/uploads\/2012\/11\/42935_211112.jpg\",\"width\":273,\"height\":181},{\"@type\":\"WebPage\",\"@id\":\"https:\/\/franciscanos.org.br\/noticias\/novicos-iniciam-retiro-de-preparacao-para-a-primeira-profissao-religiosa.html#webpage\",\"url\":\"https:\/\/franciscanos.org.br\/noticias\/novicos-iniciam-retiro-de-preparacao-para-a-primeira-profissao-religiosa.html\",\"name\":\"Novi\u00e7os iniciam retiro de prepara\u00e7\u00e3o para a Primeira Profiss\u00e3o religiosa - Not\u00edcias - Franciscanos\",\"isPartOf\":{\"@id\":\"https:\/\/franciscanos.org.br\/noticias\/#website\"},\"primaryImageOfPage\":{\"@id\":\"https:\/\/franciscanos.org.br\/noticias\/novicos-iniciam-retiro-de-preparacao-para-a-primeira-profissao-religiosa.html#primaryimage\"},\"datePublished\":\"2012-11-21T15:20:09+00:00\",\"dateModified\":\"2020-11-10T16:35:16+00:00\",\"author\":{\"@id\":\"https:\/\/franciscanos.org.br\/noticias\/#\/schema\/person\/b38fbf43118f02820bd932f2e4b14ad3\"},\"breadcrumb\":{\"@id\":\"https:\/\/franciscanos.org.br\/noticias\/novicos-iniciam-retiro-de-preparacao-para-a-primeira-profissao-religiosa.html#breadcrumb\"},\"inLanguage\":\"pt-BR\",\"potentialAction\":[{\"@type\":\"ReadAction\",\"target\":[\"https:\/\/franciscanos.org.br\/noticias\/novicos-iniciam-retiro-de-preparacao-para-a-primeira-profissao-religiosa.html\"]}]},{\"@type\":\"BreadcrumbList\",\"@id\":\"https:\/\/franciscanos.org.br\/noticias\/novicos-iniciam-retiro-de-preparacao-para-a-primeira-profissao-religiosa.html#breadcrumb\",\"itemListElement\":[{\"@type\":\"ListItem\",\"position\":1,\"name\":\"Home\",\"item\":\"https:\/\/franciscanos.org.br\/noticias\"},{\"@type\":\"ListItem\",\"position\":2,\"name\":\"Novi\u00e7os iniciam retiro de prepara\u00e7\u00e3o para a Primeira Profiss\u00e3o religiosa\"}]},{\"@type\":\"Person\",\"@id\":\"https:\/\/franciscanos.org.br\/noticias\/#\/schema\/person\/b38fbf43118f02820bd932f2e4b14ad3\",\"name\":\"admin\",\"image\":{\"@type\":\"ImageObject\",\"inLanguage\":\"pt-BR\",\"@id\":\"https:\/\/franciscanos.org.br\/noticias\/#\/schema\/person\/image\/\",\"url\":\"https:\/\/secure.gravatar.com\/avatar\/e8495742d34d0ba6448ea1c628263b3e?s=96&d=mm&r=g\",\"contentUrl\":\"https:\/\/secure.gravatar.com\/avatar\/e8495742d34d0ba6448ea1c628263b3e?s=96&d=mm&r=g\",\"caption\":\"admin\"},\"url\":\"https:\/\/franciscanos.org.br\/noticias\/author\/admin\"}]}<\/script>\n<!-- \/ Yoast SEO plugin. -->","yoast_head_json":{"title":"Novi\u00e7os iniciam retiro de prepara\u00e7\u00e3o para a Primeira Profiss\u00e3o religiosa - Not\u00edcias - Franciscanos","robots":{"index":"index","follow":"follow","max-snippet":"max-snippet:-1","max-image-preview":"max-image-preview:large","max-video-preview":"max-video-preview:-1"},"canonical":"https:\/\/franciscanos.org.br\/noticias\/novicos-iniciam-retiro-de-preparacao-para-a-primeira-profissao-religiosa.html","og_locale":"pt_BR","og_type":"article","og_title":"Novi\u00e7os iniciam retiro de prepara\u00e7\u00e3o para a Primeira Profiss\u00e3o religiosa - Not\u00edcias - Franciscanos","og_description":"Noviciado","og_url":"https:\/\/franciscanos.org.br\/noticias\/novicos-iniciam-retiro-de-preparacao-para-a-primeira-profissao-religiosa.html","og_site_name":"Not\u00edcias - Franciscanos","article_published_time":"2012-11-21T15:20:09+00:00","article_modified_time":"2020-11-10T16:35:16+00:00","og_image":[{"width":273,"height":181,"url":"https:\/\/franciscanos.org.br\/noticias\/wp-content\/uploads\/2012\/11\/42935_211112.jpg","type":"image\/jpeg"}],"author":"admin","twitter_card":"summary_large_image","twitter_misc":{"Escrito por":"admin","Est. tempo de leitura":"1 minuto"},"schema":{"@context":"https:\/\/schema.org","@graph":[{"@type":"WebSite","@id":"https:\/\/franciscanos.org.br\/noticias\/#website","url":"https:\/\/franciscanos.org.br\/noticias\/","name":"Not\u00edcias - Franciscanos","description":"Prov\u00edncia Franciscana da Imaculada Concei\u00e7\u00e3o do Brasil - Ordem dos Frades Menores - OFM","potentialAction":[{"@type":"SearchAction","target":{"@type":"EntryPoint","urlTemplate":"https:\/\/franciscanos.org.br\/noticias\/?s={search_term_string}"},"query-input":"required name=search_term_string"}],"inLanguage":"pt-BR"},{"@type":"ImageObject","inLanguage":"pt-BR","@id":"https:\/\/franciscanos.org.br\/noticias\/novicos-iniciam-retiro-de-preparacao-para-a-primeira-profissao-religiosa.html#primaryimage","url":"https:\/\/franciscanos.org.br\/noticias\/wp-content\/uploads\/2012\/11\/42935_211112.jpg","contentUrl":"https:\/\/franciscanos.org.br\/noticias\/wp-content\/uploads\/2012\/11\/42935_211112.jpg","width":273,"height":181},{"@type":"WebPage","@id":"https:\/\/franciscanos.org.br\/noticias\/novicos-iniciam-retiro-de-preparacao-para-a-primeira-profissao-religiosa.html#webpage","url":"https:\/\/franciscanos.org.br\/noticias\/novicos-iniciam-retiro-de-preparacao-para-a-primeira-profissao-religiosa.html","name":"Novi\u00e7os iniciam retiro de prepara\u00e7\u00e3o para a Primeira Profiss\u00e3o religiosa - Not\u00edcias - Franciscanos","isPartOf":{"@id":"https:\/\/franciscanos.org.br\/noticias\/#website"},"primaryImageOfPage":{"@id":"https:\/\/franciscanos.org.br\/noticias\/novicos-iniciam-retiro-de-preparacao-para-a-primeira-profissao-religiosa.html#primaryimage"},"datePublished":"2012-11-21T15:20:09+00:00","dateModified":"2020-11-10T16:35:16+00:00","author":{"@id":"https:\/\/franciscanos.org.br\/noticias\/#\/schema\/person\/b38fbf43118f02820bd932f2e4b14ad3"},"breadcrumb":{"@id":"https:\/\/franciscanos.org.br\/noticias\/novicos-iniciam-retiro-de-preparacao-para-a-primeira-profissao-religiosa.html#breadcrumb"},"inLanguage":"pt-BR","potentialAction":[{"@type":"ReadAction","target":["https:\/\/franciscanos.org.br\/noticias\/novicos-iniciam-retiro-de-preparacao-para-a-primeira-profissao-religiosa.html"]}]},{"@type":"BreadcrumbList","@id":"https:\/\/franciscanos.org.br\/noticias\/novicos-iniciam-retiro-de-preparacao-para-a-primeira-profissao-religiosa.html#breadcrumb","itemListElement":[{"@type":"ListItem","position":1,"name":"Home","item":"https:\/\/franciscanos.org.br\/noticias"},{"@type":"ListItem","position":2,"name":"Novi\u00e7os iniciam retiro de prepara\u00e7\u00e3o para a Primeira Profiss\u00e3o religiosa"}]},{"@type":"Person","@id":"https:\/\/franciscanos.org.br\/noticias\/#\/schema\/person\/b38fbf43118f02820bd932f2e4b14ad3","name":"admin","image":{"@type":"ImageObject","inLanguage":"pt-BR","@id":"https:\/\/franciscanos.org.br\/noticias\/#\/schema\/person\/image\/","url":"https:\/\/secure.gravatar.com\/avatar\/e8495742d34d0ba6448ea1c628263b3e?s=96&d=mm&r=g","contentUrl":"https:\/\/secure.gravatar.com\/avatar\/e8495742d34d0ba6448ea1c628263b3e?s=96&d=mm&r=g","caption":"admin"},"url":"https:\/\/franciscanos.org.br\/noticias\/author\/admin"}]}},"_links":{"self":[{"href":"https:\/\/franciscanos.org.br\/noticias\/wp-json\/wp\/v2\/posts\/28771"}],"collection":[{"href":"https:\/\/franciscanos.org.br\/noticias\/wp-json\/wp\/v2\/posts"}],"about":[{"href":"https:\/\/franciscanos.org.br\/noticias\/wp-json\/wp\/v2\/types\/post"}],"author":[{"embeddable":true,"href":"https:\/\/franciscanos.org.br\/noticias\/wp-json\/wp\/v2\/users\/1"}],"replies":[{"embeddable":true,"href":"https:\/\/franciscanos.org.br\/noticias\/wp-json\/wp\/v2\/comments?post=28771"}],"version-history":[{"count":1,"href":"https:\/\/franciscanos.org.br\/noticias\/wp-json\/wp\/v2\/posts\/28771\/revisions"}],"predecessor-version":[{"id":229181,"href":"https:\/\/franciscanos.org.br\/noticias\/wp-json\/wp\/v2\/posts\/28771\/revisions\/229181"}],"wp:featuredmedia":[{"embeddable":true,"href":"https:\/\/franciscanos.org.br\/noticias\/wp-json\/wp\/v2\/media\/213757"}],"wp:attachment":[{"href":"https:\/\/franciscanos.org.br\/noticias\/wp-json\/wp\/v2\/media?parent=28771"}],"wp:term":[{"taxonomy":"category","embeddable":true,"href":"https:\/\/franciscanos.org.br\/noticias\/wp-json\/wp\/v2\/categories?post=28771"},{"taxonomy":"post_tag","embeddable":true,"href":"https:\/\/franciscanos.org.br\/noticias\/wp-json\/wp\/v2\/tags?post=28771"}],"curies":[{"name":"wp","href":"https:\/\/api.w.org\/{rel}","templated":true}]}}