{"id":28735,"date":"2012-11-21T07:11:11","date_gmt":"2012-11-21T09:11:11","guid":{"rendered":"http:\/\/new.franciscanos.org.br\/?p=28735"},"modified":"2019-11-06T13:42:55","modified_gmt":"2019-11-06T16:42:55","slug":"fraternidade-do-largo-da-carioca-promove-bazar-em-prol-das-missoes","status":"publish","type":"post","link":"https:\/\/franciscanos.org.br\/noticias\/fraternidade-do-largo-da-carioca-promove-bazar-em-prol-das-missoes.html","title":{"rendered":"Fraternidade do Largo da Carioca promove bazar em prol das Miss\u00f5es"},"content":{"rendered":"<p><strong><img loading=\"lazy\" class=\"size-full wp-image-28736 alignright\" title=\"42931_191112\" src=\"http:\/\/franciscanos.org.br\/wp-content\/uploads\/2012\/11\/42931_191112.jpg\" alt=\"\" width=\"400\" height=\"300\" \/>Por K\u00e1tia Sodr\u00e9, especial para este site<\/strong><\/p>\n<p>A Fraternidade Santo Ant\u00f4nio do Largo do Rio (RJ) realizou com grande sucesso em duas ter\u00e7as-feiras do m\u00eas de novembro o Bazar de Santa Isabel da Hungria, no t\u00fanel de acesso ao Convento Santo Ant\u00f4nio. Al\u00e9m de resgatar a mem\u00f3ria de Santa Isabel da Hungria e divulgar sua devo\u00e7\u00e3o, o bazar tamb\u00e9m teve como objetivo promover uma campanha em prol do trabalho mission\u00e1rio da Ordem dos Frades Menores no continente africano.<\/p>\n<p>Durante o bazar a Fraternidade Santo Ant\u00f4nio realizou um trabalho de anima\u00e7\u00e3o vocacional para a divulga\u00e7\u00e3o do carisma franciscano secular com a distribui\u00e7\u00e3o de folhetos e da Revista Paz e Bem, \u00f3rg\u00e3o informativo da Ordem Franciscana Secular do Brasil (OFS).<\/p>\n<p>O bazar recebeu o apoio do assistente da fraternidade, Frei Vit\u00f3rio Mazzuco, e dos frades respons\u00e1veis pela portaria do convento que destacaram a import\u00e2ncia de se divulgar o trabalho mission\u00e1rio e o carisma franciscano. O objetivo do bazar foi alcan\u00e7ado, pois conseguiu reunir irm\u00e3os de outras fraternidades do Regional Sudeste II da OFS, e de visitantes do santu\u00e1rio que ajudaram aos irm\u00e3os da Fraternidade Santo Ant\u00f4nio a carregar o material utilizado no bazar.<\/p>\n<p>Muitos foram os visitantes que se interessaram pelos produtos artesanais expostos e aprovaram a iniciativa no local comprando artigos religiosos para os grupos e pastorais de par\u00f3quias e comunidades cat\u00f3licas da Cidade do Rio de Janeiro e da Baixada Fluminense.<\/p>\n<p>O bazar apurou R$ 1.080,00 que foram doados \u00e0s Miss\u00f5es Franciscanas. Para atender a essa finalidade, o \u00d3bulo de Santa Isabel de Hungria tamb\u00e9m foi recebido na celebra\u00e7\u00e3o dedicada \u00e0 padroeira da Ordem Franciscana Secular, no \u00faltimo dia 17 de novembro, presidida pelo guardi\u00e3o do Convento Santo Ant\u00f4nio, frei Ivo Muller, OFM.<\/p>\n<p>Em sua homilia, Frei Ivo M\u00fcller destacou o amor de Santa Isabel pelo Cristo crucificado e a sua vida de caridade para com os \u00f3rf\u00e3os, pobres e doentes.\u00a0 Al\u00e9m dos irm\u00e3os da fraternidade, a celebra\u00e7\u00e3o contou com a presen\u00e7a.<\/p>\n<p>A celebra\u00e7\u00e3o contou com a presen\u00e7a dos irm\u00e3os da Fraternidade de Santo Ant\u00f4nio do Largo da Carioca, e com as visitas do ministro da Fraternidade Nossa Senhora da Paz de Ipanema, Ant\u00f4nio Alves, da ministra Val\u00e9ria Pinheiro, da Fraternidade de S\u00e3o Francisco da Penit\u00eancia, e da ministra da Fraternidade do Ap\u00f3stolo S\u00e3o Pedro, Paulina de Souza.<\/p>\n<p>No final da celebra\u00e7\u00e3o, frei Ivo M\u00fcller aben\u00e7oou as rosas e os p\u00e3es que foram distribu\u00eddos aos presentes numa alus\u00e3o ao milagre das rosas realizado por Deus por interm\u00e9dio de Santa Isabel que carregava em segredo em seu avental mantimentos os quais doaria aos pobres que acorriam \u00e0 porta de seu castelo.<\/p>\n<p>O marido desconfiado de sua esposa devido \u00e0s intrigas de parentes foi averiguar o que a esposa carregava no avental para fora do castelo. Ao abrir o avental lindas rosas ca\u00edram pelo ch\u00e3o em pleno inverno.<\/p>\n<p>A Fraternidade Santo Ant\u00f4nio do Largo da Carioca agradece a todos pelo apoio e roga a Deus para que o exemplo de Santa Isabel de Hungria nos conduza a viv\u00eancia da fraternidade e da caridade junto aos mais pobres e exclu\u00eddos que em vida ela tanto amou e socorreu em suas necessidades.<\/p>\n","protected":false},"excerpt":{"rendered":"<p>OFS<\/p>\n","protected":false},"author":1,"featured_media":213755,"comment_status":"closed","ping_status":"open","sticky":false,"template":"","format":"standard","meta":[],"categories":[1],"tags":[60],"acf":[],"yoast_head":"<!-- This site is optimized with the Yoast SEO plugin v19.2 - https:\/\/yoast.com\/wordpress\/plugins\/seo\/ -->\n<title>Fraternidade do Largo da Carioca promove bazar em prol das Miss\u00f5es - Not\u00edcias - Franciscanos<\/title>\n<meta name=\"robots\" content=\"index, follow, max-snippet:-1, max-image-preview:large, max-video-preview:-1\" \/>\n<link rel=\"canonical\" href=\"https:\/\/franciscanos.org.br\/noticias\/fraternidade-do-largo-da-carioca-promove-bazar-em-prol-das-missoes.html\" \/>\n<meta property=\"og:locale\" content=\"pt_BR\" \/>\n<meta property=\"og:type\" content=\"article\" \/>\n<meta property=\"og:title\" content=\"Fraternidade do Largo da Carioca promove bazar em prol das Miss\u00f5es - Not\u00edcias - Franciscanos\" \/>\n<meta property=\"og:description\" content=\"OFS\" \/>\n<meta property=\"og:url\" content=\"https:\/\/franciscanos.org.br\/noticias\/fraternidade-do-largo-da-carioca-promove-bazar-em-prol-das-missoes.html\" \/>\n<meta property=\"og:site_name\" content=\"Not\u00edcias - Franciscanos\" \/>\n<meta property=\"article:published_time\" content=\"2012-11-21T09:11:11+00:00\" \/>\n<meta property=\"article:modified_time\" content=\"2019-11-06T16:42:55+00:00\" \/>\n<meta property=\"og:image\" content=\"https:\/\/franciscanos.org.br\/noticias\/wp-content\/uploads\/2012\/11\/42931_191112.jpg\" \/>\n\t<meta property=\"og:image:width\" content=\"273\" \/>\n\t<meta property=\"og:image:height\" content=\"181\" \/>\n\t<meta property=\"og:image:type\" content=\"image\/jpeg\" \/>\n<meta name=\"author\" content=\"admin\" \/>\n<meta name=\"twitter:card\" content=\"summary_large_image\" \/>\n<meta name=\"twitter:label1\" content=\"Escrito por\" \/>\n\t<meta name=\"twitter:data1\" content=\"admin\" \/>\n\t<meta name=\"twitter:label2\" content=\"Est. tempo de leitura\" \/>\n\t<meta name=\"twitter:data2\" content=\"3 minutos\" \/>\n<script type=\"application\/ld+json\" class=\"yoast-schema-graph\">{\"@context\":\"https:\/\/schema.org\",\"@graph\":[{\"@type\":\"WebSite\",\"@id\":\"https:\/\/franciscanos.org.br\/noticias\/#website\",\"url\":\"https:\/\/franciscanos.org.br\/noticias\/\",\"name\":\"Not\u00edcias - Franciscanos\",\"description\":\"Prov\u00edncia Franciscana da Imaculada Concei\u00e7\u00e3o do Brasil - Ordem dos Frades Menores - OFM\",\"potentialAction\":[{\"@type\":\"SearchAction\",\"target\":{\"@type\":\"EntryPoint\",\"urlTemplate\":\"https:\/\/franciscanos.org.br\/noticias\/?s={search_term_string}\"},\"query-input\":\"required name=search_term_string\"}],\"inLanguage\":\"pt-BR\"},{\"@type\":\"ImageObject\",\"inLanguage\":\"pt-BR\",\"@id\":\"https:\/\/franciscanos.org.br\/noticias\/fraternidade-do-largo-da-carioca-promove-bazar-em-prol-das-missoes.html#primaryimage\",\"url\":\"https:\/\/franciscanos.org.br\/noticias\/wp-content\/uploads\/2012\/11\/42931_191112.jpg\",\"contentUrl\":\"https:\/\/franciscanos.org.br\/noticias\/wp-content\/uploads\/2012\/11\/42931_191112.jpg\",\"width\":273,\"height\":181},{\"@type\":\"WebPage\",\"@id\":\"https:\/\/franciscanos.org.br\/noticias\/fraternidade-do-largo-da-carioca-promove-bazar-em-prol-das-missoes.html#webpage\",\"url\":\"https:\/\/franciscanos.org.br\/noticias\/fraternidade-do-largo-da-carioca-promove-bazar-em-prol-das-missoes.html\",\"name\":\"Fraternidade do Largo da Carioca promove bazar em prol das Miss\u00f5es - Not\u00edcias - Franciscanos\",\"isPartOf\":{\"@id\":\"https:\/\/franciscanos.org.br\/noticias\/#website\"},\"primaryImageOfPage\":{\"@id\":\"https:\/\/franciscanos.org.br\/noticias\/fraternidade-do-largo-da-carioca-promove-bazar-em-prol-das-missoes.html#primaryimage\"},\"datePublished\":\"2012-11-21T09:11:11+00:00\",\"dateModified\":\"2019-11-06T16:42:55+00:00\",\"author\":{\"@id\":\"https:\/\/franciscanos.org.br\/noticias\/#\/schema\/person\/b38fbf43118f02820bd932f2e4b14ad3\"},\"breadcrumb\":{\"@id\":\"https:\/\/franciscanos.org.br\/noticias\/fraternidade-do-largo-da-carioca-promove-bazar-em-prol-das-missoes.html#breadcrumb\"},\"inLanguage\":\"pt-BR\",\"potentialAction\":[{\"@type\":\"ReadAction\",\"target\":[\"https:\/\/franciscanos.org.br\/noticias\/fraternidade-do-largo-da-carioca-promove-bazar-em-prol-das-missoes.html\"]}]},{\"@type\":\"BreadcrumbList\",\"@id\":\"https:\/\/franciscanos.org.br\/noticias\/fraternidade-do-largo-da-carioca-promove-bazar-em-prol-das-missoes.html#breadcrumb\",\"itemListElement\":[{\"@type\":\"ListItem\",\"position\":1,\"name\":\"Home\",\"item\":\"https:\/\/franciscanos.org.br\/noticias\"},{\"@type\":\"ListItem\",\"position\":2,\"name\":\"Fraternidade do Largo da Carioca promove bazar em prol das Miss\u00f5es\"}]},{\"@type\":\"Person\",\"@id\":\"https:\/\/franciscanos.org.br\/noticias\/#\/schema\/person\/b38fbf43118f02820bd932f2e4b14ad3\",\"name\":\"admin\",\"image\":{\"@type\":\"ImageObject\",\"inLanguage\":\"pt-BR\",\"@id\":\"https:\/\/franciscanos.org.br\/noticias\/#\/schema\/person\/image\/\",\"url\":\"https:\/\/secure.gravatar.com\/avatar\/e8495742d34d0ba6448ea1c628263b3e?s=96&d=mm&r=g\",\"contentUrl\":\"https:\/\/secure.gravatar.com\/avatar\/e8495742d34d0ba6448ea1c628263b3e?s=96&d=mm&r=g\",\"caption\":\"admin\"},\"url\":\"https:\/\/franciscanos.org.br\/noticias\/author\/admin\"}]}<\/script>\n<!-- \/ Yoast SEO plugin. -->","yoast_head_json":{"title":"Fraternidade do Largo da Carioca promove bazar em prol das Miss\u00f5es - Not\u00edcias - Franciscanos","robots":{"index":"index","follow":"follow","max-snippet":"max-snippet:-1","max-image-preview":"max-image-preview:large","max-video-preview":"max-video-preview:-1"},"canonical":"https:\/\/franciscanos.org.br\/noticias\/fraternidade-do-largo-da-carioca-promove-bazar-em-prol-das-missoes.html","og_locale":"pt_BR","og_type":"article","og_title":"Fraternidade do Largo da Carioca promove bazar em prol das Miss\u00f5es - Not\u00edcias - Franciscanos","og_description":"OFS","og_url":"https:\/\/franciscanos.org.br\/noticias\/fraternidade-do-largo-da-carioca-promove-bazar-em-prol-das-missoes.html","og_site_name":"Not\u00edcias - Franciscanos","article_published_time":"2012-11-21T09:11:11+00:00","article_modified_time":"2019-11-06T16:42:55+00:00","og_image":[{"width":273,"height":181,"url":"https:\/\/franciscanos.org.br\/noticias\/wp-content\/uploads\/2012\/11\/42931_191112.jpg","type":"image\/jpeg"}],"author":"admin","twitter_card":"summary_large_image","twitter_misc":{"Escrito por":"admin","Est. tempo de leitura":"3 minutos"},"schema":{"@context":"https:\/\/schema.org","@graph":[{"@type":"WebSite","@id":"https:\/\/franciscanos.org.br\/noticias\/#website","url":"https:\/\/franciscanos.org.br\/noticias\/","name":"Not\u00edcias - Franciscanos","description":"Prov\u00edncia Franciscana da Imaculada Concei\u00e7\u00e3o do Brasil - Ordem dos Frades Menores - OFM","potentialAction":[{"@type":"SearchAction","target":{"@type":"EntryPoint","urlTemplate":"https:\/\/franciscanos.org.br\/noticias\/?s={search_term_string}"},"query-input":"required name=search_term_string"}],"inLanguage":"pt-BR"},{"@type":"ImageObject","inLanguage":"pt-BR","@id":"https:\/\/franciscanos.org.br\/noticias\/fraternidade-do-largo-da-carioca-promove-bazar-em-prol-das-missoes.html#primaryimage","url":"https:\/\/franciscanos.org.br\/noticias\/wp-content\/uploads\/2012\/11\/42931_191112.jpg","contentUrl":"https:\/\/franciscanos.org.br\/noticias\/wp-content\/uploads\/2012\/11\/42931_191112.jpg","width":273,"height":181},{"@type":"WebPage","@id":"https:\/\/franciscanos.org.br\/noticias\/fraternidade-do-largo-da-carioca-promove-bazar-em-prol-das-missoes.html#webpage","url":"https:\/\/franciscanos.org.br\/noticias\/fraternidade-do-largo-da-carioca-promove-bazar-em-prol-das-missoes.html","name":"Fraternidade do Largo da Carioca promove bazar em prol das Miss\u00f5es - Not\u00edcias - Franciscanos","isPartOf":{"@id":"https:\/\/franciscanos.org.br\/noticias\/#website"},"primaryImageOfPage":{"@id":"https:\/\/franciscanos.org.br\/noticias\/fraternidade-do-largo-da-carioca-promove-bazar-em-prol-das-missoes.html#primaryimage"},"datePublished":"2012-11-21T09:11:11+00:00","dateModified":"2019-11-06T16:42:55+00:00","author":{"@id":"https:\/\/franciscanos.org.br\/noticias\/#\/schema\/person\/b38fbf43118f02820bd932f2e4b14ad3"},"breadcrumb":{"@id":"https:\/\/franciscanos.org.br\/noticias\/fraternidade-do-largo-da-carioca-promove-bazar-em-prol-das-missoes.html#breadcrumb"},"inLanguage":"pt-BR","potentialAction":[{"@type":"ReadAction","target":["https:\/\/franciscanos.org.br\/noticias\/fraternidade-do-largo-da-carioca-promove-bazar-em-prol-das-missoes.html"]}]},{"@type":"BreadcrumbList","@id":"https:\/\/franciscanos.org.br\/noticias\/fraternidade-do-largo-da-carioca-promove-bazar-em-prol-das-missoes.html#breadcrumb","itemListElement":[{"@type":"ListItem","position":1,"name":"Home","item":"https:\/\/franciscanos.org.br\/noticias"},{"@type":"ListItem","position":2,"name":"Fraternidade do Largo da Carioca promove bazar em prol das Miss\u00f5es"}]},{"@type":"Person","@id":"https:\/\/franciscanos.org.br\/noticias\/#\/schema\/person\/b38fbf43118f02820bd932f2e4b14ad3","name":"admin","image":{"@type":"ImageObject","inLanguage":"pt-BR","@id":"https:\/\/franciscanos.org.br\/noticias\/#\/schema\/person\/image\/","url":"https:\/\/secure.gravatar.com\/avatar\/e8495742d34d0ba6448ea1c628263b3e?s=96&d=mm&r=g","contentUrl":"https:\/\/secure.gravatar.com\/avatar\/e8495742d34d0ba6448ea1c628263b3e?s=96&d=mm&r=g","caption":"admin"},"url":"https:\/\/franciscanos.org.br\/noticias\/author\/admin"}]}},"_links":{"self":[{"href":"https:\/\/franciscanos.org.br\/noticias\/wp-json\/wp\/v2\/posts\/28735"}],"collection":[{"href":"https:\/\/franciscanos.org.br\/noticias\/wp-json\/wp\/v2\/posts"}],"about":[{"href":"https:\/\/franciscanos.org.br\/noticias\/wp-json\/wp\/v2\/types\/post"}],"author":[{"embeddable":true,"href":"https:\/\/franciscanos.org.br\/noticias\/wp-json\/wp\/v2\/users\/1"}],"replies":[{"embeddable":true,"href":"https:\/\/franciscanos.org.br\/noticias\/wp-json\/wp\/v2\/comments?post=28735"}],"version-history":[{"count":0,"href":"https:\/\/franciscanos.org.br\/noticias\/wp-json\/wp\/v2\/posts\/28735\/revisions"}],"wp:featuredmedia":[{"embeddable":true,"href":"https:\/\/franciscanos.org.br\/noticias\/wp-json\/wp\/v2\/media\/213755"}],"wp:attachment":[{"href":"https:\/\/franciscanos.org.br\/noticias\/wp-json\/wp\/v2\/media?parent=28735"}],"wp:term":[{"taxonomy":"category","embeddable":true,"href":"https:\/\/franciscanos.org.br\/noticias\/wp-json\/wp\/v2\/categories?post=28735"},{"taxonomy":"post_tag","embeddable":true,"href":"https:\/\/franciscanos.org.br\/noticias\/wp-json\/wp\/v2\/tags?post=28735"}],"curies":[{"name":"wp","href":"https:\/\/api.w.org\/{rel}","templated":true}]}}