{"id":28731,"date":"2012-12-10T08:59:22","date_gmt":"2012-12-10T10:59:22","guid":{"rendered":"http:\/\/new.franciscanos.org.br\/?p=28731"},"modified":"2019-12-09T08:25:12","modified_gmt":"2019-12-09T11:25:12","slug":"teu-coracao-deseja-mais-reflexoes-e-oracoes-entre-os-lancamentos","status":"publish","type":"post","link":"https:\/\/franciscanos.org.br\/noticias\/teu-coracao-deseja-mais-reflexoes-e-oracoes-entre-os-lancamentos.html","title":{"rendered":"&#8220;Teu cora\u00e7\u00e3o deseja mais &#8211; Reflex\u00f5es e ora\u00e7\u00f5es&#8221; entre os lan\u00e7amentos"},"content":{"rendered":"<p><img loading=\"lazy\" class=\"alignright size-full wp-image-30358\" title=\"lancamento\" src=\"http:\/\/franciscanos.org.br\/wp-content\/uploads\/2012\/12\/lancamento.jpg\" alt=\"\" width=\"450\" height=\"731\" \/>Entre os \u00faltimos lan\u00e7amentos da Editora Vozes, que neste ano completa 111 anos de funda\u00e7\u00e3o e tem sede em Petr\u00f3polis (RJ), est\u00e1 o livro&#8221;Teu cora\u00e7\u00e3o deseja mais &#8211; Reflex\u00f5es e ora\u00e7\u00f5es&#8221;.<\/p>\n<p>A escolha desta colet\u00e2nea tem car\u00e1ter sobretudo tem\u00e1tico, contemplando textos de Edith Stein at\u00e9 ent\u00e3o pouco conhecidos que mostram como ela se tornou uma personalidade espiritual \u00edmpar. Dentre eles temos ora\u00e7\u00f5es, anota\u00e7\u00f5es pessoais de exerc\u00edcios espirituais e medita\u00e7\u00f5es sobre temas espirituais diversos. O livro tamb\u00e9m engloba escritos sobre o Tempo do Natal, da Quaresma e o Tempo Pascal, em rela\u00e7\u00e3o \u00e0 ora\u00e7\u00e3o e \u00e0 Eucaristia, mas tamb\u00e9m em rela\u00e7\u00e3o \u00e0 forma\u00e7\u00e3o da personalidade e da educa\u00e7\u00e3o religiosa.<\/p>\n<h4>Teu cora\u00e7\u00e3o deseja mais &#8211; Reflex\u00f5es e ora\u00e7\u00f5es<\/h4>\n<p><strong>ISBN:<\/strong> 9788532644497<br \/>\n168 p\u00e1ginas<br \/>\n<strong>Pre\u00e7o<\/strong>: R$ 26,00<br \/>\n<strong>autor<\/strong>: Edith Stein<br \/>\n<strong>Peso<\/strong>: 180 gramas<br \/>\n1\u00aa edi\u00e7\u00e3o<br \/>\n<strong>Assunto<\/strong>: Espiritualidade e M\u00edstica<\/p>\n<h4>Jovens rezam (Os)<\/h4>\n<p><strong>ISBN<\/strong>: 9788532644152<br \/>\n72 p\u00e1ginas<br \/>\n<strong>Pre\u00e7o<\/strong>: R$ 9,80<br \/>\n<strong>autor<\/strong>: Ant\u00f4nio Francisco Bohn<br \/>\n<strong>Peso<\/strong>: 90 gramas<br \/>\n1\u00aa edi\u00e7\u00e3o<br \/>\n<strong>Assunto<\/strong>: Devocion\u00e1rios<\/p>\n<p><em>O caminho da nossa ora\u00e7\u00e3o \u00e9 Cristo. Ela se dirige ao Pai, mas a ora\u00e7\u00e3o s\u00f3 chega at\u00e9 Ele se a fazemos no nome de Jesus. A sua humanidade \u00e9, pois, o \u00fanico caminho pelo qual o Esp\u00edrito Santo nos ensina a rezar a Deus. Os jovens rezam \u00e9 uma colet\u00e2nea de ora\u00e7\u00f5es de a\u00e7\u00e3o de gra\u00e7as, adora\u00e7\u00e3o, agradecimento, b\u00ean\u00e7\u00e3o, confian\u00e7a, consagra\u00e7\u00e3o, cura, intercess\u00e3o, liberta\u00e7\u00e3o, louvor, perd\u00e3o e peti\u00e7\u00e3o, para os v\u00e1rios momentos do quotidiano de nossos jovens.<\/em><\/p>\n<h4>No caminho de Jesus &#8211; \u00c1lbum liturgico-catequ\u00e9tico &#8211; Ano C &#8211; 2013<\/h4>\n<p><strong>ISBN:<\/strong> 9788532644350<br \/>\n64 p\u00e1ginas<br \/>\n<strong>Pre\u00e7o:<\/strong> R$ 5,90<br \/>\n<strong>Autor:<\/strong> Viviane Mayer Daldegan<br \/>\n<strong>Peso:<\/strong> 208 gramas<br \/>\n1\u00aa edi\u00e7\u00e3o<br \/>\n<strong>Assunto:<\/strong> Catequese &#8211; Outros livros<\/p>\n<p><em>No caminho de Jesus &#8211; \u00c1lbum lit\u00fargico-catequ\u00e9tico &#8211; Ano C &#8211; 2013 \u00e9 um instrumento de evangeliza\u00e7\u00e3o que contribui para que os catequizandos e seus familiares possam estabelecer maior aproxima\u00e7\u00e3o com a mensagem do evangelho, motivando-os a concretiz\u00e1-la em suas vidas e a realizar o encontro pessoal com Jesus Cristo, fazendo a experi\u00eancia do amor crist\u00e3o na fam\u00edlia e na sociedade.<\/em><\/p>\n<h4>Hermen\u00eautica<\/h4>\n<p><strong>ISBN:<\/strong> 9788532644169<br \/>\n264 p\u00e1ginas<br \/>\n<strong>Pre\u00e7o:<\/strong> R$ 35,00<br \/>\n<strong>Autor:<\/strong> Lawrence K. Schmidt<br \/>\n<strong>Peso:<\/strong> 288 gramas<br \/>\n1\u00aa edi\u00e7\u00e3o<br \/>\n<strong>Assunto:<\/strong> Filosofia<br \/>\n<strong>Cole\u00e7\u00e3o:<\/strong> Pensamento Moderno<\/p>\n<p><em>A hermen\u00eautica ocupa-se com a teoria da compreens\u00e3o e com a interpreta\u00e7\u00e3o da linguagem. A quest\u00e3o de como interpretar e compreender corretamente os outros continua sendo um dos ramos mais controvertidos da filosofia. Em Hermen\u00eautica, Lawrence Schmidt fornece uma introdu\u00e7\u00e3o \u00e0 hermen\u00eautica moderna atrav\u00e9s de um exame sistem\u00e1tico das ideias de seus principais proponentes filos\u00f3ficos.<\/em><\/p>\n<h4>P\u00f3s-estruturalismo<\/h4>\n<p><strong>ISBN:<\/strong> 9788532644350<br \/>\n256 p\u00e1ginas<br \/>\n<strong>Pre\u00e7o:<\/strong> R$ 35,00<br \/>\n<strong>Autor:<\/strong> James Williams<br \/>\n<strong>Peso:<\/strong> 276 gramas<br \/>\n1\u00aa edi\u00e7\u00e3o<br \/>\n<strong>Assunto:<\/strong> Filosofia<br \/>\n<strong>Cole\u00e7\u00e3o:<\/strong> Pensamento Moderno<\/p>\n<p><em>Como podemos melhorar nossos resultados acad\u00eamicos e crescer na aquisi\u00e7\u00e3o de conhecimentos? Como desenvolver nosso potencial nos aspectos acad\u00eamicos e pessoais necess\u00e1rios \u00e0 pr\u00e1tica profissional? O livro n\u00e3o prop\u00f5e m\u00e1gica, mas caminhos, valorizando um m\u00e9todo para balizar o esfor\u00e7o de cada um no processo de aprendizagem envolvido. S\u00e3o trabalhados diversos aspectos da metodologia cient\u00edfica de estudo, t\u00e3o importante para o sucesso acad\u00eamico, devido \u00e0 evolu\u00e7\u00e3o acelerada das ci\u00eancias naturais e humanas, e do processo de globaliza\u00e7\u00e3o do conhecimento.<\/em><\/p>\n<h4>Utilitarismo<\/h4>\n<p><strong>ISBN:<\/strong> 9788532643735<br \/>\n274 p\u00e1ginas<br \/>\n<strong>Pre\u00e7o:<\/strong> R$ 35,00<br \/>\n<strong>Autor:<\/strong> Tim Mulgan<br \/>\n<strong>Peso:<\/strong> 298 gramas<br \/>\n1\u00aa edi\u00e7\u00e3o<br \/>\n<strong>Assunto:<\/strong> Filosofia<br \/>\n<strong>Cole\u00e7\u00e3o:<\/strong> Pensamento Moderno<\/p>\n<p><em>O utilitarismo &#8211; filosofia baseada no princ\u00edpio da maior felicidade para o maior n\u00famero de pessoas &#8211; exerceu enorme influ\u00eancia ao longo dos \u00faltimos dois s\u00e9culos. O livro come\u00e7a com um resumo do utilitarismo cl\u00e1ssico dos s\u00e9culos XVIII e XIX, enquanto os cap\u00edtulos seguintes tra\u00e7am a evolu\u00e7\u00e3o dos temas centrais do pensamento utilitarista ao longo do s\u00e9culo XX. Entre as quest\u00f5es abordadas est\u00e3o: O que \u00e9 a felicidade? \u00c9 a felicidade a \u00fanica coisa valiosa? Ocupa-se o utilitarismo dos atos, das normas ou das institui\u00e7\u00f5es? \u00c9 o utilitarismo injusto, ou inadmissivelmente exigente, ou invi\u00e1vel? Qual poder\u00e1 ser o futuro do utilitarismo?<\/em><\/p>\n<h4>Din\u00e2mica de grupo &#8211; Aspectos te\u00f3ricos e pr\u00e1ticos<\/h4>\n<p><strong>ISBN<\/strong>: 9788532644138<br \/>\n136 p\u00e1ginas<br \/>\n<strong>Pre\u00e7o<\/strong>: R$ 20,00<br \/>\n<strong>autor<\/strong>: Maria Sara de Lima Dias e Pedro Moreira da Silva Neto<br \/>\n<strong>Peso<\/strong>: 160 gramas<br \/>\n1\u00aa edi\u00e7\u00e3o<br \/>\n<strong>Assunto<\/strong>: Din\u00e2micas e jogos<\/p>\n<p><em>Em diversas institui\u00e7\u00f5es sociais se faz uso de din\u00e2micas de grupos com diferentes prop\u00f3sitos. Destacamos a import\u00e2ncia de uma forma\u00e7\u00e3o te\u00f3rica &#8211; pr\u00e1tica como condi\u00e7\u00e3o para melhorar o papel do dinamizador. Neste sentido o livro cont\u00e9m tanto parte te\u00f3rica como a pr\u00e1tica criando condi\u00e7\u00f5es para iniciantes e profissionais se envolverem em processos dinamizadores. A escolha e sele\u00e7\u00e3o das din\u00e2micas foram elaboradas para propiciar novas perspectivas para aqueles que est\u00e3o em busca de uma caracter\u00edstica pr\u00f3pria na dinamiza\u00e7\u00e3o grupal.<\/em><\/p>\n<h4>T\u00e9cnicas de aprender &#8211; Conte\u00fados e habilidades<\/h4>\n<p><strong>ISBN<\/strong>: 9788532644350<br \/>\n88 p\u00e1ginas<br \/>\n<strong>Pre\u00e7o<\/strong>: R$ 18,00<br \/>\n<strong>autor<\/strong>: Marco Aur\u00e9lio de P. Ribeiro<br \/>\n<strong>Peso<\/strong>: 154 gramas<br \/>\n1\u00aa edi\u00e7\u00e3o<br \/>\n<strong>Assunto<\/strong>: Educa\u00e7\u00e3o e pedagogia<\/p>\n<p><em>Como podemos melhorar nossos resultados acad\u00eamicos e crescer na aquisi\u00e7\u00e3o de conhecimentos? Como desenvolver nosso potencial nos aspectos acad\u00eamicos e pessoais necess\u00e1rios \u00e0 pr\u00e1tica profissional? O livro n\u00e3o prop\u00f5e m\u00e1gica, mas caminhos, valorizando um m\u00e9todo para balizar o esfor\u00e7o de cada um no processo de aprendizagem envolvido. S\u00e3o trabalhados diversos aspectos da metodologia cient\u00edfica de estudo, t\u00e3o importante para o sucesso acad\u00eamico, devido \u00e0 evolu\u00e7\u00e3o acelerada das ci\u00eancias naturais e humanas, e do processo de globaliza\u00e7\u00e3o do conhecimento.<\/em><\/p>\n<h4>Agroecologia &#8211; Caminho de preserva\u00e7\u00e3o do agricultor e do meio ambiente<\/h4>\n<p><strong>ISBN:<\/strong> 9788532644589<br \/>\n200 p\u00e1ginas<br \/>\n<strong>Pre\u00e7o:<\/strong> R$ 34,00<br \/>\n<strong>Autor:<\/strong> Jurandir Zamberlam e Alceu Froncheti<br \/>\n<strong>Peso:<\/strong> 294 gramas<br \/>\n1\u00aa edi\u00e7\u00e3o<br \/>\n<strong>Assunto:<\/strong> Ecologia<\/p>\n<p><em>O livro esmi\u00fa\u00e7a a nova proposta de agricultura. Em seu roteiro est\u00e3o, em primeiro lugar, os marcos pol\u00edticos da quest\u00e3o agr\u00e1ria no Brasil seguida pela discuss\u00e3o da g\u00eanese da agricultura moderna. O segundo marco traz a agroecologia e a busca de sustentabilidade, em seus conceitos elementares de ecossistemas, agroecossistemas, fertilidade, ciclo natural e os elementos. No terceiro marco, apresenta uma s\u00e9rie de cap\u00edtulos que esmi\u00fa\u00e7am as pr\u00e1ticas agr\u00edcolas agroecol\u00f3gicas: o aumento da fertilidade do solo, o manejo de ervas, pragas e doen\u00e7as, o uso da compostagem, os biofertilizantes e as receitas para preven\u00e7\u00e3o e controle de pragas e doen\u00e7as com o uso de produtos naturais. Por fim traz experi\u00eancias alternativas na produ\u00e7\u00e3o animal e vegetal e dicas para complementos naturais de ra\u00e7\u00f5es.<\/em><\/p>\n<h4>Din\u00e2micas de grupos e jogos &#8211; Psicodrama, express\u00e3o corporal, criatividade medita\u00e7\u00e3o e artes<\/h4>\n<p><strong>ISBN:<\/strong> 9788532644169<br \/>\n96 p\u00e1ginas<br \/>\n<strong>Pre\u00e7o:<\/strong> R$ 18,00<br \/>\n<strong>Autor:<\/strong> Vilmabel Soares<br \/>\n<strong>Peso:<\/strong> 120 gramas<br \/>\n1\u00aa edi\u00e7\u00e3o<br \/>\n<strong>Assunto:<\/strong> Din\u00e2micas e jogos<\/p>\n<p><em>Din\u00e2micas de grupo e jogos: psicodrama, express\u00f5es corporais, criatividade, medita\u00e7\u00e3o e artes s\u00e3o pr\u00e1ticas pedag\u00f3gicas e arteterap\u00eauticas, que facilitam o desenvolvimento humano nos seus diversos aspectos: f\u00edsico, social, ps\u00edquico, emocional, intelectual e afetivo. Essas din\u00e2micas de grupo poder\u00e3o ser utilizadas como ferramenta de trabalho para coordenadores de quaisquer grupos: institui\u00e7\u00e3o educacional, religiosa, empresarial e 3\u00ba setor. Por todos aqueles que se interessam pela educa\u00e7\u00e3o, pelo desenvolvimento humano, pelas artes, pela criatividade, pela arteterapia e terapia de grupo.<\/em><\/p>\n","protected":false},"excerpt":{"rendered":"<p>Editora Vozes<\/p>\n","protected":false},"author":1,"featured_media":214759,"comment_status":"closed","ping_status":"open","sticky":false,"template":"","format":"standard","meta":[],"categories":[1],"tags":[],"acf":[],"yoast_head":"<!-- This site is optimized with the Yoast SEO plugin v19.2 - https:\/\/yoast.com\/wordpress\/plugins\/seo\/ -->\n<title>&quot;Teu cora\u00e7\u00e3o deseja mais - Reflex\u00f5es e ora\u00e7\u00f5es&quot; entre os lan\u00e7amentos - Not\u00edcias - Franciscanos<\/title>\n<meta name=\"robots\" content=\"index, follow, max-snippet:-1, max-image-preview:large, max-video-preview:-1\" \/>\n<link rel=\"canonical\" href=\"https:\/\/franciscanos.org.br\/noticias\/teu-coracao-deseja-mais-reflexoes-e-oracoes-entre-os-lancamentos.html\" \/>\n<meta property=\"og:locale\" content=\"pt_BR\" \/>\n<meta property=\"og:type\" content=\"article\" \/>\n<meta property=\"og:title\" content=\"&quot;Teu cora\u00e7\u00e3o deseja mais - Reflex\u00f5es e ora\u00e7\u00f5es&quot; entre os lan\u00e7amentos - Not\u00edcias - Franciscanos\" \/>\n<meta property=\"og:description\" content=\"Editora Vozes\" \/>\n<meta property=\"og:url\" content=\"https:\/\/franciscanos.org.br\/noticias\/teu-coracao-deseja-mais-reflexoes-e-oracoes-entre-os-lancamentos.html\" \/>\n<meta property=\"og:site_name\" content=\"Not\u00edcias - Franciscanos\" \/>\n<meta property=\"article:published_time\" content=\"2012-12-10T10:59:22+00:00\" \/>\n<meta property=\"article:modified_time\" content=\"2019-12-09T11:25:12+00:00\" \/>\n<meta property=\"og:image\" content=\"https:\/\/franciscanos.org.br\/noticias\/wp-content\/uploads\/2012\/12\/lancamento.jpg\" \/>\n\t<meta property=\"og:image:width\" content=\"273\" \/>\n\t<meta property=\"og:image:height\" content=\"181\" \/>\n\t<meta property=\"og:image:type\" content=\"image\/jpeg\" \/>\n<meta name=\"author\" content=\"admin\" \/>\n<meta name=\"twitter:card\" content=\"summary_large_image\" \/>\n<meta name=\"twitter:label1\" content=\"Escrito por\" \/>\n\t<meta name=\"twitter:data1\" content=\"admin\" \/>\n\t<meta name=\"twitter:label2\" content=\"Est. tempo de leitura\" \/>\n\t<meta name=\"twitter:data2\" content=\"6 minutos\" \/>\n<script type=\"application\/ld+json\" class=\"yoast-schema-graph\">{\"@context\":\"https:\/\/schema.org\",\"@graph\":[{\"@type\":\"WebSite\",\"@id\":\"https:\/\/franciscanos.org.br\/noticias\/#website\",\"url\":\"https:\/\/franciscanos.org.br\/noticias\/\",\"name\":\"Not\u00edcias - Franciscanos\",\"description\":\"Prov\u00edncia Franciscana da Imaculada Concei\u00e7\u00e3o do Brasil - Ordem dos Frades Menores - OFM\",\"potentialAction\":[{\"@type\":\"SearchAction\",\"target\":{\"@type\":\"EntryPoint\",\"urlTemplate\":\"https:\/\/franciscanos.org.br\/noticias\/?s={search_term_string}\"},\"query-input\":\"required name=search_term_string\"}],\"inLanguage\":\"pt-BR\"},{\"@type\":\"ImageObject\",\"inLanguage\":\"pt-BR\",\"@id\":\"https:\/\/franciscanos.org.br\/noticias\/teu-coracao-deseja-mais-reflexoes-e-oracoes-entre-os-lancamentos.html#primaryimage\",\"url\":\"https:\/\/franciscanos.org.br\/noticias\/wp-content\/uploads\/2012\/12\/lancamento.jpg\",\"contentUrl\":\"https:\/\/franciscanos.org.br\/noticias\/wp-content\/uploads\/2012\/12\/lancamento.jpg\",\"width\":273,\"height\":181},{\"@type\":\"WebPage\",\"@id\":\"https:\/\/franciscanos.org.br\/noticias\/teu-coracao-deseja-mais-reflexoes-e-oracoes-entre-os-lancamentos.html#webpage\",\"url\":\"https:\/\/franciscanos.org.br\/noticias\/teu-coracao-deseja-mais-reflexoes-e-oracoes-entre-os-lancamentos.html\",\"name\":\"\\\"Teu cora\u00e7\u00e3o deseja mais - Reflex\u00f5es e ora\u00e7\u00f5es\\\" entre os lan\u00e7amentos - Not\u00edcias - Franciscanos\",\"isPartOf\":{\"@id\":\"https:\/\/franciscanos.org.br\/noticias\/#website\"},\"primaryImageOfPage\":{\"@id\":\"https:\/\/franciscanos.org.br\/noticias\/teu-coracao-deseja-mais-reflexoes-e-oracoes-entre-os-lancamentos.html#primaryimage\"},\"datePublished\":\"2012-12-10T10:59:22+00:00\",\"dateModified\":\"2019-12-09T11:25:12+00:00\",\"author\":{\"@id\":\"https:\/\/franciscanos.org.br\/noticias\/#\/schema\/person\/b38fbf43118f02820bd932f2e4b14ad3\"},\"breadcrumb\":{\"@id\":\"https:\/\/franciscanos.org.br\/noticias\/teu-coracao-deseja-mais-reflexoes-e-oracoes-entre-os-lancamentos.html#breadcrumb\"},\"inLanguage\":\"pt-BR\",\"potentialAction\":[{\"@type\":\"ReadAction\",\"target\":[\"https:\/\/franciscanos.org.br\/noticias\/teu-coracao-deseja-mais-reflexoes-e-oracoes-entre-os-lancamentos.html\"]}]},{\"@type\":\"BreadcrumbList\",\"@id\":\"https:\/\/franciscanos.org.br\/noticias\/teu-coracao-deseja-mais-reflexoes-e-oracoes-entre-os-lancamentos.html#breadcrumb\",\"itemListElement\":[{\"@type\":\"ListItem\",\"position\":1,\"name\":\"Home\",\"item\":\"https:\/\/franciscanos.org.br\/noticias\"},{\"@type\":\"ListItem\",\"position\":2,\"name\":\"&#8220;Teu cora\u00e7\u00e3o deseja mais &#8211; Reflex\u00f5es e ora\u00e7\u00f5es&#8221; entre os lan\u00e7amentos\"}]},{\"@type\":\"Person\",\"@id\":\"https:\/\/franciscanos.org.br\/noticias\/#\/schema\/person\/b38fbf43118f02820bd932f2e4b14ad3\",\"name\":\"admin\",\"image\":{\"@type\":\"ImageObject\",\"inLanguage\":\"pt-BR\",\"@id\":\"https:\/\/franciscanos.org.br\/noticias\/#\/schema\/person\/image\/\",\"url\":\"https:\/\/secure.gravatar.com\/avatar\/e8495742d34d0ba6448ea1c628263b3e?s=96&d=mm&r=g\",\"contentUrl\":\"https:\/\/secure.gravatar.com\/avatar\/e8495742d34d0ba6448ea1c628263b3e?s=96&d=mm&r=g\",\"caption\":\"admin\"},\"url\":\"https:\/\/franciscanos.org.br\/noticias\/author\/admin\"}]}<\/script>\n<!-- \/ Yoast SEO plugin. -->","yoast_head_json":{"title":"\"Teu cora\u00e7\u00e3o deseja mais - Reflex\u00f5es e ora\u00e7\u00f5es\" entre os lan\u00e7amentos - Not\u00edcias - Franciscanos","robots":{"index":"index","follow":"follow","max-snippet":"max-snippet:-1","max-image-preview":"max-image-preview:large","max-video-preview":"max-video-preview:-1"},"canonical":"https:\/\/franciscanos.org.br\/noticias\/teu-coracao-deseja-mais-reflexoes-e-oracoes-entre-os-lancamentos.html","og_locale":"pt_BR","og_type":"article","og_title":"\"Teu cora\u00e7\u00e3o deseja mais - Reflex\u00f5es e ora\u00e7\u00f5es\" entre os lan\u00e7amentos - Not\u00edcias - Franciscanos","og_description":"Editora Vozes","og_url":"https:\/\/franciscanos.org.br\/noticias\/teu-coracao-deseja-mais-reflexoes-e-oracoes-entre-os-lancamentos.html","og_site_name":"Not\u00edcias - Franciscanos","article_published_time":"2012-12-10T10:59:22+00:00","article_modified_time":"2019-12-09T11:25:12+00:00","og_image":[{"width":273,"height":181,"url":"https:\/\/franciscanos.org.br\/noticias\/wp-content\/uploads\/2012\/12\/lancamento.jpg","type":"image\/jpeg"}],"author":"admin","twitter_card":"summary_large_image","twitter_misc":{"Escrito por":"admin","Est. tempo de leitura":"6 minutos"},"schema":{"@context":"https:\/\/schema.org","@graph":[{"@type":"WebSite","@id":"https:\/\/franciscanos.org.br\/noticias\/#website","url":"https:\/\/franciscanos.org.br\/noticias\/","name":"Not\u00edcias - Franciscanos","description":"Prov\u00edncia Franciscana da Imaculada Concei\u00e7\u00e3o do Brasil - Ordem dos Frades Menores - OFM","potentialAction":[{"@type":"SearchAction","target":{"@type":"EntryPoint","urlTemplate":"https:\/\/franciscanos.org.br\/noticias\/?s={search_term_string}"},"query-input":"required name=search_term_string"}],"inLanguage":"pt-BR"},{"@type":"ImageObject","inLanguage":"pt-BR","@id":"https:\/\/franciscanos.org.br\/noticias\/teu-coracao-deseja-mais-reflexoes-e-oracoes-entre-os-lancamentos.html#primaryimage","url":"https:\/\/franciscanos.org.br\/noticias\/wp-content\/uploads\/2012\/12\/lancamento.jpg","contentUrl":"https:\/\/franciscanos.org.br\/noticias\/wp-content\/uploads\/2012\/12\/lancamento.jpg","width":273,"height":181},{"@type":"WebPage","@id":"https:\/\/franciscanos.org.br\/noticias\/teu-coracao-deseja-mais-reflexoes-e-oracoes-entre-os-lancamentos.html#webpage","url":"https:\/\/franciscanos.org.br\/noticias\/teu-coracao-deseja-mais-reflexoes-e-oracoes-entre-os-lancamentos.html","name":"\"Teu cora\u00e7\u00e3o deseja mais - Reflex\u00f5es e ora\u00e7\u00f5es\" entre os lan\u00e7amentos - Not\u00edcias - Franciscanos","isPartOf":{"@id":"https:\/\/franciscanos.org.br\/noticias\/#website"},"primaryImageOfPage":{"@id":"https:\/\/franciscanos.org.br\/noticias\/teu-coracao-deseja-mais-reflexoes-e-oracoes-entre-os-lancamentos.html#primaryimage"},"datePublished":"2012-12-10T10:59:22+00:00","dateModified":"2019-12-09T11:25:12+00:00","author":{"@id":"https:\/\/franciscanos.org.br\/noticias\/#\/schema\/person\/b38fbf43118f02820bd932f2e4b14ad3"},"breadcrumb":{"@id":"https:\/\/franciscanos.org.br\/noticias\/teu-coracao-deseja-mais-reflexoes-e-oracoes-entre-os-lancamentos.html#breadcrumb"},"inLanguage":"pt-BR","potentialAction":[{"@type":"ReadAction","target":["https:\/\/franciscanos.org.br\/noticias\/teu-coracao-deseja-mais-reflexoes-e-oracoes-entre-os-lancamentos.html"]}]},{"@type":"BreadcrumbList","@id":"https:\/\/franciscanos.org.br\/noticias\/teu-coracao-deseja-mais-reflexoes-e-oracoes-entre-os-lancamentos.html#breadcrumb","itemListElement":[{"@type":"ListItem","position":1,"name":"Home","item":"https:\/\/franciscanos.org.br\/noticias"},{"@type":"ListItem","position":2,"name":"&#8220;Teu cora\u00e7\u00e3o deseja mais &#8211; Reflex\u00f5es e ora\u00e7\u00f5es&#8221; entre os lan\u00e7amentos"}]},{"@type":"Person","@id":"https:\/\/franciscanos.org.br\/noticias\/#\/schema\/person\/b38fbf43118f02820bd932f2e4b14ad3","name":"admin","image":{"@type":"ImageObject","inLanguage":"pt-BR","@id":"https:\/\/franciscanos.org.br\/noticias\/#\/schema\/person\/image\/","url":"https:\/\/secure.gravatar.com\/avatar\/e8495742d34d0ba6448ea1c628263b3e?s=96&d=mm&r=g","contentUrl":"https:\/\/secure.gravatar.com\/avatar\/e8495742d34d0ba6448ea1c628263b3e?s=96&d=mm&r=g","caption":"admin"},"url":"https:\/\/franciscanos.org.br\/noticias\/author\/admin"}]}},"_links":{"self":[{"href":"https:\/\/franciscanos.org.br\/noticias\/wp-json\/wp\/v2\/posts\/28731"}],"collection":[{"href":"https:\/\/franciscanos.org.br\/noticias\/wp-json\/wp\/v2\/posts"}],"about":[{"href":"https:\/\/franciscanos.org.br\/noticias\/wp-json\/wp\/v2\/types\/post"}],"author":[{"embeddable":true,"href":"https:\/\/franciscanos.org.br\/noticias\/wp-json\/wp\/v2\/users\/1"}],"replies":[{"embeddable":true,"href":"https:\/\/franciscanos.org.br\/noticias\/wp-json\/wp\/v2\/comments?post=28731"}],"version-history":[{"count":0,"href":"https:\/\/franciscanos.org.br\/noticias\/wp-json\/wp\/v2\/posts\/28731\/revisions"}],"wp:featuredmedia":[{"embeddable":true,"href":"https:\/\/franciscanos.org.br\/noticias\/wp-json\/wp\/v2\/media\/214759"}],"wp:attachment":[{"href":"https:\/\/franciscanos.org.br\/noticias\/wp-json\/wp\/v2\/media?parent=28731"}],"wp:term":[{"taxonomy":"category","embeddable":true,"href":"https:\/\/franciscanos.org.br\/noticias\/wp-json\/wp\/v2\/categories?post=28731"},{"taxonomy":"post_tag","embeddable":true,"href":"https:\/\/franciscanos.org.br\/noticias\/wp-json\/wp\/v2\/tags?post=28731"}],"curies":[{"name":"wp","href":"https:\/\/api.w.org\/{rel}","templated":true}]}}