{"id":28221,"date":"2012-11-11T12:56:42","date_gmt":"2012-11-11T14:56:42","guid":{"rendered":"http:\/\/new.franciscanos.org.br\/?p=28221"},"modified":"2019-11-06T13:36:14","modified_gmt":"2019-11-06T16:36:14","slug":"eleito-o-novo-governo-provincial","status":"publish","type":"post","link":"https:\/\/franciscanos.org.br\/noticias\/eleito-o-novo-governo-provincial.html","title":{"rendered":"Eleito o novo governo provincial"},"content":{"rendered":"<p><img loading=\"lazy\" title=\"Elei\u00e7\u00e3o\" src=\"http:\/\/franciscanos.org.br\/wp-content\/uploads\/2012\/11\/alto6.jpg\" alt=\"\" width=\"830\" height=\"306\" \/><\/p>\n<p><strong>Moacir Beggo<\/strong><\/p>\n<p><strong>Agudos (SP)<\/strong> &#8211;\u00a0Numa elei\u00e7\u00e3o tranquila, sem muitas surpresas, foram eleitos na manh\u00e3 deste domingo (11\/11) os seis Definidores que ir\u00e3o compor, com o Ministro Provincial, Frei Fid\u00eancio Vanboemmel, e o Vig\u00e1rio Provincial, Frei Est\u00eav\u00e3o Ottenbreit, o novo governo provincial para o tri\u00eanio 2013-2015.<\/p>\n<p>Os 103 capitulares, reunidos no Semin\u00e1rio Santo Ant\u00f4nio, em Agudos (SP), desde a \u00faltima segunda-feira, reelegeram o Definidor Frei M\u00e1rio Tagliari e cinco novos integrantes para este mandato: Frei Evaristo Pascoal Spengler, Frei Germano Guesser, Frei Jo\u00e3o Mannes, Frei Jos\u00e9 Francisco de C\u00e1ssia dos Santos e Frei Evandro Balestrin.<\/p>\n<p>Os novos Definidores tomar\u00e3o posse nesta segunda-feira (12), no final do dia, encerrando o Cap\u00edtulo Provincial ordin\u00e1rio da Prov\u00edncia da Imaculada Concei\u00e7\u00e3o do Brasil.<\/p>\n<p><strong>CONHE\u00c7A OS DEFINIDORES<\/strong><\/p>\n<p><a href=\"http:\/\/franciscanos.org.br\/wp-content\/uploads\/2012\/11\/evaristo.jpg\"><img loading=\"lazy\" class=\"alignleft size-full wp-image-28224\" title=\"evaristo\" src=\"http:\/\/franciscanos.org.br\/wp-content\/uploads\/2012\/11\/evaristo.jpg\" alt=\"\" width=\"150\" height=\"150\" \/><\/a><strong>Frei Evaristo Pascoal Spengler<\/strong><br \/>\n\u00c9 o atual vig\u00e1rio paroquial da Par\u00f3quia Santa Clara de Assis, em Imbari\u00ea, no munic\u00edpio de Duque de Caxias (RJ). Frei Evaristo foi mission\u00e1rio em Angola durante dez anos. Nasceu no dia 29 de mar\u00e7o de 1959, na cidade de Gaspar (SC) e ingressou na Ordem dos Frades<br \/>\nMenores em 20 de janeiro de 1977. Fez a profiss\u00e3o solene no dia 2 de agosto de 1982 e foi ordenado presb\u00edtero no dia 19 de maio de 1984. \u00c9 o seu primeiro mandato como Definidor.<\/p>\n<p>&nbsp;<\/p>\n<p>&nbsp;<\/p>\n<p><a href=\"http:\/\/franciscanos.org.br\/wp-content\/uploads\/2012\/11\/germano.jpg\"><img loading=\"lazy\" class=\"alignleft size-full wp-image-28225\" title=\"germano\" src=\"http:\/\/franciscanos.org.br\/wp-content\/uploads\/2012\/11\/germano.jpg\" alt=\"\" width=\"150\" height=\"150\" \/><\/a><\/p>\n<p><strong>Frei Germano Guesser<\/strong><\/p>\n<p>\u00c9 o atual guardi\u00e3o e p\u00e1roco da Par\u00f3quia S\u00e3o Pedro Ap\u00f3stolo, em Gaspar (SC). Nasceu no dia 17 de maio de 1966, na cidade de Ant\u00f4nio Carlos (SC) e ingressou na Ordem dos Frades Menores no dia 20 de janeiro de 1985. Fez a profiss\u00e3o solene no dia 2 de agosto 1990 e foi ordenado presb\u00edtero no dia 6 de fevereiro de 1993.<\/p>\n<p>&nbsp;<\/p>\n<p>&nbsp;<\/p>\n<p><a href=\"http:\/\/franciscanos.org.br\/wp-content\/uploads\/2012\/11\/mannes.jpg\"><img loading=\"lazy\" class=\"alignleft size-full wp-image-28226\" title=\"mannes\" src=\"http:\/\/franciscanos.org.br\/wp-content\/uploads\/2012\/11\/mannes.jpg\" alt=\"\" width=\"150\" height=\"150\" \/><\/a><\/p>\n<p><strong>Frei Jo\u00e3o Mannes<\/strong><\/p>\n<p>\u00c9 o atual guardi\u00e3o e vice-mestre da Fraternidade S\u00e3o Boaventura, onde tamb\u00e9m \u00e9 professor de Filosofia. Nasceu no dia 13 de dezembro de 1962, em Ibicar\u00e9 (SC) e ingressou na Ordem dos Frades Menores no dia 20 de janeiro de 1982. Fez a profiss\u00e3o solene no dia 8 de dezembro de 1985 e foi ordenado presb\u00edtero no dia 17 de fevereiro de 1990.<\/p>\n<p>&nbsp;<\/p>\n<p>&nbsp;<\/p>\n<p><a href=\"http:\/\/franciscanos.org.br\/wp-content\/uploads\/2012\/11\/jose1.jpg\"><img loading=\"lazy\" class=\"alignleft size-full wp-image-28227\" title=\"jose\" src=\"http:\/\/franciscanos.org.br\/wp-content\/uploads\/2012\/11\/jose1.jpg\" alt=\"\" width=\"150\" height=\"150\" \/><\/a><strong>Frei Jos\u00e9 Francisco de C. Santos<\/strong><\/p>\n<p>\u00c9 o animador provincial do Servi\u00e7o Franciscano de Solidariedade &#8211; Sefras -, com sede em S\u00e3o Paulo, e do Servi\u00e7o de Justi\u00e7a, Paz e Integridade da Cria\u00e7\u00e3o (JPIC). Nasceu no dia 9 de julho de 1971, na cidade de Cachoeira de Minas (MG) e ingressou na Ordem dos Frades Menores no dia 10 de janeiro 2001. Fez a profiss\u00e3o solene no dia 2 de agosto de 2005 e foi ordenado presb\u00edtero no dia 26 de abril de 2008.<\/p>\n<p>&nbsp;<\/p>\n<p>&nbsp;<\/p>\n<p><a href=\"http:\/\/franciscanos.org.br\/wp-content\/uploads\/2012\/11\/evandro.jpg\"><img loading=\"lazy\" class=\"alignleft size-full wp-image-28228\" title=\"evandro\" src=\"http:\/\/franciscanos.org.br\/wp-content\/uploads\/2012\/11\/evandro.jpg\" alt=\"\" width=\"150\" height=\"150\" \/><\/a><strong>Frei Evandro Balestrin<\/strong><\/p>\n<p>\u00c9 o atual guardi\u00e3o e p\u00e1roco da Par\u00f3quia Nossa Senhora do Ros\u00e1rio de Conc\u00f3rdia (SC). Nasceu no dia 7 de novembro de 1975, em \u00c1gua Doce (SC) e ingressou na Ordem dos Frades Menores no dia 11 de janeiro de 1996. Fez a profiss\u00e3o solene no dia 2 de agosto de 2002 e foi ordenado presb\u00edtero no dia 16 de dezembro de de 2005.<\/p>\n<p>&nbsp;<\/p>\n<p>&nbsp;<\/p>\n<p><a href=\"http:\/\/franciscanos.org.br\/wp-content\/uploads\/2012\/11\/mario.jpg\"><img loading=\"lazy\" class=\"alignleft size-full wp-image-28229\" title=\"mario\" src=\"http:\/\/franciscanos.org.br\/wp-content\/uploads\/2012\/11\/mario.jpg\" alt=\"\" width=\"150\" height=\"150\" \/><\/a><strong>Frei M\u00e1rio Luiz Tagliari<\/strong><\/p>\n<p>\u00c9 Definidor e Ec\u00f4nomo provincial deste governo provincial. Nasceu no dia 27 de novembro de 1953, em Passo Fundo (RS) e ingressou na Ordem dos Frades Menores no dia 20 de janeiro de 1978. Fez a profiss\u00e3o solene no dia 2 de agosto de 1982 e foi ordenado presb\u00edtero no dia 17 de dezembro de 1983.<\/p>\n<p>&nbsp;<\/p>\n","protected":false},"excerpt":{"rendered":"<p>Cap\u00edtulo Provincial 2012<\/p>\n","protected":false},"author":1,"featured_media":213750,"comment_status":"closed","ping_status":"closed","sticky":false,"template":"","format":"standard","meta":[],"categories":[1],"tags":[329,306],"acf":[],"yoast_head":"<!-- This site is optimized with the Yoast SEO plugin v19.2 - https:\/\/yoast.com\/wordpress\/plugins\/seo\/ -->\n<title>Eleito o novo governo provincial - Not\u00edcias - Franciscanos<\/title>\n<meta name=\"robots\" content=\"index, follow, max-snippet:-1, max-image-preview:large, max-video-preview:-1\" \/>\n<link rel=\"canonical\" href=\"https:\/\/franciscanos.org.br\/noticias\/eleito-o-novo-governo-provincial.html\" \/>\n<meta property=\"og:locale\" content=\"pt_BR\" \/>\n<meta property=\"og:type\" content=\"article\" \/>\n<meta property=\"og:title\" content=\"Eleito o novo governo provincial - Not\u00edcias - Franciscanos\" \/>\n<meta property=\"og:description\" content=\"Cap\u00edtulo Provincial 2012\" \/>\n<meta property=\"og:url\" content=\"https:\/\/franciscanos.org.br\/noticias\/eleito-o-novo-governo-provincial.html\" \/>\n<meta property=\"og:site_name\" content=\"Not\u00edcias - Franciscanos\" \/>\n<meta property=\"article:published_time\" content=\"2012-11-11T14:56:42+00:00\" \/>\n<meta property=\"article:modified_time\" content=\"2019-11-06T16:36:14+00:00\" \/>\n<meta property=\"og:image\" content=\"https:\/\/franciscanos.org.br\/noticias\/wp-content\/uploads\/2012\/11\/alto6.jpg\" \/>\n\t<meta property=\"og:image:width\" content=\"273\" \/>\n\t<meta property=\"og:image:height\" content=\"181\" \/>\n\t<meta property=\"og:image:type\" content=\"image\/jpeg\" \/>\n<meta name=\"author\" content=\"admin\" \/>\n<meta name=\"twitter:card\" content=\"summary_large_image\" \/>\n<meta name=\"twitter:label1\" content=\"Escrito por\" \/>\n\t<meta name=\"twitter:data1\" content=\"admin\" \/>\n\t<meta name=\"twitter:label2\" content=\"Est. tempo de leitura\" \/>\n\t<meta name=\"twitter:data2\" content=\"3 minutos\" \/>\n<script type=\"application\/ld+json\" class=\"yoast-schema-graph\">{\"@context\":\"https:\/\/schema.org\",\"@graph\":[{\"@type\":\"WebSite\",\"@id\":\"https:\/\/franciscanos.org.br\/noticias\/#website\",\"url\":\"https:\/\/franciscanos.org.br\/noticias\/\",\"name\":\"Not\u00edcias - Franciscanos\",\"description\":\"Prov\u00edncia Franciscana da Imaculada Concei\u00e7\u00e3o do Brasil - Ordem dos Frades Menores - OFM\",\"potentialAction\":[{\"@type\":\"SearchAction\",\"target\":{\"@type\":\"EntryPoint\",\"urlTemplate\":\"https:\/\/franciscanos.org.br\/noticias\/?s={search_term_string}\"},\"query-input\":\"required name=search_term_string\"}],\"inLanguage\":\"pt-BR\"},{\"@type\":\"ImageObject\",\"inLanguage\":\"pt-BR\",\"@id\":\"https:\/\/franciscanos.org.br\/noticias\/eleito-o-novo-governo-provincial.html#primaryimage\",\"url\":\"https:\/\/franciscanos.org.br\/noticias\/wp-content\/uploads\/2012\/11\/alto6.jpg\",\"contentUrl\":\"https:\/\/franciscanos.org.br\/noticias\/wp-content\/uploads\/2012\/11\/alto6.jpg\",\"width\":273,\"height\":181},{\"@type\":\"WebPage\",\"@id\":\"https:\/\/franciscanos.org.br\/noticias\/eleito-o-novo-governo-provincial.html#webpage\",\"url\":\"https:\/\/franciscanos.org.br\/noticias\/eleito-o-novo-governo-provincial.html\",\"name\":\"Eleito o novo governo provincial - Not\u00edcias - Franciscanos\",\"isPartOf\":{\"@id\":\"https:\/\/franciscanos.org.br\/noticias\/#website\"},\"primaryImageOfPage\":{\"@id\":\"https:\/\/franciscanos.org.br\/noticias\/eleito-o-novo-governo-provincial.html#primaryimage\"},\"datePublished\":\"2012-11-11T14:56:42+00:00\",\"dateModified\":\"2019-11-06T16:36:14+00:00\",\"author\":{\"@id\":\"https:\/\/franciscanos.org.br\/noticias\/#\/schema\/person\/b38fbf43118f02820bd932f2e4b14ad3\"},\"breadcrumb\":{\"@id\":\"https:\/\/franciscanos.org.br\/noticias\/eleito-o-novo-governo-provincial.html#breadcrumb\"},\"inLanguage\":\"pt-BR\",\"potentialAction\":[{\"@type\":\"ReadAction\",\"target\":[\"https:\/\/franciscanos.org.br\/noticias\/eleito-o-novo-governo-provincial.html\"]}]},{\"@type\":\"BreadcrumbList\",\"@id\":\"https:\/\/franciscanos.org.br\/noticias\/eleito-o-novo-governo-provincial.html#breadcrumb\",\"itemListElement\":[{\"@type\":\"ListItem\",\"position\":1,\"name\":\"Home\",\"item\":\"https:\/\/franciscanos.org.br\/noticias\"},{\"@type\":\"ListItem\",\"position\":2,\"name\":\"Eleito o novo governo provincial\"}]},{\"@type\":\"Person\",\"@id\":\"https:\/\/franciscanos.org.br\/noticias\/#\/schema\/person\/b38fbf43118f02820bd932f2e4b14ad3\",\"name\":\"admin\",\"image\":{\"@type\":\"ImageObject\",\"inLanguage\":\"pt-BR\",\"@id\":\"https:\/\/franciscanos.org.br\/noticias\/#\/schema\/person\/image\/\",\"url\":\"https:\/\/secure.gravatar.com\/avatar\/e8495742d34d0ba6448ea1c628263b3e?s=96&d=mm&r=g\",\"contentUrl\":\"https:\/\/secure.gravatar.com\/avatar\/e8495742d34d0ba6448ea1c628263b3e?s=96&d=mm&r=g\",\"caption\":\"admin\"},\"url\":\"https:\/\/franciscanos.org.br\/noticias\/author\/admin\"}]}<\/script>\n<!-- \/ Yoast SEO plugin. -->","yoast_head_json":{"title":"Eleito o novo governo provincial - Not\u00edcias - Franciscanos","robots":{"index":"index","follow":"follow","max-snippet":"max-snippet:-1","max-image-preview":"max-image-preview:large","max-video-preview":"max-video-preview:-1"},"canonical":"https:\/\/franciscanos.org.br\/noticias\/eleito-o-novo-governo-provincial.html","og_locale":"pt_BR","og_type":"article","og_title":"Eleito o novo governo provincial - Not\u00edcias - Franciscanos","og_description":"Cap\u00edtulo Provincial 2012","og_url":"https:\/\/franciscanos.org.br\/noticias\/eleito-o-novo-governo-provincial.html","og_site_name":"Not\u00edcias - Franciscanos","article_published_time":"2012-11-11T14:56:42+00:00","article_modified_time":"2019-11-06T16:36:14+00:00","og_image":[{"width":273,"height":181,"url":"https:\/\/franciscanos.org.br\/noticias\/wp-content\/uploads\/2012\/11\/alto6.jpg","type":"image\/jpeg"}],"author":"admin","twitter_card":"summary_large_image","twitter_misc":{"Escrito por":"admin","Est. tempo de leitura":"3 minutos"},"schema":{"@context":"https:\/\/schema.org","@graph":[{"@type":"WebSite","@id":"https:\/\/franciscanos.org.br\/noticias\/#website","url":"https:\/\/franciscanos.org.br\/noticias\/","name":"Not\u00edcias - Franciscanos","description":"Prov\u00edncia Franciscana da Imaculada Concei\u00e7\u00e3o do Brasil - Ordem dos Frades Menores - OFM","potentialAction":[{"@type":"SearchAction","target":{"@type":"EntryPoint","urlTemplate":"https:\/\/franciscanos.org.br\/noticias\/?s={search_term_string}"},"query-input":"required name=search_term_string"}],"inLanguage":"pt-BR"},{"@type":"ImageObject","inLanguage":"pt-BR","@id":"https:\/\/franciscanos.org.br\/noticias\/eleito-o-novo-governo-provincial.html#primaryimage","url":"https:\/\/franciscanos.org.br\/noticias\/wp-content\/uploads\/2012\/11\/alto6.jpg","contentUrl":"https:\/\/franciscanos.org.br\/noticias\/wp-content\/uploads\/2012\/11\/alto6.jpg","width":273,"height":181},{"@type":"WebPage","@id":"https:\/\/franciscanos.org.br\/noticias\/eleito-o-novo-governo-provincial.html#webpage","url":"https:\/\/franciscanos.org.br\/noticias\/eleito-o-novo-governo-provincial.html","name":"Eleito o novo governo provincial - Not\u00edcias - Franciscanos","isPartOf":{"@id":"https:\/\/franciscanos.org.br\/noticias\/#website"},"primaryImageOfPage":{"@id":"https:\/\/franciscanos.org.br\/noticias\/eleito-o-novo-governo-provincial.html#primaryimage"},"datePublished":"2012-11-11T14:56:42+00:00","dateModified":"2019-11-06T16:36:14+00:00","author":{"@id":"https:\/\/franciscanos.org.br\/noticias\/#\/schema\/person\/b38fbf43118f02820bd932f2e4b14ad3"},"breadcrumb":{"@id":"https:\/\/franciscanos.org.br\/noticias\/eleito-o-novo-governo-provincial.html#breadcrumb"},"inLanguage":"pt-BR","potentialAction":[{"@type":"ReadAction","target":["https:\/\/franciscanos.org.br\/noticias\/eleito-o-novo-governo-provincial.html"]}]},{"@type":"BreadcrumbList","@id":"https:\/\/franciscanos.org.br\/noticias\/eleito-o-novo-governo-provincial.html#breadcrumb","itemListElement":[{"@type":"ListItem","position":1,"name":"Home","item":"https:\/\/franciscanos.org.br\/noticias"},{"@type":"ListItem","position":2,"name":"Eleito o novo governo provincial"}]},{"@type":"Person","@id":"https:\/\/franciscanos.org.br\/noticias\/#\/schema\/person\/b38fbf43118f02820bd932f2e4b14ad3","name":"admin","image":{"@type":"ImageObject","inLanguage":"pt-BR","@id":"https:\/\/franciscanos.org.br\/noticias\/#\/schema\/person\/image\/","url":"https:\/\/secure.gravatar.com\/avatar\/e8495742d34d0ba6448ea1c628263b3e?s=96&d=mm&r=g","contentUrl":"https:\/\/secure.gravatar.com\/avatar\/e8495742d34d0ba6448ea1c628263b3e?s=96&d=mm&r=g","caption":"admin"},"url":"https:\/\/franciscanos.org.br\/noticias\/author\/admin"}]}},"_links":{"self":[{"href":"https:\/\/franciscanos.org.br\/noticias\/wp-json\/wp\/v2\/posts\/28221"}],"collection":[{"href":"https:\/\/franciscanos.org.br\/noticias\/wp-json\/wp\/v2\/posts"}],"about":[{"href":"https:\/\/franciscanos.org.br\/noticias\/wp-json\/wp\/v2\/types\/post"}],"author":[{"embeddable":true,"href":"https:\/\/franciscanos.org.br\/noticias\/wp-json\/wp\/v2\/users\/1"}],"replies":[{"embeddable":true,"href":"https:\/\/franciscanos.org.br\/noticias\/wp-json\/wp\/v2\/comments?post=28221"}],"version-history":[{"count":0,"href":"https:\/\/franciscanos.org.br\/noticias\/wp-json\/wp\/v2\/posts\/28221\/revisions"}],"wp:featuredmedia":[{"embeddable":true,"href":"https:\/\/franciscanos.org.br\/noticias\/wp-json\/wp\/v2\/media\/213750"}],"wp:attachment":[{"href":"https:\/\/franciscanos.org.br\/noticias\/wp-json\/wp\/v2\/media?parent=28221"}],"wp:term":[{"taxonomy":"category","embeddable":true,"href":"https:\/\/franciscanos.org.br\/noticias\/wp-json\/wp\/v2\/categories?post=28221"},{"taxonomy":"post_tag","embeddable":true,"href":"https:\/\/franciscanos.org.br\/noticias\/wp-json\/wp\/v2\/tags?post=28221"}],"curies":[{"name":"wp","href":"https:\/\/api.w.org\/{rel}","templated":true}]}}