{"id":28048,"date":"2012-11-07T18:37:30","date_gmt":"2012-11-07T20:37:30","guid":{"rendered":"http:\/\/new.franciscanos.org.br\/?p=28048"},"modified":"2019-08-06T13:50:24","modified_gmt":"2019-08-06T16:50:24","slug":"encerrada-a-primeira-parte-do-capitulo","status":"publish","type":"post","link":"https:\/\/franciscanos.org.br\/noticias\/encerrada-a-primeira-parte-do-capitulo.html","title":{"rendered":"Encerrada a primeira parte do Cap\u00edtulo"},"content":{"rendered":"<p><a href=\"http:\/\/franciscanos.org.br\/wp-content\/uploads\/2012\/11\/alto1.jpg\"><img loading=\"lazy\" title=\"alto\" src=\"http:\/\/franciscanos.org.br\/wp-content\/uploads\/2012\/11\/alto1.jpg\" alt=\"\" width=\"830\" height=\"299\" \/><\/a><\/p>\n<p><strong>Moacir Beggo<\/strong><\/p>\n<p><strong>Agudos (SP)<\/strong> &#8211; Com apresenta\u00e7\u00f5es que tomaram todo o dia e noite desta ter\u00e7a-feira e avan\u00e7aram at\u00e9 \u00e0s 15 horas desta quarta, o Ministro Provincial Frei Fid\u00eancio Vanboemmel p\u00f4de, finalmente, passar aos frades um raio-x da Prov\u00edncia da Imaculada Concei\u00e7\u00e3o nos tr\u00eas primeiros anos de seu governo (2010-2012), assim como indicar caminhos para o pr\u00f3ximo tri\u00eanio (2013-2015) em que continuar\u00e1 \u00e0 frente desta entidade. Nesta tarde, os 103 capitulares se dividirem em 12 grupos para discutir e analisar este panorama.<\/p>\n<p>O Ministro Provincial explica como \u00e9 feito este trabalho. &#8220;Estamos, desde ontem, trabalhando o tema do nosso Cap\u00edtulo, que \u00e9 redimensionar a nossa vida e miss\u00e3o e tamb\u00e9m nos perguntando para onde o Esp\u00edrito nos conduz&#8221;, acrescenta Frei Fid\u00eancio. &#8220;Trata-se de um olhar retrospectivo sobre a qualidade de vida evang\u00e9lica, sobre a vida pessoal dos frades, sem avaliar cada frade, mas vendo em que a situa\u00e7\u00e3o os nossos frades se encontram, como est\u00e3o as nossas fraternidades, e tamb\u00e9m fazendo uma an\u00e1lise cr\u00edtica sobre a nossa a\u00e7\u00e3o evangelizadora nas diferentes frentes de evangeliza\u00e7\u00e3o: par\u00f3quia, santu\u00e1rio, servi\u00e7o social, miss\u00e3o etc&#8221;, observa Frei Fid\u00eancio, que foi eleito Ministro Provincial no Cap\u00edtulo de 2009 para um mandato de seis anos. Neste Cap\u00edtulo ser\u00e3o eleitos apenas os Definidores, num total de seis, que far\u00e3o parte do novo governo.<\/p>\n<p>Os Secretariados e Servi\u00e7os tamb\u00e9m fizeram seus relat\u00f3rios para se integrarem ao texto final de Frei Fid\u00eancio. &#8220;N\u00f3s estamos percebendo e, sobretudo, sentindo as nossas grandezas, mas tamb\u00e9m mostrando as nossas fragilidades. Certamente, onde n\u00f3s estamos fragilizados, ali deveremos investir mais numa perspectiva futura&#8221;, acredita o Provincial. A Prov\u00edncia, segundo o seu Plano de Evangeliza\u00e7\u00e3o, \u00e9 formada por 379 frades, que exercem suas atividades em cinco estados (SC, PR, SP, RJ e ES) e na Miss\u00e3o da \u00c1frica em Angola. Sua estrutura \u00e9 composta pelo governo provincial e seu Definit\u00f3rio, tendo a assessoria de dois Secretariados (da Evangeliza\u00e7\u00e3o e da Forma\u00e7\u00e3o e Estudos), al\u00e9m dos dos diversos Servi\u00e7os da vida provincial (Vocacional; Servi\u00e7o Social; Justi\u00e7a, Paz e Ecologia e Economato).<\/p>\n<p>Frei Fid\u00eancio tem boas expectativas para este Cap\u00edtulo, mas n\u00e3o esconde que ser\u00e1 uma tarefa \u00e1rdua. &#8220;Meu sonho \u00e9 que nossos confrades, que est\u00e3o presentes nesta assembleia, que n\u00f3s chamamos de Cap\u00edtulo, ajudem nesses dias a apontar caminhos, onde n\u00f3s, de repente, deveremos dar uma nova resposta \u00e0s necessidades do mundo de hoje, onde deveremos fortalecer, quem sabe, com a nossa presen\u00e7a, e talvez deixar algumas frentes em vista da f\u00e9 que a gente deposita no Esp\u00edrito Santo, porque \u00e9 ele que direciona para caminhos, ares e horizontes novos. Ent\u00e3o, \u00e9 um processo doloroso, mas espero que nossos confrades capitulares me ajudem neste \u00e1rdua tarefa e desafio maior de encontrar caminhos e buscar solu\u00e7\u00f5es para a gente viver com mais amor e fidelidade esse projeto evang\u00e9lico para o qual Deus nos chamou&#8221;, completou Frei Fid\u00eancio.<\/p>\n<p>Na Ora\u00e7\u00e3o das 18h45, os frades fizeram a renova\u00e7\u00e3o dos votos<em><strong> (foto abaixo) <\/strong><\/em>\u00a0e agradeceram a Deus pelo dom da vida consagrada. J\u00e1 a noite desta quarta-feira foi reservada para um momento de confraterniza\u00e7\u00e3o, afinal o Cap\u00edtulo n\u00e3o \u00e9 s\u00f3 estudos e trabalhos. Al\u00e9m disso, o dia teve dois aniversariantes: Frei Evandro Ballestrin e Frei Adriano Freixo Pinto.<\/p>\n<p>A partir desta quinta-feira, os capitulares passam a estudar e analisar todas as propostas e avalia\u00e7\u00f5es que vieram das fraternidades desta Prov\u00edncia.<\/p>\n<p><a href=\"http:\/\/franciscanos.org.br\/wp-content\/uploads\/2012\/11\/baixo.jpg\"><img loading=\"lazy\" title=\"baixo\" src=\"http:\/\/franciscanos.org.br\/wp-content\/uploads\/2012\/11\/baixo.jpg\" alt=\"\" width=\"830\" height=\"449\" \/><\/a><\/p>\n<p>&nbsp;<\/p>\n<p>&nbsp;<\/p>\n<p>&nbsp;<\/p>\n","protected":false},"excerpt":{"rendered":"<p>Cap\u00edtulo Provincial 2012<\/p>\n","protected":false},"author":1,"featured_media":208987,"comment_status":"closed","ping_status":"closed","sticky":false,"template":"","format":"standard","meta":[],"categories":[1],"tags":[323,668],"acf":[],"yoast_head":"<!-- This site is optimized with the Yoast SEO plugin v19.2 - https:\/\/yoast.com\/wordpress\/plugins\/seo\/ -->\n<title>Encerrada a primeira parte do Cap\u00edtulo - Not\u00edcias - Franciscanos<\/title>\n<meta name=\"robots\" content=\"index, follow, max-snippet:-1, max-image-preview:large, max-video-preview:-1\" \/>\n<link rel=\"canonical\" href=\"https:\/\/franciscanos.org.br\/noticias\/encerrada-a-primeira-parte-do-capitulo.html\" \/>\n<meta property=\"og:locale\" content=\"pt_BR\" \/>\n<meta property=\"og:type\" content=\"article\" \/>\n<meta property=\"og:title\" content=\"Encerrada a primeira parte do Cap\u00edtulo - Not\u00edcias - Franciscanos\" \/>\n<meta property=\"og:description\" content=\"Cap\u00edtulo Provincial 2012\" \/>\n<meta property=\"og:url\" content=\"https:\/\/franciscanos.org.br\/noticias\/encerrada-a-primeira-parte-do-capitulo.html\" \/>\n<meta property=\"og:site_name\" content=\"Not\u00edcias - Franciscanos\" \/>\n<meta property=\"article:published_time\" content=\"2012-11-07T20:37:30+00:00\" \/>\n<meta property=\"article:modified_time\" content=\"2019-08-06T16:50:24+00:00\" \/>\n<meta property=\"og:image\" content=\"https:\/\/franciscanos.org.br\/noticias\/wp-content\/uploads\/2012\/11\/alto1.jpg\" \/>\n\t<meta property=\"og:image:width\" content=\"273\" \/>\n\t<meta property=\"og:image:height\" content=\"181\" \/>\n\t<meta property=\"og:image:type\" content=\"image\/jpeg\" \/>\n<meta name=\"author\" content=\"admin\" \/>\n<meta name=\"twitter:card\" content=\"summary_large_image\" \/>\n<meta name=\"twitter:label1\" content=\"Escrito por\" \/>\n\t<meta name=\"twitter:data1\" content=\"admin\" \/>\n\t<meta name=\"twitter:label2\" content=\"Est. tempo de leitura\" \/>\n\t<meta name=\"twitter:data2\" content=\"3 minutos\" \/>\n<script type=\"application\/ld+json\" class=\"yoast-schema-graph\">{\"@context\":\"https:\/\/schema.org\",\"@graph\":[{\"@type\":\"WebSite\",\"@id\":\"https:\/\/franciscanos.org.br\/noticias\/#website\",\"url\":\"https:\/\/franciscanos.org.br\/noticias\/\",\"name\":\"Not\u00edcias - Franciscanos\",\"description\":\"Prov\u00edncia Franciscana da Imaculada Concei\u00e7\u00e3o do Brasil - Ordem dos Frades Menores - OFM\",\"potentialAction\":[{\"@type\":\"SearchAction\",\"target\":{\"@type\":\"EntryPoint\",\"urlTemplate\":\"https:\/\/franciscanos.org.br\/noticias\/?s={search_term_string}\"},\"query-input\":\"required name=search_term_string\"}],\"inLanguage\":\"pt-BR\"},{\"@type\":\"ImageObject\",\"inLanguage\":\"pt-BR\",\"@id\":\"https:\/\/franciscanos.org.br\/noticias\/encerrada-a-primeira-parte-do-capitulo.html#primaryimage\",\"url\":\"https:\/\/franciscanos.org.br\/noticias\/wp-content\/uploads\/2012\/11\/alto1.jpg\",\"contentUrl\":\"https:\/\/franciscanos.org.br\/noticias\/wp-content\/uploads\/2012\/11\/alto1.jpg\",\"width\":273,\"height\":181},{\"@type\":\"WebPage\",\"@id\":\"https:\/\/franciscanos.org.br\/noticias\/encerrada-a-primeira-parte-do-capitulo.html#webpage\",\"url\":\"https:\/\/franciscanos.org.br\/noticias\/encerrada-a-primeira-parte-do-capitulo.html\",\"name\":\"Encerrada a primeira parte do Cap\u00edtulo - Not\u00edcias - Franciscanos\",\"isPartOf\":{\"@id\":\"https:\/\/franciscanos.org.br\/noticias\/#website\"},\"primaryImageOfPage\":{\"@id\":\"https:\/\/franciscanos.org.br\/noticias\/encerrada-a-primeira-parte-do-capitulo.html#primaryimage\"},\"datePublished\":\"2012-11-07T20:37:30+00:00\",\"dateModified\":\"2019-08-06T16:50:24+00:00\",\"author\":{\"@id\":\"https:\/\/franciscanos.org.br\/noticias\/#\/schema\/person\/b38fbf43118f02820bd932f2e4b14ad3\"},\"breadcrumb\":{\"@id\":\"https:\/\/franciscanos.org.br\/noticias\/encerrada-a-primeira-parte-do-capitulo.html#breadcrumb\"},\"inLanguage\":\"pt-BR\",\"potentialAction\":[{\"@type\":\"ReadAction\",\"target\":[\"https:\/\/franciscanos.org.br\/noticias\/encerrada-a-primeira-parte-do-capitulo.html\"]}]},{\"@type\":\"BreadcrumbList\",\"@id\":\"https:\/\/franciscanos.org.br\/noticias\/encerrada-a-primeira-parte-do-capitulo.html#breadcrumb\",\"itemListElement\":[{\"@type\":\"ListItem\",\"position\":1,\"name\":\"Home\",\"item\":\"https:\/\/franciscanos.org.br\/noticias\"},{\"@type\":\"ListItem\",\"position\":2,\"name\":\"Encerrada a primeira parte do Cap\u00edtulo\"}]},{\"@type\":\"Person\",\"@id\":\"https:\/\/franciscanos.org.br\/noticias\/#\/schema\/person\/b38fbf43118f02820bd932f2e4b14ad3\",\"name\":\"admin\",\"image\":{\"@type\":\"ImageObject\",\"inLanguage\":\"pt-BR\",\"@id\":\"https:\/\/franciscanos.org.br\/noticias\/#\/schema\/person\/image\/\",\"url\":\"https:\/\/secure.gravatar.com\/avatar\/e8495742d34d0ba6448ea1c628263b3e?s=96&d=mm&r=g\",\"contentUrl\":\"https:\/\/secure.gravatar.com\/avatar\/e8495742d34d0ba6448ea1c628263b3e?s=96&d=mm&r=g\",\"caption\":\"admin\"},\"url\":\"https:\/\/franciscanos.org.br\/noticias\/author\/admin\"}]}<\/script>\n<!-- \/ Yoast SEO plugin. -->","yoast_head_json":{"title":"Encerrada a primeira parte do Cap\u00edtulo - Not\u00edcias - Franciscanos","robots":{"index":"index","follow":"follow","max-snippet":"max-snippet:-1","max-image-preview":"max-image-preview:large","max-video-preview":"max-video-preview:-1"},"canonical":"https:\/\/franciscanos.org.br\/noticias\/encerrada-a-primeira-parte-do-capitulo.html","og_locale":"pt_BR","og_type":"article","og_title":"Encerrada a primeira parte do Cap\u00edtulo - Not\u00edcias - Franciscanos","og_description":"Cap\u00edtulo Provincial 2012","og_url":"https:\/\/franciscanos.org.br\/noticias\/encerrada-a-primeira-parte-do-capitulo.html","og_site_name":"Not\u00edcias - Franciscanos","article_published_time":"2012-11-07T20:37:30+00:00","article_modified_time":"2019-08-06T16:50:24+00:00","og_image":[{"width":273,"height":181,"url":"https:\/\/franciscanos.org.br\/noticias\/wp-content\/uploads\/2012\/11\/alto1.jpg","type":"image\/jpeg"}],"author":"admin","twitter_card":"summary_large_image","twitter_misc":{"Escrito por":"admin","Est. tempo de leitura":"3 minutos"},"schema":{"@context":"https:\/\/schema.org","@graph":[{"@type":"WebSite","@id":"https:\/\/franciscanos.org.br\/noticias\/#website","url":"https:\/\/franciscanos.org.br\/noticias\/","name":"Not\u00edcias - Franciscanos","description":"Prov\u00edncia Franciscana da Imaculada Concei\u00e7\u00e3o do Brasil - Ordem dos Frades Menores - OFM","potentialAction":[{"@type":"SearchAction","target":{"@type":"EntryPoint","urlTemplate":"https:\/\/franciscanos.org.br\/noticias\/?s={search_term_string}"},"query-input":"required name=search_term_string"}],"inLanguage":"pt-BR"},{"@type":"ImageObject","inLanguage":"pt-BR","@id":"https:\/\/franciscanos.org.br\/noticias\/encerrada-a-primeira-parte-do-capitulo.html#primaryimage","url":"https:\/\/franciscanos.org.br\/noticias\/wp-content\/uploads\/2012\/11\/alto1.jpg","contentUrl":"https:\/\/franciscanos.org.br\/noticias\/wp-content\/uploads\/2012\/11\/alto1.jpg","width":273,"height":181},{"@type":"WebPage","@id":"https:\/\/franciscanos.org.br\/noticias\/encerrada-a-primeira-parte-do-capitulo.html#webpage","url":"https:\/\/franciscanos.org.br\/noticias\/encerrada-a-primeira-parte-do-capitulo.html","name":"Encerrada a primeira parte do Cap\u00edtulo - Not\u00edcias - Franciscanos","isPartOf":{"@id":"https:\/\/franciscanos.org.br\/noticias\/#website"},"primaryImageOfPage":{"@id":"https:\/\/franciscanos.org.br\/noticias\/encerrada-a-primeira-parte-do-capitulo.html#primaryimage"},"datePublished":"2012-11-07T20:37:30+00:00","dateModified":"2019-08-06T16:50:24+00:00","author":{"@id":"https:\/\/franciscanos.org.br\/noticias\/#\/schema\/person\/b38fbf43118f02820bd932f2e4b14ad3"},"breadcrumb":{"@id":"https:\/\/franciscanos.org.br\/noticias\/encerrada-a-primeira-parte-do-capitulo.html#breadcrumb"},"inLanguage":"pt-BR","potentialAction":[{"@type":"ReadAction","target":["https:\/\/franciscanos.org.br\/noticias\/encerrada-a-primeira-parte-do-capitulo.html"]}]},{"@type":"BreadcrumbList","@id":"https:\/\/franciscanos.org.br\/noticias\/encerrada-a-primeira-parte-do-capitulo.html#breadcrumb","itemListElement":[{"@type":"ListItem","position":1,"name":"Home","item":"https:\/\/franciscanos.org.br\/noticias"},{"@type":"ListItem","position":2,"name":"Encerrada a primeira parte do Cap\u00edtulo"}]},{"@type":"Person","@id":"https:\/\/franciscanos.org.br\/noticias\/#\/schema\/person\/b38fbf43118f02820bd932f2e4b14ad3","name":"admin","image":{"@type":"ImageObject","inLanguage":"pt-BR","@id":"https:\/\/franciscanos.org.br\/noticias\/#\/schema\/person\/image\/","url":"https:\/\/secure.gravatar.com\/avatar\/e8495742d34d0ba6448ea1c628263b3e?s=96&d=mm&r=g","contentUrl":"https:\/\/secure.gravatar.com\/avatar\/e8495742d34d0ba6448ea1c628263b3e?s=96&d=mm&r=g","caption":"admin"},"url":"https:\/\/franciscanos.org.br\/noticias\/author\/admin"}]}},"_links":{"self":[{"href":"https:\/\/franciscanos.org.br\/noticias\/wp-json\/wp\/v2\/posts\/28048"}],"collection":[{"href":"https:\/\/franciscanos.org.br\/noticias\/wp-json\/wp\/v2\/posts"}],"about":[{"href":"https:\/\/franciscanos.org.br\/noticias\/wp-json\/wp\/v2\/types\/post"}],"author":[{"embeddable":true,"href":"https:\/\/franciscanos.org.br\/noticias\/wp-json\/wp\/v2\/users\/1"}],"replies":[{"embeddable":true,"href":"https:\/\/franciscanos.org.br\/noticias\/wp-json\/wp\/v2\/comments?post=28048"}],"version-history":[{"count":0,"href":"https:\/\/franciscanos.org.br\/noticias\/wp-json\/wp\/v2\/posts\/28048\/revisions"}],"wp:featuredmedia":[{"embeddable":true,"href":"https:\/\/franciscanos.org.br\/noticias\/wp-json\/wp\/v2\/media\/208987"}],"wp:attachment":[{"href":"https:\/\/franciscanos.org.br\/noticias\/wp-json\/wp\/v2\/media?parent=28048"}],"wp:term":[{"taxonomy":"category","embeddable":true,"href":"https:\/\/franciscanos.org.br\/noticias\/wp-json\/wp\/v2\/categories?post=28048"},{"taxonomy":"post_tag","embeddable":true,"href":"https:\/\/franciscanos.org.br\/noticias\/wp-json\/wp\/v2\/tags?post=28048"}],"curies":[{"name":"wp","href":"https:\/\/api.w.org\/{rel}","templated":true}]}}