{"id":28011,"date":"2012-11-07T08:21:25","date_gmt":"2012-11-07T10:21:25","guid":{"rendered":"http:\/\/new.franciscanos.org.br\/?p=28011"},"modified":"2019-11-06T11:14:23","modified_gmt":"2019-11-06T14:14:23","slug":"a-beleza-pura-do-infantil-em-preto-e-branco","status":"publish","type":"post","link":"https:\/\/franciscanos.org.br\/noticias\/a-beleza-pura-do-infantil-em-preto-e-branco.html","title":{"rendered":"A beleza pura do infantil em preto e branco"},"content":{"rendered":"<p><strong><img loading=\"lazy\" class=\"alignright size-full wp-image-28012\" title=\"CICA\" src=\"http:\/\/franciscanos.org.br\/wp-content\/uploads\/2012\/11\/4209_071112.jpg\" alt=\"\" width=\"400\" height=\"266\" \/>Por Fabiano Viana<\/strong><\/p>\n<p>Em dezembro desde ano, o Centro Infantil Clara de Assis (Cica), se prepara para comemorar os 18 anos de exist\u00eancia da proposta do servi\u00e7o com crian\u00e7as. Ao longo desse tempo, o Cica passou por muitas mudan\u00e7as, adequa\u00e7\u00f5es e experimenta\u00e7\u00f5es. Hoje, n\u00e3o \u00e9 mais um projeto, mas um servi\u00e7o com uma proposta de metodologia diferenciada e j\u00e1 solidificada.\u00a0 Para registrar o anivers\u00e1rio, a equipe de trabalho organizou uma exposi\u00e7\u00e3o de fotos em preto em branco (P&amp;B), em arte \u201cpin-hole\u201d das crian\u00e7as que hoje s\u00e3o atendidas e s\u00e3o a \u201cface\u201d do Cica, localizado atualmente no bairro da Bela Vista, em S\u00e3o Paulo.<\/p>\n<p>O objetivo dessa instala\u00e7\u00e3o, al\u00e9m de apresentar os \u201crostos\u201d de quem faz o Cica nos dias de hoje, tamb\u00e9m tem v\u00e1rios significados simb\u00f3licos, por exemplo, o porqu\u00ea de est\u00e1 suspenso em cordas para dar o sentido de \u201csustenta\u00e7\u00e3o\u201d e apoio, atitudes que as crian\u00e7as precisam nesse processo de desenvolvimento, explicou o educador social Wbiracy Paes.<\/p>\n<h3><strong>A hist\u00f3ria de ontem <\/strong><\/h3>\n<p>De acordo com a coordenadora do Cica, Alexandra Alves, a ideia da exposi\u00e7\u00e3o surgiu durante a pesquisa que ela fez nos documentos hist\u00f3rico para saber de fato qual era a idade do Servi\u00e7o. \u201cNesta tentativa de resgatar o hist\u00f3rico, descobrimos que a Prov\u00edncia Franciscana da Imaculada Concei\u00e7\u00e3o do Brasil j\u00e1 desenvolvia ao longo anos trabalhos sociais com as crian\u00e7as das comunidades do centro de S\u00e3o Paulo\u201d. Alexandra relata que a Prov\u00edncia Franciscana iniciou esse trabalho na Rua Riachuelo com a comunidade Mission\u00e1ria que atendia crian\u00e7as carentes em situa\u00e7\u00e3o de risco. No entanto, foi em 2004 que o Servi\u00e7o Franciscano de Solidariedade (Sefras) passou a assumir este servi\u00e7o ao alugar um pr\u00e9dio tamb\u00e9m no centro da cidade. Nesta \u00e9poca, ainda com modelo estruturado como creche e ali continuou um trabalho que foi se aperfei\u00e7oado.<\/p>\n<h3><strong><img loading=\"lazy\" class=\"alignleft size-full wp-image-28013\" title=\"CICA\" src=\"http:\/\/franciscanos.org.br\/wp-content\/uploads\/2012\/11\/4210_071112.jpg\" alt=\"\" width=\"400\" height=\"266\" \/>A hist\u00f3ria de hoje<\/strong><\/h3>\n<p>Em 2008 aconteceu outro marco importante para o Cica com a mudan\u00e7a do modelo de creche para o vi\u00e9s de assist\u00eancia. Esse trabalho de mudan\u00e7a foi promovido a partir da realidade social encontrada na regi\u00e3o da Bela Vista. \u201cFoi quando come\u00e7amos agregar tamb\u00e9m \u00e0s fam\u00edlias e discutir a forma de atendimento com essas crian\u00e7as\u201d, explicou Alexandra Alves.<br \/>\nDesde ent\u00e3o, o Cica tem se debru\u00e7ado em experimentar e j\u00e1, com resultados mensur\u00e1veis, a metodologia de atendimento \u00e0s crian\u00e7as em conjunto com fam\u00edlia e comunidade. Mas, a coordenadora Alexandra considera que foi somente neste ano de 2012, que se dedicou mais exclusivamente a esse espa\u00e7o de conviv\u00eancia, entre crian\u00e7as, fam\u00edlias e comunidade. \u00a0Foi quando tamb\u00e9m se incorporou o m\u00e9todo da educa\u00e7\u00e3o popular. \u201cHoje o eixo central \u00e9 a quest\u00e3o da moradia. Fazemos essa interface olhando a realidade dos corti\u00e7os, das pens\u00f5es na regi\u00e3o da Bela Vista\u201d, destacou a coordenadora.<\/p>\n<h3><strong>Sobre a exposi\u00e7\u00e3o: <\/strong><\/h3>\n<p>O Cica \u00e9 feito de crian\u00e7as, das fam\u00edlias e dos profissionais que se dedicam na concretiza\u00e7\u00e3o desse trabalho. \u201cA exposi\u00e7\u00e3o nasce na expectativa de celebrar esse trabalho t\u00e3o importante e significativo a partir das express\u00f5es das crian\u00e7as que \u00e9 um elemento fundamental dentro da nossa sociedade\u201d, disse Alexandra Alves. Para ela, as crian\u00e7as s\u00e3o \u201cas sementes que plantamos e que trazem um ar de alegria, de transforma\u00e7\u00e3o a partir dos seus retratos\u201d.<\/p>\n<h3><strong><img loading=\"lazy\" class=\"alignright size-full wp-image-28014\" title=\"CICA\" src=\"http:\/\/franciscanos.org.br\/wp-content\/uploads\/2012\/11\/4211_071112.jpg\" alt=\"\" width=\"400\" height=\"602\" \/>O ato criativo<\/strong><\/h3>\n<p>A produ\u00e7\u00e3o da exposi\u00e7\u00e3o dos rostos, de acordo com o educador social, Wibracy Paes, nasceu durante a oficina de fotografia do fot\u00f3grafo Daniel Queiroz com as pr\u00f3prias crian\u00e7as. \u201cNotamos a espontaneidade das crian\u00e7as em serem fotografadas e o Daniel trouxe a proposta de trabalhar fotos em preto e branco. Com ideia, a oficina assumiu uma nova forma. Em seguida come\u00e7amos a planejar a exposi\u00e7\u00e3o em preto e branco com uma identidade po\u00e9tica de pin-hole. As crian\u00e7as ficaram apaixonadas\u201d, explicou Paes. A exposi\u00e7\u00e3o traz diversos rostos, diversas express\u00f5es, formato, olhares tudo no campo da espontaneidade bem pr\u00f3prios do universo infantil. \u201cQuando propomos para as crian\u00e7as manifestarem as suas pr\u00f3prias express\u00f5es faciais do jeito que desejassem, elas foram muito espont\u00e2neas no sorriso e na alegria. Essa express\u00e3o de alegria espontaneidade reflete o nosso trabalho\u201d, considerou o educador.<\/p>\n<h3><strong>A sustenta\u00e7\u00e3o<\/strong><\/h3>\n<p>Wbiracy Paes, respons\u00e1vel pela montagem, contou que a instala\u00e7\u00e3o tem uma ideia de sustenta\u00e7\u00e3o. Isso tem uma simbologia porque, de acordo com ele, a crian\u00e7a sempre precisa de um suporte. \u201cQuando comecei a pensar na forma de expor as fotos eu pensei no dia a dia das crian\u00e7as e aproveitando a ideia de sustenta\u00e7\u00e3o, pensamos tamb\u00e9m na praticidade de locomo\u00e7\u00e3o e da transi\u00e7\u00e3o que passar\u00e1 pelos servi\u00e7os do Sefras de forma po\u00e9tica\u201d, contou.<\/p>\n<h3><strong>A beleza pura<\/strong><\/h3>\n<p>Para o fot\u00f3grafo e organizador da proposta, Daniel Queiroz \u00e9 atrav\u00e9s do retrato que cada crian\u00e7a pode observar a beleza pura que se manifesta em casa posi\u00e7\u00e3o dos rostos. \u201ccada express\u00e3o faz parte da\u00a0 inf\u00e2ncia, fase \u00fanica em nossas vidas. As caretas, os gritos e outras express\u00f5es trazem ao mesmo tempo a beleza \u00fanica da espontaneidade contrapondo os padr\u00f5es de beleza institu\u00eddos pela m\u00eddia\u201d, enfatizou o fot\u00f3grafo.<\/p>\n<h3><strong>Itinerante <\/strong><\/h3>\n<p>A proposta da equipe do Centro Infantil Clara de Assis (Cica) \u00e9 expor os retratos em todos os servi\u00e7os do Sefras em S\u00e3o Paulo, com a ideia de talvez no pr\u00f3ximo ano, levar para os outros servi\u00e7os fora da cidade. Por\u00e9m, para dar o pontap\u00e9 inicial \u00e0s comemora\u00e7\u00f5es, come\u00e7ou na Sede administrativa do Sefras, no bairro do Pari, e permanecer\u00e1 entre os dias 6 e 12 de novembro. Depois passar\u00e1 uma semana em cada servi\u00e7o em S\u00e3o Paulo. A instala\u00e7\u00e3o suspensa, itinerante e po\u00e9tica ser\u00e1 finalizada em dezembro com uma grande comemora\u00e7\u00e3o de confraterniza\u00e7\u00e3o dos dezoito anos de trabalho. Dez anos enquanto Comunidade Mission\u00e1ria e mais oito anos enquanto Centro Infantil Clara de Assis integrada ao Sefras.<\/p>\n","protected":false},"excerpt":{"rendered":"<p>Sefras<\/p>\n","protected":false},"author":1,"featured_media":213740,"comment_status":"closed","ping_status":"open","sticky":false,"template":"","format":"standard","meta":[],"categories":[1],"tags":[666,228],"acf":[],"yoast_head":"<!-- This site is optimized with the Yoast SEO plugin v19.2 - https:\/\/yoast.com\/wordpress\/plugins\/seo\/ -->\n<title>A beleza pura do infantil em preto e branco - Not\u00edcias - Franciscanos<\/title>\n<meta name=\"robots\" content=\"index, follow, max-snippet:-1, max-image-preview:large, max-video-preview:-1\" \/>\n<link rel=\"canonical\" href=\"https:\/\/franciscanos.org.br\/noticias\/a-beleza-pura-do-infantil-em-preto-e-branco.html\" \/>\n<meta property=\"og:locale\" content=\"pt_BR\" \/>\n<meta property=\"og:type\" content=\"article\" \/>\n<meta property=\"og:title\" content=\"A beleza pura do infantil em preto e branco - Not\u00edcias - Franciscanos\" \/>\n<meta property=\"og:description\" content=\"Sefras\" \/>\n<meta property=\"og:url\" content=\"https:\/\/franciscanos.org.br\/noticias\/a-beleza-pura-do-infantil-em-preto-e-branco.html\" \/>\n<meta property=\"og:site_name\" content=\"Not\u00edcias - Franciscanos\" \/>\n<meta property=\"article:published_time\" content=\"2012-11-07T10:21:25+00:00\" \/>\n<meta property=\"article:modified_time\" content=\"2019-11-06T14:14:23+00:00\" \/>\n<meta property=\"og:image\" content=\"https:\/\/franciscanos.org.br\/noticias\/wp-content\/uploads\/2012\/11\/4210_071112.jpg\" \/>\n\t<meta property=\"og:image:width\" content=\"273\" \/>\n\t<meta property=\"og:image:height\" content=\"182\" \/>\n\t<meta property=\"og:image:type\" content=\"image\/jpeg\" \/>\n<meta name=\"author\" content=\"admin\" \/>\n<meta name=\"twitter:card\" content=\"summary_large_image\" \/>\n<meta name=\"twitter:label1\" content=\"Escrito por\" \/>\n\t<meta name=\"twitter:data1\" content=\"admin\" \/>\n\t<meta name=\"twitter:label2\" content=\"Est. tempo de leitura\" \/>\n\t<meta name=\"twitter:data2\" content=\"5 minutos\" \/>\n<script type=\"application\/ld+json\" class=\"yoast-schema-graph\">{\"@context\":\"https:\/\/schema.org\",\"@graph\":[{\"@type\":\"WebSite\",\"@id\":\"https:\/\/franciscanos.org.br\/noticias\/#website\",\"url\":\"https:\/\/franciscanos.org.br\/noticias\/\",\"name\":\"Not\u00edcias - Franciscanos\",\"description\":\"Prov\u00edncia Franciscana da Imaculada Concei\u00e7\u00e3o do Brasil - Ordem dos Frades Menores - OFM\",\"potentialAction\":[{\"@type\":\"SearchAction\",\"target\":{\"@type\":\"EntryPoint\",\"urlTemplate\":\"https:\/\/franciscanos.org.br\/noticias\/?s={search_term_string}\"},\"query-input\":\"required name=search_term_string\"}],\"inLanguage\":\"pt-BR\"},{\"@type\":\"ImageObject\",\"inLanguage\":\"pt-BR\",\"@id\":\"https:\/\/franciscanos.org.br\/noticias\/a-beleza-pura-do-infantil-em-preto-e-branco.html#primaryimage\",\"url\":\"https:\/\/franciscanos.org.br\/noticias\/wp-content\/uploads\/2012\/11\/4210_071112.jpg\",\"contentUrl\":\"https:\/\/franciscanos.org.br\/noticias\/wp-content\/uploads\/2012\/11\/4210_071112.jpg\",\"width\":273,\"height\":182},{\"@type\":\"WebPage\",\"@id\":\"https:\/\/franciscanos.org.br\/noticias\/a-beleza-pura-do-infantil-em-preto-e-branco.html#webpage\",\"url\":\"https:\/\/franciscanos.org.br\/noticias\/a-beleza-pura-do-infantil-em-preto-e-branco.html\",\"name\":\"A beleza pura do infantil em preto e branco - Not\u00edcias - Franciscanos\",\"isPartOf\":{\"@id\":\"https:\/\/franciscanos.org.br\/noticias\/#website\"},\"primaryImageOfPage\":{\"@id\":\"https:\/\/franciscanos.org.br\/noticias\/a-beleza-pura-do-infantil-em-preto-e-branco.html#primaryimage\"},\"datePublished\":\"2012-11-07T10:21:25+00:00\",\"dateModified\":\"2019-11-06T14:14:23+00:00\",\"author\":{\"@id\":\"https:\/\/franciscanos.org.br\/noticias\/#\/schema\/person\/b38fbf43118f02820bd932f2e4b14ad3\"},\"breadcrumb\":{\"@id\":\"https:\/\/franciscanos.org.br\/noticias\/a-beleza-pura-do-infantil-em-preto-e-branco.html#breadcrumb\"},\"inLanguage\":\"pt-BR\",\"potentialAction\":[{\"@type\":\"ReadAction\",\"target\":[\"https:\/\/franciscanos.org.br\/noticias\/a-beleza-pura-do-infantil-em-preto-e-branco.html\"]}]},{\"@type\":\"BreadcrumbList\",\"@id\":\"https:\/\/franciscanos.org.br\/noticias\/a-beleza-pura-do-infantil-em-preto-e-branco.html#breadcrumb\",\"itemListElement\":[{\"@type\":\"ListItem\",\"position\":1,\"name\":\"Home\",\"item\":\"https:\/\/franciscanos.org.br\/noticias\"},{\"@type\":\"ListItem\",\"position\":2,\"name\":\"A beleza pura do infantil em preto e branco\"}]},{\"@type\":\"Person\",\"@id\":\"https:\/\/franciscanos.org.br\/noticias\/#\/schema\/person\/b38fbf43118f02820bd932f2e4b14ad3\",\"name\":\"admin\",\"image\":{\"@type\":\"ImageObject\",\"inLanguage\":\"pt-BR\",\"@id\":\"https:\/\/franciscanos.org.br\/noticias\/#\/schema\/person\/image\/\",\"url\":\"https:\/\/secure.gravatar.com\/avatar\/e8495742d34d0ba6448ea1c628263b3e?s=96&d=mm&r=g\",\"contentUrl\":\"https:\/\/secure.gravatar.com\/avatar\/e8495742d34d0ba6448ea1c628263b3e?s=96&d=mm&r=g\",\"caption\":\"admin\"},\"url\":\"https:\/\/franciscanos.org.br\/noticias\/author\/admin\"}]}<\/script>\n<!-- \/ Yoast SEO plugin. -->","yoast_head_json":{"title":"A beleza pura do infantil em preto e branco - Not\u00edcias - Franciscanos","robots":{"index":"index","follow":"follow","max-snippet":"max-snippet:-1","max-image-preview":"max-image-preview:large","max-video-preview":"max-video-preview:-1"},"canonical":"https:\/\/franciscanos.org.br\/noticias\/a-beleza-pura-do-infantil-em-preto-e-branco.html","og_locale":"pt_BR","og_type":"article","og_title":"A beleza pura do infantil em preto e branco - Not\u00edcias - Franciscanos","og_description":"Sefras","og_url":"https:\/\/franciscanos.org.br\/noticias\/a-beleza-pura-do-infantil-em-preto-e-branco.html","og_site_name":"Not\u00edcias - Franciscanos","article_published_time":"2012-11-07T10:21:25+00:00","article_modified_time":"2019-11-06T14:14:23+00:00","og_image":[{"width":273,"height":182,"url":"https:\/\/franciscanos.org.br\/noticias\/wp-content\/uploads\/2012\/11\/4210_071112.jpg","type":"image\/jpeg"}],"author":"admin","twitter_card":"summary_large_image","twitter_misc":{"Escrito por":"admin","Est. tempo de leitura":"5 minutos"},"schema":{"@context":"https:\/\/schema.org","@graph":[{"@type":"WebSite","@id":"https:\/\/franciscanos.org.br\/noticias\/#website","url":"https:\/\/franciscanos.org.br\/noticias\/","name":"Not\u00edcias - Franciscanos","description":"Prov\u00edncia Franciscana da Imaculada Concei\u00e7\u00e3o do Brasil - Ordem dos Frades Menores - OFM","potentialAction":[{"@type":"SearchAction","target":{"@type":"EntryPoint","urlTemplate":"https:\/\/franciscanos.org.br\/noticias\/?s={search_term_string}"},"query-input":"required name=search_term_string"}],"inLanguage":"pt-BR"},{"@type":"ImageObject","inLanguage":"pt-BR","@id":"https:\/\/franciscanos.org.br\/noticias\/a-beleza-pura-do-infantil-em-preto-e-branco.html#primaryimage","url":"https:\/\/franciscanos.org.br\/noticias\/wp-content\/uploads\/2012\/11\/4210_071112.jpg","contentUrl":"https:\/\/franciscanos.org.br\/noticias\/wp-content\/uploads\/2012\/11\/4210_071112.jpg","width":273,"height":182},{"@type":"WebPage","@id":"https:\/\/franciscanos.org.br\/noticias\/a-beleza-pura-do-infantil-em-preto-e-branco.html#webpage","url":"https:\/\/franciscanos.org.br\/noticias\/a-beleza-pura-do-infantil-em-preto-e-branco.html","name":"A beleza pura do infantil em preto e branco - Not\u00edcias - Franciscanos","isPartOf":{"@id":"https:\/\/franciscanos.org.br\/noticias\/#website"},"primaryImageOfPage":{"@id":"https:\/\/franciscanos.org.br\/noticias\/a-beleza-pura-do-infantil-em-preto-e-branco.html#primaryimage"},"datePublished":"2012-11-07T10:21:25+00:00","dateModified":"2019-11-06T14:14:23+00:00","author":{"@id":"https:\/\/franciscanos.org.br\/noticias\/#\/schema\/person\/b38fbf43118f02820bd932f2e4b14ad3"},"breadcrumb":{"@id":"https:\/\/franciscanos.org.br\/noticias\/a-beleza-pura-do-infantil-em-preto-e-branco.html#breadcrumb"},"inLanguage":"pt-BR","potentialAction":[{"@type":"ReadAction","target":["https:\/\/franciscanos.org.br\/noticias\/a-beleza-pura-do-infantil-em-preto-e-branco.html"]}]},{"@type":"BreadcrumbList","@id":"https:\/\/franciscanos.org.br\/noticias\/a-beleza-pura-do-infantil-em-preto-e-branco.html#breadcrumb","itemListElement":[{"@type":"ListItem","position":1,"name":"Home","item":"https:\/\/franciscanos.org.br\/noticias"},{"@type":"ListItem","position":2,"name":"A beleza pura do infantil em preto e branco"}]},{"@type":"Person","@id":"https:\/\/franciscanos.org.br\/noticias\/#\/schema\/person\/b38fbf43118f02820bd932f2e4b14ad3","name":"admin","image":{"@type":"ImageObject","inLanguage":"pt-BR","@id":"https:\/\/franciscanos.org.br\/noticias\/#\/schema\/person\/image\/","url":"https:\/\/secure.gravatar.com\/avatar\/e8495742d34d0ba6448ea1c628263b3e?s=96&d=mm&r=g","contentUrl":"https:\/\/secure.gravatar.com\/avatar\/e8495742d34d0ba6448ea1c628263b3e?s=96&d=mm&r=g","caption":"admin"},"url":"https:\/\/franciscanos.org.br\/noticias\/author\/admin"}]}},"_links":{"self":[{"href":"https:\/\/franciscanos.org.br\/noticias\/wp-json\/wp\/v2\/posts\/28011"}],"collection":[{"href":"https:\/\/franciscanos.org.br\/noticias\/wp-json\/wp\/v2\/posts"}],"about":[{"href":"https:\/\/franciscanos.org.br\/noticias\/wp-json\/wp\/v2\/types\/post"}],"author":[{"embeddable":true,"href":"https:\/\/franciscanos.org.br\/noticias\/wp-json\/wp\/v2\/users\/1"}],"replies":[{"embeddable":true,"href":"https:\/\/franciscanos.org.br\/noticias\/wp-json\/wp\/v2\/comments?post=28011"}],"version-history":[{"count":0,"href":"https:\/\/franciscanos.org.br\/noticias\/wp-json\/wp\/v2\/posts\/28011\/revisions"}],"wp:featuredmedia":[{"embeddable":true,"href":"https:\/\/franciscanos.org.br\/noticias\/wp-json\/wp\/v2\/media\/213740"}],"wp:attachment":[{"href":"https:\/\/franciscanos.org.br\/noticias\/wp-json\/wp\/v2\/media?parent=28011"}],"wp:term":[{"taxonomy":"category","embeddable":true,"href":"https:\/\/franciscanos.org.br\/noticias\/wp-json\/wp\/v2\/categories?post=28011"},{"taxonomy":"post_tag","embeddable":true,"href":"https:\/\/franciscanos.org.br\/noticias\/wp-json\/wp\/v2\/tags?post=28011"}],"curies":[{"name":"wp","href":"https:\/\/api.w.org\/{rel}","templated":true}]}}