{"id":27698,"date":"2012-11-05T08:06:34","date_gmt":"2012-11-05T10:06:34","guid":{"rendered":"http:\/\/new.franciscanos.org.br\/?p=27698"},"modified":"2019-11-06T11:12:16","modified_gmt":"2019-11-06T14:12:16","slug":"jovens-vocacionados-se-encontram-no-estagio-de-guaratingueta","status":"publish","type":"post","link":"https:\/\/franciscanos.org.br\/noticias\/jovens-vocacionados-se-encontram-no-estagio-de-guaratingueta.html","title":{"rendered":"Jovens vocacionados se encontram no est\u00e1gio de Guaratinguet\u00e1"},"content":{"rendered":"<p><img loading=\"lazy\" title=\"Guaratinguet\u00e1\" src=\"http:\/\/franciscanos.org.br\/wp-content\/uploads\/2012\/11\/4196_051112.jpg\" alt=\"\" width=\"830\" height=\"339\" \/><\/p>\n<table border=\"0\" width=\"350\" cellspacing=\"2\" cellpadding=\"5\" align=\"right\">\n<tbody>\n<tr>\n<td bgcolor=\"#CC9900\">\n<h3>Testemunhos<\/h3>\n<\/td>\n<\/tr>\n<tr>\n<td bgcolor=\"#FFF9E6\">Nosso est\u00e1gio vocacional foi uma experi\u00eancia muito boa, mas principalmente edificante, pois sentimos um \u201cgostinho\u201d, um aperitivo do que ser\u00e1 a nossa vida religiosa fraterna. Fiquei muito feliz ao ver a quantidade de vocacionados, dos mais diversos lugares de nossa Prov\u00edncia, pois a forma que Deus expressa seu amor pela Ordem \u00e9 suscitando voca\u00e7\u00f5es para ela. O est\u00e1gio refor\u00e7ou em mim a certeza de que quero seguir a Cristo nos passos de S\u00e3o Francisco de Assis.Sinto-me mais confiante, mais tranquilo e muito mais seguro em abra\u00e7ar essa voca\u00e7\u00e3o.<\/p>\n<p style=\"text-align: right;\"><strong>Vitor da Silva Am\u00e2ncio<\/strong><\/p>\n<\/td>\n<\/tr>\n<tr>\n<td bgcolor=\"#FFF9E6\">O est\u00e1gio vocacional no Semin\u00e1rio Frei Galv\u00e3o foi um momento forte de conviv\u00eancia, ora\u00e7\u00e3o e fraternidade com v\u00e1rios vocacionados de outros estados, postulantes e frades da casa. Foi uma experi\u00eancia rica e \u00fanica. Depois de um longo caminho no processo de acompanhamento vocacional, junto com a bonita experi\u00eancia do est\u00e1gio que me prop\u00f4s encontros fortes Deus atrav\u00e9s de pequenos gestos, sinais e pessoas, me sinto feliz e tranquilo para poder abra\u00e7ar a vida religiosa franciscana, na qual desejo estar sempre a servi\u00e7o na alegria e gratuidade.<\/p>\n<p style=\"text-align: right;\"><strong>Anderson de Moraes Mariano<\/strong><\/p>\n<\/td>\n<\/tr>\n<\/tbody>\n<\/table>\n<p><strong>Por Frei Diego Atalino de Melo, OFM<\/strong><\/p>\n<p>Durante o \u00faltimo final de semana, de 1 a 4 de novembro, o Semin\u00e1rio Frei Galv\u00e3o recebeu um grupo de 28 vocacionados para a realiza\u00e7\u00e3o do segundo est\u00e1gio vocacional da Prov\u00edncia. Provindos das mais diversas fraternidades, os jovens foram chegando aos poucos e enchendo n\u00e3o s\u00f3 os espa\u00e7os da casa, mas tamb\u00e9m do cora\u00e7\u00e3o de toda a nossa fraternidade, que tanto se alegra em ver que o ideal de S\u00e3o Francisco e o testemunho de tantos frades continua atraindo muitos jovens.<\/p>\n<p>Ap\u00f3s uma caminhada de acompanhamento vocacional com os animadores vocacionais locais, o est\u00e1gio vocacional quer proporcionar a integra\u00e7\u00e3o do vocacionados com a realidade de uma casa de forma\u00e7\u00e3o, bem como oportunizar momentos de ora\u00e7\u00e3o, conviv\u00eancia, reflex\u00e3o, lazer, trabalho e espiritualidade franciscana. Foram dias intensos e que certamente marcar\u00e3o o cora\u00e7\u00e3o e a caminhada dos jovens que aspiram vivenciar o carisma franciscano conosco.<\/p>\n<p>Dentre tantos momentos fortes, vale a pena destacar o testemunho marcante e alegre do s\u00eanior da fraternidade, Frei Cir\u00edaco Tokarski, que no auge dos seus 90 anos encantou a todos os vocacionados pela sua jovialidade, disposi\u00e7\u00e3o e realiza\u00e7\u00e3o por ser franciscano. Interrogado por um vocacionado sobre o que significava para ele, j\u00e1 sexagen\u00e1rio na vida franciscana e sacerdotal, sobre a sua vida, nosso confrade assim resumiu: \u201cVivi e vivo para Deus\u201d!<\/p>\n<p>Assim, s\u00f3 temos a louvar e agradecer: a Deus, pelo chamado desses jovens; aos frades da anima\u00e7\u00e3o vocacional, pelo acompanhamento e orienta\u00e7\u00e3o; \u00e0 fraternidade do Semin\u00e1rio Frei Galv\u00e3o (frades, postulantes, irm\u00e3s e funcion\u00e1rios) pela bela acolhida e testemunho fraterno; e aos vocacionados, pela coragem, alegria e disposi\u00e7\u00e3o de deixar tudo para seguir a Jesus Cristo nas pegadas de S\u00e3o Francisco.<\/p>\n","protected":false},"excerpt":{"rendered":"<p>SAV<\/p>\n","protected":false},"author":1,"featured_media":213735,"comment_status":"closed","ping_status":"open","sticky":false,"template":"","format":"standard","meta":[],"categories":[1],"tags":[161],"acf":[],"yoast_head":"<!-- This site is optimized with the Yoast SEO plugin v19.2 - https:\/\/yoast.com\/wordpress\/plugins\/seo\/ -->\n<title>Jovens vocacionados se encontram no est\u00e1gio de Guaratinguet\u00e1 - Not\u00edcias - Franciscanos<\/title>\n<meta name=\"robots\" content=\"index, follow, max-snippet:-1, max-image-preview:large, max-video-preview:-1\" \/>\n<link rel=\"canonical\" href=\"https:\/\/franciscanos.org.br\/noticias\/jovens-vocacionados-se-encontram-no-estagio-de-guaratingueta.html\" \/>\n<meta property=\"og:locale\" content=\"pt_BR\" \/>\n<meta property=\"og:type\" content=\"article\" \/>\n<meta property=\"og:title\" content=\"Jovens vocacionados se encontram no est\u00e1gio de Guaratinguet\u00e1 - Not\u00edcias - Franciscanos\" \/>\n<meta property=\"og:description\" content=\"SAV\" \/>\n<meta property=\"og:url\" content=\"https:\/\/franciscanos.org.br\/noticias\/jovens-vocacionados-se-encontram-no-estagio-de-guaratingueta.html\" \/>\n<meta property=\"og:site_name\" content=\"Not\u00edcias - Franciscanos\" \/>\n<meta property=\"article:published_time\" content=\"2012-11-05T10:06:34+00:00\" \/>\n<meta property=\"article:modified_time\" content=\"2019-11-06T14:12:16+00:00\" \/>\n<meta property=\"og:image\" content=\"https:\/\/franciscanos.org.br\/noticias\/wp-content\/uploads\/2012\/11\/4196_051112.jpg\" \/>\n\t<meta property=\"og:image:width\" content=\"273\" \/>\n\t<meta property=\"og:image:height\" content=\"181\" \/>\n\t<meta property=\"og:image:type\" content=\"image\/jpeg\" \/>\n<meta name=\"author\" content=\"admin\" \/>\n<meta name=\"twitter:card\" content=\"summary_large_image\" \/>\n<meta name=\"twitter:label1\" content=\"Escrito por\" \/>\n\t<meta name=\"twitter:data1\" content=\"admin\" \/>\n\t<meta name=\"twitter:label2\" content=\"Est. tempo de leitura\" \/>\n\t<meta name=\"twitter:data2\" content=\"3 minutos\" \/>\n<script type=\"application\/ld+json\" class=\"yoast-schema-graph\">{\"@context\":\"https:\/\/schema.org\",\"@graph\":[{\"@type\":\"WebSite\",\"@id\":\"https:\/\/franciscanos.org.br\/noticias\/#website\",\"url\":\"https:\/\/franciscanos.org.br\/noticias\/\",\"name\":\"Not\u00edcias - Franciscanos\",\"description\":\"Prov\u00edncia Franciscana da Imaculada Concei\u00e7\u00e3o do Brasil - Ordem dos Frades Menores - OFM\",\"potentialAction\":[{\"@type\":\"SearchAction\",\"target\":{\"@type\":\"EntryPoint\",\"urlTemplate\":\"https:\/\/franciscanos.org.br\/noticias\/?s={search_term_string}\"},\"query-input\":\"required name=search_term_string\"}],\"inLanguage\":\"pt-BR\"},{\"@type\":\"ImageObject\",\"inLanguage\":\"pt-BR\",\"@id\":\"https:\/\/franciscanos.org.br\/noticias\/jovens-vocacionados-se-encontram-no-estagio-de-guaratingueta.html#primaryimage\",\"url\":\"https:\/\/franciscanos.org.br\/noticias\/wp-content\/uploads\/2012\/11\/4196_051112.jpg\",\"contentUrl\":\"https:\/\/franciscanos.org.br\/noticias\/wp-content\/uploads\/2012\/11\/4196_051112.jpg\",\"width\":273,\"height\":181},{\"@type\":\"WebPage\",\"@id\":\"https:\/\/franciscanos.org.br\/noticias\/jovens-vocacionados-se-encontram-no-estagio-de-guaratingueta.html#webpage\",\"url\":\"https:\/\/franciscanos.org.br\/noticias\/jovens-vocacionados-se-encontram-no-estagio-de-guaratingueta.html\",\"name\":\"Jovens vocacionados se encontram no est\u00e1gio de Guaratinguet\u00e1 - Not\u00edcias - Franciscanos\",\"isPartOf\":{\"@id\":\"https:\/\/franciscanos.org.br\/noticias\/#website\"},\"primaryImageOfPage\":{\"@id\":\"https:\/\/franciscanos.org.br\/noticias\/jovens-vocacionados-se-encontram-no-estagio-de-guaratingueta.html#primaryimage\"},\"datePublished\":\"2012-11-05T10:06:34+00:00\",\"dateModified\":\"2019-11-06T14:12:16+00:00\",\"author\":{\"@id\":\"https:\/\/franciscanos.org.br\/noticias\/#\/schema\/person\/b38fbf43118f02820bd932f2e4b14ad3\"},\"breadcrumb\":{\"@id\":\"https:\/\/franciscanos.org.br\/noticias\/jovens-vocacionados-se-encontram-no-estagio-de-guaratingueta.html#breadcrumb\"},\"inLanguage\":\"pt-BR\",\"potentialAction\":[{\"@type\":\"ReadAction\",\"target\":[\"https:\/\/franciscanos.org.br\/noticias\/jovens-vocacionados-se-encontram-no-estagio-de-guaratingueta.html\"]}]},{\"@type\":\"BreadcrumbList\",\"@id\":\"https:\/\/franciscanos.org.br\/noticias\/jovens-vocacionados-se-encontram-no-estagio-de-guaratingueta.html#breadcrumb\",\"itemListElement\":[{\"@type\":\"ListItem\",\"position\":1,\"name\":\"Home\",\"item\":\"https:\/\/franciscanos.org.br\/noticias\"},{\"@type\":\"ListItem\",\"position\":2,\"name\":\"Jovens vocacionados se encontram no est\u00e1gio de Guaratinguet\u00e1\"}]},{\"@type\":\"Person\",\"@id\":\"https:\/\/franciscanos.org.br\/noticias\/#\/schema\/person\/b38fbf43118f02820bd932f2e4b14ad3\",\"name\":\"admin\",\"image\":{\"@type\":\"ImageObject\",\"inLanguage\":\"pt-BR\",\"@id\":\"https:\/\/franciscanos.org.br\/noticias\/#\/schema\/person\/image\/\",\"url\":\"https:\/\/secure.gravatar.com\/avatar\/e8495742d34d0ba6448ea1c628263b3e?s=96&d=mm&r=g\",\"contentUrl\":\"https:\/\/secure.gravatar.com\/avatar\/e8495742d34d0ba6448ea1c628263b3e?s=96&d=mm&r=g\",\"caption\":\"admin\"},\"url\":\"https:\/\/franciscanos.org.br\/noticias\/author\/admin\"}]}<\/script>\n<!-- \/ Yoast SEO plugin. -->","yoast_head_json":{"title":"Jovens vocacionados se encontram no est\u00e1gio de Guaratinguet\u00e1 - Not\u00edcias - Franciscanos","robots":{"index":"index","follow":"follow","max-snippet":"max-snippet:-1","max-image-preview":"max-image-preview:large","max-video-preview":"max-video-preview:-1"},"canonical":"https:\/\/franciscanos.org.br\/noticias\/jovens-vocacionados-se-encontram-no-estagio-de-guaratingueta.html","og_locale":"pt_BR","og_type":"article","og_title":"Jovens vocacionados se encontram no est\u00e1gio de Guaratinguet\u00e1 - Not\u00edcias - Franciscanos","og_description":"SAV","og_url":"https:\/\/franciscanos.org.br\/noticias\/jovens-vocacionados-se-encontram-no-estagio-de-guaratingueta.html","og_site_name":"Not\u00edcias - Franciscanos","article_published_time":"2012-11-05T10:06:34+00:00","article_modified_time":"2019-11-06T14:12:16+00:00","og_image":[{"width":273,"height":181,"url":"https:\/\/franciscanos.org.br\/noticias\/wp-content\/uploads\/2012\/11\/4196_051112.jpg","type":"image\/jpeg"}],"author":"admin","twitter_card":"summary_large_image","twitter_misc":{"Escrito por":"admin","Est. tempo de leitura":"3 minutos"},"schema":{"@context":"https:\/\/schema.org","@graph":[{"@type":"WebSite","@id":"https:\/\/franciscanos.org.br\/noticias\/#website","url":"https:\/\/franciscanos.org.br\/noticias\/","name":"Not\u00edcias - Franciscanos","description":"Prov\u00edncia Franciscana da Imaculada Concei\u00e7\u00e3o do Brasil - Ordem dos Frades Menores - OFM","potentialAction":[{"@type":"SearchAction","target":{"@type":"EntryPoint","urlTemplate":"https:\/\/franciscanos.org.br\/noticias\/?s={search_term_string}"},"query-input":"required name=search_term_string"}],"inLanguage":"pt-BR"},{"@type":"ImageObject","inLanguage":"pt-BR","@id":"https:\/\/franciscanos.org.br\/noticias\/jovens-vocacionados-se-encontram-no-estagio-de-guaratingueta.html#primaryimage","url":"https:\/\/franciscanos.org.br\/noticias\/wp-content\/uploads\/2012\/11\/4196_051112.jpg","contentUrl":"https:\/\/franciscanos.org.br\/noticias\/wp-content\/uploads\/2012\/11\/4196_051112.jpg","width":273,"height":181},{"@type":"WebPage","@id":"https:\/\/franciscanos.org.br\/noticias\/jovens-vocacionados-se-encontram-no-estagio-de-guaratingueta.html#webpage","url":"https:\/\/franciscanos.org.br\/noticias\/jovens-vocacionados-se-encontram-no-estagio-de-guaratingueta.html","name":"Jovens vocacionados se encontram no est\u00e1gio de Guaratinguet\u00e1 - Not\u00edcias - Franciscanos","isPartOf":{"@id":"https:\/\/franciscanos.org.br\/noticias\/#website"},"primaryImageOfPage":{"@id":"https:\/\/franciscanos.org.br\/noticias\/jovens-vocacionados-se-encontram-no-estagio-de-guaratingueta.html#primaryimage"},"datePublished":"2012-11-05T10:06:34+00:00","dateModified":"2019-11-06T14:12:16+00:00","author":{"@id":"https:\/\/franciscanos.org.br\/noticias\/#\/schema\/person\/b38fbf43118f02820bd932f2e4b14ad3"},"breadcrumb":{"@id":"https:\/\/franciscanos.org.br\/noticias\/jovens-vocacionados-se-encontram-no-estagio-de-guaratingueta.html#breadcrumb"},"inLanguage":"pt-BR","potentialAction":[{"@type":"ReadAction","target":["https:\/\/franciscanos.org.br\/noticias\/jovens-vocacionados-se-encontram-no-estagio-de-guaratingueta.html"]}]},{"@type":"BreadcrumbList","@id":"https:\/\/franciscanos.org.br\/noticias\/jovens-vocacionados-se-encontram-no-estagio-de-guaratingueta.html#breadcrumb","itemListElement":[{"@type":"ListItem","position":1,"name":"Home","item":"https:\/\/franciscanos.org.br\/noticias"},{"@type":"ListItem","position":2,"name":"Jovens vocacionados se encontram no est\u00e1gio de Guaratinguet\u00e1"}]},{"@type":"Person","@id":"https:\/\/franciscanos.org.br\/noticias\/#\/schema\/person\/b38fbf43118f02820bd932f2e4b14ad3","name":"admin","image":{"@type":"ImageObject","inLanguage":"pt-BR","@id":"https:\/\/franciscanos.org.br\/noticias\/#\/schema\/person\/image\/","url":"https:\/\/secure.gravatar.com\/avatar\/e8495742d34d0ba6448ea1c628263b3e?s=96&d=mm&r=g","contentUrl":"https:\/\/secure.gravatar.com\/avatar\/e8495742d34d0ba6448ea1c628263b3e?s=96&d=mm&r=g","caption":"admin"},"url":"https:\/\/franciscanos.org.br\/noticias\/author\/admin"}]}},"_links":{"self":[{"href":"https:\/\/franciscanos.org.br\/noticias\/wp-json\/wp\/v2\/posts\/27698"}],"collection":[{"href":"https:\/\/franciscanos.org.br\/noticias\/wp-json\/wp\/v2\/posts"}],"about":[{"href":"https:\/\/franciscanos.org.br\/noticias\/wp-json\/wp\/v2\/types\/post"}],"author":[{"embeddable":true,"href":"https:\/\/franciscanos.org.br\/noticias\/wp-json\/wp\/v2\/users\/1"}],"replies":[{"embeddable":true,"href":"https:\/\/franciscanos.org.br\/noticias\/wp-json\/wp\/v2\/comments?post=27698"}],"version-history":[{"count":0,"href":"https:\/\/franciscanos.org.br\/noticias\/wp-json\/wp\/v2\/posts\/27698\/revisions"}],"wp:featuredmedia":[{"embeddable":true,"href":"https:\/\/franciscanos.org.br\/noticias\/wp-json\/wp\/v2\/media\/213735"}],"wp:attachment":[{"href":"https:\/\/franciscanos.org.br\/noticias\/wp-json\/wp\/v2\/media?parent=27698"}],"wp:term":[{"taxonomy":"category","embeddable":true,"href":"https:\/\/franciscanos.org.br\/noticias\/wp-json\/wp\/v2\/categories?post=27698"},{"taxonomy":"post_tag","embeddable":true,"href":"https:\/\/franciscanos.org.br\/noticias\/wp-json\/wp\/v2\/tags?post=27698"}],"curies":[{"name":"wp","href":"https:\/\/api.w.org\/{rel}","templated":true}]}}