{"id":27574,"date":"2012-11-01T07:06:25","date_gmt":"2012-11-01T09:06:25","guid":{"rendered":"http:\/\/new.franciscanos.org.br\/?p=27574"},"modified":"2019-11-06T11:06:41","modified_gmt":"2019-11-06T14:06:41","slug":"irmas-catequistas-franciscanas-tem-novo-governo","status":"publish","type":"post","link":"https:\/\/franciscanos.org.br\/noticias\/irmas-catequistas-franciscanas-tem-novo-governo.html","title":{"rendered":"Irm\u00e3s Catequistas Franciscanas t\u00eam novo governo"},"content":{"rendered":"<p><img loading=\"lazy\" class=\"alignright size-full wp-image-27582\" title=\"Equipe\" src=\"http:\/\/franciscanos.org.br\/wp-content\/uploads\/2012\/10\/4188_011112.jpg\" alt=\"\" width=\"300\" height=\"225\" \/>A Congrega\u00e7\u00e3o das Irm\u00e3s Catequistas Franciscanas, com 97 anos de funda\u00e7\u00e3o, est\u00e1 de governo novo. A escolha da Equipe de Coordena\u00e7\u00e3o Geral das Irm\u00e3s Catequistas Franciscanas para o sex\u00eanio 2013 -2018 foi feita durante a realiza\u00e7\u00e3o do XXIII Cap\u00edtulo Geral, realizado de 12 a 18 de outubro, em Curitiba (PR).<\/p>\n<p>A nova equipe est\u00e1 assim formada: Ministra Geral &#8211; Irm\u00e3 Izaura Souza Cordeiro; Vice Ministra Geral &#8211; Irm\u00e3 Maria Lunardi; Conselheiras &#8211; Irm\u00e3 Ana Pereira Macedo, Irm\u00e3 Teresinha Tontini e Irm\u00e3 Ivonete Gardini. Suplentes: Irm\u00e3 Laura Vicu\u00f1a Pereira Manso\u00a0 e Irm\u00e3 Alzira Munhoz.<\/p>\n<p>O Cap\u00edtulo teve como assessores o Pe. Alfredo Jos\u00e9 Gon\u00e7alves e Ir. Delir Brunelli. No encerramento do Cap\u00edtulo, algumas linhas inspiradoras foram definidas para animar e indicar o caminho das irm\u00e3s:<\/p>\n<blockquote><p>\u25cf Cultivar intensamente o modo francisclariano de viver, no cotidiano, comprometidas com a justi\u00e7a social e ambiental.<br \/>\n\u25cf Recriar o carisma e ressignificar nossa diaconia, vida fraterna, forma\u00e7\u00e3o, organiza\u00e7\u00e3o e assumir a gest\u00e3o prof\u00e9tico-solid\u00e1ria dos bens, a partir da miss\u00e3o.<br \/>\n\u25cf Intensificar a viv\u00eancia de nosso carisma com simpatizantes, outras pessoas e grupos e ampliar as iniciativas de atua\u00e7\u00e3o em redes e parcerias entre prov\u00edncias, congrega\u00e7\u00f5es, entidades e movimentos sociais afins.<br \/>\n\u25cf Participar de um projeto alternativo de sociedade e de Igreja, com os pobres e exclu\u00eddos.<br \/>\n\u25cf Aprofundar a reflex\u00e3o e a pr\u00e1tica da interculturalidade e fortalecer a miss\u00e3o al\u00e9m-fronteiras.<\/p><\/blockquote>\n<h3><strong>Um pouco de hist\u00f3ria<\/strong><\/h3>\n<p>A Congrega\u00e7\u00e3o das Irm\u00e3s Catequistas Franciscanas nasceu em Rodeio-SC, em 1915, para responder \u00e0 necessidade de educa\u00e7\u00e3o e catequese nas escolas paroquiais, frequentadas pelos filhos e filhas dos imigrantes italianos.<\/p>\n<p>No in\u00edcio do s\u00e9culo XX, no Vale do Itaja\u00ed, em Santa Catarina \u2013 Brasil, muitas escolas eram mantidas pelas comunidades, sob a responsabilidade do p\u00e1roco local. Mas come\u00e7ou a surgir um grande problema. Os professores, vindos com a imigra\u00e7\u00e3o de 1875, estavam deixando seu posto e n\u00e3o havia quem os substitu\u00edsse.<\/p>\n<p>Para suprir \u00e0 falta de mestres, Frei Polycarpo Schuen, p\u00e1roco de Rodeio, ap\u00f3s ter conversado com Frei Modestino Oecktering, dirigiu-se \u00e0s mo\u00e7as da Pia Uni\u00e3o das Filhas de Maria e da Ordem Franciscana Secular. O apelo teve resposta. Primeiro Am\u00e1bile Avosani, depois Maria Avosani e Lidu\u00edna Venturi, apresentaram-se para atender \u00e0s escolas da par\u00f3quia.<\/p>\n<p>No dia 14 de janeiro de 1915, na Igreja de S\u00e3o Virg\u00edlio, pr\u00f3ximo a Rodeio, as tr\u00eas jovens manifestaram a Frei Polycarpo a disposi\u00e7\u00e3o de se consagrar ao Senhor e permanecer para sempre no servi\u00e7o que tinham assumido. Outras jovens, animadas pelo mesmo ideal de vida, uniram-se \u00e0s tr\u00eas primeiras e logo o grupo cresceu. Duas a duas, viviam nas comunidades do interior da par\u00f3quia. Dedicavam-se ao magist\u00e9rio escolar e \u00e0 catequese, realizavam as tarefas dom\u00e9sticas, cuidavam da capela e organizavam as ora\u00e7\u00f5es. Completavam o dia com trabalhos hortigranjeiros. A casa, pequena e pobre, era simples como a casa dos colonos. As \u201cMestras\u201d, como eram chamadas, viviam do jeito do povo simples do meio rural. O bispo de Florian\u00f3polis, Dom Joaquim Domingues de Oliveira, aprovou o grupo dando-lhe o nome de \u201cCompanhia das Catequistas\u201d.<\/p>\n<p>Nos primeiros tempos, as Catequistas tiveram o apoio das Irm\u00e3s da Divina Provid\u00eancia, especialmente atrav\u00e9s de Irm\u00e3 Clem\u00eancia Beninca e Irm\u00e3 Ambrosina Van Beck, que as orientaram no servi\u00e7o da educa\u00e7\u00e3o.<\/p>\n<p>Na d\u00e9cada de 1930, as escolas paroquiais foram assumidas pelo Estado. As Catequistas, completados os estudos exigidos, tornaram-se professoras de escolas p\u00fablicas, caracter\u00edstica conservada ainda hoje.<\/p>\n<p>A Companhia se desenvolveu e foi para outros Estados e regi\u00f5es mission\u00e1rias, ultrapassando tamb\u00e9m as fronteiras do Brasil. Hoje s\u00e3o seis prov\u00edncias, com fraternidades em 20 Estados do Brasil e no Distrito Federal, e em mais nove pa\u00edses. Desde a d\u00e9cada de 1940, as \u201cMestras\u201d come\u00e7aram a ser chamadas tamb\u00e9m de \u201cIrm\u00e3s\u201d. Em 1958, fazendo justi\u00e7a \u00e0 origem franciscana do grupo, o nome foi completado e reconhecido oficialmente: \u201cIrm\u00e3s Catequistas Franciscanas\u201d.<\/p>\n","protected":false},"excerpt":{"rendered":"<p>FFB<\/p>\n","protected":false},"author":1,"featured_media":208934,"comment_status":"closed","ping_status":"open","sticky":false,"template":"","format":"standard","meta":[],"categories":[1],"tags":[203],"acf":[],"yoast_head":"<!-- This site is optimized with the Yoast SEO plugin v19.2 - https:\/\/yoast.com\/wordpress\/plugins\/seo\/ -->\n<title>Irm\u00e3s Catequistas Franciscanas t\u00eam novo governo - Not\u00edcias - Franciscanos<\/title>\n<meta name=\"robots\" content=\"index, follow, max-snippet:-1, max-image-preview:large, max-video-preview:-1\" \/>\n<link rel=\"canonical\" href=\"https:\/\/franciscanos.org.br\/noticias\/irmas-catequistas-franciscanas-tem-novo-governo.html\" \/>\n<meta property=\"og:locale\" content=\"pt_BR\" \/>\n<meta property=\"og:type\" content=\"article\" \/>\n<meta property=\"og:title\" content=\"Irm\u00e3s Catequistas Franciscanas t\u00eam novo governo - Not\u00edcias - Franciscanos\" \/>\n<meta property=\"og:description\" content=\"FFB\" \/>\n<meta property=\"og:url\" content=\"https:\/\/franciscanos.org.br\/noticias\/irmas-catequistas-franciscanas-tem-novo-governo.html\" \/>\n<meta property=\"og:site_name\" content=\"Not\u00edcias - Franciscanos\" \/>\n<meta property=\"article:published_time\" content=\"2012-11-01T09:06:25+00:00\" \/>\n<meta property=\"article:modified_time\" content=\"2019-11-06T14:06:41+00:00\" \/>\n<meta property=\"og:image\" content=\"https:\/\/franciscanos.org.br\/noticias\/wp-content\/uploads\/2012\/11\/4188_011112.jpg\" \/>\n\t<meta property=\"og:image:width\" content=\"273\" \/>\n\t<meta property=\"og:image:height\" content=\"181\" \/>\n\t<meta property=\"og:image:type\" content=\"image\/jpeg\" \/>\n<meta name=\"author\" content=\"admin\" \/>\n<meta name=\"twitter:card\" content=\"summary_large_image\" \/>\n<meta name=\"twitter:label1\" content=\"Escrito por\" \/>\n\t<meta name=\"twitter:data1\" content=\"admin\" \/>\n\t<meta name=\"twitter:label2\" content=\"Est. tempo de leitura\" \/>\n\t<meta name=\"twitter:data2\" content=\"3 minutos\" \/>\n<script type=\"application\/ld+json\" class=\"yoast-schema-graph\">{\"@context\":\"https:\/\/schema.org\",\"@graph\":[{\"@type\":\"WebSite\",\"@id\":\"https:\/\/franciscanos.org.br\/noticias\/#website\",\"url\":\"https:\/\/franciscanos.org.br\/noticias\/\",\"name\":\"Not\u00edcias - Franciscanos\",\"description\":\"Prov\u00edncia Franciscana da Imaculada Concei\u00e7\u00e3o do Brasil - Ordem dos Frades Menores - OFM\",\"potentialAction\":[{\"@type\":\"SearchAction\",\"target\":{\"@type\":\"EntryPoint\",\"urlTemplate\":\"https:\/\/franciscanos.org.br\/noticias\/?s={search_term_string}\"},\"query-input\":\"required name=search_term_string\"}],\"inLanguage\":\"pt-BR\"},{\"@type\":\"ImageObject\",\"inLanguage\":\"pt-BR\",\"@id\":\"https:\/\/franciscanos.org.br\/noticias\/irmas-catequistas-franciscanas-tem-novo-governo.html#primaryimage\",\"url\":\"https:\/\/franciscanos.org.br\/noticias\/wp-content\/uploads\/2012\/11\/4188_011112.jpg\",\"contentUrl\":\"https:\/\/franciscanos.org.br\/noticias\/wp-content\/uploads\/2012\/11\/4188_011112.jpg\",\"width\":273,\"height\":181},{\"@type\":\"WebPage\",\"@id\":\"https:\/\/franciscanos.org.br\/noticias\/irmas-catequistas-franciscanas-tem-novo-governo.html#webpage\",\"url\":\"https:\/\/franciscanos.org.br\/noticias\/irmas-catequistas-franciscanas-tem-novo-governo.html\",\"name\":\"Irm\u00e3s Catequistas Franciscanas t\u00eam novo governo - Not\u00edcias - Franciscanos\",\"isPartOf\":{\"@id\":\"https:\/\/franciscanos.org.br\/noticias\/#website\"},\"primaryImageOfPage\":{\"@id\":\"https:\/\/franciscanos.org.br\/noticias\/irmas-catequistas-franciscanas-tem-novo-governo.html#primaryimage\"},\"datePublished\":\"2012-11-01T09:06:25+00:00\",\"dateModified\":\"2019-11-06T14:06:41+00:00\",\"author\":{\"@id\":\"https:\/\/franciscanos.org.br\/noticias\/#\/schema\/person\/b38fbf43118f02820bd932f2e4b14ad3\"},\"breadcrumb\":{\"@id\":\"https:\/\/franciscanos.org.br\/noticias\/irmas-catequistas-franciscanas-tem-novo-governo.html#breadcrumb\"},\"inLanguage\":\"pt-BR\",\"potentialAction\":[{\"@type\":\"ReadAction\",\"target\":[\"https:\/\/franciscanos.org.br\/noticias\/irmas-catequistas-franciscanas-tem-novo-governo.html\"]}]},{\"@type\":\"BreadcrumbList\",\"@id\":\"https:\/\/franciscanos.org.br\/noticias\/irmas-catequistas-franciscanas-tem-novo-governo.html#breadcrumb\",\"itemListElement\":[{\"@type\":\"ListItem\",\"position\":1,\"name\":\"Home\",\"item\":\"https:\/\/franciscanos.org.br\/noticias\"},{\"@type\":\"ListItem\",\"position\":2,\"name\":\"Irm\u00e3s Catequistas Franciscanas t\u00eam novo governo\"}]},{\"@type\":\"Person\",\"@id\":\"https:\/\/franciscanos.org.br\/noticias\/#\/schema\/person\/b38fbf43118f02820bd932f2e4b14ad3\",\"name\":\"admin\",\"image\":{\"@type\":\"ImageObject\",\"inLanguage\":\"pt-BR\",\"@id\":\"https:\/\/franciscanos.org.br\/noticias\/#\/schema\/person\/image\/\",\"url\":\"https:\/\/secure.gravatar.com\/avatar\/e8495742d34d0ba6448ea1c628263b3e?s=96&d=mm&r=g\",\"contentUrl\":\"https:\/\/secure.gravatar.com\/avatar\/e8495742d34d0ba6448ea1c628263b3e?s=96&d=mm&r=g\",\"caption\":\"admin\"},\"url\":\"https:\/\/franciscanos.org.br\/noticias\/author\/admin\"}]}<\/script>\n<!-- \/ Yoast SEO plugin. -->","yoast_head_json":{"title":"Irm\u00e3s Catequistas Franciscanas t\u00eam novo governo - Not\u00edcias - Franciscanos","robots":{"index":"index","follow":"follow","max-snippet":"max-snippet:-1","max-image-preview":"max-image-preview:large","max-video-preview":"max-video-preview:-1"},"canonical":"https:\/\/franciscanos.org.br\/noticias\/irmas-catequistas-franciscanas-tem-novo-governo.html","og_locale":"pt_BR","og_type":"article","og_title":"Irm\u00e3s Catequistas Franciscanas t\u00eam novo governo - Not\u00edcias - Franciscanos","og_description":"FFB","og_url":"https:\/\/franciscanos.org.br\/noticias\/irmas-catequistas-franciscanas-tem-novo-governo.html","og_site_name":"Not\u00edcias - Franciscanos","article_published_time":"2012-11-01T09:06:25+00:00","article_modified_time":"2019-11-06T14:06:41+00:00","og_image":[{"width":273,"height":181,"url":"https:\/\/franciscanos.org.br\/noticias\/wp-content\/uploads\/2012\/11\/4188_011112.jpg","type":"image\/jpeg"}],"author":"admin","twitter_card":"summary_large_image","twitter_misc":{"Escrito por":"admin","Est. tempo de leitura":"3 minutos"},"schema":{"@context":"https:\/\/schema.org","@graph":[{"@type":"WebSite","@id":"https:\/\/franciscanos.org.br\/noticias\/#website","url":"https:\/\/franciscanos.org.br\/noticias\/","name":"Not\u00edcias - Franciscanos","description":"Prov\u00edncia Franciscana da Imaculada Concei\u00e7\u00e3o do Brasil - Ordem dos Frades Menores - OFM","potentialAction":[{"@type":"SearchAction","target":{"@type":"EntryPoint","urlTemplate":"https:\/\/franciscanos.org.br\/noticias\/?s={search_term_string}"},"query-input":"required name=search_term_string"}],"inLanguage":"pt-BR"},{"@type":"ImageObject","inLanguage":"pt-BR","@id":"https:\/\/franciscanos.org.br\/noticias\/irmas-catequistas-franciscanas-tem-novo-governo.html#primaryimage","url":"https:\/\/franciscanos.org.br\/noticias\/wp-content\/uploads\/2012\/11\/4188_011112.jpg","contentUrl":"https:\/\/franciscanos.org.br\/noticias\/wp-content\/uploads\/2012\/11\/4188_011112.jpg","width":273,"height":181},{"@type":"WebPage","@id":"https:\/\/franciscanos.org.br\/noticias\/irmas-catequistas-franciscanas-tem-novo-governo.html#webpage","url":"https:\/\/franciscanos.org.br\/noticias\/irmas-catequistas-franciscanas-tem-novo-governo.html","name":"Irm\u00e3s Catequistas Franciscanas t\u00eam novo governo - Not\u00edcias - Franciscanos","isPartOf":{"@id":"https:\/\/franciscanos.org.br\/noticias\/#website"},"primaryImageOfPage":{"@id":"https:\/\/franciscanos.org.br\/noticias\/irmas-catequistas-franciscanas-tem-novo-governo.html#primaryimage"},"datePublished":"2012-11-01T09:06:25+00:00","dateModified":"2019-11-06T14:06:41+00:00","author":{"@id":"https:\/\/franciscanos.org.br\/noticias\/#\/schema\/person\/b38fbf43118f02820bd932f2e4b14ad3"},"breadcrumb":{"@id":"https:\/\/franciscanos.org.br\/noticias\/irmas-catequistas-franciscanas-tem-novo-governo.html#breadcrumb"},"inLanguage":"pt-BR","potentialAction":[{"@type":"ReadAction","target":["https:\/\/franciscanos.org.br\/noticias\/irmas-catequistas-franciscanas-tem-novo-governo.html"]}]},{"@type":"BreadcrumbList","@id":"https:\/\/franciscanos.org.br\/noticias\/irmas-catequistas-franciscanas-tem-novo-governo.html#breadcrumb","itemListElement":[{"@type":"ListItem","position":1,"name":"Home","item":"https:\/\/franciscanos.org.br\/noticias"},{"@type":"ListItem","position":2,"name":"Irm\u00e3s Catequistas Franciscanas t\u00eam novo governo"}]},{"@type":"Person","@id":"https:\/\/franciscanos.org.br\/noticias\/#\/schema\/person\/b38fbf43118f02820bd932f2e4b14ad3","name":"admin","image":{"@type":"ImageObject","inLanguage":"pt-BR","@id":"https:\/\/franciscanos.org.br\/noticias\/#\/schema\/person\/image\/","url":"https:\/\/secure.gravatar.com\/avatar\/e8495742d34d0ba6448ea1c628263b3e?s=96&d=mm&r=g","contentUrl":"https:\/\/secure.gravatar.com\/avatar\/e8495742d34d0ba6448ea1c628263b3e?s=96&d=mm&r=g","caption":"admin"},"url":"https:\/\/franciscanos.org.br\/noticias\/author\/admin"}]}},"_links":{"self":[{"href":"https:\/\/franciscanos.org.br\/noticias\/wp-json\/wp\/v2\/posts\/27574"}],"collection":[{"href":"https:\/\/franciscanos.org.br\/noticias\/wp-json\/wp\/v2\/posts"}],"about":[{"href":"https:\/\/franciscanos.org.br\/noticias\/wp-json\/wp\/v2\/types\/post"}],"author":[{"embeddable":true,"href":"https:\/\/franciscanos.org.br\/noticias\/wp-json\/wp\/v2\/users\/1"}],"replies":[{"embeddable":true,"href":"https:\/\/franciscanos.org.br\/noticias\/wp-json\/wp\/v2\/comments?post=27574"}],"version-history":[{"count":0,"href":"https:\/\/franciscanos.org.br\/noticias\/wp-json\/wp\/v2\/posts\/27574\/revisions"}],"wp:featuredmedia":[{"embeddable":true,"href":"https:\/\/franciscanos.org.br\/noticias\/wp-json\/wp\/v2\/media\/208934"}],"wp:attachment":[{"href":"https:\/\/franciscanos.org.br\/noticias\/wp-json\/wp\/v2\/media?parent=27574"}],"wp:term":[{"taxonomy":"category","embeddable":true,"href":"https:\/\/franciscanos.org.br\/noticias\/wp-json\/wp\/v2\/categories?post=27574"},{"taxonomy":"post_tag","embeddable":true,"href":"https:\/\/franciscanos.org.br\/noticias\/wp-json\/wp\/v2\/tags?post=27574"}],"curies":[{"name":"wp","href":"https:\/\/api.w.org\/{rel}","templated":true}]}}