{"id":27375,"date":"2012-10-30T09:25:51","date_gmt":"2012-10-30T11:25:51","guid":{"rendered":"http:\/\/new.franciscanos.org.br\/?p=27375"},"modified":"2019-11-06T10:51:48","modified_gmt":"2019-11-06T13:51:48","slug":"festa-para-o-padroeiro-da-fraternidade-de-colatina","status":"publish","type":"post","link":"https:\/\/franciscanos.org.br\/noticias\/festa-para-o-padroeiro-da-fraternidade-de-colatina.html","title":{"rendered":"Festa para o Padroeiro da Fraternidade de Colatina"},"content":{"rendered":"<p><strong><img loading=\"lazy\" class=\"alignright size-full wp-image-27376\" title=\"Festa para o Padroeiro da Fraternidade de Colatina \" src=\"http:\/\/franciscanos.org.br\/wp-content\/uploads\/2012\/10\/4046_301012.jpg\" alt=\"\" width=\"400\" height=\"300\" \/>Por Frei Gilson Kammer<\/strong><\/p>\n<p>A Fraternidade Franciscana Santo Ant\u00f4nio de Santana Galv\u00e3o em Colatina-ES comemorou seu padroeiro no \u00faltimo dia 25 e a alegria foi ainda maior porque para esta festa vieram Frei Anselmo Julio M\u00fcnchen, Frei James Ferreira Gomes Neto e Frei Paulo Roberto Pereira, que presidiu a celebra\u00e7\u00e3o em honra de Frei Galv\u00e3o.<\/p>\n<p>A celebra\u00e7\u00e3o aconteceu na comunidade Nossa Senhora Auxiliadora, no bairro Colatina Velha, \u00e0s 19h30, e contou com a presen\u00e7a de frades, \u00a0irm\u00e3os e irm\u00e3s da Ordem Franciscana Secular de Colatina e muitas pessoas das comunidades da par\u00f3quia Santa Clara de Assis.<\/p>\n<p>Foi uma celebra\u00e7\u00e3o bem franciscana e, com a contagiante alegria de Frei Paulo Roberto Pereira, todos puderam conhecer melhor o primeiro santo brasileiro. Na partilha da Palavra, Frei Paulo destacou Frei Galv\u00e3o como homem da paz e da caridade, pediu que todos olh\u00e1ssemos mais para as pessoas, pois esta \u00e9 a \u00fanica forma de viver a caridade.<\/p>\n<p><img loading=\"lazy\" class=\"size-full wp-image-27377 alignleft\" title=\"Festa para o Padroeiro da Fraternidade de Colatina \" src=\"http:\/\/franciscanos.org.br\/wp-content\/uploads\/2012\/10\/4047_301012.jpg\" alt=\"\" width=\"400\" height=\"300\" \/>Citou que a f\u00e9 e a esperan\u00e7a, ao lado da caridade, s\u00e3o virtudes teologais para serem vividas na comunidade, mas que podem ser vividas de forma pessoal e somente a caridade n\u00e3o tem essa possibilidade, ela s\u00f3 acontece na comunidade e por isso \u00e9 a mais importante. Sendo assim, pediu que as pessoas ajudem os frades de Colatina a viver esta caridade e que eles possam ajudar o povo a tamb\u00e9m viver plenamente esta virtude e assim todos podermos encontrar Deus.<\/p>\n<p>No final da celebra\u00e7\u00e3o, todos foram convidados a continuar a eucaristia partilhando doces, salgados e acima de tudo, muita alegria e amizade para fortalecer ainda mais os la\u00e7os de fraternidade que Frei Galv\u00e3o buscou viver e hoje todos almejam.<br \/>\nFrei Galv\u00e3o\u00a0aben\u00e7oe\u00a0a todos. Am\u00e9m!<\/p>\n","protected":false},"excerpt":{"rendered":"<p>Frei Galv\u00e3o<\/p>\n","protected":false},"author":1,"featured_media":213721,"comment_status":"closed","ping_status":"open","sticky":false,"template":"","format":"standard","meta":[],"categories":[1],"tags":[662,313,663],"acf":[],"yoast_head":"<!-- This site is optimized with the Yoast SEO plugin v19.2 - https:\/\/yoast.com\/wordpress\/plugins\/seo\/ -->\n<title>Festa para o Padroeiro da Fraternidade de Colatina - Not\u00edcias - Franciscanos<\/title>\n<meta name=\"robots\" content=\"index, follow, max-snippet:-1, max-image-preview:large, max-video-preview:-1\" \/>\n<link rel=\"canonical\" href=\"https:\/\/franciscanos.org.br\/noticias\/festa-para-o-padroeiro-da-fraternidade-de-colatina.html\" \/>\n<meta property=\"og:locale\" content=\"pt_BR\" \/>\n<meta property=\"og:type\" content=\"article\" \/>\n<meta property=\"og:title\" content=\"Festa para o Padroeiro da Fraternidade de Colatina - Not\u00edcias - Franciscanos\" \/>\n<meta property=\"og:description\" content=\"Frei Galv\u00e3o\" \/>\n<meta property=\"og:url\" content=\"https:\/\/franciscanos.org.br\/noticias\/festa-para-o-padroeiro-da-fraternidade-de-colatina.html\" \/>\n<meta property=\"og:site_name\" content=\"Not\u00edcias - Franciscanos\" \/>\n<meta property=\"article:published_time\" content=\"2012-10-30T11:25:51+00:00\" \/>\n<meta property=\"article:modified_time\" content=\"2019-11-06T13:51:48+00:00\" \/>\n<meta property=\"og:image\" content=\"https:\/\/franciscanos.org.br\/noticias\/wp-content\/uploads\/2012\/10\/4047_301012.jpg\" \/>\n\t<meta property=\"og:image:width\" content=\"273\" \/>\n\t<meta property=\"og:image:height\" content=\"181\" \/>\n\t<meta property=\"og:image:type\" content=\"image\/jpeg\" \/>\n<meta name=\"author\" content=\"admin\" \/>\n<meta name=\"twitter:card\" content=\"summary_large_image\" \/>\n<meta name=\"twitter:label1\" content=\"Escrito por\" \/>\n\t<meta name=\"twitter:data1\" content=\"admin\" \/>\n\t<meta name=\"twitter:label2\" content=\"Est. tempo de leitura\" \/>\n\t<meta name=\"twitter:data2\" content=\"1 minuto\" \/>\n<script type=\"application\/ld+json\" class=\"yoast-schema-graph\">{\"@context\":\"https:\/\/schema.org\",\"@graph\":[{\"@type\":\"WebSite\",\"@id\":\"https:\/\/franciscanos.org.br\/noticias\/#website\",\"url\":\"https:\/\/franciscanos.org.br\/noticias\/\",\"name\":\"Not\u00edcias - Franciscanos\",\"description\":\"Prov\u00edncia Franciscana da Imaculada Concei\u00e7\u00e3o do Brasil - Ordem dos Frades Menores - OFM\",\"potentialAction\":[{\"@type\":\"SearchAction\",\"target\":{\"@type\":\"EntryPoint\",\"urlTemplate\":\"https:\/\/franciscanos.org.br\/noticias\/?s={search_term_string}\"},\"query-input\":\"required name=search_term_string\"}],\"inLanguage\":\"pt-BR\"},{\"@type\":\"ImageObject\",\"inLanguage\":\"pt-BR\",\"@id\":\"https:\/\/franciscanos.org.br\/noticias\/festa-para-o-padroeiro-da-fraternidade-de-colatina.html#primaryimage\",\"url\":\"https:\/\/franciscanos.org.br\/noticias\/wp-content\/uploads\/2012\/10\/4047_301012.jpg\",\"contentUrl\":\"https:\/\/franciscanos.org.br\/noticias\/wp-content\/uploads\/2012\/10\/4047_301012.jpg\",\"width\":273,\"height\":181},{\"@type\":\"WebPage\",\"@id\":\"https:\/\/franciscanos.org.br\/noticias\/festa-para-o-padroeiro-da-fraternidade-de-colatina.html#webpage\",\"url\":\"https:\/\/franciscanos.org.br\/noticias\/festa-para-o-padroeiro-da-fraternidade-de-colatina.html\",\"name\":\"Festa para o Padroeiro da Fraternidade de Colatina - Not\u00edcias - Franciscanos\",\"isPartOf\":{\"@id\":\"https:\/\/franciscanos.org.br\/noticias\/#website\"},\"primaryImageOfPage\":{\"@id\":\"https:\/\/franciscanos.org.br\/noticias\/festa-para-o-padroeiro-da-fraternidade-de-colatina.html#primaryimage\"},\"datePublished\":\"2012-10-30T11:25:51+00:00\",\"dateModified\":\"2019-11-06T13:51:48+00:00\",\"author\":{\"@id\":\"https:\/\/franciscanos.org.br\/noticias\/#\/schema\/person\/b38fbf43118f02820bd932f2e4b14ad3\"},\"breadcrumb\":{\"@id\":\"https:\/\/franciscanos.org.br\/noticias\/festa-para-o-padroeiro-da-fraternidade-de-colatina.html#breadcrumb\"},\"inLanguage\":\"pt-BR\",\"potentialAction\":[{\"@type\":\"ReadAction\",\"target\":[\"https:\/\/franciscanos.org.br\/noticias\/festa-para-o-padroeiro-da-fraternidade-de-colatina.html\"]}]},{\"@type\":\"BreadcrumbList\",\"@id\":\"https:\/\/franciscanos.org.br\/noticias\/festa-para-o-padroeiro-da-fraternidade-de-colatina.html#breadcrumb\",\"itemListElement\":[{\"@type\":\"ListItem\",\"position\":1,\"name\":\"Home\",\"item\":\"https:\/\/franciscanos.org.br\/noticias\"},{\"@type\":\"ListItem\",\"position\":2,\"name\":\"Festa para o Padroeiro da Fraternidade de Colatina\"}]},{\"@type\":\"Person\",\"@id\":\"https:\/\/franciscanos.org.br\/noticias\/#\/schema\/person\/b38fbf43118f02820bd932f2e4b14ad3\",\"name\":\"admin\",\"image\":{\"@type\":\"ImageObject\",\"inLanguage\":\"pt-BR\",\"@id\":\"https:\/\/franciscanos.org.br\/noticias\/#\/schema\/person\/image\/\",\"url\":\"https:\/\/secure.gravatar.com\/avatar\/e8495742d34d0ba6448ea1c628263b3e?s=96&d=mm&r=g\",\"contentUrl\":\"https:\/\/secure.gravatar.com\/avatar\/e8495742d34d0ba6448ea1c628263b3e?s=96&d=mm&r=g\",\"caption\":\"admin\"},\"url\":\"https:\/\/franciscanos.org.br\/noticias\/author\/admin\"}]}<\/script>\n<!-- \/ Yoast SEO plugin. -->","yoast_head_json":{"title":"Festa para o Padroeiro da Fraternidade de Colatina - Not\u00edcias - Franciscanos","robots":{"index":"index","follow":"follow","max-snippet":"max-snippet:-1","max-image-preview":"max-image-preview:large","max-video-preview":"max-video-preview:-1"},"canonical":"https:\/\/franciscanos.org.br\/noticias\/festa-para-o-padroeiro-da-fraternidade-de-colatina.html","og_locale":"pt_BR","og_type":"article","og_title":"Festa para o Padroeiro da Fraternidade de Colatina - Not\u00edcias - Franciscanos","og_description":"Frei Galv\u00e3o","og_url":"https:\/\/franciscanos.org.br\/noticias\/festa-para-o-padroeiro-da-fraternidade-de-colatina.html","og_site_name":"Not\u00edcias - Franciscanos","article_published_time":"2012-10-30T11:25:51+00:00","article_modified_time":"2019-11-06T13:51:48+00:00","og_image":[{"width":273,"height":181,"url":"https:\/\/franciscanos.org.br\/noticias\/wp-content\/uploads\/2012\/10\/4047_301012.jpg","type":"image\/jpeg"}],"author":"admin","twitter_card":"summary_large_image","twitter_misc":{"Escrito por":"admin","Est. tempo de leitura":"1 minuto"},"schema":{"@context":"https:\/\/schema.org","@graph":[{"@type":"WebSite","@id":"https:\/\/franciscanos.org.br\/noticias\/#website","url":"https:\/\/franciscanos.org.br\/noticias\/","name":"Not\u00edcias - Franciscanos","description":"Prov\u00edncia Franciscana da Imaculada Concei\u00e7\u00e3o do Brasil - Ordem dos Frades Menores - OFM","potentialAction":[{"@type":"SearchAction","target":{"@type":"EntryPoint","urlTemplate":"https:\/\/franciscanos.org.br\/noticias\/?s={search_term_string}"},"query-input":"required name=search_term_string"}],"inLanguage":"pt-BR"},{"@type":"ImageObject","inLanguage":"pt-BR","@id":"https:\/\/franciscanos.org.br\/noticias\/festa-para-o-padroeiro-da-fraternidade-de-colatina.html#primaryimage","url":"https:\/\/franciscanos.org.br\/noticias\/wp-content\/uploads\/2012\/10\/4047_301012.jpg","contentUrl":"https:\/\/franciscanos.org.br\/noticias\/wp-content\/uploads\/2012\/10\/4047_301012.jpg","width":273,"height":181},{"@type":"WebPage","@id":"https:\/\/franciscanos.org.br\/noticias\/festa-para-o-padroeiro-da-fraternidade-de-colatina.html#webpage","url":"https:\/\/franciscanos.org.br\/noticias\/festa-para-o-padroeiro-da-fraternidade-de-colatina.html","name":"Festa para o Padroeiro da Fraternidade de Colatina - Not\u00edcias - Franciscanos","isPartOf":{"@id":"https:\/\/franciscanos.org.br\/noticias\/#website"},"primaryImageOfPage":{"@id":"https:\/\/franciscanos.org.br\/noticias\/festa-para-o-padroeiro-da-fraternidade-de-colatina.html#primaryimage"},"datePublished":"2012-10-30T11:25:51+00:00","dateModified":"2019-11-06T13:51:48+00:00","author":{"@id":"https:\/\/franciscanos.org.br\/noticias\/#\/schema\/person\/b38fbf43118f02820bd932f2e4b14ad3"},"breadcrumb":{"@id":"https:\/\/franciscanos.org.br\/noticias\/festa-para-o-padroeiro-da-fraternidade-de-colatina.html#breadcrumb"},"inLanguage":"pt-BR","potentialAction":[{"@type":"ReadAction","target":["https:\/\/franciscanos.org.br\/noticias\/festa-para-o-padroeiro-da-fraternidade-de-colatina.html"]}]},{"@type":"BreadcrumbList","@id":"https:\/\/franciscanos.org.br\/noticias\/festa-para-o-padroeiro-da-fraternidade-de-colatina.html#breadcrumb","itemListElement":[{"@type":"ListItem","position":1,"name":"Home","item":"https:\/\/franciscanos.org.br\/noticias"},{"@type":"ListItem","position":2,"name":"Festa para o Padroeiro da Fraternidade de Colatina"}]},{"@type":"Person","@id":"https:\/\/franciscanos.org.br\/noticias\/#\/schema\/person\/b38fbf43118f02820bd932f2e4b14ad3","name":"admin","image":{"@type":"ImageObject","inLanguage":"pt-BR","@id":"https:\/\/franciscanos.org.br\/noticias\/#\/schema\/person\/image\/","url":"https:\/\/secure.gravatar.com\/avatar\/e8495742d34d0ba6448ea1c628263b3e?s=96&d=mm&r=g","contentUrl":"https:\/\/secure.gravatar.com\/avatar\/e8495742d34d0ba6448ea1c628263b3e?s=96&d=mm&r=g","caption":"admin"},"url":"https:\/\/franciscanos.org.br\/noticias\/author\/admin"}]}},"_links":{"self":[{"href":"https:\/\/franciscanos.org.br\/noticias\/wp-json\/wp\/v2\/posts\/27375"}],"collection":[{"href":"https:\/\/franciscanos.org.br\/noticias\/wp-json\/wp\/v2\/posts"}],"about":[{"href":"https:\/\/franciscanos.org.br\/noticias\/wp-json\/wp\/v2\/types\/post"}],"author":[{"embeddable":true,"href":"https:\/\/franciscanos.org.br\/noticias\/wp-json\/wp\/v2\/users\/1"}],"replies":[{"embeddable":true,"href":"https:\/\/franciscanos.org.br\/noticias\/wp-json\/wp\/v2\/comments?post=27375"}],"version-history":[{"count":0,"href":"https:\/\/franciscanos.org.br\/noticias\/wp-json\/wp\/v2\/posts\/27375\/revisions"}],"wp:featuredmedia":[{"embeddable":true,"href":"https:\/\/franciscanos.org.br\/noticias\/wp-json\/wp\/v2\/media\/213721"}],"wp:attachment":[{"href":"https:\/\/franciscanos.org.br\/noticias\/wp-json\/wp\/v2\/media?parent=27375"}],"wp:term":[{"taxonomy":"category","embeddable":true,"href":"https:\/\/franciscanos.org.br\/noticias\/wp-json\/wp\/v2\/categories?post=27375"},{"taxonomy":"post_tag","embeddable":true,"href":"https:\/\/franciscanos.org.br\/noticias\/wp-json\/wp\/v2\/tags?post=27375"}],"curies":[{"name":"wp","href":"https:\/\/api.w.org\/{rel}","templated":true}]}}