{"id":27147,"date":"2012-10-26T08:27:37","date_gmt":"2012-10-26T10:27:37","guid":{"rendered":"http:\/\/new.franciscanos.org.br\/?p=27147"},"modified":"2020-11-10T13:20:22","modified_gmt":"2020-11-10T16:20:22","slug":"fraternidade-do-largo-da-carioca-realiza-retiro-espiritual","status":"publish","type":"post","link":"https:\/\/franciscanos.org.br\/noticias\/fraternidade-do-largo-da-carioca-realiza-retiro-espiritual.html","title":{"rendered":"Fraternidade do Largo da Carioca realiza retiro espiritual"},"content":{"rendered":"<p><strong><img loading=\"lazy\" class=\"alignright size-full wp-image-27148\" title=\"OFS\" src=\"http:\/\/franciscanos.org.br\/wp-content\/uploads\/2012\/10\/3970_261012.jpg\" alt=\"\" width=\"400\" height=\"300\" \/>K\u00e1tia Sodr\u00e9, especial para este site<\/strong><\/p>\n<p>Momentos de forte espiritualidade e partilha marcaram o retiro realizado esta semana pela Fraternidade Santo Ant\u00f4nio do Largo da Carioca (OFS), na Casa Bet\u00e2nia, casa de retiro localizada no Mosteiro Santa Clara, das irm\u00e3s clarissas, em Nova Igua\u00e7u (RJ). Com o tema \u201cSanta Clara de Assis e de hoje: caminho de unidade\u201d, o retiro teve como pregador o assistente da fraternidade, Frei Vit\u00f3rio Mazzuco, OFM, que refletiu com os presentes sobre a vida de Santa Clara e a import\u00e2ncia de se redescobrir o seu carisma e espiritualidade como verdadeiros mananciais para toda a Ordem Franciscana.<\/p>\n<p>Chamada carinhosamente por S\u00e3o Francisco de \u201cplantinha de Assis\u201d, Santa Clara nasceu em Assis, em 1194. Aos 18 de mar\u00e7o de 1212 fugiu de casa e se consagrou a Deus na Igre\u00adjinha de Santa Maria dos Anjos, a Porci\u00fancula. De 1212 at\u00e9 a sua morte, em 11 de agosto de 1253, viveu santamente no sil\u00ean\u00adcio e na clausura de S\u00e3o Dami\u00e3o.<\/p>\n<p>Meditar e refletir sobre a vida de Santa Clara \u00e9 refor\u00e7ar a presen\u00e7a da mulher m\u00edstica e santa que est\u00e1 presente e ainda nos inspira decorridos 800 anos da descoberta de sua voca\u00e7\u00e3o. Redescobrir a mensagem de Clara de Assis \u00e9 voltar \u00e0s origens do carisma franciscano e rememorar todos aqueles que ao longo da hist\u00f3ria da Ordem Franciscana seguiram o Evangelho de Nosso Senhor Jesus Cristo segundo os passos de S\u00e3o Francisco e de Santa Clara de Assis.<\/p>\n<p><img loading=\"lazy\" class=\"alignleft size-full wp-image-27150\" title=\"OFS\" src=\"http:\/\/franciscanos.org.br\/wp-content\/uploads\/2012\/10\/3972_261012.jpg\" alt=\"\" width=\"400\" height=\"184\" \/>Frei Vit\u00f3rio Mazzuco destacou que a luminosidade de Clara n\u00e3o est\u00e1 apenas em seu nome, mas se traduz por sua vida clar\u00edssima de virtudes e de amor fraterno. Clara foi uma mulher dos tempos medievais, e, na sua aventura espiritual, construiu novos caminhos e novas pontes para aproximar as pessoas em um contexto hist\u00f3rico em que as mulheres n\u00e3o eram valorizadas como pessoa humana.<br \/>\nClara foi corajosa e determinada. Na ora\u00e7\u00e3o buscou for\u00e7as e consolo para se manter fiel ao Evangelho e \u00e0 voca\u00e7\u00e3o que abra\u00e7ara. Confiante na presen\u00e7a do Senhor defendeu os muros de S\u00e3o Dami\u00e3o e diante do perigo iminente de invas\u00e3o dos sarracenos, expulsou-os milagrosamente ao erguer o cib\u00f3rio com a h\u00f3stia sagrada.<\/p>\n<p>Os presentes ao retiro tamb\u00e9m puderam desfrutar do conv\u00edvio fraterno com as irm\u00e3s clarissas e com a comunidade local durante a Santa Missa. O grupo ainda pode vivenciar momentos de sil\u00eancio interior, de contato com a natureza e de agrad\u00e1vel partilha durante as refei\u00e7\u00f5es e momentos de lazer.<\/p>\n<p>No segundo dia do retiro, frei Vit\u00f3rio refletiu com as irm\u00e3s clarissas e com os franciscanos seculares a import\u00e2ncia de mantermos atados os n\u00f3s que unem os diferentes ramos da Fam\u00edlia Franciscana, vivendo, assim, a ess\u00eancia do carisma franciscano. Ap\u00f3s a reflex\u00e3o, foi distribu\u00edda uma lembran\u00e7a pela passagem do retiro e em homenagem \u00e0s clarissas os irm\u00e3os da OFS cantaram com muita alegria a m\u00fasica \u201cSan Damiano\u201d. Os presentes tamb\u00e9m oraram pela sa\u00fade e pronto restabelecimento da madre Maria Concei\u00e7\u00e3o da Imaculada, OSC, abadessa do convento.<br \/>\n<img loading=\"lazy\" class=\"alignright size-full wp-image-27151\" title=\"OFS\" src=\"http:\/\/franciscanos.org.br\/wp-content\/uploads\/2012\/10\/3971_261012.jpg\" alt=\"\" width=\"400\" height=\"300\" \/>A Fraternidade Santo Ant\u00f4nio do Largo da Carioca louva e agradece ao Senhor por todo o apoio e hospitalidade que nos foram destinados durante o retiro pelas Irm\u00e3s de Santa Clara e pela equipe de cozinha coordenada pela irm\u00e3 Rosa e por seu esposo Nivaldo. Agradecemos ao Frei Vit\u00f3rio Mazzuco, assistente espiritual da Fraternidade Santo Ant\u00f4nio, pelas prega\u00e7\u00f5es e reflex\u00f5es apresentadas no retiro.<\/p>\n<p>Agradecemos, por fim, a participa\u00e7\u00e3o dos iniciantes e formandos, do irm\u00e3o Erilson, fot\u00f3grafo da fraternidade, e a presen\u00e7a das irm\u00e3s Edite, da Fraternidade de Bragan\u00e7a Paulista (SP), Thereza Cristina, da Fraternidade do Sagrado Cora\u00e7\u00e3o de Jesus, de Petr\u00f3polis (RJ), Vera da Par\u00f3quia de Santa Luzia e S\u00e3o Raimundo Nonato, em Ramos (RJ), Wanda, irm\u00e3 da fraternidade, que do alto de seus 80 anos, esbanjou vitalidade e participou ativamente de todos os momentos do retiro, e da pequena Let\u00edcia, de apenas 1 ano.<\/p>\n<p>Louvamos ao Alt\u00edssimo e Bom Senhor pelas in\u00fameras gra\u00e7as alcan\u00e7adas por interm\u00e9dio de S\u00e3o Francisco, Santa Clara e de Santo Ant\u00f4nio e invocamos sobre os irm\u00e3os e colaboradores as copiosas e ricas b\u00ean\u00e7\u00e3os de Deus. Paz e Bem!<\/p>\n","protected":false},"excerpt":{"rendered":"<p>OFS<\/p>\n","protected":false},"author":1,"featured_media":213711,"comment_status":"closed","ping_status":"open","sticky":false,"template":"","format":"standard","meta":[],"categories":[1],"tags":[60],"acf":[],"yoast_head":"<!-- This site is optimized with the Yoast SEO plugin v19.2 - https:\/\/yoast.com\/wordpress\/plugins\/seo\/ -->\n<title>Fraternidade do Largo da Carioca realiza retiro espiritual - Not\u00edcias - Franciscanos<\/title>\n<meta name=\"robots\" content=\"index, follow, max-snippet:-1, max-image-preview:large, max-video-preview:-1\" \/>\n<link rel=\"canonical\" href=\"https:\/\/franciscanos.org.br\/noticias\/fraternidade-do-largo-da-carioca-realiza-retiro-espiritual.html\" \/>\n<meta property=\"og:locale\" content=\"pt_BR\" \/>\n<meta property=\"og:type\" content=\"article\" \/>\n<meta property=\"og:title\" content=\"Fraternidade do Largo da Carioca realiza retiro espiritual - Not\u00edcias - Franciscanos\" \/>\n<meta property=\"og:description\" content=\"OFS\" \/>\n<meta property=\"og:url\" content=\"https:\/\/franciscanos.org.br\/noticias\/fraternidade-do-largo-da-carioca-realiza-retiro-espiritual.html\" \/>\n<meta property=\"og:site_name\" content=\"Not\u00edcias - Franciscanos\" \/>\n<meta property=\"article:published_time\" content=\"2012-10-26T10:27:37+00:00\" \/>\n<meta property=\"article:modified_time\" content=\"2020-11-10T16:20:22+00:00\" \/>\n<meta property=\"og:image\" content=\"https:\/\/franciscanos.org.br\/noticias\/wp-content\/uploads\/2012\/10\/3971_261012.jpg\" \/>\n\t<meta property=\"og:image:width\" content=\"273\" \/>\n\t<meta property=\"og:image:height\" content=\"182\" \/>\n\t<meta property=\"og:image:type\" content=\"image\/jpeg\" \/>\n<meta name=\"author\" content=\"admin\" \/>\n<meta name=\"twitter:card\" content=\"summary_large_image\" \/>\n<meta name=\"twitter:label1\" content=\"Escrito por\" \/>\n\t<meta name=\"twitter:data1\" content=\"admin\" \/>\n\t<meta name=\"twitter:label2\" content=\"Est. tempo de leitura\" \/>\n\t<meta name=\"twitter:data2\" content=\"4 minutos\" \/>\n<script type=\"application\/ld+json\" class=\"yoast-schema-graph\">{\"@context\":\"https:\/\/schema.org\",\"@graph\":[{\"@type\":\"WebSite\",\"@id\":\"https:\/\/franciscanos.org.br\/noticias\/#website\",\"url\":\"https:\/\/franciscanos.org.br\/noticias\/\",\"name\":\"Not\u00edcias - Franciscanos\",\"description\":\"Prov\u00edncia Franciscana da Imaculada Concei\u00e7\u00e3o do Brasil - Ordem dos Frades Menores - OFM\",\"potentialAction\":[{\"@type\":\"SearchAction\",\"target\":{\"@type\":\"EntryPoint\",\"urlTemplate\":\"https:\/\/franciscanos.org.br\/noticias\/?s={search_term_string}\"},\"query-input\":\"required name=search_term_string\"}],\"inLanguage\":\"pt-BR\"},{\"@type\":\"ImageObject\",\"inLanguage\":\"pt-BR\",\"@id\":\"https:\/\/franciscanos.org.br\/noticias\/fraternidade-do-largo-da-carioca-realiza-retiro-espiritual.html#primaryimage\",\"url\":\"https:\/\/franciscanos.org.br\/noticias\/wp-content\/uploads\/2012\/10\/3971_261012.jpg\",\"contentUrl\":\"https:\/\/franciscanos.org.br\/noticias\/wp-content\/uploads\/2012\/10\/3971_261012.jpg\",\"width\":273,\"height\":182},{\"@type\":\"WebPage\",\"@id\":\"https:\/\/franciscanos.org.br\/noticias\/fraternidade-do-largo-da-carioca-realiza-retiro-espiritual.html#webpage\",\"url\":\"https:\/\/franciscanos.org.br\/noticias\/fraternidade-do-largo-da-carioca-realiza-retiro-espiritual.html\",\"name\":\"Fraternidade do Largo da Carioca realiza retiro espiritual - Not\u00edcias - Franciscanos\",\"isPartOf\":{\"@id\":\"https:\/\/franciscanos.org.br\/noticias\/#website\"},\"primaryImageOfPage\":{\"@id\":\"https:\/\/franciscanos.org.br\/noticias\/fraternidade-do-largo-da-carioca-realiza-retiro-espiritual.html#primaryimage\"},\"datePublished\":\"2012-10-26T10:27:37+00:00\",\"dateModified\":\"2020-11-10T16:20:22+00:00\",\"author\":{\"@id\":\"https:\/\/franciscanos.org.br\/noticias\/#\/schema\/person\/b38fbf43118f02820bd932f2e4b14ad3\"},\"breadcrumb\":{\"@id\":\"https:\/\/franciscanos.org.br\/noticias\/fraternidade-do-largo-da-carioca-realiza-retiro-espiritual.html#breadcrumb\"},\"inLanguage\":\"pt-BR\",\"potentialAction\":[{\"@type\":\"ReadAction\",\"target\":[\"https:\/\/franciscanos.org.br\/noticias\/fraternidade-do-largo-da-carioca-realiza-retiro-espiritual.html\"]}]},{\"@type\":\"BreadcrumbList\",\"@id\":\"https:\/\/franciscanos.org.br\/noticias\/fraternidade-do-largo-da-carioca-realiza-retiro-espiritual.html#breadcrumb\",\"itemListElement\":[{\"@type\":\"ListItem\",\"position\":1,\"name\":\"Home\",\"item\":\"https:\/\/franciscanos.org.br\/noticias\"},{\"@type\":\"ListItem\",\"position\":2,\"name\":\"Fraternidade do Largo da Carioca realiza retiro espiritual\"}]},{\"@type\":\"Person\",\"@id\":\"https:\/\/franciscanos.org.br\/noticias\/#\/schema\/person\/b38fbf43118f02820bd932f2e4b14ad3\",\"name\":\"admin\",\"image\":{\"@type\":\"ImageObject\",\"inLanguage\":\"pt-BR\",\"@id\":\"https:\/\/franciscanos.org.br\/noticias\/#\/schema\/person\/image\/\",\"url\":\"https:\/\/secure.gravatar.com\/avatar\/e8495742d34d0ba6448ea1c628263b3e?s=96&d=mm&r=g\",\"contentUrl\":\"https:\/\/secure.gravatar.com\/avatar\/e8495742d34d0ba6448ea1c628263b3e?s=96&d=mm&r=g\",\"caption\":\"admin\"},\"url\":\"https:\/\/franciscanos.org.br\/noticias\/author\/admin\"}]}<\/script>\n<!-- \/ Yoast SEO plugin. -->","yoast_head_json":{"title":"Fraternidade do Largo da Carioca realiza retiro espiritual - Not\u00edcias - Franciscanos","robots":{"index":"index","follow":"follow","max-snippet":"max-snippet:-1","max-image-preview":"max-image-preview:large","max-video-preview":"max-video-preview:-1"},"canonical":"https:\/\/franciscanos.org.br\/noticias\/fraternidade-do-largo-da-carioca-realiza-retiro-espiritual.html","og_locale":"pt_BR","og_type":"article","og_title":"Fraternidade do Largo da Carioca realiza retiro espiritual - Not\u00edcias - Franciscanos","og_description":"OFS","og_url":"https:\/\/franciscanos.org.br\/noticias\/fraternidade-do-largo-da-carioca-realiza-retiro-espiritual.html","og_site_name":"Not\u00edcias - Franciscanos","article_published_time":"2012-10-26T10:27:37+00:00","article_modified_time":"2020-11-10T16:20:22+00:00","og_image":[{"width":273,"height":182,"url":"https:\/\/franciscanos.org.br\/noticias\/wp-content\/uploads\/2012\/10\/3971_261012.jpg","type":"image\/jpeg"}],"author":"admin","twitter_card":"summary_large_image","twitter_misc":{"Escrito por":"admin","Est. tempo de leitura":"4 minutos"},"schema":{"@context":"https:\/\/schema.org","@graph":[{"@type":"WebSite","@id":"https:\/\/franciscanos.org.br\/noticias\/#website","url":"https:\/\/franciscanos.org.br\/noticias\/","name":"Not\u00edcias - Franciscanos","description":"Prov\u00edncia Franciscana da Imaculada Concei\u00e7\u00e3o do Brasil - Ordem dos Frades Menores - OFM","potentialAction":[{"@type":"SearchAction","target":{"@type":"EntryPoint","urlTemplate":"https:\/\/franciscanos.org.br\/noticias\/?s={search_term_string}"},"query-input":"required name=search_term_string"}],"inLanguage":"pt-BR"},{"@type":"ImageObject","inLanguage":"pt-BR","@id":"https:\/\/franciscanos.org.br\/noticias\/fraternidade-do-largo-da-carioca-realiza-retiro-espiritual.html#primaryimage","url":"https:\/\/franciscanos.org.br\/noticias\/wp-content\/uploads\/2012\/10\/3971_261012.jpg","contentUrl":"https:\/\/franciscanos.org.br\/noticias\/wp-content\/uploads\/2012\/10\/3971_261012.jpg","width":273,"height":182},{"@type":"WebPage","@id":"https:\/\/franciscanos.org.br\/noticias\/fraternidade-do-largo-da-carioca-realiza-retiro-espiritual.html#webpage","url":"https:\/\/franciscanos.org.br\/noticias\/fraternidade-do-largo-da-carioca-realiza-retiro-espiritual.html","name":"Fraternidade do Largo da Carioca realiza retiro espiritual - Not\u00edcias - Franciscanos","isPartOf":{"@id":"https:\/\/franciscanos.org.br\/noticias\/#website"},"primaryImageOfPage":{"@id":"https:\/\/franciscanos.org.br\/noticias\/fraternidade-do-largo-da-carioca-realiza-retiro-espiritual.html#primaryimage"},"datePublished":"2012-10-26T10:27:37+00:00","dateModified":"2020-11-10T16:20:22+00:00","author":{"@id":"https:\/\/franciscanos.org.br\/noticias\/#\/schema\/person\/b38fbf43118f02820bd932f2e4b14ad3"},"breadcrumb":{"@id":"https:\/\/franciscanos.org.br\/noticias\/fraternidade-do-largo-da-carioca-realiza-retiro-espiritual.html#breadcrumb"},"inLanguage":"pt-BR","potentialAction":[{"@type":"ReadAction","target":["https:\/\/franciscanos.org.br\/noticias\/fraternidade-do-largo-da-carioca-realiza-retiro-espiritual.html"]}]},{"@type":"BreadcrumbList","@id":"https:\/\/franciscanos.org.br\/noticias\/fraternidade-do-largo-da-carioca-realiza-retiro-espiritual.html#breadcrumb","itemListElement":[{"@type":"ListItem","position":1,"name":"Home","item":"https:\/\/franciscanos.org.br\/noticias"},{"@type":"ListItem","position":2,"name":"Fraternidade do Largo da Carioca realiza retiro espiritual"}]},{"@type":"Person","@id":"https:\/\/franciscanos.org.br\/noticias\/#\/schema\/person\/b38fbf43118f02820bd932f2e4b14ad3","name":"admin","image":{"@type":"ImageObject","inLanguage":"pt-BR","@id":"https:\/\/franciscanos.org.br\/noticias\/#\/schema\/person\/image\/","url":"https:\/\/secure.gravatar.com\/avatar\/e8495742d34d0ba6448ea1c628263b3e?s=96&d=mm&r=g","contentUrl":"https:\/\/secure.gravatar.com\/avatar\/e8495742d34d0ba6448ea1c628263b3e?s=96&d=mm&r=g","caption":"admin"},"url":"https:\/\/franciscanos.org.br\/noticias\/author\/admin"}]}},"_links":{"self":[{"href":"https:\/\/franciscanos.org.br\/noticias\/wp-json\/wp\/v2\/posts\/27147"}],"collection":[{"href":"https:\/\/franciscanos.org.br\/noticias\/wp-json\/wp\/v2\/posts"}],"about":[{"href":"https:\/\/franciscanos.org.br\/noticias\/wp-json\/wp\/v2\/types\/post"}],"author":[{"embeddable":true,"href":"https:\/\/franciscanos.org.br\/noticias\/wp-json\/wp\/v2\/users\/1"}],"replies":[{"embeddable":true,"href":"https:\/\/franciscanos.org.br\/noticias\/wp-json\/wp\/v2\/comments?post=27147"}],"version-history":[{"count":1,"href":"https:\/\/franciscanos.org.br\/noticias\/wp-json\/wp\/v2\/posts\/27147\/revisions"}],"predecessor-version":[{"id":229179,"href":"https:\/\/franciscanos.org.br\/noticias\/wp-json\/wp\/v2\/posts\/27147\/revisions\/229179"}],"wp:featuredmedia":[{"embeddable":true,"href":"https:\/\/franciscanos.org.br\/noticias\/wp-json\/wp\/v2\/media\/213711"}],"wp:attachment":[{"href":"https:\/\/franciscanos.org.br\/noticias\/wp-json\/wp\/v2\/media?parent=27147"}],"wp:term":[{"taxonomy":"category","embeddable":true,"href":"https:\/\/franciscanos.org.br\/noticias\/wp-json\/wp\/v2\/categories?post=27147"},{"taxonomy":"post_tag","embeddable":true,"href":"https:\/\/franciscanos.org.br\/noticias\/wp-json\/wp\/v2\/tags?post=27147"}],"curies":[{"name":"wp","href":"https:\/\/api.w.org\/{rel}","templated":true}]}}