{"id":27083,"date":"2012-10-25T15:12:56","date_gmt":"2012-10-25T17:12:56","guid":{"rendered":"http:\/\/new.franciscanos.org.br\/?p=27083"},"modified":"2019-11-06T10:45:26","modified_gmt":"2019-11-06T13:45:26","slug":"admissao-de-seis-frades-estudantes-de-teologia-aos-ministerios-instituidos","status":"publish","type":"post","link":"https:\/\/franciscanos.org.br\/noticias\/admissao-de-seis-frades-estudantes-de-teologia-aos-ministerios-instituidos.html","title":{"rendered":"Admiss\u00e3o de seis frades estudantes de Teologia aos minist\u00e9rios institu\u00eddos"},"content":{"rendered":"<p><strong><img loading=\"lazy\" class=\"alignright size-full wp-image-27084\" title=\"Admiss\u00e3o de seis frades estudantes de Teologia aos minist\u00e9rios institu\u00eddos\" src=\"http:\/\/franciscanos.org.br\/wp-content\/uploads\/2012\/10\/3961_251012.jpg\" alt=\"\" width=\"400\" height=\"300\" \/>Por Frei Neuzimar Santana Campos e Silva e\u00a0Frei Fernando dos Reis Moura<\/strong><\/p>\n<p>No dia 16 de setembro, \u00e0s 18 horas, durante a Celebra\u00e7\u00e3o Eucar\u00edstica, na Igreja Sagrado Cora\u00e7\u00e3o de Jesus, em Petr\u00f3polis (RJ)], foram admitidos seis frades estudantes de Teologia aos minist\u00e9rios institu\u00eddos do Leitorado e Acolitado, sendo eles: Frei Jean Carlos A. Oliveira (da Prov\u00edncia da Imaculada Concei\u00e7\u00e3o do Brasil), Frei Fernando dos Reis Moura, Frei Jo\u00e3o Francisco Neto, Frei Mon\u00edzio Silvio de Campos, Frei Neuzimar Santana Campos e Silva (da Cust\u00f3dia das Sete Alegrias de Nossa Senhora, MT e MS) e Frei Pedro Rodrigues Fernandes (da Cust\u00f3dia S\u00e3o Benedito da Amaz\u00f4nia).<\/p>\n<p>A celebra\u00e7\u00e3o, presidida por Frei Adriano Peixoto e concelebra por Frei C\u00e9sar K\u00fclkamp, transcorreu serena e sob os olhares atentos dos confrades e paroquianos.<\/p>\n<p>Ap\u00f3s a ora\u00e7\u00e3o da coleta, fomos chamados \u00e0 frente do altar. Feita a prece em vista do servi\u00e7o de leitor que est\u00e1vamos assumindo, o presidente da celebra\u00e7\u00e3o entregou-nos o livro da Sagrada Escritura com o compromisso do an\u00fancio fiel da Palavra de Deus.<\/p>\n<p>Em sua homilia, Frei Adriano nos orientou a proclamarmos a Palavra de Deus para n\u00f3s mesmos, para a nossa vida, antes de a proclamarmos para a assembleia lit\u00fargica. Desta forma, exortou-nos a sermos ass\u00edduos frequentadores da Palavra de Deus.<\/p>\n<p>Em rela\u00e7\u00e3o ao minist\u00e9rio do Acolitado, Frei Adriano lembrou que nos \u00e9 confiada a miss\u00e3o de auxiliar os presb\u00edteros e os di\u00e1conos no desempenho das suas fun\u00e7\u00f5es, e de distribuir aos fi\u00e9is a sagrada Comunh\u00e3o, sem jamais se esquecer dos doentes como ministros extraordin\u00e1rios.<\/p>\n<p>Terminada sua reflex\u00e3o, encaminhamo-nos \u00e0 frente do altar, novamente, para a institui\u00e7\u00e3o do Acolitado. Como na institui\u00e7\u00e3o precedente, ap\u00f3s a ora\u00e7\u00e3o em vista desse servi\u00e7o, nos ajoelhamos diante do presidente da celebra\u00e7\u00e3o que nos entregou, desta vez, a patena com o p\u00e3o a ser consagrado, conferindo-nos a atribui\u00e7\u00e3o de servir dignamente a mesa do Senhor e da Igreja.<\/p>\n<p>Aos confrades que exercem o minist\u00e9rio da forma\u00e7\u00e3o e aos demais irm\u00e3os, que tamb\u00e9m contribu\u00edram para mais este passo em nosso processo formativo, o nosso muito obrigado!<\/p>\n","protected":false},"excerpt":{"rendered":"<p>Forma\u00e7\u00e3o e Estudos<\/p>\n","protected":false},"author":1,"featured_media":201351,"comment_status":"closed","ping_status":"open","sticky":false,"template":"","format":"standard","meta":[],"categories":[1],"tags":[604],"acf":[],"yoast_head":"<!-- This site is optimized with the Yoast SEO plugin v19.2 - https:\/\/yoast.com\/wordpress\/plugins\/seo\/ -->\n<title>Admiss\u00e3o de seis frades estudantes de Teologia aos minist\u00e9rios institu\u00eddos - Not\u00edcias - Franciscanos<\/title>\n<meta name=\"robots\" content=\"index, follow, max-snippet:-1, max-image-preview:large, max-video-preview:-1\" \/>\n<link rel=\"canonical\" href=\"https:\/\/franciscanos.org.br\/noticias\/admissao-de-seis-frades-estudantes-de-teologia-aos-ministerios-instituidos.html\" \/>\n<meta property=\"og:locale\" content=\"pt_BR\" \/>\n<meta property=\"og:type\" content=\"article\" \/>\n<meta property=\"og:title\" content=\"Admiss\u00e3o de seis frades estudantes de Teologia aos minist\u00e9rios institu\u00eddos - Not\u00edcias - Franciscanos\" \/>\n<meta property=\"og:description\" content=\"Forma\u00e7\u00e3o e Estudos\" \/>\n<meta property=\"og:url\" content=\"https:\/\/franciscanos.org.br\/noticias\/admissao-de-seis-frades-estudantes-de-teologia-aos-ministerios-instituidos.html\" \/>\n<meta property=\"og:site_name\" content=\"Not\u00edcias - Franciscanos\" \/>\n<meta property=\"article:published_time\" content=\"2012-10-25T17:12:56+00:00\" \/>\n<meta property=\"article:modified_time\" content=\"2019-11-06T13:45:26+00:00\" \/>\n<meta property=\"og:image\" content=\"https:\/\/franciscanos.org.br\/noticias\/wp-content\/uploads\/2012\/10\/3961_251012-1.jpg\" \/>\n\t<meta property=\"og:image:width\" content=\"273\" \/>\n\t<meta property=\"og:image:height\" content=\"181\" \/>\n\t<meta property=\"og:image:type\" content=\"image\/jpeg\" \/>\n<meta name=\"author\" content=\"admin\" \/>\n<meta name=\"twitter:card\" content=\"summary_large_image\" \/>\n<meta name=\"twitter:label1\" content=\"Escrito por\" \/>\n\t<meta name=\"twitter:data1\" content=\"admin\" \/>\n\t<meta name=\"twitter:label2\" content=\"Est. tempo de leitura\" \/>\n\t<meta name=\"twitter:data2\" content=\"2 minutos\" \/>\n<script type=\"application\/ld+json\" class=\"yoast-schema-graph\">{\"@context\":\"https:\/\/schema.org\",\"@graph\":[{\"@type\":\"WebSite\",\"@id\":\"https:\/\/franciscanos.org.br\/noticias\/#website\",\"url\":\"https:\/\/franciscanos.org.br\/noticias\/\",\"name\":\"Not\u00edcias - Franciscanos\",\"description\":\"Prov\u00edncia Franciscana da Imaculada Concei\u00e7\u00e3o do Brasil - Ordem dos Frades Menores - OFM\",\"potentialAction\":[{\"@type\":\"SearchAction\",\"target\":{\"@type\":\"EntryPoint\",\"urlTemplate\":\"https:\/\/franciscanos.org.br\/noticias\/?s={search_term_string}\"},\"query-input\":\"required name=search_term_string\"}],\"inLanguage\":\"pt-BR\"},{\"@type\":\"ImageObject\",\"inLanguage\":\"pt-BR\",\"@id\":\"https:\/\/franciscanos.org.br\/noticias\/admissao-de-seis-frades-estudantes-de-teologia-aos-ministerios-instituidos.html#primaryimage\",\"url\":\"https:\/\/franciscanos.org.br\/noticias\/wp-content\/uploads\/2012\/10\/3961_251012-1.jpg\",\"contentUrl\":\"https:\/\/franciscanos.org.br\/noticias\/wp-content\/uploads\/2012\/10\/3961_251012-1.jpg\",\"width\":273,\"height\":181},{\"@type\":\"WebPage\",\"@id\":\"https:\/\/franciscanos.org.br\/noticias\/admissao-de-seis-frades-estudantes-de-teologia-aos-ministerios-instituidos.html#webpage\",\"url\":\"https:\/\/franciscanos.org.br\/noticias\/admissao-de-seis-frades-estudantes-de-teologia-aos-ministerios-instituidos.html\",\"name\":\"Admiss\u00e3o de seis frades estudantes de Teologia aos minist\u00e9rios institu\u00eddos - Not\u00edcias - Franciscanos\",\"isPartOf\":{\"@id\":\"https:\/\/franciscanos.org.br\/noticias\/#website\"},\"primaryImageOfPage\":{\"@id\":\"https:\/\/franciscanos.org.br\/noticias\/admissao-de-seis-frades-estudantes-de-teologia-aos-ministerios-instituidos.html#primaryimage\"},\"datePublished\":\"2012-10-25T17:12:56+00:00\",\"dateModified\":\"2019-11-06T13:45:26+00:00\",\"author\":{\"@id\":\"https:\/\/franciscanos.org.br\/noticias\/#\/schema\/person\/b38fbf43118f02820bd932f2e4b14ad3\"},\"breadcrumb\":{\"@id\":\"https:\/\/franciscanos.org.br\/noticias\/admissao-de-seis-frades-estudantes-de-teologia-aos-ministerios-instituidos.html#breadcrumb\"},\"inLanguage\":\"pt-BR\",\"potentialAction\":[{\"@type\":\"ReadAction\",\"target\":[\"https:\/\/franciscanos.org.br\/noticias\/admissao-de-seis-frades-estudantes-de-teologia-aos-ministerios-instituidos.html\"]}]},{\"@type\":\"BreadcrumbList\",\"@id\":\"https:\/\/franciscanos.org.br\/noticias\/admissao-de-seis-frades-estudantes-de-teologia-aos-ministerios-instituidos.html#breadcrumb\",\"itemListElement\":[{\"@type\":\"ListItem\",\"position\":1,\"name\":\"Home\",\"item\":\"https:\/\/franciscanos.org.br\/noticias\"},{\"@type\":\"ListItem\",\"position\":2,\"name\":\"Admiss\u00e3o de seis frades estudantes de Teologia aos minist\u00e9rios institu\u00eddos\"}]},{\"@type\":\"Person\",\"@id\":\"https:\/\/franciscanos.org.br\/noticias\/#\/schema\/person\/b38fbf43118f02820bd932f2e4b14ad3\",\"name\":\"admin\",\"image\":{\"@type\":\"ImageObject\",\"inLanguage\":\"pt-BR\",\"@id\":\"https:\/\/franciscanos.org.br\/noticias\/#\/schema\/person\/image\/\",\"url\":\"https:\/\/secure.gravatar.com\/avatar\/e8495742d34d0ba6448ea1c628263b3e?s=96&d=mm&r=g\",\"contentUrl\":\"https:\/\/secure.gravatar.com\/avatar\/e8495742d34d0ba6448ea1c628263b3e?s=96&d=mm&r=g\",\"caption\":\"admin\"},\"url\":\"https:\/\/franciscanos.org.br\/noticias\/author\/admin\"}]}<\/script>\n<!-- \/ Yoast SEO plugin. -->","yoast_head_json":{"title":"Admiss\u00e3o de seis frades estudantes de Teologia aos minist\u00e9rios institu\u00eddos - Not\u00edcias - Franciscanos","robots":{"index":"index","follow":"follow","max-snippet":"max-snippet:-1","max-image-preview":"max-image-preview:large","max-video-preview":"max-video-preview:-1"},"canonical":"https:\/\/franciscanos.org.br\/noticias\/admissao-de-seis-frades-estudantes-de-teologia-aos-ministerios-instituidos.html","og_locale":"pt_BR","og_type":"article","og_title":"Admiss\u00e3o de seis frades estudantes de Teologia aos minist\u00e9rios institu\u00eddos - Not\u00edcias - Franciscanos","og_description":"Forma\u00e7\u00e3o e Estudos","og_url":"https:\/\/franciscanos.org.br\/noticias\/admissao-de-seis-frades-estudantes-de-teologia-aos-ministerios-instituidos.html","og_site_name":"Not\u00edcias - Franciscanos","article_published_time":"2012-10-25T17:12:56+00:00","article_modified_time":"2019-11-06T13:45:26+00:00","og_image":[{"width":273,"height":181,"url":"https:\/\/franciscanos.org.br\/noticias\/wp-content\/uploads\/2012\/10\/3961_251012-1.jpg","type":"image\/jpeg"}],"author":"admin","twitter_card":"summary_large_image","twitter_misc":{"Escrito por":"admin","Est. tempo de leitura":"2 minutos"},"schema":{"@context":"https:\/\/schema.org","@graph":[{"@type":"WebSite","@id":"https:\/\/franciscanos.org.br\/noticias\/#website","url":"https:\/\/franciscanos.org.br\/noticias\/","name":"Not\u00edcias - Franciscanos","description":"Prov\u00edncia Franciscana da Imaculada Concei\u00e7\u00e3o do Brasil - Ordem dos Frades Menores - OFM","potentialAction":[{"@type":"SearchAction","target":{"@type":"EntryPoint","urlTemplate":"https:\/\/franciscanos.org.br\/noticias\/?s={search_term_string}"},"query-input":"required name=search_term_string"}],"inLanguage":"pt-BR"},{"@type":"ImageObject","inLanguage":"pt-BR","@id":"https:\/\/franciscanos.org.br\/noticias\/admissao-de-seis-frades-estudantes-de-teologia-aos-ministerios-instituidos.html#primaryimage","url":"https:\/\/franciscanos.org.br\/noticias\/wp-content\/uploads\/2012\/10\/3961_251012-1.jpg","contentUrl":"https:\/\/franciscanos.org.br\/noticias\/wp-content\/uploads\/2012\/10\/3961_251012-1.jpg","width":273,"height":181},{"@type":"WebPage","@id":"https:\/\/franciscanos.org.br\/noticias\/admissao-de-seis-frades-estudantes-de-teologia-aos-ministerios-instituidos.html#webpage","url":"https:\/\/franciscanos.org.br\/noticias\/admissao-de-seis-frades-estudantes-de-teologia-aos-ministerios-instituidos.html","name":"Admiss\u00e3o de seis frades estudantes de Teologia aos minist\u00e9rios institu\u00eddos - Not\u00edcias - Franciscanos","isPartOf":{"@id":"https:\/\/franciscanos.org.br\/noticias\/#website"},"primaryImageOfPage":{"@id":"https:\/\/franciscanos.org.br\/noticias\/admissao-de-seis-frades-estudantes-de-teologia-aos-ministerios-instituidos.html#primaryimage"},"datePublished":"2012-10-25T17:12:56+00:00","dateModified":"2019-11-06T13:45:26+00:00","author":{"@id":"https:\/\/franciscanos.org.br\/noticias\/#\/schema\/person\/b38fbf43118f02820bd932f2e4b14ad3"},"breadcrumb":{"@id":"https:\/\/franciscanos.org.br\/noticias\/admissao-de-seis-frades-estudantes-de-teologia-aos-ministerios-instituidos.html#breadcrumb"},"inLanguage":"pt-BR","potentialAction":[{"@type":"ReadAction","target":["https:\/\/franciscanos.org.br\/noticias\/admissao-de-seis-frades-estudantes-de-teologia-aos-ministerios-instituidos.html"]}]},{"@type":"BreadcrumbList","@id":"https:\/\/franciscanos.org.br\/noticias\/admissao-de-seis-frades-estudantes-de-teologia-aos-ministerios-instituidos.html#breadcrumb","itemListElement":[{"@type":"ListItem","position":1,"name":"Home","item":"https:\/\/franciscanos.org.br\/noticias"},{"@type":"ListItem","position":2,"name":"Admiss\u00e3o de seis frades estudantes de Teologia aos minist\u00e9rios institu\u00eddos"}]},{"@type":"Person","@id":"https:\/\/franciscanos.org.br\/noticias\/#\/schema\/person\/b38fbf43118f02820bd932f2e4b14ad3","name":"admin","image":{"@type":"ImageObject","inLanguage":"pt-BR","@id":"https:\/\/franciscanos.org.br\/noticias\/#\/schema\/person\/image\/","url":"https:\/\/secure.gravatar.com\/avatar\/e8495742d34d0ba6448ea1c628263b3e?s=96&d=mm&r=g","contentUrl":"https:\/\/secure.gravatar.com\/avatar\/e8495742d34d0ba6448ea1c628263b3e?s=96&d=mm&r=g","caption":"admin"},"url":"https:\/\/franciscanos.org.br\/noticias\/author\/admin"}]}},"_links":{"self":[{"href":"https:\/\/franciscanos.org.br\/noticias\/wp-json\/wp\/v2\/posts\/27083"}],"collection":[{"href":"https:\/\/franciscanos.org.br\/noticias\/wp-json\/wp\/v2\/posts"}],"about":[{"href":"https:\/\/franciscanos.org.br\/noticias\/wp-json\/wp\/v2\/types\/post"}],"author":[{"embeddable":true,"href":"https:\/\/franciscanos.org.br\/noticias\/wp-json\/wp\/v2\/users\/1"}],"replies":[{"embeddable":true,"href":"https:\/\/franciscanos.org.br\/noticias\/wp-json\/wp\/v2\/comments?post=27083"}],"version-history":[{"count":0,"href":"https:\/\/franciscanos.org.br\/noticias\/wp-json\/wp\/v2\/posts\/27083\/revisions"}],"wp:featuredmedia":[{"embeddable":true,"href":"https:\/\/franciscanos.org.br\/noticias\/wp-json\/wp\/v2\/media\/201351"}],"wp:attachment":[{"href":"https:\/\/franciscanos.org.br\/noticias\/wp-json\/wp\/v2\/media?parent=27083"}],"wp:term":[{"taxonomy":"category","embeddable":true,"href":"https:\/\/franciscanos.org.br\/noticias\/wp-json\/wp\/v2\/categories?post=27083"},{"taxonomy":"post_tag","embeddable":true,"href":"https:\/\/franciscanos.org.br\/noticias\/wp-json\/wp\/v2\/tags?post=27083"}],"curies":[{"name":"wp","href":"https:\/\/api.w.org\/{rel}","templated":true}]}}