{"id":270501,"date":"2026-09-04T16:10:11","date_gmt":"2026-09-04T19:10:11","guid":{"rendered":"https:\/\/franciscanos.org.br\/noticias\/?p=270501"},"modified":"2026-09-04T16:10:11","modified_gmt":"2026-09-04T19:10:11","slug":"frades-da-conferencia-brasil-e-cone-sul-concluem-a-segunda-etapa-do-curso-para-formadores","status":"publish","type":"post","link":"https:\/\/franciscanos.org.br\/noticias\/frades-da-conferencia-brasil-e-cone-sul-concluem-a-segunda-etapa-do-curso-para-formadores.html","title":{"rendered":"Frades da Confer\u00eancia Brasil e Cone Sul concluem a segunda etapa do Curso para Formadores"},"content":{"rendered":"<p><img loading=\"lazy\" class=\"aligncenter wp-image-270503 size-full\" src=\"https:\/\/franciscanos.org.br\/noticias\/wp-content\/uploads\/2026\/09\/formadores-3-1.jpeg\" alt=\"Frades da Confer\u00eancia Brasil e Cone Sul concluem a segunda etapa do Curso para Formadores\" width=\"664\" height=\"387\" srcset=\"https:\/\/franciscanos.org.br\/noticias\/wp-content\/uploads\/2026\/09\/formadores-3-1.jpeg 664w, https:\/\/franciscanos.org.br\/noticias\/wp-content\/uploads\/2026\/09\/formadores-3-1-450x262.jpeg 450w, https:\/\/franciscanos.org.br\/noticias\/wp-content\/uploads\/2026\/09\/formadores-3-1-150x87.jpeg 150w\" sizes=\"(max-width: 664px) 100vw, 664px\" \/><\/p>\n<p><span style=\"font-weight: 400;\">Com uma peregrina\u00e7\u00e3o ao Santu\u00e1rio de Nossa Senhora Aparecida, os frades da Confer\u00eancia Brasil e Cone Sul da Ordem dos Frades Menores, que estavam participando do Curso para Formadores, conclu\u00edram, no dia 30 de agosto, a segunda semana presencial de forma\u00e7\u00e3o. Promovido pela Confer\u00eancia, o Curso para formadores, animadores do Servi\u00e7o de Anima\u00e7\u00e3o Vocacional e Guardi\u00e3es reuniu as 9 entidades do Brasil (6 Prov\u00edncias e 3 Cust\u00f3dias), e as tr\u00eas Prov\u00edncia do Cone Sul: duas na Argentina e uma no Chile.\u00a0\u00a0<\/span><\/p>\n<p><span style=\"font-weight: 400;\">A forma\u00e7\u00e3o foi realizada em duas etapas presenciais, com duas semanas em abril e duas em agosto, na cidade de Petr\u00f3polis (RJ), al\u00e9m de aulas semanais online entre maio e julho. Participaram do Curso 18 religiosos franciscanos, incluindo duas irm\u00e3s Franciscanas do Amparo. Al\u00e9m dos brasileiros de v\u00e1rios estados, tamb\u00e9m participaram dois irm\u00e3os do Paraguai e um da Argentina.<\/span><\/p>\n<p><span style=\"font-weight: 400;\">O curso abordou diferentes dimens\u00f5es do servi\u00e7o de forma\u00e7\u00e3o: a pessoa do formador, com \u00eanfase na espiritualidade e na vida religiosa; o minist\u00e9rio do formador, contemplando compet\u00eancias, documentos e estruturas formativas; os jovens e os desafios contempor\u00e2neos; e, finalmente, a rela\u00e7\u00e3o entre forma\u00e7\u00e3o e miss\u00e3o. O corpo docente foi composto por professores do Brasil, da Argentina e do Chile, contemplando uma perspectiva intercultural sobre os desafios da forma\u00e7\u00e3o franciscana que fazem parte da realidade da Confer\u00eancia.\u00a0<\/span><\/p>\n<p><span style=\"font-weight: 400;\">Os participantes tamb\u00e9m tiveram a oportunidade de conhecer e refletir, a partir da pr\u00e1tica, sobre realidades que fazem parte da identidade evangelizadora da Ordem, como a visita a comunidades empobrecidas (Favela da Rocinha), projetos sociais com pessoas em situa\u00e7\u00e3o de rua (Casa Franciscana \u2013 Sefras Rio), Fazenda da Esperan\u00e7a (Guaratinguet\u00e1) e Santu\u00e1rio Frei Galv\u00e3o (Guaratinguet\u00e1). O objetivo destas experi\u00eancias foi possibilitar aos participantes perceber que a forma\u00e7\u00e3o franciscana n\u00e3o se reduz ao espa\u00e7o acad\u00eamico, mas que as experi\u00eancias concretas, em contato direto com situa\u00e7\u00f5es-limite, que interpelam nossa vida, s\u00e3o leg\u00edtimos espa\u00e7os de forma\u00e7\u00e3o para o carisma franciscano.\u00a0<\/span><\/p>\n\n\t\t<style type=\"text\/css\">\n\t\t\t#gallery-1 {\n\t\t\t\tmargin: auto;\n\t\t\t}\n\t\t\t#gallery-1 .gallery-item {\n\t\t\t\tfloat: left;\n\t\t\t\tmargin-top: 10px;\n\t\t\t\ttext-align: center;\n\t\t\t\twidth: 33%;\n\t\t\t}\n\t\t\t#gallery-1 img {\n\t\t\t\tborder: 2px solid #cfcfcf;\n\t\t\t}\n\t\t\t#gallery-1 .gallery-caption {\n\t\t\t\tmargin-left: 0;\n\t\t\t}\n\t\t\t\/* see gallery_shortcode() in wp-includes\/media.php *\/\n\t\t<\/style>\n\t\t<div id='gallery-1' class='gallery galleryid-270501 gallery-columns-3 gallery-size-thumbnail'><dl class='gallery-item'>\n\t\t\t<dt class='gallery-icon portrait'>\n\t\t\t\t<a href='https:\/\/franciscanos.org.br\/noticias\/wp-content\/uploads\/2026\/09\/formadores-2.jpeg'><img width=\"300\" height=\"300\" src=\"https:\/\/franciscanos.org.br\/noticias\/wp-content\/uploads\/2026\/09\/formadores-2-300x300.jpeg\" class=\"attachment-thumbnail size-thumbnail\" alt=\"\" loading=\"lazy\" srcset=\"https:\/\/franciscanos.org.br\/noticias\/wp-content\/uploads\/2026\/09\/formadores-2-300x300.jpeg 300w, https:\/\/franciscanos.org.br\/noticias\/wp-content\/uploads\/2026\/09\/formadores-2-100x100.jpeg 100w\" sizes=\"(max-width: 300px) 100vw, 300px\" \/><\/a>\n\t\t\t<\/dt><\/dl><dl class='gallery-item'>\n\t\t\t<dt class='gallery-icon portrait'>\n\t\t\t\t<a href='https:\/\/franciscanos.org.br\/noticias\/wp-content\/uploads\/2026\/09\/formadores-4.jpeg'><img width=\"300\" height=\"300\" src=\"https:\/\/franciscanos.org.br\/noticias\/wp-content\/uploads\/2026\/09\/formadores-4-300x300.jpeg\" class=\"attachment-thumbnail size-thumbnail\" alt=\"\" loading=\"lazy\" srcset=\"https:\/\/franciscanos.org.br\/noticias\/wp-content\/uploads\/2026\/09\/formadores-4-300x300.jpeg 300w, https:\/\/franciscanos.org.br\/noticias\/wp-content\/uploads\/2026\/09\/formadores-4-100x100.jpeg 100w\" sizes=\"(max-width: 300px) 100vw, 300px\" \/><\/a>\n\t\t\t<\/dt><\/dl><dl class='gallery-item'>\n\t\t\t<dt class='gallery-icon landscape'>\n\t\t\t\t<a href='https:\/\/franciscanos.org.br\/noticias\/wp-content\/uploads\/2026\/09\/formadores-5.jpeg'><img width=\"300\" height=\"300\" src=\"https:\/\/franciscanos.org.br\/noticias\/wp-content\/uploads\/2026\/09\/formadores-5-300x300.jpeg\" class=\"attachment-thumbnail size-thumbnail\" alt=\"\" loading=\"lazy\" srcset=\"https:\/\/franciscanos.org.br\/noticias\/wp-content\/uploads\/2026\/09\/formadores-5-300x300.jpeg 300w, https:\/\/franciscanos.org.br\/noticias\/wp-content\/uploads\/2026\/09\/formadores-5-100x100.jpeg 100w\" sizes=\"(max-width: 300px) 100vw, 300px\" \/><\/a>\n\t\t\t<\/dt><\/dl><br style=\"clear: both\" \/><dl class='gallery-item'>\n\t\t\t<dt class='gallery-icon landscape'>\n\t\t\t\t<a href='https:\/\/franciscanos.org.br\/noticias\/wp-content\/uploads\/2026\/09\/formadores-7.jpeg'><img width=\"300\" height=\"300\" src=\"https:\/\/franciscanos.org.br\/noticias\/wp-content\/uploads\/2026\/09\/formadores-7-300x300.jpeg\" class=\"attachment-thumbnail size-thumbnail\" alt=\"\" loading=\"lazy\" srcset=\"https:\/\/franciscanos.org.br\/noticias\/wp-content\/uploads\/2026\/09\/formadores-7-300x300.jpeg 300w, https:\/\/franciscanos.org.br\/noticias\/wp-content\/uploads\/2026\/09\/formadores-7-100x100.jpeg 100w\" sizes=\"(max-width: 300px) 100vw, 300px\" \/><\/a>\n\t\t\t<\/dt><\/dl><dl class='gallery-item'>\n\t\t\t<dt class='gallery-icon portrait'>\n\t\t\t\t<a href='https:\/\/franciscanos.org.br\/noticias\/wp-content\/uploads\/2026\/09\/formadores-8.jpeg'><img width=\"300\" height=\"300\" src=\"https:\/\/franciscanos.org.br\/noticias\/wp-content\/uploads\/2026\/09\/formadores-8-300x300.jpeg\" class=\"attachment-thumbnail size-thumbnail\" alt=\"\" loading=\"lazy\" srcset=\"https:\/\/franciscanos.org.br\/noticias\/wp-content\/uploads\/2026\/09\/formadores-8-300x300.jpeg 300w, https:\/\/franciscanos.org.br\/noticias\/wp-content\/uploads\/2026\/09\/formadores-8-100x100.jpeg 100w\" sizes=\"(max-width: 300px) 100vw, 300px\" \/><\/a>\n\t\t\t<\/dt><\/dl><dl class='gallery-item'>\n\t\t\t<dt class='gallery-icon landscape'>\n\t\t\t\t<a href='https:\/\/franciscanos.org.br\/noticias\/wp-content\/uploads\/2026\/09\/formadores-9.jpeg'><img width=\"300\" height=\"300\" src=\"https:\/\/franciscanos.org.br\/noticias\/wp-content\/uploads\/2026\/09\/formadores-9-300x300.jpeg\" class=\"attachment-thumbnail size-thumbnail\" alt=\"\" loading=\"lazy\" srcset=\"https:\/\/franciscanos.org.br\/noticias\/wp-content\/uploads\/2026\/09\/formadores-9-300x300.jpeg 300w, https:\/\/franciscanos.org.br\/noticias\/wp-content\/uploads\/2026\/09\/formadores-9-100x100.jpeg 100w\" sizes=\"(max-width: 300px) 100vw, 300px\" \/><\/a>\n\t\t\t<\/dt><\/dl><br style=\"clear: both\" \/>\n\t\t<\/div>\n\n<p><span style=\"font-weight: 400;\">No \u00faltimo final de semana, dia 30 de agosto, os estudantes fizeram uma peregrina\u00e7\u00e3o ao Santu\u00e1rio de Nossa Senhora Aparecida, onde tiveram a gra\u00e7a de agradecer a Deus por intercess\u00e3o da M\u00e3e Maria, por tudo o que foi vivido ao longo do curso e pelas gra\u00e7as recebidas na caminhada pessoal e vocacional de cada um.\u00a0<\/span><\/p>\n<p><span style=\"font-weight: 400;\">A forma\u00e7\u00e3o, no entanto, n\u00e3o se encerrou com essa etapa presencial. Como parte da conclus\u00e3o do curso, os participantes ter\u00e3o que elaborar um artigo sobre algum tema que lhes tenha suscitado maior interesse ao longo do processo formativo. A partir da avalia\u00e7\u00e3o de um grupo de professores, alguns destes artigos poder\u00e3o fazer parte de uma colet\u00e2nea, que ser\u00e1 publicada em ebook.\u00a0<\/span><\/p>\n<p><span style=\"font-weight: 400;\">O estudo dos formadores \u00e9 um servi\u00e7o que vai al\u00e9m de capacitar para uma determina fun\u00e7\u00e3o, \u00e9 investir no futuro da vida franciscana. S\u00e3o os formadores que acompanham mais de perto os irm\u00e3os em suas v\u00e1rias etapas formativas, ajudando-os a discernir sua voca\u00e7\u00e3o, favorecendo o amadurecimento humano, espiritual e fraterno, contribuindo para que o carisma franciscano seja acolhido, vivido e transmitido \u00e0s novas gera\u00e7\u00f5es. &#8220;Formar formadores&#8221; \u00e9 uma tarefa essencial para a forma\u00e7\u00e3o do discipulado franciscano. N\u00e3o se trata apenas de transmitir conte\u00fados ou ensinar normas. Trata-se, sobretudo, de acompanhar pessoas no caminho do seguimento de Jesus Cristo segundo a forma de vida inspirada por Francisco de Assis. A qualidade da forma\u00e7\u00e3o dos formadores repercute diretamente na qualidade do processo formativo e, consequentemente, na vitalidade do pr\u00f3prio carisma franciscano.<\/span><\/p>\n<p><span style=\"font-weight: 400;\">Em nome da Secretaria de Forma\u00e7\u00e3o e Estudos da Confer\u00eancia Brasil e Cone Sul, agradecemos a todos aqueles que, de um modo ou de outro, permitiram que conclu\u00edssemos estas etapas do curso: \u00e0 Franciscan Missions, que possibilitou a realiza\u00e7\u00e3o deste Curso, aos professores, assessores, fraternidades e comunidades que acolheram os participantes, \u00e0s equipes de organiza\u00e7\u00e3o. Que tudo o que foi partilhado, vivido e aprendido, possa frutificar no servi\u00e7o de acompanhamento e forma\u00e7\u00e3o, para que o discipulado franciscano seja vivido com fidelidade, criatividade e esperan\u00e7a.\u00a0\u00a0<\/span><\/p>\n\n\t\t<style type=\"text\/css\">\n\t\t\t#gallery-2 {\n\t\t\t\tmargin: auto;\n\t\t\t}\n\t\t\t#gallery-2 .gallery-item {\n\t\t\t\tfloat: left;\n\t\t\t\tmargin-top: 10px;\n\t\t\t\ttext-align: center;\n\t\t\t\twidth: 33%;\n\t\t\t}\n\t\t\t#gallery-2 img {\n\t\t\t\tborder: 2px solid #cfcfcf;\n\t\t\t}\n\t\t\t#gallery-2 .gallery-caption {\n\t\t\t\tmargin-left: 0;\n\t\t\t}\n\t\t\t\/* see gallery_shortcode() in wp-includes\/media.php *\/\n\t\t<\/style>\n\t\t<div id='gallery-2' class='gallery galleryid-270501 gallery-columns-3 gallery-size-thumbnail'><dl class='gallery-item'>\n\t\t\t<dt class='gallery-icon portrait'>\n\t\t\t\t<a href='https:\/\/franciscanos.org.br\/noticias\/wp-content\/uploads\/2026\/09\/formadores-11.jpeg'><img width=\"300\" height=\"300\" src=\"https:\/\/franciscanos.org.br\/noticias\/wp-content\/uploads\/2026\/09\/formadores-11-300x300.jpeg\" class=\"attachment-thumbnail size-thumbnail\" alt=\"\" loading=\"lazy\" srcset=\"https:\/\/franciscanos.org.br\/noticias\/wp-content\/uploads\/2026\/09\/formadores-11-300x300.jpeg 300w, https:\/\/franciscanos.org.br\/noticias\/wp-content\/uploads\/2026\/09\/formadores-11-100x100.jpeg 100w\" sizes=\"(max-width: 300px) 100vw, 300px\" \/><\/a>\n\t\t\t<\/dt><\/dl><dl class='gallery-item'>\n\t\t\t<dt class='gallery-icon portrait'>\n\t\t\t\t<a href='https:\/\/franciscanos.org.br\/noticias\/wp-content\/uploads\/2026\/09\/formadores-10.jpeg'><img width=\"300\" height=\"300\" src=\"https:\/\/franciscanos.org.br\/noticias\/wp-content\/uploads\/2026\/09\/formadores-10-300x300.jpeg\" class=\"attachment-thumbnail size-thumbnail\" alt=\"\" loading=\"lazy\" srcset=\"https:\/\/franciscanos.org.br\/noticias\/wp-content\/uploads\/2026\/09\/formadores-10-300x300.jpeg 300w, https:\/\/franciscanos.org.br\/noticias\/wp-content\/uploads\/2026\/09\/formadores-10-100x100.jpeg 100w\" sizes=\"(max-width: 300px) 100vw, 300px\" \/><\/a>\n\t\t\t<\/dt><\/dl><dl class='gallery-item'>\n\t\t\t<dt class='gallery-icon landscape'>\n\t\t\t\t<a href='https:\/\/franciscanos.org.br\/noticias\/wp-content\/uploads\/2026\/09\/formadores-3-2.jpeg'><img width=\"300\" height=\"300\" src=\"https:\/\/franciscanos.org.br\/noticias\/wp-content\/uploads\/2026\/09\/formadores-3-2-300x300.jpeg\" class=\"attachment-thumbnail size-thumbnail\" alt=\"\" loading=\"lazy\" srcset=\"https:\/\/franciscanos.org.br\/noticias\/wp-content\/uploads\/2026\/09\/formadores-3-2-300x300.jpeg 300w, https:\/\/franciscanos.org.br\/noticias\/wp-content\/uploads\/2026\/09\/formadores-3-2-100x100.jpeg 100w\" sizes=\"(max-width: 300px) 100vw, 300px\" \/><\/a>\n\t\t\t<\/dt><\/dl><br style=\"clear: both\" \/><dl class='gallery-item'>\n\t\t\t<dt class='gallery-icon portrait'>\n\t\t\t\t<a href='https:\/\/franciscanos.org.br\/noticias\/wp-content\/uploads\/2026\/09\/formadores-13.jpeg'><img width=\"300\" height=\"300\" src=\"https:\/\/franciscanos.org.br\/noticias\/wp-content\/uploads\/2026\/09\/formadores-13-300x300.jpeg\" class=\"attachment-thumbnail size-thumbnail\" alt=\"\" loading=\"lazy\" srcset=\"https:\/\/franciscanos.org.br\/noticias\/wp-content\/uploads\/2026\/09\/formadores-13-300x300.jpeg 300w, https:\/\/franciscanos.org.br\/noticias\/wp-content\/uploads\/2026\/09\/formadores-13-100x100.jpeg 100w\" sizes=\"(max-width: 300px) 100vw, 300px\" \/><\/a>\n\t\t\t<\/dt><\/dl><dl class='gallery-item'>\n\t\t\t<dt class='gallery-icon portrait'>\n\t\t\t\t<a href='https:\/\/franciscanos.org.br\/noticias\/wp-content\/uploads\/2026\/09\/formadores-6.jpeg'><img width=\"300\" height=\"300\" src=\"https:\/\/franciscanos.org.br\/noticias\/wp-content\/uploads\/2026\/09\/formadores-6-300x300.jpeg\" class=\"attachment-thumbnail size-thumbnail\" alt=\"\" loading=\"lazy\" srcset=\"https:\/\/franciscanos.org.br\/noticias\/wp-content\/uploads\/2026\/09\/formadores-6-300x300.jpeg 300w, https:\/\/franciscanos.org.br\/noticias\/wp-content\/uploads\/2026\/09\/formadores-6-100x100.jpeg 100w\" sizes=\"(max-width: 300px) 100vw, 300px\" \/><\/a>\n\t\t\t<\/dt><\/dl><dl class='gallery-item'>\n\t\t\t<dt class='gallery-icon landscape'>\n\t\t\t\t<a href='https:\/\/franciscanos.org.br\/noticias\/wp-content\/uploads\/2026\/09\/formadores-12.jpeg'><img width=\"300\" height=\"300\" src=\"https:\/\/franciscanos.org.br\/noticias\/wp-content\/uploads\/2026\/09\/formadores-12-300x300.jpeg\" class=\"attachment-thumbnail size-thumbnail\" alt=\"\" loading=\"lazy\" srcset=\"https:\/\/franciscanos.org.br\/noticias\/wp-content\/uploads\/2026\/09\/formadores-12-300x300.jpeg 300w, https:\/\/franciscanos.org.br\/noticias\/wp-content\/uploads\/2026\/09\/formadores-12-100x100.jpeg 100w\" sizes=\"(max-width: 300px) 100vw, 300px\" \/><\/a>\n\t\t\t<\/dt><\/dl><br style=\"clear: both\" \/>\n\t\t<\/div>\n\n<hr \/>\n<p><em><span style=\"font-weight: 400;\">Frei Sandro Roberto da Costa, OFM &#8211; Secret\u00e1rio da Forma\u00e7\u00e3o e Estudos da Confer\u00eancia Brasil e Cone Sul<\/span><\/em><\/p>\n","protected":false},"excerpt":{"rendered":"<p>Forma\u00e7\u00e3o Franciscana<\/p>\n","protected":false},"author":15,"featured_media":270503,"comment_status":"open","ping_status":"open","sticky":false,"template":"","format":"standard","meta":[],"categories":[1],"tags":[],"acf":[],"yoast_head":"<!-- This site is optimized with the Yoast SEO plugin v19.2 - https:\/\/yoast.com\/wordpress\/plugins\/seo\/ -->\n<title>Frades da Confer\u00eancia Brasil e Cone Sul concluem a segunda etapa do Curso para Formadores - Not\u00edcias - Franciscanos<\/title>\n<meta name=\"robots\" content=\"index, follow, max-snippet:-1, max-image-preview:large, max-video-preview:-1\" \/>\n<link rel=\"canonical\" href=\"https:\/\/franciscanos.org.br\/noticias\/frades-da-conferencia-brasil-e-cone-sul-concluem-a-segunda-etapa-do-curso-para-formadores.html\" \/>\n<meta property=\"og:locale\" content=\"pt_BR\" \/>\n<meta property=\"og:type\" content=\"article\" \/>\n<meta property=\"og:title\" content=\"Frades da Confer\u00eancia Brasil e Cone Sul concluem a segunda etapa do Curso para Formadores - Not\u00edcias - Franciscanos\" \/>\n<meta property=\"og:description\" content=\"Forma\u00e7\u00e3o Franciscana\" \/>\n<meta property=\"og:url\" content=\"https:\/\/franciscanos.org.br\/noticias\/frades-da-conferencia-brasil-e-cone-sul-concluem-a-segunda-etapa-do-curso-para-formadores.html\" \/>\n<meta property=\"og:site_name\" content=\"Not\u00edcias - Franciscanos\" \/>\n<meta property=\"article:published_time\" content=\"2026-09-04T19:10:11+00:00\" \/>\n<meta property=\"og:image\" content=\"https:\/\/franciscanos.org.br\/noticias\/wp-content\/uploads\/2026\/09\/formadores-3-1.jpeg\" \/>\n\t<meta property=\"og:image:width\" content=\"664\" \/>\n\t<meta property=\"og:image:height\" content=\"387\" \/>\n\t<meta property=\"og:image:type\" content=\"image\/jpeg\" \/>\n<meta name=\"author\" content=\"Guilherme Rocha\" \/>\n<meta name=\"twitter:card\" content=\"summary_large_image\" \/>\n<meta name=\"twitter:label1\" content=\"Escrito por\" \/>\n\t<meta name=\"twitter:data1\" content=\"Guilherme Rocha\" \/>\n\t<meta name=\"twitter:label2\" content=\"Est. tempo de leitura\" \/>\n\t<meta name=\"twitter:data2\" content=\"4 minutos\" \/>\n<script type=\"application\/ld+json\" class=\"yoast-schema-graph\">{\"@context\":\"https:\/\/schema.org\",\"@graph\":[{\"@type\":\"WebSite\",\"@id\":\"https:\/\/franciscanos.org.br\/noticias\/#website\",\"url\":\"https:\/\/franciscanos.org.br\/noticias\/\",\"name\":\"Not\u00edcias - Franciscanos\",\"description\":\"Prov\u00edncia Franciscana da Imaculada Concei\u00e7\u00e3o do Brasil - Ordem dos Frades Menores - OFM\",\"potentialAction\":[{\"@type\":\"SearchAction\",\"target\":{\"@type\":\"EntryPoint\",\"urlTemplate\":\"https:\/\/franciscanos.org.br\/noticias\/?s={search_term_string}\"},\"query-input\":\"required name=search_term_string\"}],\"inLanguage\":\"pt-BR\"},{\"@type\":\"ImageObject\",\"inLanguage\":\"pt-BR\",\"@id\":\"https:\/\/franciscanos.org.br\/noticias\/frades-da-conferencia-brasil-e-cone-sul-concluem-a-segunda-etapa-do-curso-para-formadores.html#primaryimage\",\"url\":\"https:\/\/franciscanos.org.br\/noticias\/wp-content\/uploads\/2026\/09\/formadores-3-1.jpeg\",\"contentUrl\":\"https:\/\/franciscanos.org.br\/noticias\/wp-content\/uploads\/2026\/09\/formadores-3-1.jpeg\",\"width\":664,\"height\":387,\"caption\":\"Frades da Confer\u00eancia Brasil e Cone Sul concluem a segunda etapa do Curso para Formadores\"},{\"@type\":\"WebPage\",\"@id\":\"https:\/\/franciscanos.org.br\/noticias\/frades-da-conferencia-brasil-e-cone-sul-concluem-a-segunda-etapa-do-curso-para-formadores.html#webpage\",\"url\":\"https:\/\/franciscanos.org.br\/noticias\/frades-da-conferencia-brasil-e-cone-sul-concluem-a-segunda-etapa-do-curso-para-formadores.html\",\"name\":\"Frades da Confer\u00eancia Brasil e Cone Sul concluem a segunda etapa do Curso para Formadores - Not\u00edcias - Franciscanos\",\"isPartOf\":{\"@id\":\"https:\/\/franciscanos.org.br\/noticias\/#website\"},\"primaryImageOfPage\":{\"@id\":\"https:\/\/franciscanos.org.br\/noticias\/frades-da-conferencia-brasil-e-cone-sul-concluem-a-segunda-etapa-do-curso-para-formadores.html#primaryimage\"},\"datePublished\":\"2026-09-04T19:10:11+00:00\",\"dateModified\":\"2026-09-04T19:10:11+00:00\",\"author\":{\"@id\":\"https:\/\/franciscanos.org.br\/noticias\/#\/schema\/person\/69bb4cd273a2528548b63cccab4980a0\"},\"breadcrumb\":{\"@id\":\"https:\/\/franciscanos.org.br\/noticias\/frades-da-conferencia-brasil-e-cone-sul-concluem-a-segunda-etapa-do-curso-para-formadores.html#breadcrumb\"},\"inLanguage\":\"pt-BR\",\"potentialAction\":[{\"@type\":\"ReadAction\",\"target\":[\"https:\/\/franciscanos.org.br\/noticias\/frades-da-conferencia-brasil-e-cone-sul-concluem-a-segunda-etapa-do-curso-para-formadores.html\"]}]},{\"@type\":\"BreadcrumbList\",\"@id\":\"https:\/\/franciscanos.org.br\/noticias\/frades-da-conferencia-brasil-e-cone-sul-concluem-a-segunda-etapa-do-curso-para-formadores.html#breadcrumb\",\"itemListElement\":[{\"@type\":\"ListItem\",\"position\":1,\"name\":\"Home\",\"item\":\"https:\/\/franciscanos.org.br\/noticias\"},{\"@type\":\"ListItem\",\"position\":2,\"name\":\"Frades da Confer\u00eancia Brasil e Cone Sul concluem a segunda etapa do Curso para Formadores\"}]},{\"@type\":\"Person\",\"@id\":\"https:\/\/franciscanos.org.br\/noticias\/#\/schema\/person\/69bb4cd273a2528548b63cccab4980a0\",\"name\":\"Guilherme Rocha\",\"image\":{\"@type\":\"ImageObject\",\"inLanguage\":\"pt-BR\",\"@id\":\"https:\/\/franciscanos.org.br\/noticias\/#\/schema\/person\/image\/\",\"url\":\"https:\/\/secure.gravatar.com\/avatar\/e480fee2377f81af36f6990ed742592a?s=96&d=mm&r=g\",\"contentUrl\":\"https:\/\/secure.gravatar.com\/avatar\/e480fee2377f81af36f6990ed742592a?s=96&d=mm&r=g\",\"caption\":\"Guilherme Rocha\"},\"url\":\"https:\/\/franciscanos.org.br\/noticias\/author\/guilhermerocha\"}]}<\/script>\n<!-- \/ Yoast SEO plugin. -->","yoast_head_json":{"title":"Frades da Confer\u00eancia Brasil e Cone Sul concluem a segunda etapa do Curso para Formadores - Not\u00edcias - Franciscanos","robots":{"index":"index","follow":"follow","max-snippet":"max-snippet:-1","max-image-preview":"max-image-preview:large","max-video-preview":"max-video-preview:-1"},"canonical":"https:\/\/franciscanos.org.br\/noticias\/frades-da-conferencia-brasil-e-cone-sul-concluem-a-segunda-etapa-do-curso-para-formadores.html","og_locale":"pt_BR","og_type":"article","og_title":"Frades da Confer\u00eancia Brasil e Cone Sul concluem a segunda etapa do Curso para Formadores - Not\u00edcias - Franciscanos","og_description":"Forma\u00e7\u00e3o Franciscana","og_url":"https:\/\/franciscanos.org.br\/noticias\/frades-da-conferencia-brasil-e-cone-sul-concluem-a-segunda-etapa-do-curso-para-formadores.html","og_site_name":"Not\u00edcias - Franciscanos","article_published_time":"2026-09-04T19:10:11+00:00","og_image":[{"width":664,"height":387,"url":"https:\/\/franciscanos.org.br\/noticias\/wp-content\/uploads\/2026\/09\/formadores-3-1.jpeg","type":"image\/jpeg"}],"author":"Guilherme Rocha","twitter_card":"summary_large_image","twitter_misc":{"Escrito por":"Guilherme Rocha","Est. tempo de leitura":"4 minutos"},"schema":{"@context":"https:\/\/schema.org","@graph":[{"@type":"WebSite","@id":"https:\/\/franciscanos.org.br\/noticias\/#website","url":"https:\/\/franciscanos.org.br\/noticias\/","name":"Not\u00edcias - Franciscanos","description":"Prov\u00edncia Franciscana da Imaculada Concei\u00e7\u00e3o do Brasil - Ordem dos Frades Menores - OFM","potentialAction":[{"@type":"SearchAction","target":{"@type":"EntryPoint","urlTemplate":"https:\/\/franciscanos.org.br\/noticias\/?s={search_term_string}"},"query-input":"required name=search_term_string"}],"inLanguage":"pt-BR"},{"@type":"ImageObject","inLanguage":"pt-BR","@id":"https:\/\/franciscanos.org.br\/noticias\/frades-da-conferencia-brasil-e-cone-sul-concluem-a-segunda-etapa-do-curso-para-formadores.html#primaryimage","url":"https:\/\/franciscanos.org.br\/noticias\/wp-content\/uploads\/2026\/09\/formadores-3-1.jpeg","contentUrl":"https:\/\/franciscanos.org.br\/noticias\/wp-content\/uploads\/2026\/09\/formadores-3-1.jpeg","width":664,"height":387,"caption":"Frades da Confer\u00eancia Brasil e Cone Sul concluem a segunda etapa do Curso para Formadores"},{"@type":"WebPage","@id":"https:\/\/franciscanos.org.br\/noticias\/frades-da-conferencia-brasil-e-cone-sul-concluem-a-segunda-etapa-do-curso-para-formadores.html#webpage","url":"https:\/\/franciscanos.org.br\/noticias\/frades-da-conferencia-brasil-e-cone-sul-concluem-a-segunda-etapa-do-curso-para-formadores.html","name":"Frades da Confer\u00eancia Brasil e Cone Sul concluem a segunda etapa do Curso para Formadores - Not\u00edcias - Franciscanos","isPartOf":{"@id":"https:\/\/franciscanos.org.br\/noticias\/#website"},"primaryImageOfPage":{"@id":"https:\/\/franciscanos.org.br\/noticias\/frades-da-conferencia-brasil-e-cone-sul-concluem-a-segunda-etapa-do-curso-para-formadores.html#primaryimage"},"datePublished":"2026-09-04T19:10:11+00:00","dateModified":"2026-09-04T19:10:11+00:00","author":{"@id":"https:\/\/franciscanos.org.br\/noticias\/#\/schema\/person\/69bb4cd273a2528548b63cccab4980a0"},"breadcrumb":{"@id":"https:\/\/franciscanos.org.br\/noticias\/frades-da-conferencia-brasil-e-cone-sul-concluem-a-segunda-etapa-do-curso-para-formadores.html#breadcrumb"},"inLanguage":"pt-BR","potentialAction":[{"@type":"ReadAction","target":["https:\/\/franciscanos.org.br\/noticias\/frades-da-conferencia-brasil-e-cone-sul-concluem-a-segunda-etapa-do-curso-para-formadores.html"]}]},{"@type":"BreadcrumbList","@id":"https:\/\/franciscanos.org.br\/noticias\/frades-da-conferencia-brasil-e-cone-sul-concluem-a-segunda-etapa-do-curso-para-formadores.html#breadcrumb","itemListElement":[{"@type":"ListItem","position":1,"name":"Home","item":"https:\/\/franciscanos.org.br\/noticias"},{"@type":"ListItem","position":2,"name":"Frades da Confer\u00eancia Brasil e Cone Sul concluem a segunda etapa do Curso para Formadores"}]},{"@type":"Person","@id":"https:\/\/franciscanos.org.br\/noticias\/#\/schema\/person\/69bb4cd273a2528548b63cccab4980a0","name":"Guilherme Rocha","image":{"@type":"ImageObject","inLanguage":"pt-BR","@id":"https:\/\/franciscanos.org.br\/noticias\/#\/schema\/person\/image\/","url":"https:\/\/secure.gravatar.com\/avatar\/e480fee2377f81af36f6990ed742592a?s=96&d=mm&r=g","contentUrl":"https:\/\/secure.gravatar.com\/avatar\/e480fee2377f81af36f6990ed742592a?s=96&d=mm&r=g","caption":"Guilherme Rocha"},"url":"https:\/\/franciscanos.org.br\/noticias\/author\/guilhermerocha"}]}},"_links":{"self":[{"href":"https:\/\/franciscanos.org.br\/noticias\/wp-json\/wp\/v2\/posts\/270501"}],"collection":[{"href":"https:\/\/franciscanos.org.br\/noticias\/wp-json\/wp\/v2\/posts"}],"about":[{"href":"https:\/\/franciscanos.org.br\/noticias\/wp-json\/wp\/v2\/types\/post"}],"author":[{"embeddable":true,"href":"https:\/\/franciscanos.org.br\/noticias\/wp-json\/wp\/v2\/users\/15"}],"replies":[{"embeddable":true,"href":"https:\/\/franciscanos.org.br\/noticias\/wp-json\/wp\/v2\/comments?post=270501"}],"version-history":[{"count":1,"href":"https:\/\/franciscanos.org.br\/noticias\/wp-json\/wp\/v2\/posts\/270501\/revisions"}],"predecessor-version":[{"id":270516,"href":"https:\/\/franciscanos.org.br\/noticias\/wp-json\/wp\/v2\/posts\/270501\/revisions\/270516"}],"wp:featuredmedia":[{"embeddable":true,"href":"https:\/\/franciscanos.org.br\/noticias\/wp-json\/wp\/v2\/media\/270503"}],"wp:attachment":[{"href":"https:\/\/franciscanos.org.br\/noticias\/wp-json\/wp\/v2\/media?parent=270501"}],"wp:term":[{"taxonomy":"category","embeddable":true,"href":"https:\/\/franciscanos.org.br\/noticias\/wp-json\/wp\/v2\/categories?post=270501"},{"taxonomy":"post_tag","embeddable":true,"href":"https:\/\/franciscanos.org.br\/noticias\/wp-json\/wp\/v2\/tags?post=270501"}],"curies":[{"name":"wp","href":"https:\/\/api.w.org\/{rel}","templated":true}]}}