{"id":270498,"date":"2026-09-04T10:59:29","date_gmt":"2026-09-04T13:59:29","guid":{"rendered":"https:\/\/franciscanos.org.br\/noticias\/?p=270498"},"modified":"2026-09-04T10:59:29","modified_gmt":"2026-09-04T13:59:29","slug":"o-seminario-nao-deve-ser-subestimado-pois-faz-parte-da-missao","status":"publish","type":"post","link":"https:\/\/franciscanos.org.br\/noticias\/o-seminario-nao-deve-ser-subestimado-pois-faz-parte-da-missao.html","title":{"rendered":"&#8220;O semin\u00e1rio n\u00e3o deve ser subestimado, pois faz parte da miss\u00e3o&#8221;"},"content":{"rendered":"<p><img loading=\"lazy\" class=\"aligncenter wp-image-264975 size-full\" src=\"https:\/\/franciscanos.org.br\/noticias\/wp-content\/uploads\/2026\/01\/ita-papa-leone-xiv-castelgandolfo-italia-agosto-o-leao-recita-os-angelios-e-divide-sua-bencao-nas-portas-do-palacio-398279140.png\" alt=\"\" width=\"800\" height=\"534\" srcset=\"https:\/\/franciscanos.org.br\/noticias\/wp-content\/uploads\/2026\/01\/ita-papa-leone-xiv-castelgandolfo-italia-agosto-o-leao-recita-os-angelios-e-divide-sua-bencao-nas-portas-do-palacio-398279140.png 800w, https:\/\/franciscanos.org.br\/noticias\/wp-content\/uploads\/2026\/01\/ita-papa-leone-xiv-castelgandolfo-italia-agosto-o-leao-recita-os-angelios-e-divide-sua-bencao-nas-portas-do-palacio-398279140-450x300.png 450w, https:\/\/franciscanos.org.br\/noticias\/wp-content\/uploads\/2026\/01\/ita-papa-leone-xiv-castelgandolfo-italia-agosto-o-leao-recita-os-angelios-e-divide-sua-bencao-nas-portas-do-palacio-398279140-768x513.png 768w, https:\/\/franciscanos.org.br\/noticias\/wp-content\/uploads\/2026\/01\/ita-papa-leone-xiv-castelgandolfo-italia-agosto-o-leao-recita-os-angelios-e-divide-sua-bencao-nas-portas-do-palacio-398279140-150x100.png 150w\" sizes=\"(max-width: 800px) 100vw, 800px\" \/><\/p>\n<p><a href=\"https:\/\/www.vaticannews.va\/pt\/papa\/news\/2026-09\/papa-leao-xiv-seminaristas-italia-molfetta-aversa-3-setembro-26.html\">*not\u00edcia publicada pelo Vatican News<\/a><\/p>\n<p>No encontro desta quinta-feira (03\/09) com seminaristas provenientes do sul da It\u00e1lia, o Papa Le\u00e3o XIV refletiu em discurso a import\u00e2ncia de viver a fase do semin\u00e1rio para aprofundar a rela\u00e7\u00e3o com Deus e &#8220;a verdade da voca\u00e7\u00e3o&#8221;, um per\u00edodo que vem depois do chamado e antes de se colocar em miss\u00e3o. Para isso, usou do Evangelho de S\u00e3o Marcos (Mc 3,13-14) para orientar a reflex\u00e3o dirigida a um grupo de 150 pessoas na Sala Clementina, no Vaticano, formado por estudantes do Pontif\u00edcio Semin\u00e1rio Regional Pugliese &#8220;Pio XI&#8221; da cidade de Molfetta\/BA e do Semin\u00e1rio Episcopal de Aversa\/CE, junto a formadores e familiares. Duas institui\u00e7\u00f5es que, como lembrou o Papa, est\u00e3o de anivers\u00e1rio em 2026 j\u00e1 que, em Molfetta, comemoram 100 anos da nova sede, e em Aversa, s\u00e3o 300 anos da sede atual.<\/p>\n<p><a href=\"https:\/\/www.vatican.va\/content\/leo-xiv\/it\/speeches\/2026\/september\/documents\/20260903-seminaristi-molfetta-aversa.html\">Leia a \u00edntegra do discurso do Papa Le\u00e3o XIV<\/a><\/p>\n<p>Ao direcionar o discurso para a forma\u00e7\u00e3o, Le\u00e3o XIV comentou que o estudo e a disciplina s\u00e3o etapas essenciais do caminho, mas que &#8220;s\u00f3 t\u00eam valor se estiverem fundamentados na rela\u00e7\u00e3o com Deus&#8221;. E o Papa ilustrou citando a passagem evang\u00e9lica que narra quando Jesus subiu ao monte, chamou os Doze ap\u00f3stolos que quis para que ficassem com Ele e seguissem depois em miss\u00e3o:<\/p>\n<p>&#8220;Nessas poucas palavras j\u00e1 est\u00e1 tudo. Ao nos determos nessa breve passagem, podemos perceber uma s\u00edntese admir\u00e1vel da experi\u00eancia v\u00e1lida para todo chamado, para todos aqueles que desejam aprofundar a verdade da pr\u00f3pria voca\u00e7\u00e3o. H\u00e1 o monte a subir, onde alcan\u00e7ar Cristo e, acima de tudo, onde permanecer junto a Ele. O cora\u00e7\u00e3o da experi\u00eancia do semin\u00e1rio est\u00e1 todo aqui: aprender a estar com o Mestre, o Senhor Jesus.&#8221;<\/p>\n<p><strong>O chamado: o monte a subir<\/strong><\/p>\n<p>Deus \u00abchamou para si aqueles que quis\u00bb, recordou o Papa, o que demonstra &#8220;a liberdade de Deus, da qual brota toda voca\u00e7\u00e3o. N\u00e3o h\u00e1 um concurso, n\u00e3o h\u00e1 uma lista de classifica\u00e7\u00e3o, nem est\u00e1 escrito que escolheu os melhores: escolheu aqueles que queria. Em um mundo que se esfor\u00e7a tanto para celebrar a autorrealiza\u00e7\u00e3o&#8221;, continuou Le\u00e3o, \u00e9 importante reiterar sobre &#8220;a livre escolha da parte de Deus Pai&#8221;, que &#8220;sussurra ao cora\u00e7\u00e3o dos jovens&#8221;, &#8220;em todas as \u00e9pocas da hist\u00f3ria e em todos os lugares&#8221;.<\/p>\n<p>Depois de ouvir a voz do Senhor, de fato, disse o Pont\u00edfice, &#8220;\u00e9 preciso ir ao seu encontro e subir a montanha&#8221;. Um caminho que pode ser cansativo, com a subida feita a p\u00e9 e sem conseguir avistar o topo: &#8220;o cansa\u00e7o da vida espiritual \u00e9, por\u00e9m, sustentado pela beleza da fraternidade e da partilha da miss\u00e3o&#8221;.<\/p>\n<p><strong>Em conjunto: a experi\u00eancia com Deus no monte<\/strong><\/p>\n<p>Com o nascimento da voca\u00e7\u00e3o, continuou o Papa, \u00e9 preciso, ent\u00e3o, &#8220;aprender a estar com Ele&#8221; em cima, no monte. E &#8220;a pr\u00f3pria presen\u00e7a de voc\u00eas no semin\u00e1rio \u00e9 um sinal de esperan\u00e7a para toda a Igreja&#8221;, antecipou Le\u00e3o, que tamb\u00e9m agradeceu, em nome da Igreja, pelo &#8220;sim&#8221; de todos os dias.<\/p>\n<p>\u201cO tempo do semin\u00e1rio continua sendo necess\u00e1rio, hoje n\u00e3o menos do que ontem. Em um mundo que tem pressa e que v\u00ea com desconfian\u00e7a qualquer pausa prolongada, poderia-se pensar que seja um luxo ou uma institui\u00e7\u00e3o ultrapassada, mas n\u00e3o \u00e9 assim. Justamente porque o nosso tempo \u00e9 acelerado e barulhento, h\u00e1 necessidade de um lugar e de uma fase da vida em que se aprenda a permanecer, a discernir, a deixar-se formar sem atalhos. O semin\u00e1rio n\u00e3o \u00e9 um adiamento da miss\u00e3o, mas uma condi\u00e7\u00e3o para a mesma. N\u00e3o se deve subestim\u00e1-lo.\u201d<\/p>\n<p>No monte, Jesus ent\u00e3o re\u00fane os Doze &#8220;para que aprendam que a Igreja se vive em conjunto&#8221;, afirmou o Papa. <a href=\"https:\/\/www.vatican.va\/content\/leo-xiv\/pt\/apost_letters\/documents\/20251208-una-fedelta.html\">Ao citar a sua Carta Apost\u00f3lica Uma fidelidade que gera futuro<\/a>, Le\u00e3o enalteceu a import\u00e2ncia de &#8220;corresponder \u00e0 gra\u00e7a da fraternidade&#8221;: assim como \u201cnenhum pastor existe sozinho\u201d, nem mesmo um seminarista pode conceber um caminho desligado da Igreja:<\/p>\n<p>&#8220;O semin\u00e1rio, portanto, antes mesmo de ser um lugar para adquirir informa\u00e7\u00f5es, &#8216;deveria ser uma escola dos afetos&#8217;. E a voc\u00eas, queridos formadores, pe\u00e7o que sejam os primeiros mestres daquele cuidado e daquela fraternidade que se manifestam em rela\u00e7\u00f5es aut\u00eanticas, pessoais e comunit\u00e1rias, feitas de verdade e de caridade. N\u00e3o se improvisa ser formador: o minist\u00e9rio de voc\u00eas \u00e9 extremamente delicado, para o qual se prepara com conhecimento, paci\u00eancia e amor.&#8221;<\/p>\n<p>Al\u00e9m dos formadores, o Papa tamb\u00e9m se dirigiu \u00e0s fam\u00edlias dos seminaristas, a quem agradeceu, porque &#8220;uma voca\u00e7\u00e3o nunca surge sem um contexto adequado e, muitas vezes, precisa de um lar, de pais que rezam e que sabem deixar ir&#8221;.<\/p>\n<p><strong>A miss\u00e3o: momento de descer do monte<\/strong><\/p>\n<p>Resta, ent\u00e3o, o \u00faltimo passo, disse o Papa: aquele em que se desce do monte. De fato, depois de ter experimentado Deus, assim como os Doze Ap\u00f3stolos, os seminaristas s\u00e3o chamados \u00e0 miss\u00e3o junto &#8220;\u00e0s fam\u00edlias que lutam para sobreviver, aos jovens que, aos vinte anos, fazem as malas em busca de trabalho, aos idosos solit\u00e1rios, aos marginalizados, \u00e0queles que perderam o sentido da exist\u00eancia&#8221;:<\/p>\n<p>\u201cO sacerdote \u00e9 enviado a todos para que a todos anuncie a beleza da f\u00e9 em Jesus Cristo, a boa nova da nossa salva\u00e7\u00e3o. \u00c9 a salva\u00e7\u00e3o que nos foi concedida por meio de Maria. Confiem nela, como naquela que, por primeiro, fez o que hoje \u00e9 pedido a voc\u00eas. Pe\u00e7am a Maria a gra\u00e7a de aprender a dizer todos os dias o seu \u201csim\u201d ao Senhor Jesus.\u201d<\/p>\n<p><a href=\"https:\/\/www.vaticannews.va\/pt\/papa\/news\/2026-09\/papa-leao-xiv-seminaristas-italia-molfetta-aversa-3-setembro-26.html\">*acesse o conte\u00fado original produzido por Andressa Collet no Vatican News<\/a><\/p>\n<hr \/>\n<p><em>Andressa Collet &#8211; Vatican News<\/em><\/p>\n","protected":false},"excerpt":{"rendered":"<p>Vatican News<\/p>\n","protected":false},"author":15,"featured_media":264975,"comment_status":"open","ping_status":"open","sticky":false,"template":"","format":"standard","meta":[],"categories":[1],"tags":[],"acf":[],"yoast_head":"<!-- This site is optimized with the Yoast SEO plugin v19.2 - https:\/\/yoast.com\/wordpress\/plugins\/seo\/ -->\n<title>&quot;O semin\u00e1rio n\u00e3o deve ser subestimado, pois faz parte da miss\u00e3o&quot; - Not\u00edcias - Franciscanos<\/title>\n<meta name=\"robots\" content=\"index, follow, max-snippet:-1, max-image-preview:large, max-video-preview:-1\" \/>\n<link rel=\"canonical\" href=\"https:\/\/franciscanos.org.br\/noticias\/o-seminario-nao-deve-ser-subestimado-pois-faz-parte-da-missao.html\" \/>\n<meta property=\"og:locale\" content=\"pt_BR\" \/>\n<meta property=\"og:type\" content=\"article\" \/>\n<meta property=\"og:title\" content=\"&quot;O semin\u00e1rio n\u00e3o deve ser subestimado, pois faz parte da miss\u00e3o&quot; - Not\u00edcias - Franciscanos\" \/>\n<meta property=\"og:description\" content=\"Vatican News\" \/>\n<meta property=\"og:url\" content=\"https:\/\/franciscanos.org.br\/noticias\/o-seminario-nao-deve-ser-subestimado-pois-faz-parte-da-missao.html\" \/>\n<meta property=\"og:site_name\" content=\"Not\u00edcias - Franciscanos\" \/>\n<meta property=\"article:published_time\" content=\"2026-09-04T13:59:29+00:00\" \/>\n<meta property=\"og:image\" content=\"https:\/\/franciscanos.org.br\/noticias\/wp-content\/uploads\/2026\/01\/ita-papa-leone-xiv-castelgandolfo-italia-agosto-o-leao-recita-os-angelios-e-divide-sua-bencao-nas-portas-do-palacio-398279140.png\" \/>\n\t<meta property=\"og:image:width\" content=\"800\" \/>\n\t<meta property=\"og:image:height\" content=\"534\" \/>\n\t<meta property=\"og:image:type\" content=\"image\/png\" \/>\n<meta name=\"author\" content=\"Guilherme Rocha\" \/>\n<meta name=\"twitter:card\" content=\"summary_large_image\" \/>\n<meta name=\"twitter:label1\" content=\"Escrito por\" \/>\n\t<meta name=\"twitter:data1\" content=\"Guilherme Rocha\" \/>\n\t<meta name=\"twitter:label2\" content=\"Est. tempo de leitura\" \/>\n\t<meta name=\"twitter:data2\" content=\"5 minutos\" \/>\n<script type=\"application\/ld+json\" class=\"yoast-schema-graph\">{\"@context\":\"https:\/\/schema.org\",\"@graph\":[{\"@type\":\"WebSite\",\"@id\":\"https:\/\/franciscanos.org.br\/noticias\/#website\",\"url\":\"https:\/\/franciscanos.org.br\/noticias\/\",\"name\":\"Not\u00edcias - Franciscanos\",\"description\":\"Prov\u00edncia Franciscana da Imaculada Concei\u00e7\u00e3o do Brasil - Ordem dos Frades Menores - OFM\",\"potentialAction\":[{\"@type\":\"SearchAction\",\"target\":{\"@type\":\"EntryPoint\",\"urlTemplate\":\"https:\/\/franciscanos.org.br\/noticias\/?s={search_term_string}\"},\"query-input\":\"required name=search_term_string\"}],\"inLanguage\":\"pt-BR\"},{\"@type\":\"ImageObject\",\"inLanguage\":\"pt-BR\",\"@id\":\"https:\/\/franciscanos.org.br\/noticias\/o-seminario-nao-deve-ser-subestimado-pois-faz-parte-da-missao.html#primaryimage\",\"url\":\"https:\/\/franciscanos.org.br\/noticias\/wp-content\/uploads\/2026\/01\/ita-papa-leone-xiv-castelgandolfo-italia-agosto-o-leao-recita-os-angelios-e-divide-sua-bencao-nas-portas-do-palacio-398279140.png\",\"contentUrl\":\"https:\/\/franciscanos.org.br\/noticias\/wp-content\/uploads\/2026\/01\/ita-papa-leone-xiv-castelgandolfo-italia-agosto-o-leao-recita-os-angelios-e-divide-sua-bencao-nas-portas-do-palacio-398279140.png\",\"width\":800,\"height\":534},{\"@type\":\"WebPage\",\"@id\":\"https:\/\/franciscanos.org.br\/noticias\/o-seminario-nao-deve-ser-subestimado-pois-faz-parte-da-missao.html#webpage\",\"url\":\"https:\/\/franciscanos.org.br\/noticias\/o-seminario-nao-deve-ser-subestimado-pois-faz-parte-da-missao.html\",\"name\":\"\\\"O semin\u00e1rio n\u00e3o deve ser subestimado, pois faz parte da miss\u00e3o\\\" - Not\u00edcias - Franciscanos\",\"isPartOf\":{\"@id\":\"https:\/\/franciscanos.org.br\/noticias\/#website\"},\"primaryImageOfPage\":{\"@id\":\"https:\/\/franciscanos.org.br\/noticias\/o-seminario-nao-deve-ser-subestimado-pois-faz-parte-da-missao.html#primaryimage\"},\"datePublished\":\"2026-09-04T13:59:29+00:00\",\"dateModified\":\"2026-09-04T13:59:29+00:00\",\"author\":{\"@id\":\"https:\/\/franciscanos.org.br\/noticias\/#\/schema\/person\/69bb4cd273a2528548b63cccab4980a0\"},\"breadcrumb\":{\"@id\":\"https:\/\/franciscanos.org.br\/noticias\/o-seminario-nao-deve-ser-subestimado-pois-faz-parte-da-missao.html#breadcrumb\"},\"inLanguage\":\"pt-BR\",\"potentialAction\":[{\"@type\":\"ReadAction\",\"target\":[\"https:\/\/franciscanos.org.br\/noticias\/o-seminario-nao-deve-ser-subestimado-pois-faz-parte-da-missao.html\"]}]},{\"@type\":\"BreadcrumbList\",\"@id\":\"https:\/\/franciscanos.org.br\/noticias\/o-seminario-nao-deve-ser-subestimado-pois-faz-parte-da-missao.html#breadcrumb\",\"itemListElement\":[{\"@type\":\"ListItem\",\"position\":1,\"name\":\"Home\",\"item\":\"https:\/\/franciscanos.org.br\/noticias\"},{\"@type\":\"ListItem\",\"position\":2,\"name\":\"&#8220;O semin\u00e1rio n\u00e3o deve ser subestimado, pois faz parte da miss\u00e3o&#8221;\"}]},{\"@type\":\"Person\",\"@id\":\"https:\/\/franciscanos.org.br\/noticias\/#\/schema\/person\/69bb4cd273a2528548b63cccab4980a0\",\"name\":\"Guilherme Rocha\",\"image\":{\"@type\":\"ImageObject\",\"inLanguage\":\"pt-BR\",\"@id\":\"https:\/\/franciscanos.org.br\/noticias\/#\/schema\/person\/image\/\",\"url\":\"https:\/\/secure.gravatar.com\/avatar\/e480fee2377f81af36f6990ed742592a?s=96&d=mm&r=g\",\"contentUrl\":\"https:\/\/secure.gravatar.com\/avatar\/e480fee2377f81af36f6990ed742592a?s=96&d=mm&r=g\",\"caption\":\"Guilherme Rocha\"},\"url\":\"https:\/\/franciscanos.org.br\/noticias\/author\/guilhermerocha\"}]}<\/script>\n<!-- \/ Yoast SEO plugin. -->","yoast_head_json":{"title":"\"O semin\u00e1rio n\u00e3o deve ser subestimado, pois faz parte da miss\u00e3o\" - Not\u00edcias - Franciscanos","robots":{"index":"index","follow":"follow","max-snippet":"max-snippet:-1","max-image-preview":"max-image-preview:large","max-video-preview":"max-video-preview:-1"},"canonical":"https:\/\/franciscanos.org.br\/noticias\/o-seminario-nao-deve-ser-subestimado-pois-faz-parte-da-missao.html","og_locale":"pt_BR","og_type":"article","og_title":"\"O semin\u00e1rio n\u00e3o deve ser subestimado, pois faz parte da miss\u00e3o\" - Not\u00edcias - Franciscanos","og_description":"Vatican News","og_url":"https:\/\/franciscanos.org.br\/noticias\/o-seminario-nao-deve-ser-subestimado-pois-faz-parte-da-missao.html","og_site_name":"Not\u00edcias - Franciscanos","article_published_time":"2026-09-04T13:59:29+00:00","og_image":[{"width":800,"height":534,"url":"https:\/\/franciscanos.org.br\/noticias\/wp-content\/uploads\/2026\/01\/ita-papa-leone-xiv-castelgandolfo-italia-agosto-o-leao-recita-os-angelios-e-divide-sua-bencao-nas-portas-do-palacio-398279140.png","type":"image\/png"}],"author":"Guilherme Rocha","twitter_card":"summary_large_image","twitter_misc":{"Escrito por":"Guilherme Rocha","Est. tempo de leitura":"5 minutos"},"schema":{"@context":"https:\/\/schema.org","@graph":[{"@type":"WebSite","@id":"https:\/\/franciscanos.org.br\/noticias\/#website","url":"https:\/\/franciscanos.org.br\/noticias\/","name":"Not\u00edcias - Franciscanos","description":"Prov\u00edncia Franciscana da Imaculada Concei\u00e7\u00e3o do Brasil - Ordem dos Frades Menores - OFM","potentialAction":[{"@type":"SearchAction","target":{"@type":"EntryPoint","urlTemplate":"https:\/\/franciscanos.org.br\/noticias\/?s={search_term_string}"},"query-input":"required name=search_term_string"}],"inLanguage":"pt-BR"},{"@type":"ImageObject","inLanguage":"pt-BR","@id":"https:\/\/franciscanos.org.br\/noticias\/o-seminario-nao-deve-ser-subestimado-pois-faz-parte-da-missao.html#primaryimage","url":"https:\/\/franciscanos.org.br\/noticias\/wp-content\/uploads\/2026\/01\/ita-papa-leone-xiv-castelgandolfo-italia-agosto-o-leao-recita-os-angelios-e-divide-sua-bencao-nas-portas-do-palacio-398279140.png","contentUrl":"https:\/\/franciscanos.org.br\/noticias\/wp-content\/uploads\/2026\/01\/ita-papa-leone-xiv-castelgandolfo-italia-agosto-o-leao-recita-os-angelios-e-divide-sua-bencao-nas-portas-do-palacio-398279140.png","width":800,"height":534},{"@type":"WebPage","@id":"https:\/\/franciscanos.org.br\/noticias\/o-seminario-nao-deve-ser-subestimado-pois-faz-parte-da-missao.html#webpage","url":"https:\/\/franciscanos.org.br\/noticias\/o-seminario-nao-deve-ser-subestimado-pois-faz-parte-da-missao.html","name":"\"O semin\u00e1rio n\u00e3o deve ser subestimado, pois faz parte da miss\u00e3o\" - Not\u00edcias - Franciscanos","isPartOf":{"@id":"https:\/\/franciscanos.org.br\/noticias\/#website"},"primaryImageOfPage":{"@id":"https:\/\/franciscanos.org.br\/noticias\/o-seminario-nao-deve-ser-subestimado-pois-faz-parte-da-missao.html#primaryimage"},"datePublished":"2026-09-04T13:59:29+00:00","dateModified":"2026-09-04T13:59:29+00:00","author":{"@id":"https:\/\/franciscanos.org.br\/noticias\/#\/schema\/person\/69bb4cd273a2528548b63cccab4980a0"},"breadcrumb":{"@id":"https:\/\/franciscanos.org.br\/noticias\/o-seminario-nao-deve-ser-subestimado-pois-faz-parte-da-missao.html#breadcrumb"},"inLanguage":"pt-BR","potentialAction":[{"@type":"ReadAction","target":["https:\/\/franciscanos.org.br\/noticias\/o-seminario-nao-deve-ser-subestimado-pois-faz-parte-da-missao.html"]}]},{"@type":"BreadcrumbList","@id":"https:\/\/franciscanos.org.br\/noticias\/o-seminario-nao-deve-ser-subestimado-pois-faz-parte-da-missao.html#breadcrumb","itemListElement":[{"@type":"ListItem","position":1,"name":"Home","item":"https:\/\/franciscanos.org.br\/noticias"},{"@type":"ListItem","position":2,"name":"&#8220;O semin\u00e1rio n\u00e3o deve ser subestimado, pois faz parte da miss\u00e3o&#8221;"}]},{"@type":"Person","@id":"https:\/\/franciscanos.org.br\/noticias\/#\/schema\/person\/69bb4cd273a2528548b63cccab4980a0","name":"Guilherme Rocha","image":{"@type":"ImageObject","inLanguage":"pt-BR","@id":"https:\/\/franciscanos.org.br\/noticias\/#\/schema\/person\/image\/","url":"https:\/\/secure.gravatar.com\/avatar\/e480fee2377f81af36f6990ed742592a?s=96&d=mm&r=g","contentUrl":"https:\/\/secure.gravatar.com\/avatar\/e480fee2377f81af36f6990ed742592a?s=96&d=mm&r=g","caption":"Guilherme Rocha"},"url":"https:\/\/franciscanos.org.br\/noticias\/author\/guilhermerocha"}]}},"_links":{"self":[{"href":"https:\/\/franciscanos.org.br\/noticias\/wp-json\/wp\/v2\/posts\/270498"}],"collection":[{"href":"https:\/\/franciscanos.org.br\/noticias\/wp-json\/wp\/v2\/posts"}],"about":[{"href":"https:\/\/franciscanos.org.br\/noticias\/wp-json\/wp\/v2\/types\/post"}],"author":[{"embeddable":true,"href":"https:\/\/franciscanos.org.br\/noticias\/wp-json\/wp\/v2\/users\/15"}],"replies":[{"embeddable":true,"href":"https:\/\/franciscanos.org.br\/noticias\/wp-json\/wp\/v2\/comments?post=270498"}],"version-history":[{"count":2,"href":"https:\/\/franciscanos.org.br\/noticias\/wp-json\/wp\/v2\/posts\/270498\/revisions"}],"predecessor-version":[{"id":270500,"href":"https:\/\/franciscanos.org.br\/noticias\/wp-json\/wp\/v2\/posts\/270498\/revisions\/270500"}],"wp:featuredmedia":[{"embeddable":true,"href":"https:\/\/franciscanos.org.br\/noticias\/wp-json\/wp\/v2\/media\/264975"}],"wp:attachment":[{"href":"https:\/\/franciscanos.org.br\/noticias\/wp-json\/wp\/v2\/media?parent=270498"}],"wp:term":[{"taxonomy":"category","embeddable":true,"href":"https:\/\/franciscanos.org.br\/noticias\/wp-json\/wp\/v2\/categories?post=270498"},{"taxonomy":"post_tag","embeddable":true,"href":"https:\/\/franciscanos.org.br\/noticias\/wp-json\/wp\/v2\/tags?post=270498"}],"curies":[{"name":"wp","href":"https:\/\/api.w.org\/{rel}","templated":true}]}}