{"id":270468,"date":"2026-09-04T09:19:54","date_gmt":"2026-09-04T12:19:54","guid":{"rendered":"https:\/\/franciscanos.org.br\/noticias\/?p=270468"},"modified":"2026-09-04T09:20:03","modified_gmt":"2026-09-04T12:20:03","slug":"lancamentos-da-semana-editora-vozes-4","status":"publish","type":"post","link":"https:\/\/franciscanos.org.br\/noticias\/lancamentos-da-semana-editora-vozes-4.html","title":{"rendered":"Lan\u00e7amentos da semana &#8211; Editora Vozes"},"content":{"rendered":"<p><img loading=\"lazy\" class=\"aligncenter wp-image-270470 size-full\" src=\"https:\/\/franciscanos.org.br\/noticias\/wp-content\/uploads\/2026\/09\/1920x650-Slide-2026-08-20T142037.208.-fotor-enhance-20260820142116-scaled.jpg\" alt=\"\" width=\"1920\" height=\"650\" srcset=\"https:\/\/franciscanos.org.br\/noticias\/wp-content\/uploads\/2026\/09\/1920x650-Slide-2026-08-20T142037.208.-fotor-enhance-20260820142116-scaled.jpg 1920w, https:\/\/franciscanos.org.br\/noticias\/wp-content\/uploads\/2026\/09\/1920x650-Slide-2026-08-20T142037.208.-fotor-enhance-20260820142116-450x152.jpg 450w, https:\/\/franciscanos.org.br\/noticias\/wp-content\/uploads\/2026\/09\/1920x650-Slide-2026-08-20T142037.208.-fotor-enhance-20260820142116-1024x347.jpg 1024w, https:\/\/franciscanos.org.br\/noticias\/wp-content\/uploads\/2026\/09\/1920x650-Slide-2026-08-20T142037.208.-fotor-enhance-20260820142116-768x260.jpg 768w, https:\/\/franciscanos.org.br\/noticias\/wp-content\/uploads\/2026\/09\/1920x650-Slide-2026-08-20T142037.208.-fotor-enhance-20260820142116-1536x520.jpg 1536w, https:\/\/franciscanos.org.br\/noticias\/wp-content\/uploads\/2026\/09\/1920x650-Slide-2026-08-20T142037.208.-fotor-enhance-20260820142116-2048x693.jpg 2048w, https:\/\/franciscanos.org.br\/noticias\/wp-content\/uploads\/2026\/09\/1920x650-Slide-2026-08-20T142037.208.-fotor-enhance-20260820142116-150x51.jpg 150w\" sizes=\"(max-width: 1920px) 100vw, 1920px\" \/><\/p>\n<hr \/>\n<p style=\"text-align: center;\"><strong>A miss\u00e3o do presb\u00edtero no itiner\u00e1rio da Inicia\u00e7\u00e3o \u00e0 Vida Crist\u00e3<\/strong><br \/>\n(Wagner Francisco de Sousa Carvalho)<\/p>\n<p><img loading=\"lazy\" class=\"alignleft wp-image-270471\" src=\"https:\/\/franciscanos.org.br\/noticias\/wp-content\/uploads\/2026\/09\/9788532675927-313x450.jpg\" alt=\"\" width=\"271\" height=\"390\" srcset=\"https:\/\/franciscanos.org.br\/noticias\/wp-content\/uploads\/2026\/09\/9788532675927-313x450.jpg 313w, https:\/\/franciscanos.org.br\/noticias\/wp-content\/uploads\/2026\/09\/9788532675927-712x1024.jpg 712w, https:\/\/franciscanos.org.br\/noticias\/wp-content\/uploads\/2026\/09\/9788532675927-768x1104.jpg 768w, https:\/\/franciscanos.org.br\/noticias\/wp-content\/uploads\/2026\/09\/9788532675927-1068x1536.jpg 1068w, https:\/\/franciscanos.org.br\/noticias\/wp-content\/uploads\/2026\/09\/9788532675927-150x216.jpg 150w, https:\/\/franciscanos.org.br\/noticias\/wp-content\/uploads\/2026\/09\/9788532675927-scaled.jpg 751w\" sizes=\"(max-width: 271px) 100vw, 271px\" \/><\/p>\n<p>Esta obra nasce da experi\u00eancia concreta do minist\u00e9rio presbiteral e prop\u00f5e uma reflex\u00e3o viva e pastoral sobre a miss\u00e3o do presb\u00edtero no itiner\u00e1rio da Inicia\u00e7\u00e3o \u00e0 Vida Crist\u00e3. O presb\u00edtero \u00e9 aqui apresentado como aquele que acompanha, anima e integra o caminho de f\u00e9, ajudando homens e mulheres a se encontrarem pessoalmente com Jesus Cristo. A obra convida a repensar pr\u00e1ticas, superar fragilidades formativas e redescobrir o presb\u00edtero como mistagogo e servidor da f\u00e9, comprometido com a forma\u00e7\u00e3o de disc\u00edpulos e com uma Igreja cada vez mais fiel ao Evangelho.<\/p>\n<p><strong>Sobre o autor<\/strong><br \/>\nWagner Francisco de Sousa Carvalho \u00e9 doutor pela Pontif\u00edcia Universidade Cat\u00f3lica do Rio de Janeiro e mestre em Ci\u00eancias da Educa\u00e7\u00e3o, com concentra\u00e7\u00e3o em Catequ\u00e9tica, pela Pontif\u00edcia Universidade Salesiana, em Roma. \u00c9 professor de Teologia Pastoral e Catequ\u00e9tica no Instituto Cat\u00f3lico de Estudos Superiores do Piau\u00ed (Icespi), membro do Conselho Cient\u00edfico e da Sociedade Brasileira de Catequetas (SBCat) e assessor da Comiss\u00e3o para a Anima\u00e7\u00e3o B\u00edblico-Catequ\u00e9tica da CNBB.<\/p>\n<p>&nbsp;<\/p>\n<p>&nbsp;<\/p>\n<hr \/>\n<p style=\"text-align: center;\"><strong>B\u00edblia Sagrada \u2013 Capa dura<\/strong><\/p>\n<p><img loading=\"lazy\" class=\"alignright wp-image-270476\" src=\"https:\/\/franciscanos.org.br\/noticias\/wp-content\/uploads\/2026\/09\/IMG_2418-removebg-preview-321x450.png\" alt=\"\" width=\"278\" height=\"390\" srcset=\"https:\/\/franciscanos.org.br\/noticias\/wp-content\/uploads\/2026\/09\/IMG_2418-removebg-preview-321x450.png 321w, https:\/\/franciscanos.org.br\/noticias\/wp-content\/uploads\/2026\/09\/IMG_2418-removebg-preview-150x210.png 150w, https:\/\/franciscanos.org.br\/noticias\/wp-content\/uploads\/2026\/09\/IMG_2418-removebg-preview.png 422w\" sizes=\"(max-width: 278px) 100vw, 278px\" \/><\/p>\n<p>A B\u00edblia Sagrada chega em uma nova edi\u00e7\u00e3o, unindo a profundidade e o rigor de seu conte\u00fado a um projeto gr\u00e1fico moderno, elegante e cuidadosamente elaborado. Seu texto \u00e9 resultado de uma profunda revis\u00e3o exeg\u00e9tica e liter\u00e1ria realizada diretamente a partir do grego, com o prop\u00f3sito de incorporar os avan\u00e7os das ci\u00eancias b\u00edblicas e oferecer uma linguagem atual, fluida e pr\u00f3xima do leitor contempor\u00e2neo.<\/p>\n<p>A edi\u00e7\u00e3o conta ainda com introdu\u00e7\u00e3o geral e apresenta\u00e7\u00f5es espec\u00edficas para cada livro b\u00edblico, al\u00e9m de um rico conjunto de conte\u00fados complementares, como leituras da liturgia dominical, festiva e ferial, \u00edndice tem\u00e1tico, vocabul\u00e1rio de termos b\u00edblicos, tabela cronol\u00f3gica da hist\u00f3ria b\u00edblica e outros recursos que enriquecem a leitura e o estudo das Escrituras.<br \/>\nNesta nova edi\u00e7\u00e3o, todo esse conte\u00fado ganha uma apresenta\u00e7\u00e3o \u00e0 altura de sua import\u00e2ncia. O novo projeto gr\u00e1fico foi pensado para proporcionar uma experi\u00eancia de leitura mais agrad\u00e1vel e contempor\u00e2nea, valorizando cada detalhe da obra. O acabamento em capa dura, o hot stamping e a sofisticada pintura trilateral, aplicada \u00e0s tr\u00eas bordas externas do miolo, conferem \u00e0 B\u00edblia uma presen\u00e7a marcante e um acabamento especial.<\/p>\n<p>&nbsp;<\/p>\n<hr \/>\n<p style=\"text-align: center;\"><strong>Catequese, m\u00edstica e espiritualidade<\/strong><br \/>\n<em>(Andr\u00e9 Gustavo de Sousa \/ Pe. Marcelo Machado &#8211; org.)<\/em><\/p>\n<p><img loading=\"lazy\" class=\"alignleft wp-image-270480\" src=\"https:\/\/franciscanos.org.br\/noticias\/wp-content\/uploads\/2026\/09\/Catequese-286x450.png\" alt=\"\" width=\"248\" height=\"390\" srcset=\"https:\/\/franciscanos.org.br\/noticias\/wp-content\/uploads\/2026\/09\/Catequese-286x450.png 286w, https:\/\/franciscanos.org.br\/noticias\/wp-content\/uploads\/2026\/09\/Catequese-150x236.png 150w, https:\/\/franciscanos.org.br\/noticias\/wp-content\/uploads\/2026\/09\/Catequese.png 532w\" sizes=\"(max-width: 248px) 100vw, 248px\" \/><\/p>\n<p>Este livro nasce do cuidado com a forma\u00e7\u00e3o espiritual do catequista, dimens\u00e3o sem a qual<br \/>\nnenhuma t\u00e9cnica ou metodologia basta para sustentar a miss\u00e3o de anunciar Jesus Cristo.<\/p>\n<p>Estruturado em tr\u00eas cap\u00edtulos, o livro re\u00fane reflex\u00f5es formativas: o primeiro situa a espiritualidade como experi\u00eancia entre a pessoa e o divino; o segundo aprofunda a ora\u00e7\u00e3o, os sacramentos e a m\u00edstica eclesial como caminhos concretos de crescimento; por fim, o terceiro apresenta o catequista como disc\u00edpulo-mission\u00e1rio, chamado \u00e0 santidade, proclamador da Palavra e guardi\u00e3o da mem\u00f3ria de Deus.<\/p>\n<p><strong>Sobre os autores<\/strong><br \/>\nPe. Marcelo Machado (org.) \u00e9 mestre em Teologia pela PUC-Rio e especialista em Pastoral Catequ\u00e9tica pelo Celam. Atualmente, coordena a Anima\u00e7\u00e3o B\u00edblico-Catequ\u00e9tica \u2013 Regional Sul 1 da CNBB.<\/p>\n<p>Andr\u00e9 Gustavo de Sousa pertence ao clero da Arquidiocese de Aparecida. Possui p\u00f3s-gradua\u00e7\u00e3o em Forma\u00e7\u00e3o para Semin\u00e1rios e Catequese e \u00e9 mestre em Teologia Dogm\u00e1tica pela Pontif\u00edcia Universidade Gregoriana, em Roma, It\u00e1lia. Atua como assessor eclesi\u00e1stico da Comiss\u00e3o da Inicia\u00e7\u00e3o \u00e0 Vida Crist\u00e3 na Arquidiocese de Aparecida (SP).<\/p>\n<p>&nbsp;<\/p>\n<hr \/>\n<p style=\"text-align: center;\"><strong>Colorir e rezar com S\u00e3o Francisco de Assis<\/strong><\/p>\n<p><img loading=\"lazy\" class=\"alignright wp-image-270486\" src=\"https:\/\/franciscanos.org.br\/noticias\/wp-content\/uploads\/2026\/09\/9788532676207-319x450.jpg\" alt=\"\" width=\"198\" height=\"280\" srcset=\"https:\/\/franciscanos.org.br\/noticias\/wp-content\/uploads\/2026\/09\/9788532676207-319x450.jpg 319w, https:\/\/franciscanos.org.br\/noticias\/wp-content\/uploads\/2026\/09\/9788532676207-726x1024.jpg 726w, https:\/\/franciscanos.org.br\/noticias\/wp-content\/uploads\/2026\/09\/9788532676207-768x1084.jpg 768w, https:\/\/franciscanos.org.br\/noticias\/wp-content\/uploads\/2026\/09\/9788532676207-1088x1536.jpg 1088w, https:\/\/franciscanos.org.br\/noticias\/wp-content\/uploads\/2026\/09\/9788532676207-150x212.jpg 150w, https:\/\/franciscanos.org.br\/noticias\/wp-content\/uploads\/2026\/09\/9788532676207-scaled.jpg 765w\" sizes=\"(max-width: 198px) 100vw, 198px\" \/><\/p>\n<p>Colorir as ilustra\u00e7\u00f5es de S\u00e3o Francisco de Assis pode ser mais do que uma atividade: \u00e9 um caminho de espiritualidade. Neste livro, voc\u00ea encontrar\u00e1 ilustra\u00e7\u00f5es para colorir que n\u00e3o apenas encantam, mas tamb\u00e9m inspiram.<\/p>\n<p>Cada ilustra\u00e7\u00e3o traz uma representa\u00e7\u00e3o de S\u00e3o Francisco de Assis, cuja vida foi marcada por coragem, f\u00e9, alegria e entrega. Ao pintar, voc\u00ea \u00e9 convidado a contemplar, a rezar com arte, a aprender com a beleza que pode se manifestar no sil\u00eancio, nas atitudes, no cuidado ou no sorriso. Porque, sim: o mundo pode ser mais colorido.<\/p>\n<p>&nbsp;<\/p>\n<p>&nbsp;<\/p>\n<p>&nbsp;<\/p>\n<hr \/>\n<p style=\"text-align: center;\"><strong>Inicia\u00e7\u00e3o \u00e0 vida crist\u00e3 &#8211; Caminho do discipulado<br \/>\n<\/strong>(Manuel Freixo dos Santos \/ Maria Aparecida dos Santos &#8211; org.)<\/p>\n<p><img loading=\"lazy\" class=\"alignleft wp-image-270490\" src=\"https:\/\/franciscanos.org.br\/noticias\/wp-content\/uploads\/2026\/09\/9788532675637-319x450.jpg\" alt=\"\" width=\"276\" height=\"390\" srcset=\"https:\/\/franciscanos.org.br\/noticias\/wp-content\/uploads\/2026\/09\/9788532675637-319x450.jpg 319w, https:\/\/franciscanos.org.br\/noticias\/wp-content\/uploads\/2026\/09\/9788532675637-726x1024.jpg 726w, https:\/\/franciscanos.org.br\/noticias\/wp-content\/uploads\/2026\/09\/9788532675637-768x1084.jpg 768w, https:\/\/franciscanos.org.br\/noticias\/wp-content\/uploads\/2026\/09\/9788532675637-1088x1536.jpg 1088w, https:\/\/franciscanos.org.br\/noticias\/wp-content\/uploads\/2026\/09\/9788532675637-150x212.jpg 150w, https:\/\/franciscanos.org.br\/noticias\/wp-content\/uploads\/2026\/09\/9788532675637-scaled.jpg 765w\" sizes=\"(max-width: 276px) 100vw, 276px\" \/><\/p>\n<p>Esta obra \u00e9 um valioso instrumento de acolhimento, estudo e dedica\u00e7\u00e3o \u00e0 f\u00e9 crist\u00e3 para jovens e adultos que desejam conhecer ou aprofundar a mensagem de Jesus Cristo. Com uma abordagem clara e acess\u00edvel, ela apresenta os principais temas da Inicia\u00e7\u00e3o \u00e0 Vida Crist\u00e3.<\/p>\n<p>Ao longo dos quatro tempos \u2013 pr\u00e9-catecumenato, catecumenato, purifica\u00e7\u00e3o e ilumina\u00e7\u00e3o e mistagogia \u2013 o livro reflete temas como o amor de Deus, a pessoa de Jesus Cristo, a Igreja e os sacramentos, oferecendo uma vis\u00e3o abrangente da f\u00e9 crist\u00e3. Cada encontro \u00e9 cuidadosamente elaborado para ajudar catec\u00famenos, catequizandos e catequistas a compreenderem e vivenciarem a mensagem de Jesus Cristo.<\/p>\n<p>Trata-se de uma obra fundamental para catequistas, lideran\u00e7as religiosas e todas as pessoas que desejam aprofundar sua f\u00e9 e seguir o caminho do discipulado. Um convite para experimentar a presen\u00e7a de Deus em suas vidas e para se tornarem disc\u00edpulos mission\u00e1rios de Jesus Cristo, testemunhando as verdades de f\u00e9 crist\u00e3.<\/p>\n<p>&nbsp;<\/p>\n<p>&nbsp;<\/p>\n<hr \/>\n<p style=\"text-align: center;\"><strong>No caminho de Jesus &#8211; <\/strong><strong>\u00c1lbum Lit\u00fargico-Catequ\u00e9tico|Ano B &#8211; 2026\/2027<br \/>\n<\/strong><em>(Ana Maria Oleniki \/ Francine Porfirio Ortiz)<\/em><\/p>\n<p><img loading=\"lazy\" class=\"alignright wp-image-270492\" src=\"https:\/\/franciscanos.org.br\/noticias\/wp-content\/uploads\/2026\/09\/No-caminho-336x450.png\" alt=\"\" width=\"209\" height=\"280\" srcset=\"https:\/\/franciscanos.org.br\/noticias\/wp-content\/uploads\/2026\/09\/No-caminho-336x450.png 336w, https:\/\/franciscanos.org.br\/noticias\/wp-content\/uploads\/2026\/09\/No-caminho-150x201.png 150w, https:\/\/franciscanos.org.br\/noticias\/wp-content\/uploads\/2026\/09\/No-caminho.png 636w\" sizes=\"(max-width: 209px) 100vw, 209px\" \/><\/p>\n<p>No caminho de Jesus \u2013 \u00c1lbum LIt\u00fargico-Catequ\u00e9tico | Ano B \u2013 2026|2027 \u00e9 uma proposta de catequese familiar e lit\u00fargica para ajudar no entendimento da mensagem de Jesus apresentada no Evangelho das missas dominicais.<\/p>\n<p>Este \u00c1lbum \u00e9 um recurso complementar aos encontros de catequese, propondo aos catequizandos e seus familiares a oportunidade de refletirem juntos e fazer a experi\u00eancia de aproxima\u00e7\u00e3o com Jesus Cristo e sua mensagem, ao longo da caminhada de educa\u00e7\u00e3o permanente da f\u00e9.<\/p>\n<p>Al\u00e9m do conte\u00fado, o leitor ganha as figurinhas adesivas para acompanhar o Ano Lit\u00fargico e um brinde surpresa!<\/p>\n<p>&nbsp;<\/p>\n<p>&nbsp;<\/p>\n<hr \/>\n<p style=\"text-align: center;\"><strong>O Sacramento do Matrim\u00f4nio &#8211; Celebra\u00e7\u00e3o, mistagogia e a\u00e7\u00e3o pastoral<\/strong><em><br \/>\n(Pe. Renato de Oliveira Rodrigues \/ Pe. Ademilson Tadeu Quirino)<\/em><\/p>\n<p><img loading=\"lazy\" class=\"alignleft wp-image-270495\" src=\"https:\/\/franciscanos.org.br\/noticias\/wp-content\/uploads\/2026\/09\/9788532675866-294x450.jpg\" alt=\"\" width=\"255\" height=\"390\" srcset=\"https:\/\/franciscanos.org.br\/noticias\/wp-content\/uploads\/2026\/09\/9788532675866-294x450.jpg 294w, https:\/\/franciscanos.org.br\/noticias\/wp-content\/uploads\/2026\/09\/9788532675866-668x1024.jpg 668w, https:\/\/franciscanos.org.br\/noticias\/wp-content\/uploads\/2026\/09\/9788532675866-768x1176.jpg 768w, https:\/\/franciscanos.org.br\/noticias\/wp-content\/uploads\/2026\/09\/9788532675866-1003x1536.jpg 1003w, https:\/\/franciscanos.org.br\/noticias\/wp-content\/uploads\/2026\/09\/9788532675866-150x230.jpg 150w, https:\/\/franciscanos.org.br\/noticias\/wp-content\/uploads\/2026\/09\/9788532675866-scaled.jpg 705w\" sizes=\"(max-width: 255px) 100vw, 255px\" \/><\/p>\n<p>A cultura contempor\u00e2nea desafia profundamente a viv\u00eancia do matrim\u00f4nio crist\u00e3o, marcada por rela\u00e7\u00f5es fr\u00e1geis e inst\u00e1veis. Diante desse cen\u00e1rio, esta obra prop\u00f5e um olhar pastoral sobre o Sacramento do Matrim\u00f4nio, enraizado na Sagrada Escritura e na tradi\u00e7\u00e3o crist\u00e3. O matrim\u00f4nio \u00e9 apresentado como dom e voca\u00e7\u00e3o, vivido no consentimento livre dos esposos e sustentado pelo amor de Cristo, que se entrega por sua Igreja. Este livro \u00e9 um subs\u00eddio para casais e agentes pastorais no caminho de amadurecimento da f\u00e9, fortalecendo a vida familiar como verdadeira Igreja dom\u00e9stica.<\/p>\n<p><strong>Sobre os autores<\/strong><\/p>\n<p>Pe. Renato de Oliveira Rodrigues \u00e9 presb\u00edtero da Diocese de Caratinga (MG), formado em Filosofia pela Faculdade Cat\u00f3lica de An\u00e1polis (GO) e em Teologia pelo Semin\u00e1rio Diocesano Nossa Senhora do Ros\u00e1rio, em Caratinga.<\/p>\n<p>Pe. Ademilson Tadeu Quirino \u00e9 presb\u00edtero da Diocese de Caratinga (MG). \u00c9 especialista em Liturgia, Ci\u00eancia e Cultura, e em Cultura e Meios de Comunica\u00e7\u00e3o: uma abordagem te\u00f3rico-pr\u00e1tica (PUC-SP), al\u00e9m de ser doutor em Teologia pela PUC-Rio.<\/p>\n<p>&nbsp;<\/p>\n<hr \/>\n<p><strong>Todos esses produtos podem ser adquiridos pelos sites:<\/strong><\/p>\n<p><a href=\"http:\/\/www.livrariavozes.com.br\/\">www.livrariavozes.com.br<\/a><br \/>\n<a href=\"http:\/\/vozes.com.br\/\">http:\/\/vozes.com.br<\/a><\/p>\n<p>Contato da Editora Vozes:<br \/>\nE-mail: contato@vozes.com.br<br \/>\nTelefone: (11) 3101-8451<\/p>\n","protected":false},"excerpt":{"rendered":"<p>Editora Vozes<\/p>\n","protected":false},"author":15,"featured_media":270469,"comment_status":"open","ping_status":"open","sticky":false,"template":"","format":"standard","meta":[],"categories":[1],"tags":[],"acf":[],"yoast_head":"<!-- This site is optimized with the Yoast SEO plugin v19.2 - https:\/\/yoast.com\/wordpress\/plugins\/seo\/ -->\n<title>Lan\u00e7amentos da semana - Editora Vozes - Not\u00edcias - Franciscanos<\/title>\n<meta name=\"robots\" content=\"index, follow, max-snippet:-1, max-image-preview:large, max-video-preview:-1\" \/>\n<link rel=\"canonical\" href=\"https:\/\/franciscanos.org.br\/noticias\/lancamentos-da-semana-editora-vozes-4.html\" \/>\n<meta property=\"og:locale\" content=\"pt_BR\" \/>\n<meta property=\"og:type\" content=\"article\" \/>\n<meta property=\"og:title\" content=\"Lan\u00e7amentos da semana - Editora Vozes - Not\u00edcias - Franciscanos\" \/>\n<meta property=\"og:description\" content=\"Editora Vozes\" \/>\n<meta property=\"og:url\" content=\"https:\/\/franciscanos.org.br\/noticias\/lancamentos-da-semana-editora-vozes-4.html\" \/>\n<meta property=\"og:site_name\" content=\"Not\u00edcias - Franciscanos\" \/>\n<meta property=\"article:published_time\" content=\"2026-09-04T12:19:54+00:00\" \/>\n<meta property=\"article:modified_time\" content=\"2026-09-04T12:20:03+00:00\" \/>\n<meta property=\"og:image\" content=\"https:\/\/franciscanos.org.br\/noticias\/wp-content\/uploads\/2026\/09\/channels4_profile-450x450-1.jpg\" \/>\n\t<meta property=\"og:image:width\" content=\"450\" \/>\n\t<meta property=\"og:image:height\" content=\"450\" \/>\n\t<meta property=\"og:image:type\" content=\"image\/jpeg\" \/>\n<meta name=\"author\" content=\"Guilherme Rocha\" \/>\n<meta name=\"twitter:card\" content=\"summary_large_image\" \/>\n<meta name=\"twitter:label1\" content=\"Escrito por\" \/>\n\t<meta name=\"twitter:data1\" content=\"Guilherme Rocha\" \/>\n\t<meta name=\"twitter:label2\" content=\"Est. tempo de leitura\" \/>\n\t<meta name=\"twitter:data2\" content=\"6 minutos\" \/>\n<script type=\"application\/ld+json\" class=\"yoast-schema-graph\">{\"@context\":\"https:\/\/schema.org\",\"@graph\":[{\"@type\":\"WebSite\",\"@id\":\"https:\/\/franciscanos.org.br\/noticias\/#website\",\"url\":\"https:\/\/franciscanos.org.br\/noticias\/\",\"name\":\"Not\u00edcias - Franciscanos\",\"description\":\"Prov\u00edncia Franciscana da Imaculada Concei\u00e7\u00e3o do Brasil - Ordem dos Frades Menores - OFM\",\"potentialAction\":[{\"@type\":\"SearchAction\",\"target\":{\"@type\":\"EntryPoint\",\"urlTemplate\":\"https:\/\/franciscanos.org.br\/noticias\/?s={search_term_string}\"},\"query-input\":\"required name=search_term_string\"}],\"inLanguage\":\"pt-BR\"},{\"@type\":\"ImageObject\",\"inLanguage\":\"pt-BR\",\"@id\":\"https:\/\/franciscanos.org.br\/noticias\/lancamentos-da-semana-editora-vozes-4.html#primaryimage\",\"url\":\"https:\/\/franciscanos.org.br\/noticias\/wp-content\/uploads\/2026\/09\/channels4_profile-450x450-1.jpg\",\"contentUrl\":\"https:\/\/franciscanos.org.br\/noticias\/wp-content\/uploads\/2026\/09\/channels4_profile-450x450-1.jpg\",\"width\":450,\"height\":450},{\"@type\":\"WebPage\",\"@id\":\"https:\/\/franciscanos.org.br\/noticias\/lancamentos-da-semana-editora-vozes-4.html#webpage\",\"url\":\"https:\/\/franciscanos.org.br\/noticias\/lancamentos-da-semana-editora-vozes-4.html\",\"name\":\"Lan\u00e7amentos da semana - Editora Vozes - Not\u00edcias - Franciscanos\",\"isPartOf\":{\"@id\":\"https:\/\/franciscanos.org.br\/noticias\/#website\"},\"primaryImageOfPage\":{\"@id\":\"https:\/\/franciscanos.org.br\/noticias\/lancamentos-da-semana-editora-vozes-4.html#primaryimage\"},\"datePublished\":\"2026-09-04T12:19:54+00:00\",\"dateModified\":\"2026-09-04T12:20:03+00:00\",\"author\":{\"@id\":\"https:\/\/franciscanos.org.br\/noticias\/#\/schema\/person\/69bb4cd273a2528548b63cccab4980a0\"},\"breadcrumb\":{\"@id\":\"https:\/\/franciscanos.org.br\/noticias\/lancamentos-da-semana-editora-vozes-4.html#breadcrumb\"},\"inLanguage\":\"pt-BR\",\"potentialAction\":[{\"@type\":\"ReadAction\",\"target\":[\"https:\/\/franciscanos.org.br\/noticias\/lancamentos-da-semana-editora-vozes-4.html\"]}]},{\"@type\":\"BreadcrumbList\",\"@id\":\"https:\/\/franciscanos.org.br\/noticias\/lancamentos-da-semana-editora-vozes-4.html#breadcrumb\",\"itemListElement\":[{\"@type\":\"ListItem\",\"position\":1,\"name\":\"Home\",\"item\":\"https:\/\/franciscanos.org.br\/noticias\"},{\"@type\":\"ListItem\",\"position\":2,\"name\":\"Lan\u00e7amentos da semana &#8211; Editora Vozes\"}]},{\"@type\":\"Person\",\"@id\":\"https:\/\/franciscanos.org.br\/noticias\/#\/schema\/person\/69bb4cd273a2528548b63cccab4980a0\",\"name\":\"Guilherme Rocha\",\"image\":{\"@type\":\"ImageObject\",\"inLanguage\":\"pt-BR\",\"@id\":\"https:\/\/franciscanos.org.br\/noticias\/#\/schema\/person\/image\/\",\"url\":\"https:\/\/secure.gravatar.com\/avatar\/e480fee2377f81af36f6990ed742592a?s=96&d=mm&r=g\",\"contentUrl\":\"https:\/\/secure.gravatar.com\/avatar\/e480fee2377f81af36f6990ed742592a?s=96&d=mm&r=g\",\"caption\":\"Guilherme Rocha\"},\"url\":\"https:\/\/franciscanos.org.br\/noticias\/author\/guilhermerocha\"}]}<\/script>\n<!-- \/ Yoast SEO plugin. -->","yoast_head_json":{"title":"Lan\u00e7amentos da semana - Editora Vozes - Not\u00edcias - Franciscanos","robots":{"index":"index","follow":"follow","max-snippet":"max-snippet:-1","max-image-preview":"max-image-preview:large","max-video-preview":"max-video-preview:-1"},"canonical":"https:\/\/franciscanos.org.br\/noticias\/lancamentos-da-semana-editora-vozes-4.html","og_locale":"pt_BR","og_type":"article","og_title":"Lan\u00e7amentos da semana - Editora Vozes - Not\u00edcias - Franciscanos","og_description":"Editora Vozes","og_url":"https:\/\/franciscanos.org.br\/noticias\/lancamentos-da-semana-editora-vozes-4.html","og_site_name":"Not\u00edcias - Franciscanos","article_published_time":"2026-09-04T12:19:54+00:00","article_modified_time":"2026-09-04T12:20:03+00:00","og_image":[{"width":450,"height":450,"url":"https:\/\/franciscanos.org.br\/noticias\/wp-content\/uploads\/2026\/09\/channels4_profile-450x450-1.jpg","type":"image\/jpeg"}],"author":"Guilherme Rocha","twitter_card":"summary_large_image","twitter_misc":{"Escrito por":"Guilherme Rocha","Est. tempo de leitura":"6 minutos"},"schema":{"@context":"https:\/\/schema.org","@graph":[{"@type":"WebSite","@id":"https:\/\/franciscanos.org.br\/noticias\/#website","url":"https:\/\/franciscanos.org.br\/noticias\/","name":"Not\u00edcias - Franciscanos","description":"Prov\u00edncia Franciscana da Imaculada Concei\u00e7\u00e3o do Brasil - Ordem dos Frades Menores - OFM","potentialAction":[{"@type":"SearchAction","target":{"@type":"EntryPoint","urlTemplate":"https:\/\/franciscanos.org.br\/noticias\/?s={search_term_string}"},"query-input":"required name=search_term_string"}],"inLanguage":"pt-BR"},{"@type":"ImageObject","inLanguage":"pt-BR","@id":"https:\/\/franciscanos.org.br\/noticias\/lancamentos-da-semana-editora-vozes-4.html#primaryimage","url":"https:\/\/franciscanos.org.br\/noticias\/wp-content\/uploads\/2026\/09\/channels4_profile-450x450-1.jpg","contentUrl":"https:\/\/franciscanos.org.br\/noticias\/wp-content\/uploads\/2026\/09\/channels4_profile-450x450-1.jpg","width":450,"height":450},{"@type":"WebPage","@id":"https:\/\/franciscanos.org.br\/noticias\/lancamentos-da-semana-editora-vozes-4.html#webpage","url":"https:\/\/franciscanos.org.br\/noticias\/lancamentos-da-semana-editora-vozes-4.html","name":"Lan\u00e7amentos da semana - Editora Vozes - Not\u00edcias - Franciscanos","isPartOf":{"@id":"https:\/\/franciscanos.org.br\/noticias\/#website"},"primaryImageOfPage":{"@id":"https:\/\/franciscanos.org.br\/noticias\/lancamentos-da-semana-editora-vozes-4.html#primaryimage"},"datePublished":"2026-09-04T12:19:54+00:00","dateModified":"2026-09-04T12:20:03+00:00","author":{"@id":"https:\/\/franciscanos.org.br\/noticias\/#\/schema\/person\/69bb4cd273a2528548b63cccab4980a0"},"breadcrumb":{"@id":"https:\/\/franciscanos.org.br\/noticias\/lancamentos-da-semana-editora-vozes-4.html#breadcrumb"},"inLanguage":"pt-BR","potentialAction":[{"@type":"ReadAction","target":["https:\/\/franciscanos.org.br\/noticias\/lancamentos-da-semana-editora-vozes-4.html"]}]},{"@type":"BreadcrumbList","@id":"https:\/\/franciscanos.org.br\/noticias\/lancamentos-da-semana-editora-vozes-4.html#breadcrumb","itemListElement":[{"@type":"ListItem","position":1,"name":"Home","item":"https:\/\/franciscanos.org.br\/noticias"},{"@type":"ListItem","position":2,"name":"Lan\u00e7amentos da semana &#8211; Editora Vozes"}]},{"@type":"Person","@id":"https:\/\/franciscanos.org.br\/noticias\/#\/schema\/person\/69bb4cd273a2528548b63cccab4980a0","name":"Guilherme Rocha","image":{"@type":"ImageObject","inLanguage":"pt-BR","@id":"https:\/\/franciscanos.org.br\/noticias\/#\/schema\/person\/image\/","url":"https:\/\/secure.gravatar.com\/avatar\/e480fee2377f81af36f6990ed742592a?s=96&d=mm&r=g","contentUrl":"https:\/\/secure.gravatar.com\/avatar\/e480fee2377f81af36f6990ed742592a?s=96&d=mm&r=g","caption":"Guilherme Rocha"},"url":"https:\/\/franciscanos.org.br\/noticias\/author\/guilhermerocha"}]}},"_links":{"self":[{"href":"https:\/\/franciscanos.org.br\/noticias\/wp-json\/wp\/v2\/posts\/270468"}],"collection":[{"href":"https:\/\/franciscanos.org.br\/noticias\/wp-json\/wp\/v2\/posts"}],"about":[{"href":"https:\/\/franciscanos.org.br\/noticias\/wp-json\/wp\/v2\/types\/post"}],"author":[{"embeddable":true,"href":"https:\/\/franciscanos.org.br\/noticias\/wp-json\/wp\/v2\/users\/15"}],"replies":[{"embeddable":true,"href":"https:\/\/franciscanos.org.br\/noticias\/wp-json\/wp\/v2\/comments?post=270468"}],"version-history":[{"count":17,"href":"https:\/\/franciscanos.org.br\/noticias\/wp-json\/wp\/v2\/posts\/270468\/revisions"}],"predecessor-version":[{"id":270497,"href":"https:\/\/franciscanos.org.br\/noticias\/wp-json\/wp\/v2\/posts\/270468\/revisions\/270497"}],"wp:featuredmedia":[{"embeddable":true,"href":"https:\/\/franciscanos.org.br\/noticias\/wp-json\/wp\/v2\/media\/270469"}],"wp:attachment":[{"href":"https:\/\/franciscanos.org.br\/noticias\/wp-json\/wp\/v2\/media?parent=270468"}],"wp:term":[{"taxonomy":"category","embeddable":true,"href":"https:\/\/franciscanos.org.br\/noticias\/wp-json\/wp\/v2\/categories?post=270468"},{"taxonomy":"post_tag","embeddable":true,"href":"https:\/\/franciscanos.org.br\/noticias\/wp-json\/wp\/v2\/tags?post=270468"}],"curies":[{"name":"wp","href":"https:\/\/api.w.org\/{rel}","templated":true}]}}