{"id":270455,"date":"2026-09-03T16:04:24","date_gmt":"2026-09-03T19:04:24","guid":{"rendered":"https:\/\/franciscanos.org.br\/noticias\/?p=270455"},"modified":"2026-09-03T16:04:24","modified_gmt":"2026-09-03T19:04:24","slug":"postulantes-franciscanos-vivem-rotina-do-sefras","status":"publish","type":"post","link":"https:\/\/franciscanos.org.br\/noticias\/postulantes-franciscanos-vivem-rotina-do-sefras.html","title":{"rendered":"Postulantes franciscanos vivem rotina do Sefras"},"content":{"rendered":"<p><img loading=\"lazy\" class=\"aligncenter wp-image-270456 size-full\" src=\"https:\/\/franciscanos.org.br\/noticias\/wp-content\/uploads\/2026\/09\/1.jpg\" alt=\"Postulantes franciscanos vivem rotina do Sefras\" width=\"960\" height=\"706\" srcset=\"https:\/\/franciscanos.org.br\/noticias\/wp-content\/uploads\/2026\/09\/1.jpg 960w, https:\/\/franciscanos.org.br\/noticias\/wp-content\/uploads\/2026\/09\/1-450x331.jpg 450w, https:\/\/franciscanos.org.br\/noticias\/wp-content\/uploads\/2026\/09\/1-768x565.jpg 768w, https:\/\/franciscanos.org.br\/noticias\/wp-content\/uploads\/2026\/09\/1-150x110.jpg 150w\" sizes=\"(max-width: 960px) 100vw, 960px\" \/><\/p>\n<p><a href=\"https:\/\/www.sefras.org.br\/blog\/postulantes-franciscanos-vivem-rotina-do-sefras\">*confira o artigo original no site do Sefras<\/a><\/p>\n<p>Durante o m\u00eas de julho, postulantes do Semin\u00e1rio Frei Galv\u00e3o, em Guaratinguet\u00e1 (SP), das Prov\u00edncias da Imaculada Concei\u00e7\u00e3o do Brasil e S\u00e3o Francisco de Assis, viveram uma experi\u00eancia de servi\u00e7o nas casas e servi\u00e7os do Sefras \u2013 A\u00e7\u00e3o Social Franciscana. Mais do que conhecer projetos de atua\u00e7\u00e3o social, os nove jovens passaram a fazer parte da rotina de espa\u00e7os que atendem pessoas em situa\u00e7\u00e3o de rua, idosos, crian\u00e7as e adolescentes e trabalhadores da reciclagem.<\/p>\n<p>A experi\u00eancia come\u00e7ou na Fraternidade Santo Ant\u00f4nio do Pari, sede central do Sefras, onde os postulantes foram acolhidos e passaram a acompanhar a rotina da organiza\u00e7\u00e3o. De segunda a sexta-feira, eles foram distribu\u00eddos entre quatro frentes: Recifran, Casa de Clara, Casa Franciscana e Ch\u00e1 do Padre.<\/p>\n<p>Ao longo do m\u00eas, a forma\u00e7\u00e3o aconteceu tamb\u00e9m no contato cotidiano com essas diferentes realidades. Entre a prepara\u00e7\u00e3o e a entrega de refei\u00e7\u00f5es, a organiza\u00e7\u00e3o de materiais recicl\u00e1veis, as atividades com crian\u00e7as e os momentos de conviv\u00eancia com idosos, os postulantes foram convidados a escutar hist\u00f3rias, compreender trajet\u00f3rias e participar de uma rotina marcada pelo cuidado e pela defesa da dignidade.<\/p>\n<p>A proposta, nesse sentido, n\u00e3o se resumiu a uma experi\u00eancia de voluntariado. Foi uma oportunidade de vivenciar o trabalho social de perto e perceber como o atendimento cotidiano \u00e9 constru\u00eddo a partir de rela\u00e7\u00f5es, escuta e presen\u00e7a. Para os postulantes, o contato com as pessoas atendidas tamb\u00e9m provocou novas perguntas sobre pobreza, vulnerabilidade, preconceito e as diferentes formas de cuidado.<\/p>\n<p>Para o presidente do Sefras, frei Vagner Sassi, a presen\u00e7a dos postulantes tamb\u00e9m expressa uma dimens\u00e3o importante do trabalho da organiza\u00e7\u00e3o: a forma\u00e7\u00e3o a partir da realidade.<\/p>\n<p>\u201cQuando algu\u00e9m se aproxima de uma realidade diferente da sua, come\u00e7a tamb\u00e9m a enxergar aquilo que antes poderia passar despercebido. Para n\u00f3s, receber os postulantes \u00e9 uma oportunidade de compartilhar o trabalho do Sefras, mas tamb\u00e9m de aprender com eles. O encontro com as pessoas atendidas nos recorda que cuidar, acolher e defender direitos come\u00e7a pelo reconhecimento da dignidade de cada pessoa.\u201d<\/p>\n<p><strong>Quando o outro deixa de ser desconhecido<\/strong><\/p>\n\n\t\t<style type=\"text\/css\">\n\t\t\t#gallery-1 {\n\t\t\t\tmargin: auto;\n\t\t\t}\n\t\t\t#gallery-1 .gallery-item {\n\t\t\t\tfloat: left;\n\t\t\t\tmargin-top: 10px;\n\t\t\t\ttext-align: center;\n\t\t\t\twidth: 25%;\n\t\t\t}\n\t\t\t#gallery-1 img {\n\t\t\t\tborder: 2px solid #cfcfcf;\n\t\t\t}\n\t\t\t#gallery-1 .gallery-caption {\n\t\t\t\tmargin-left: 0;\n\t\t\t}\n\t\t\t\/* see gallery_shortcode() in wp-includes\/media.php *\/\n\t\t<\/style>\n\t\t<div id='gallery-1' class='gallery galleryid-270455 gallery-columns-4 gallery-size-thumbnail'><dl class='gallery-item'>\n\t\t\t<dt class='gallery-icon portrait'>\n\t\t\t\t<a href='https:\/\/franciscanos.org.br\/noticias\/wp-content\/uploads\/2026\/09\/gal1-scaled.jpg'><img width=\"300\" height=\"300\" src=\"https:\/\/franciscanos.org.br\/noticias\/wp-content\/uploads\/2026\/09\/gal1-300x300.jpg\" class=\"attachment-thumbnail size-thumbnail\" alt=\"\" loading=\"lazy\" srcset=\"https:\/\/franciscanos.org.br\/noticias\/wp-content\/uploads\/2026\/09\/gal1-300x300.jpg 300w, https:\/\/franciscanos.org.br\/noticias\/wp-content\/uploads\/2026\/09\/gal1-100x100.jpg 100w\" sizes=\"(max-width: 300px) 100vw, 300px\" \/><\/a>\n\t\t\t<\/dt><\/dl><dl class='gallery-item'>\n\t\t\t<dt class='gallery-icon portrait'>\n\t\t\t\t<a href='https:\/\/franciscanos.org.br\/noticias\/wp-content\/uploads\/2026\/09\/gal2-scaled.jpg'><img width=\"300\" height=\"300\" src=\"https:\/\/franciscanos.org.br\/noticias\/wp-content\/uploads\/2026\/09\/gal2-300x300.jpg\" class=\"attachment-thumbnail size-thumbnail\" alt=\"\" loading=\"lazy\" srcset=\"https:\/\/franciscanos.org.br\/noticias\/wp-content\/uploads\/2026\/09\/gal2-300x300.jpg 300w, https:\/\/franciscanos.org.br\/noticias\/wp-content\/uploads\/2026\/09\/gal2-100x100.jpg 100w\" sizes=\"(max-width: 300px) 100vw, 300px\" \/><\/a>\n\t\t\t<\/dt><\/dl><dl class='gallery-item'>\n\t\t\t<dt class='gallery-icon portrait'>\n\t\t\t\t<a href='https:\/\/franciscanos.org.br\/noticias\/wp-content\/uploads\/2026\/09\/gal3-scaled.jpg'><img width=\"300\" height=\"300\" src=\"https:\/\/franciscanos.org.br\/noticias\/wp-content\/uploads\/2026\/09\/gal3-300x300.jpg\" class=\"attachment-thumbnail size-thumbnail\" alt=\"\" loading=\"lazy\" srcset=\"https:\/\/franciscanos.org.br\/noticias\/wp-content\/uploads\/2026\/09\/gal3-300x300.jpg 300w, https:\/\/franciscanos.org.br\/noticias\/wp-content\/uploads\/2026\/09\/gal3-100x100.jpg 100w\" sizes=\"(max-width: 300px) 100vw, 300px\" \/><\/a>\n\t\t\t<\/dt><\/dl><dl class='gallery-item'>\n\t\t\t<dt class='gallery-icon portrait'>\n\t\t\t\t<a href='https:\/\/franciscanos.org.br\/noticias\/wp-content\/uploads\/2026\/09\/gal4-scaled.jpg'><img width=\"300\" height=\"300\" src=\"https:\/\/franciscanos.org.br\/noticias\/wp-content\/uploads\/2026\/09\/gal4-300x300.jpg\" class=\"attachment-thumbnail size-thumbnail\" alt=\"\" loading=\"lazy\" srcset=\"https:\/\/franciscanos.org.br\/noticias\/wp-content\/uploads\/2026\/09\/gal4-300x300.jpg 300w, https:\/\/franciscanos.org.br\/noticias\/wp-content\/uploads\/2026\/09\/gal4-100x100.jpg 100w\" sizes=\"(max-width: 300px) 100vw, 300px\" \/><\/a>\n\t\t\t<\/dt><\/dl><br style=\"clear: both\" \/>\n\t\t<\/div>\n\n<p>No Ch\u00e1 do Padre, servi\u00e7o voltado \u00e0 popula\u00e7\u00e3o em situa\u00e7\u00e3o de rua, o contato direto com as pessoas atendidas ajudou os postulantes a rever percep\u00e7\u00f5es constru\u00eddas \u00e0 dist\u00e2ncia.<\/p>\n<p>Nicolas Baraldo, passou o m\u00eas no servi\u00e7o. Para ele, a viv\u00eancia tamb\u00e9m est\u00e1 relacionada \u00e0 forma como os franciscanos compreendem o pr\u00f3prio caminho de forma\u00e7\u00e3o.<\/p>\n<p>\u201cSeguimos a m\u00e1xima de S\u00e3o Francisco, que \u00e9 fazer da nossa vida um Evangelho vivo, para que as pessoas possam enxergar Cristo em n\u00f3s. Espero que n\u00f3s, postulantes, possamos colher frutos muito abundantes dessa experi\u00eancia\u201d, afirma.<\/p>\n<p>Jo\u00e3o Lucas Almeida e Mateus Fernando Teixeira Porcatt, que tamb\u00e9m passaram pelo servi\u00e7o, encontraram ali uma oportunidade de rever imagens pr\u00e9-concebidas sobre a popula\u00e7\u00e3o em situa\u00e7\u00e3o de rua.<\/p>\n<p>Para Jo\u00e3o Lucas, o per\u00edodo ajudou a desmontar ideias constru\u00eddas \u00e0 dist\u00e2ncia. \u201cMuitas vezes a gente idealiza, romantiza ou tem preconceito com certas popula\u00e7\u00f5es. Ver como eles est\u00e3o numa realidade muito pr\u00f3xima da nossa, como a gente vive \u00e0s vezes em sintonia com eles, foi muito importante\u201d, afirma.<\/p>\n<p>Porcatt, pediu para viver essa experi\u00eancia mais de perto.<\/p>\n<p>\u201cEu desejava conhecer n\u00e3o somente a realidade deles, mas quem \u00e9 realmente aquela pessoa que est\u00e1 deitada ali na rua, que muitas vezes a gente passa e nem percebe que tem algu\u00e9m ali\u201d, relata.<\/p>\n<p>O resultado, segundo ele, foi um olhar mais humanizado. \u201cSaio dessa experi\u00eancia de uma forma muito mais humanizada e consegui enxergar Cristo tamb\u00e9m na vida dessas outras pessoas.\u201d<\/p>\n<p><strong>Hist\u00f3rias que ficam<\/strong><\/p>\n\n\t\t<style type=\"text\/css\">\n\t\t\t#gallery-2 {\n\t\t\t\tmargin: auto;\n\t\t\t}\n\t\t\t#gallery-2 .gallery-item {\n\t\t\t\tfloat: left;\n\t\t\t\tmargin-top: 10px;\n\t\t\t\ttext-align: center;\n\t\t\t\twidth: 50%;\n\t\t\t}\n\t\t\t#gallery-2 img {\n\t\t\t\tborder: 2px solid #cfcfcf;\n\t\t\t}\n\t\t\t#gallery-2 .gallery-caption {\n\t\t\t\tmargin-left: 0;\n\t\t\t}\n\t\t\t\/* see gallery_shortcode() in wp-includes\/media.php *\/\n\t\t<\/style>\n\t\t<div id='gallery-2' class='gallery galleryid-270455 gallery-columns-2 gallery-size-thumbnail'><dl class='gallery-item'>\n\t\t\t<dt class='gallery-icon portrait'>\n\t\t\t\t<a href='https:\/\/franciscanos.org.br\/noticias\/wp-content\/uploads\/2026\/09\/2-scaled.jpg'><img width=\"300\" height=\"300\" src=\"https:\/\/franciscanos.org.br\/noticias\/wp-content\/uploads\/2026\/09\/2-300x300.jpg\" class=\"attachment-thumbnail size-thumbnail\" alt=\"\" loading=\"lazy\" srcset=\"https:\/\/franciscanos.org.br\/noticias\/wp-content\/uploads\/2026\/09\/2-300x300.jpg 300w, https:\/\/franciscanos.org.br\/noticias\/wp-content\/uploads\/2026\/09\/2-100x100.jpg 100w\" sizes=\"(max-width: 300px) 100vw, 300px\" \/><\/a>\n\t\t\t<\/dt><\/dl><dl class='gallery-item'>\n\t\t\t<dt class='gallery-icon portrait'>\n\t\t\t\t<a href='https:\/\/franciscanos.org.br\/noticias\/wp-content\/uploads\/2026\/09\/3-scaled.jpg'><img width=\"300\" height=\"300\" src=\"https:\/\/franciscanos.org.br\/noticias\/wp-content\/uploads\/2026\/09\/3-300x300.jpg\" class=\"attachment-thumbnail size-thumbnail\" alt=\"\" loading=\"lazy\" srcset=\"https:\/\/franciscanos.org.br\/noticias\/wp-content\/uploads\/2026\/09\/3-300x300.jpg 300w, https:\/\/franciscanos.org.br\/noticias\/wp-content\/uploads\/2026\/09\/3-100x100.jpg 100w\" sizes=\"(max-width: 300px) 100vw, 300px\" \/><\/a>\n\t\t\t<\/dt><\/dl><br style=\"clear: both\" \/>\n\t\t<\/div>\n\n<p>Na Casa de Clara Bel\u00e9m, o contato aconteceu em outro ritmo. Em vez da urg\u00eancia caracter\u00edstica dos servi\u00e7os voltados \u00e0 popula\u00e7\u00e3o em situa\u00e7\u00e3o de rua, os postulantes encontraram tempo para conversar, ouvir e conhecer hist\u00f3rias.<\/p>\n<p>Rodrigo Oliveira passou o m\u00eas junto \u00e0s pessoas idosas atendidas pela casa. Para ele, o principal aprendizado esteve na conviv\u00eancia.<\/p>\n<p>\u201c\u00c9 uma experi\u00eancia muito rica, de escutar muitas hist\u00f3rias e fazer parte. Mostra uma caracter\u00edstica da nossa miss\u00e3o: acolher, cuidar e defender\u201d, avalia.<\/p>\n<p>Vin\u00edcius Bazzo, que tamb\u00e9m esteve na Casa de Clara, destaca a cria\u00e7\u00e3o de v\u00ednculos com pessoas em sua maioria j\u00e1 sozinhas, vi\u00favas ou vi\u00favos.<\/p>\n<p>\u201cEstamos desfrutando dessa experi\u00eancia de estar em comunh\u00e3o com eles, ouvindo hist\u00f3rias, contando hist\u00f3rias. \u00c9 uma vida que d\u00e1 para levar para sempre, para o cora\u00e7\u00e3o\u201d, resume.<\/p>\n<p>Para os dois, a viv\u00eancia mostra que o trabalho social tamb\u00e9m acontece nos encontros cotidianos. Mais do que acompanhar atividades, estar na Casa de Clara significou compartilhar conversas, mem\u00f3rias e momentos de conviv\u00eancia com pessoas que carregam hist\u00f3rias diferentes, mas que encontram naquele espa\u00e7o uma oportunidade de estar com o outro.<\/p>\n<p><strong>O trabalho como encontro<\/strong><\/p>\n<p><img loading=\"lazy\" class=\"alignright wp-image-270463\" src=\"https:\/\/franciscanos.org.br\/noticias\/wp-content\/uploads\/2026\/09\/4-338x450.jpg\" alt=\"\" width=\"263\" height=\"350\" srcset=\"https:\/\/franciscanos.org.br\/noticias\/wp-content\/uploads\/2026\/09\/4-338x450.jpg 338w, https:\/\/franciscanos.org.br\/noticias\/wp-content\/uploads\/2026\/09\/4-768x1024.jpg 768w, https:\/\/franciscanos.org.br\/noticias\/wp-content\/uploads\/2026\/09\/4-1152x1536.jpg 1152w, https:\/\/franciscanos.org.br\/noticias\/wp-content\/uploads\/2026\/09\/4-1536x2048.jpg 1536w, https:\/\/franciscanos.org.br\/noticias\/wp-content\/uploads\/2026\/09\/4-150x200.jpg 150w, https:\/\/franciscanos.org.br\/noticias\/wp-content\/uploads\/2026\/09\/4-scaled.jpg 810w\" sizes=\"(max-width: 263px) 100vw, 263px\" \/><\/p>\n<p>No Recifran, servi\u00e7o de apoio \u00e0 reciclagem, Matheus Tavares encontrou pessoas em processo de reconstru\u00e7\u00e3o de suas trajet\u00f3rias, inclusive na busca pela inser\u00e7\u00e3o no mundo do trabalho.<\/p>\n<p>\u201cAqui a gente tem esse encontro com o leproso, porque encontramos neles a figura de Cristo, assim como S\u00e3o Francisco encontrou nos leprosos a figura de Cristo\u201d, observa.<\/p>\n<p>A experi\u00eancia tamb\u00e9m permitiu compreender que o trabalho social passa pelo reconhecimento das hist\u00f3rias que existem por tr\u00e1s de cada atendimento.<\/p>\n<p>Matheus Battisti, de 33 anos, tamb\u00e9m passou pelo Recifran, al\u00e9m de ter conhecido o trabalho do Ch\u00e1 do Padre e da Perfeita Alegria. No servi\u00e7o de reciclagem, procurou estar pr\u00f3ximo dos participantes e conhecer suas hist\u00f3rias.<\/p>\n<p>\u201c\u00c9 muito enriquecedor estar junto e reconhecer que cada ser humano tem a sua dignidade e deve ser respeitado \u2014 devemos defender os seus direitos e tamb\u00e9m os seus deveres\u201d, afirma.<\/p>\n<p><strong>A esperan\u00e7a tamb\u00e9m mora na inf\u00e2ncia<\/strong><\/p>\n<p>Na Perfeita Alegria Peri, o encontro foi com crian\u00e7as e adolescentes. Igor Sposito passou o m\u00eas no servi\u00e7o e afirma que a experi\u00eancia teve impacto direto em sua caminhada.<\/p>\n<p>\u201cFoi um momento muito marcante, que animou o caminho vocacional e abriu minha perspectiva para novos caminhos que eu n\u00e3o conhecia. Estar com eles \u00e9 viver a esperan\u00e7a que brilha no olhar de cada um\u201d, diz.<\/p>\n<p>A rotina ao lado das crian\u00e7as tamb\u00e9m apresentou aos postulantes uma dimens\u00e3o do trabalho social ligada \u00e0 constru\u00e7\u00e3o de v\u00ednculos e \u00e0 garantia de espa\u00e7os de conviv\u00eancia e desenvolvimento.<\/p>\n<p>Fernando Andrade de Jesus tamb\u00e9m passou pela Perfeita Alegria e destaca a acolhida que recebeu das crian\u00e7as e dos educadores.<\/p>\n<p>\u201cPude participar de toda a rotina, das brincadeiras \u00e0s refei\u00e7\u00f5es. \u00c9 uma experi\u00eancia muito edificante, que a Ordem nos ensina: ajudar, acolher e bem cuidar das nossas crian\u00e7as\u201d, afirma.<\/p>\n\n\t\t<style type=\"text\/css\">\n\t\t\t#gallery-3 {\n\t\t\t\tmargin: auto;\n\t\t\t}\n\t\t\t#gallery-3 .gallery-item {\n\t\t\t\tfloat: left;\n\t\t\t\tmargin-top: 10px;\n\t\t\t\ttext-align: center;\n\t\t\t\twidth: 50%;\n\t\t\t}\n\t\t\t#gallery-3 img {\n\t\t\t\tborder: 2px solid #cfcfcf;\n\t\t\t}\n\t\t\t#gallery-3 .gallery-caption {\n\t\t\t\tmargin-left: 0;\n\t\t\t}\n\t\t\t\/* see gallery_shortcode() in wp-includes\/media.php *\/\n\t\t<\/style>\n\t\t<div id='gallery-3' class='gallery galleryid-270455 gallery-columns-2 gallery-size-thumbnail'><dl class='gallery-item'>\n\t\t\t<dt class='gallery-icon portrait'>\n\t\t\t\t<a href='https:\/\/franciscanos.org.br\/noticias\/wp-content\/uploads\/2026\/09\/5-scaled.jpg'><img width=\"300\" height=\"300\" src=\"https:\/\/franciscanos.org.br\/noticias\/wp-content\/uploads\/2026\/09\/5-300x300.jpg\" class=\"attachment-thumbnail size-thumbnail\" alt=\"\" loading=\"lazy\" srcset=\"https:\/\/franciscanos.org.br\/noticias\/wp-content\/uploads\/2026\/09\/5-300x300.jpg 300w, https:\/\/franciscanos.org.br\/noticias\/wp-content\/uploads\/2026\/09\/5-100x100.jpg 100w\" sizes=\"(max-width: 300px) 100vw, 300px\" \/><\/a>\n\t\t\t<\/dt><\/dl><dl class='gallery-item'>\n\t\t\t<dt class='gallery-icon portrait'>\n\t\t\t\t<a href='https:\/\/franciscanos.org.br\/noticias\/wp-content\/uploads\/2026\/09\/6-scaled.jpg'><img width=\"300\" height=\"300\" src=\"https:\/\/franciscanos.org.br\/noticias\/wp-content\/uploads\/2026\/09\/6-300x300.jpg\" class=\"attachment-thumbnail size-thumbnail\" alt=\"\" loading=\"lazy\" srcset=\"https:\/\/franciscanos.org.br\/noticias\/wp-content\/uploads\/2026\/09\/6-300x300.jpg 300w, https:\/\/franciscanos.org.br\/noticias\/wp-content\/uploads\/2026\/09\/6-100x100.jpg 100w\" sizes=\"(max-width: 300px) 100vw, 300px\" \/><\/a>\n\t\t\t<\/dt><\/dl><br style=\"clear: both\" \/>\n\t\t<\/div>\n\n<p><strong>O que fica depois da experi\u00eancia<\/strong><\/p>\n<p>Ao final do est\u00e1gio, o que fica para os postulantes n\u00e3o \u00e9 apenas o conhecimento sobre o funcionamento de cada servi\u00e7o, mas as rela\u00e7\u00f5es constru\u00eddas ao longo das semanas e a percep\u00e7\u00e3o de que o trabalho social se faz tamb\u00e9m na presen\u00e7a cotidiana.<\/p>\n<p>Estar ao lado de crian\u00e7as, idosos, trabalhadores da reciclagem e pessoas em situa\u00e7\u00e3o de rua permitiu conhecer hist\u00f3rias e realidades que, muitas vezes, permanecem invis\u00edveis para quem olha de fora. Nesse sentido, a viv\u00eancia no Sefras ultrapassou a tarefa de acompanhar rotinas: foi uma oportunidade de experimentar, na pr\u00e1tica, o que significa acolher, escutar e reconhecer a dignidade de cada pessoa.<\/p>\n<p>Para os nove jovens, o per\u00edodo tamb\u00e9m reafirmou uma dimens\u00e3o presente na forma\u00e7\u00e3o franciscana: a aproxima\u00e7\u00e3o com diferentes realidades como caminho de aprendizado. Ao circular pelas casas e servi\u00e7os, eles n\u00e3o apenas levaram sua disposi\u00e7\u00e3o para ajudar, mas tamb\u00e9m voltaram para casa atravessados pelas hist\u00f3rias e pelos encontros que tiveram ao longo do m\u00eas.<\/p>\n<p>A experi\u00eancia terminou em julho, mas n\u00e3o necessariamente se encerrou ali. Para quem passou um m\u00eas entre crian\u00e7as, idosos, trabalhadores da reciclagem e pessoas em situa\u00e7\u00e3o de rua, S\u00e3o Paulo deixa de ser apenas cen\u00e1rio. Vira mem\u00f3ria, rosto e hist\u00f3ria.<\/p>\n<p><a href=\"https:\/\/www.sefras.org.br\/blog\/postulantes-franciscanos-vivem-rotina-do-sefras\">*confira o artigo original no site do Sefras<\/a><\/p>\n<hr \/>\n<p><em>Melissa Galdino \u2013 Sefras<\/em><\/p>\n","protected":false},"excerpt":{"rendered":"<p>Forma\u00e7\u00e3o Franciscana<\/p>\n","protected":false},"author":15,"featured_media":270456,"comment_status":"open","ping_status":"open","sticky":false,"template":"","format":"standard","meta":[],"categories":[1],"tags":[],"acf":[],"yoast_head":"<!-- This site is optimized with the Yoast SEO plugin v19.2 - https:\/\/yoast.com\/wordpress\/plugins\/seo\/ -->\n<title>Postulantes franciscanos vivem rotina do Sefras - Not\u00edcias - Franciscanos<\/title>\n<meta name=\"robots\" content=\"index, follow, max-snippet:-1, max-image-preview:large, max-video-preview:-1\" \/>\n<link rel=\"canonical\" href=\"https:\/\/franciscanos.org.br\/noticias\/postulantes-franciscanos-vivem-rotina-do-sefras.html\" \/>\n<meta property=\"og:locale\" content=\"pt_BR\" \/>\n<meta property=\"og:type\" content=\"article\" \/>\n<meta property=\"og:title\" content=\"Postulantes franciscanos vivem rotina do Sefras - Not\u00edcias - Franciscanos\" \/>\n<meta property=\"og:description\" content=\"Forma\u00e7\u00e3o Franciscana\" \/>\n<meta property=\"og:url\" content=\"https:\/\/franciscanos.org.br\/noticias\/postulantes-franciscanos-vivem-rotina-do-sefras.html\" \/>\n<meta property=\"og:site_name\" content=\"Not\u00edcias - Franciscanos\" \/>\n<meta property=\"article:published_time\" content=\"2026-09-03T19:04:24+00:00\" \/>\n<meta property=\"og:image\" content=\"https:\/\/franciscanos.org.br\/noticias\/wp-content\/uploads\/2026\/09\/1.jpg\" \/>\n\t<meta property=\"og:image:width\" content=\"960\" \/>\n\t<meta property=\"og:image:height\" content=\"706\" \/>\n\t<meta property=\"og:image:type\" content=\"image\/jpeg\" \/>\n<meta name=\"author\" content=\"Guilherme Rocha\" \/>\n<meta name=\"twitter:card\" content=\"summary_large_image\" \/>\n<meta name=\"twitter:label1\" content=\"Escrito por\" \/>\n\t<meta name=\"twitter:data1\" content=\"Guilherme Rocha\" \/>\n\t<meta name=\"twitter:label2\" content=\"Est. tempo de leitura\" \/>\n\t<meta name=\"twitter:data2\" content=\"7 minutos\" \/>\n<script type=\"application\/ld+json\" class=\"yoast-schema-graph\">{\"@context\":\"https:\/\/schema.org\",\"@graph\":[{\"@type\":\"WebSite\",\"@id\":\"https:\/\/franciscanos.org.br\/noticias\/#website\",\"url\":\"https:\/\/franciscanos.org.br\/noticias\/\",\"name\":\"Not\u00edcias - Franciscanos\",\"description\":\"Prov\u00edncia Franciscana da Imaculada Concei\u00e7\u00e3o do Brasil - Ordem dos Frades Menores - OFM\",\"potentialAction\":[{\"@type\":\"SearchAction\",\"target\":{\"@type\":\"EntryPoint\",\"urlTemplate\":\"https:\/\/franciscanos.org.br\/noticias\/?s={search_term_string}\"},\"query-input\":\"required name=search_term_string\"}],\"inLanguage\":\"pt-BR\"},{\"@type\":\"ImageObject\",\"inLanguage\":\"pt-BR\",\"@id\":\"https:\/\/franciscanos.org.br\/noticias\/postulantes-franciscanos-vivem-rotina-do-sefras.html#primaryimage\",\"url\":\"https:\/\/franciscanos.org.br\/noticias\/wp-content\/uploads\/2026\/09\/1.jpg\",\"contentUrl\":\"https:\/\/franciscanos.org.br\/noticias\/wp-content\/uploads\/2026\/09\/1.jpg\",\"width\":960,\"height\":706,\"caption\":\"Postulantes franciscanos vivem rotina do Sefras\"},{\"@type\":\"WebPage\",\"@id\":\"https:\/\/franciscanos.org.br\/noticias\/postulantes-franciscanos-vivem-rotina-do-sefras.html#webpage\",\"url\":\"https:\/\/franciscanos.org.br\/noticias\/postulantes-franciscanos-vivem-rotina-do-sefras.html\",\"name\":\"Postulantes franciscanos vivem rotina do Sefras - Not\u00edcias - Franciscanos\",\"isPartOf\":{\"@id\":\"https:\/\/franciscanos.org.br\/noticias\/#website\"},\"primaryImageOfPage\":{\"@id\":\"https:\/\/franciscanos.org.br\/noticias\/postulantes-franciscanos-vivem-rotina-do-sefras.html#primaryimage\"},\"datePublished\":\"2026-09-03T19:04:24+00:00\",\"dateModified\":\"2026-09-03T19:04:24+00:00\",\"author\":{\"@id\":\"https:\/\/franciscanos.org.br\/noticias\/#\/schema\/person\/69bb4cd273a2528548b63cccab4980a0\"},\"breadcrumb\":{\"@id\":\"https:\/\/franciscanos.org.br\/noticias\/postulantes-franciscanos-vivem-rotina-do-sefras.html#breadcrumb\"},\"inLanguage\":\"pt-BR\",\"potentialAction\":[{\"@type\":\"ReadAction\",\"target\":[\"https:\/\/franciscanos.org.br\/noticias\/postulantes-franciscanos-vivem-rotina-do-sefras.html\"]}]},{\"@type\":\"BreadcrumbList\",\"@id\":\"https:\/\/franciscanos.org.br\/noticias\/postulantes-franciscanos-vivem-rotina-do-sefras.html#breadcrumb\",\"itemListElement\":[{\"@type\":\"ListItem\",\"position\":1,\"name\":\"Home\",\"item\":\"https:\/\/franciscanos.org.br\/noticias\"},{\"@type\":\"ListItem\",\"position\":2,\"name\":\"Postulantes franciscanos vivem rotina do Sefras\"}]},{\"@type\":\"Person\",\"@id\":\"https:\/\/franciscanos.org.br\/noticias\/#\/schema\/person\/69bb4cd273a2528548b63cccab4980a0\",\"name\":\"Guilherme Rocha\",\"image\":{\"@type\":\"ImageObject\",\"inLanguage\":\"pt-BR\",\"@id\":\"https:\/\/franciscanos.org.br\/noticias\/#\/schema\/person\/image\/\",\"url\":\"https:\/\/secure.gravatar.com\/avatar\/e480fee2377f81af36f6990ed742592a?s=96&d=mm&r=g\",\"contentUrl\":\"https:\/\/secure.gravatar.com\/avatar\/e480fee2377f81af36f6990ed742592a?s=96&d=mm&r=g\",\"caption\":\"Guilherme Rocha\"},\"url\":\"https:\/\/franciscanos.org.br\/noticias\/author\/guilhermerocha\"}]}<\/script>\n<!-- \/ Yoast SEO plugin. -->","yoast_head_json":{"title":"Postulantes franciscanos vivem rotina do Sefras - Not\u00edcias - Franciscanos","robots":{"index":"index","follow":"follow","max-snippet":"max-snippet:-1","max-image-preview":"max-image-preview:large","max-video-preview":"max-video-preview:-1"},"canonical":"https:\/\/franciscanos.org.br\/noticias\/postulantes-franciscanos-vivem-rotina-do-sefras.html","og_locale":"pt_BR","og_type":"article","og_title":"Postulantes franciscanos vivem rotina do Sefras - Not\u00edcias - Franciscanos","og_description":"Forma\u00e7\u00e3o Franciscana","og_url":"https:\/\/franciscanos.org.br\/noticias\/postulantes-franciscanos-vivem-rotina-do-sefras.html","og_site_name":"Not\u00edcias - Franciscanos","article_published_time":"2026-09-03T19:04:24+00:00","og_image":[{"width":960,"height":706,"url":"https:\/\/franciscanos.org.br\/noticias\/wp-content\/uploads\/2026\/09\/1.jpg","type":"image\/jpeg"}],"author":"Guilherme Rocha","twitter_card":"summary_large_image","twitter_misc":{"Escrito por":"Guilherme Rocha","Est. tempo de leitura":"7 minutos"},"schema":{"@context":"https:\/\/schema.org","@graph":[{"@type":"WebSite","@id":"https:\/\/franciscanos.org.br\/noticias\/#website","url":"https:\/\/franciscanos.org.br\/noticias\/","name":"Not\u00edcias - Franciscanos","description":"Prov\u00edncia Franciscana da Imaculada Concei\u00e7\u00e3o do Brasil - Ordem dos Frades Menores - OFM","potentialAction":[{"@type":"SearchAction","target":{"@type":"EntryPoint","urlTemplate":"https:\/\/franciscanos.org.br\/noticias\/?s={search_term_string}"},"query-input":"required name=search_term_string"}],"inLanguage":"pt-BR"},{"@type":"ImageObject","inLanguage":"pt-BR","@id":"https:\/\/franciscanos.org.br\/noticias\/postulantes-franciscanos-vivem-rotina-do-sefras.html#primaryimage","url":"https:\/\/franciscanos.org.br\/noticias\/wp-content\/uploads\/2026\/09\/1.jpg","contentUrl":"https:\/\/franciscanos.org.br\/noticias\/wp-content\/uploads\/2026\/09\/1.jpg","width":960,"height":706,"caption":"Postulantes franciscanos vivem rotina do Sefras"},{"@type":"WebPage","@id":"https:\/\/franciscanos.org.br\/noticias\/postulantes-franciscanos-vivem-rotina-do-sefras.html#webpage","url":"https:\/\/franciscanos.org.br\/noticias\/postulantes-franciscanos-vivem-rotina-do-sefras.html","name":"Postulantes franciscanos vivem rotina do Sefras - Not\u00edcias - Franciscanos","isPartOf":{"@id":"https:\/\/franciscanos.org.br\/noticias\/#website"},"primaryImageOfPage":{"@id":"https:\/\/franciscanos.org.br\/noticias\/postulantes-franciscanos-vivem-rotina-do-sefras.html#primaryimage"},"datePublished":"2026-09-03T19:04:24+00:00","dateModified":"2026-09-03T19:04:24+00:00","author":{"@id":"https:\/\/franciscanos.org.br\/noticias\/#\/schema\/person\/69bb4cd273a2528548b63cccab4980a0"},"breadcrumb":{"@id":"https:\/\/franciscanos.org.br\/noticias\/postulantes-franciscanos-vivem-rotina-do-sefras.html#breadcrumb"},"inLanguage":"pt-BR","potentialAction":[{"@type":"ReadAction","target":["https:\/\/franciscanos.org.br\/noticias\/postulantes-franciscanos-vivem-rotina-do-sefras.html"]}]},{"@type":"BreadcrumbList","@id":"https:\/\/franciscanos.org.br\/noticias\/postulantes-franciscanos-vivem-rotina-do-sefras.html#breadcrumb","itemListElement":[{"@type":"ListItem","position":1,"name":"Home","item":"https:\/\/franciscanos.org.br\/noticias"},{"@type":"ListItem","position":2,"name":"Postulantes franciscanos vivem rotina do Sefras"}]},{"@type":"Person","@id":"https:\/\/franciscanos.org.br\/noticias\/#\/schema\/person\/69bb4cd273a2528548b63cccab4980a0","name":"Guilherme Rocha","image":{"@type":"ImageObject","inLanguage":"pt-BR","@id":"https:\/\/franciscanos.org.br\/noticias\/#\/schema\/person\/image\/","url":"https:\/\/secure.gravatar.com\/avatar\/e480fee2377f81af36f6990ed742592a?s=96&d=mm&r=g","contentUrl":"https:\/\/secure.gravatar.com\/avatar\/e480fee2377f81af36f6990ed742592a?s=96&d=mm&r=g","caption":"Guilherme Rocha"},"url":"https:\/\/franciscanos.org.br\/noticias\/author\/guilhermerocha"}]}},"_links":{"self":[{"href":"https:\/\/franciscanos.org.br\/noticias\/wp-json\/wp\/v2\/posts\/270455"}],"collection":[{"href":"https:\/\/franciscanos.org.br\/noticias\/wp-json\/wp\/v2\/posts"}],"about":[{"href":"https:\/\/franciscanos.org.br\/noticias\/wp-json\/wp\/v2\/types\/post"}],"author":[{"embeddable":true,"href":"https:\/\/franciscanos.org.br\/noticias\/wp-json\/wp\/v2\/users\/15"}],"replies":[{"embeddable":true,"href":"https:\/\/franciscanos.org.br\/noticias\/wp-json\/wp\/v2\/comments?post=270455"}],"version-history":[{"count":2,"href":"https:\/\/franciscanos.org.br\/noticias\/wp-json\/wp\/v2\/posts\/270455\/revisions"}],"predecessor-version":[{"id":270467,"href":"https:\/\/franciscanos.org.br\/noticias\/wp-json\/wp\/v2\/posts\/270455\/revisions\/270467"}],"wp:featuredmedia":[{"embeddable":true,"href":"https:\/\/franciscanos.org.br\/noticias\/wp-json\/wp\/v2\/media\/270456"}],"wp:attachment":[{"href":"https:\/\/franciscanos.org.br\/noticias\/wp-json\/wp\/v2\/media?parent=270455"}],"wp:term":[{"taxonomy":"category","embeddable":true,"href":"https:\/\/franciscanos.org.br\/noticias\/wp-json\/wp\/v2\/categories?post=270455"},{"taxonomy":"post_tag","embeddable":true,"href":"https:\/\/franciscanos.org.br\/noticias\/wp-json\/wp\/v2\/tags?post=270455"}],"curies":[{"name":"wp","href":"https:\/\/api.w.org\/{rel}","templated":true}]}}