{"id":270440,"date":"2026-09-02T10:10:25","date_gmt":"2026-09-02T13:10:25","guid":{"rendered":"https:\/\/franciscanos.org.br\/noticias\/?p=270440"},"modified":"2026-09-02T10:10:53","modified_gmt":"2026-09-02T13:10:53","slug":"sefras-lanca-campanha-presente-franciscano-para-celebrar-o-dia-das-criancas","status":"publish","type":"post","link":"https:\/\/franciscanos.org.br\/noticias\/sefras-lanca-campanha-presente-franciscano-para-celebrar-o-dia-das-criancas.html","title":{"rendered":"Sefras lan\u00e7a campanha Presente Franciscano para celebrar o Dia das Crian\u00e7as"},"content":{"rendered":"<p><img loading=\"lazy\" class=\"aligncenter wp-image-270441 size-large\" src=\"https:\/\/franciscanos.org.br\/noticias\/wp-content\/uploads\/2026\/09\/32575b_7145daf0d4be45c699f882c3c8818708_mv2-1024x768.jpg\" alt=\"Sefras lan\u00e7a campanha Presente Franciscano para celebrar o Dia das Crian\u00e7as\" width=\"1024\" height=\"768\" srcset=\"https:\/\/franciscanos.org.br\/noticias\/wp-content\/uploads\/2026\/09\/32575b_7145daf0d4be45c699f882c3c8818708_mv2-1024x768.jpg 1024w, https:\/\/franciscanos.org.br\/noticias\/wp-content\/uploads\/2026\/09\/32575b_7145daf0d4be45c699f882c3c8818708_mv2-450x338.jpg 450w, https:\/\/franciscanos.org.br\/noticias\/wp-content\/uploads\/2026\/09\/32575b_7145daf0d4be45c699f882c3c8818708_mv2-768x576.jpg 768w, https:\/\/franciscanos.org.br\/noticias\/wp-content\/uploads\/2026\/09\/32575b_7145daf0d4be45c699f882c3c8818708_mv2-1536x1152.jpg 1536w, https:\/\/franciscanos.org.br\/noticias\/wp-content\/uploads\/2026\/09\/32575b_7145daf0d4be45c699f882c3c8818708_mv2-150x113.jpg 150w, https:\/\/franciscanos.org.br\/noticias\/wp-content\/uploads\/2026\/09\/32575b_7145daf0d4be45c699f882c3c8818708_mv2-600x450.jpg 600w, https:\/\/franciscanos.org.br\/noticias\/wp-content\/uploads\/2026\/09\/32575b_7145daf0d4be45c699f882c3c8818708_mv2.jpg 1440w\" sizes=\"(max-width: 1024px) 100vw, 1024px\" \/><\/p>\n<p><a href=\"https:\/\/www.sefras.org.br\/blog\/sefras-lan%C3%A7a-campanha-presente-franciscano-para-celebrar-o-dia-das-crian%C3%A7as\">*acesse o conte\u00fado original no site do Sefras<\/a><\/p>\n<p>\u201cSeja presente na vida de uma crian\u00e7a\u201d. Com esse convite, o Sefras \u2013 A\u00e7\u00e3o Social Franciscana lan\u00e7a a campanha Presente Franciscano, uma mobiliza\u00e7\u00e3o especial para o m\u00eas do Dia das Crian\u00e7as que busca reunir pessoas, empresas, escolas, comunidades e parceiros em uma rede de solidariedade para celebrar a inf\u00e2ncia.<\/p>\n<p>Durante um m\u00eas dedicado \u00e0s crian\u00e7as, a iniciativa pretende alcan\u00e7ar mais de 350 crian\u00e7as, adolescentes e suas fam\u00edlias atendidos pelo Sefras em diferentes territ\u00f3rios marcados pela vulnerabilidade social. Entre elas est\u00e3o crian\u00e7as acompanhadas pela Casa Perfeita Alegria, projeto voltado ao atendimento de crian\u00e7as e adolescentes, com atua\u00e7\u00e3o no Jardim Peri, na Zona Norte de S\u00e3o Paulo, e nas regi\u00f5es de Petr\u00f3polis e Duque de Caxias, no Rio de Janeiro.<\/p>\n<p>A mobiliza\u00e7\u00e3o tamb\u00e9m contempla crian\u00e7as e adolescentes vinculados \u00e0s a\u00e7\u00f5es de outras Casas do Sefras, como o Ch\u00e1 do Padre, que atua com pessoas em situa\u00e7\u00e3o de rua, e a Casa de Assis, que desenvolve a\u00e7\u00f5es com pessoas migrantes. A proposta \u00e9 que a celebra\u00e7\u00e3o da inf\u00e2ncia alcance diferentes p\u00fablicos e territ\u00f3rios onde o Sefras est\u00e1 presente.<\/p>\n<p><img loading=\"lazy\" class=\"alignleft wp-image-270443\" src=\"https:\/\/franciscanos.org.br\/noticias\/wp-content\/uploads\/2026\/09\/32575b_ea37ba89c1784459aa48f760d4430a05_mv2-300x450.jpg\" alt=\"\" width=\"273\" height=\"410\" srcset=\"https:\/\/franciscanos.org.br\/noticias\/wp-content\/uploads\/2026\/09\/32575b_ea37ba89c1784459aa48f760d4430a05_mv2-300x450.jpg 300w, https:\/\/franciscanos.org.br\/noticias\/wp-content\/uploads\/2026\/09\/32575b_ea37ba89c1784459aa48f760d4430a05_mv2-683x1024.jpg 683w, https:\/\/franciscanos.org.br\/noticias\/wp-content\/uploads\/2026\/09\/32575b_ea37ba89c1784459aa48f760d4430a05_mv2-768x1152.jpg 768w, https:\/\/franciscanos.org.br\/noticias\/wp-content\/uploads\/2026\/09\/32575b_ea37ba89c1784459aa48f760d4430a05_mv2-1024x1536.jpg 1024w, https:\/\/franciscanos.org.br\/noticias\/wp-content\/uploads\/2026\/09\/32575b_ea37ba89c1784459aa48f760d4430a05_mv2-1365x2048.jpg 1365w, https:\/\/franciscanos.org.br\/noticias\/wp-content\/uploads\/2026\/09\/32575b_ea37ba89c1784459aa48f760d4430a05_mv2-150x225.jpg 150w, https:\/\/franciscanos.org.br\/noticias\/wp-content\/uploads\/2026\/09\/32575b_ea37ba89c1784459aa48f760d4430a05_mv2-scaled.jpg 720w\" sizes=\"(max-width: 273px) 100vw, 273px\" \/><\/p>\n<p>Para o Frei Tiago Elias, vice-presidente do Sefras: &#8220;O Presente Franciscano nasce do compromisso do Sefras com a dignidade da inf\u00e2ncia. Cada crian\u00e7a que atendemos merece viver esse tempo com afeto, cuidado e alegria. E essa campanha \u00e9 um convite para que toda a sociedade assuma, junto conosco, essa responsabilidade.&#8221;<\/p>\n<p><strong>Um m\u00eas para celebrar a inf\u00e2ncia<\/strong><\/p>\n<p>A campanha parte da compreens\u00e3o de que toda crian\u00e7a tem direito a viver a inf\u00e2ncia com<\/p>\n<p>dignidade, com acesso a espa\u00e7os de conviv\u00eancia, prote\u00e7\u00e3o, brincadeira, afeto e oportunidades. Essa \u00e9 uma perspectiva que orienta o trabalho di\u00e1rio do Sefras na defesa de direitos e na promo\u00e7\u00e3o da dignidade de pessoas em diferentes contextos de vulnerabilidade social. No cotidiano das Casas, esse cuidado se manifesta por meio de atividades educativas e culturais, conviv\u00eancia, alimenta\u00e7\u00e3o, fortalecimento de v\u00ednculos e garantia de direitos.<\/p>\n<p>Inspirada pelo carisma franciscano, a campanha convida a sociedade a transformar solidariedade em a\u00e7\u00e3o concreta e a reconhecer que cuidar da inf\u00e2ncia tamb\u00e9m \u00e9 uma responsabilidade coletiva. O Presente Franciscano se soma a esse trabalho como uma forma de celebrar as crian\u00e7as e aproximar ainda mais a sociedade dessa atua\u00e7\u00e3o.<\/p>\n<p><strong>Como participar<\/strong><\/p>\n<p>A campanha convida pessoas f\u00edsicas, empresas, escolas, comunidades, par\u00f3quias, grupos e outros parceiros a se mobilizarem para fazer parte do Presente Franciscano.<\/p>\n<p>Empresas, escolas e grupos tamb\u00e9m podem contribuir organizando suas pr\u00f3prias mobiliza\u00e7\u00f5es e ajudando a ampliar a rede de solidariedade da campanha.<\/p>\n<p>Cada participa\u00e7\u00e3o contribui para que mais crian\u00e7as atendidas pelo Sefras tenham um m\u00eas dedicado a elas, marcado por cuidado, alegria e celebra\u00e7\u00e3o.<\/p>\n<p>Neste Dia das Crian\u00e7as, seja presente na vida de uma crian\u00e7a. Fa\u00e7a parte do Presente Franciscano.<\/p>\n<p><a href=\"https:\/\/www.sefras.org.br\/\">Acompanhe os canais oficiais do Sefras<\/a> para conhecer as a\u00e7\u00f5es da campanha e outras formas de participar.<\/p>\n<p>As doa\u00e7\u00f5es de presentes podem ser entregues durante o per\u00edodo da campanha nos seguintes pontos:<\/p>\n<p><strong>Galp\u00e3o Franciscano \u2013 S\u00e3o Paulo<\/strong><br \/>\nRua da Mooca, 934 \u2013 Mooca, S\u00e3o Paulo (SP)De segunda a sexta-feira, das 8h \u00e0s 17h.<\/p>\n<p><strong>Casa Franciscana \u2013 Rio de Janeiro<\/strong><br \/>\nRua Visconde da G\u00e1vea, 125 \u2013 Centro, Rio de Janeiro (RJ), CEP 20221-400De segunda a domingo, das 08h \u00e0s 16h30.<\/p>\n<p><img loading=\"lazy\" class=\"aligncenter wp-image-270442 size-large\" src=\"https:\/\/franciscanos.org.br\/noticias\/wp-content\/uploads\/2026\/09\/32575b_c4e8dfb0122840c092b67e770cad15c4_mv2-1024x538.jpg\" alt=\"\" width=\"1024\" height=\"538\" srcset=\"https:\/\/franciscanos.org.br\/noticias\/wp-content\/uploads\/2026\/09\/32575b_c4e8dfb0122840c092b67e770cad15c4_mv2-1024x538.jpg 1024w, https:\/\/franciscanos.org.br\/noticias\/wp-content\/uploads\/2026\/09\/32575b_c4e8dfb0122840c092b67e770cad15c4_mv2-450x236.jpg 450w, https:\/\/franciscanos.org.br\/noticias\/wp-content\/uploads\/2026\/09\/32575b_c4e8dfb0122840c092b67e770cad15c4_mv2-768x403.jpg 768w, https:\/\/franciscanos.org.br\/noticias\/wp-content\/uploads\/2026\/09\/32575b_c4e8dfb0122840c092b67e770cad15c4_mv2-1536x806.jpg 1536w, https:\/\/franciscanos.org.br\/noticias\/wp-content\/uploads\/2026\/09\/32575b_c4e8dfb0122840c092b67e770cad15c4_mv2-150x79.jpg 150w, https:\/\/franciscanos.org.br\/noticias\/wp-content\/uploads\/2026\/09\/32575b_c4e8dfb0122840c092b67e770cad15c4_mv2.jpg 1920w\" sizes=\"(max-width: 1024px) 100vw, 1024px\" \/><\/p>\n<p><a href=\"https:\/\/www.sefras.org.br\/blog\/sefras-lan%C3%A7a-campanha-presente-franciscano-para-celebrar-o-dia-das-crian%C3%A7as\">*acesse o conte\u00fado original no site do Sefras<\/a><\/p>\n<hr \/>\n<p><em>Melissa Galdino \u2013 Sefras<\/em><\/p>\n","protected":false},"excerpt":{"rendered":"<p>A\u00e7\u00f5es Franciscanas <\/p>\n","protected":false},"author":15,"featured_media":270441,"comment_status":"open","ping_status":"open","sticky":false,"template":"","format":"standard","meta":[],"categories":[1],"tags":[],"acf":[],"yoast_head":"<!-- This site is optimized with the Yoast SEO plugin v19.2 - https:\/\/yoast.com\/wordpress\/plugins\/seo\/ -->\n<title>Sefras lan\u00e7a campanha Presente Franciscano para celebrar o Dia das Crian\u00e7as - Not\u00edcias - Franciscanos<\/title>\n<meta name=\"robots\" content=\"index, follow, max-snippet:-1, max-image-preview:large, max-video-preview:-1\" \/>\n<link rel=\"canonical\" href=\"https:\/\/franciscanos.org.br\/noticias\/sefras-lanca-campanha-presente-franciscano-para-celebrar-o-dia-das-criancas.html\" \/>\n<meta property=\"og:locale\" content=\"pt_BR\" \/>\n<meta property=\"og:type\" content=\"article\" \/>\n<meta property=\"og:title\" content=\"Sefras lan\u00e7a campanha Presente Franciscano para celebrar o Dia das Crian\u00e7as - Not\u00edcias - Franciscanos\" \/>\n<meta property=\"og:description\" content=\"A\u00e7\u00f5es Franciscanas\" \/>\n<meta property=\"og:url\" content=\"https:\/\/franciscanos.org.br\/noticias\/sefras-lanca-campanha-presente-franciscano-para-celebrar-o-dia-das-criancas.html\" \/>\n<meta property=\"og:site_name\" content=\"Not\u00edcias - Franciscanos\" \/>\n<meta property=\"article:published_time\" content=\"2026-09-02T13:10:25+00:00\" \/>\n<meta property=\"article:modified_time\" content=\"2026-09-02T13:10:53+00:00\" \/>\n<meta property=\"og:image\" content=\"https:\/\/franciscanos.org.br\/noticias\/wp-content\/uploads\/2026\/09\/32575b_7145daf0d4be45c699f882c3c8818708_mv2.jpg\" \/>\n\t<meta property=\"og:image:width\" content=\"1440\" \/>\n\t<meta property=\"og:image:height\" content=\"1080\" \/>\n\t<meta property=\"og:image:type\" content=\"image\/jpeg\" \/>\n<meta name=\"author\" content=\"Guilherme Rocha\" \/>\n<meta name=\"twitter:card\" content=\"summary_large_image\" \/>\n<meta name=\"twitter:label1\" content=\"Escrito por\" \/>\n\t<meta name=\"twitter:data1\" content=\"Guilherme Rocha\" \/>\n\t<meta name=\"twitter:label2\" content=\"Est. tempo de leitura\" \/>\n\t<meta name=\"twitter:data2\" content=\"3 minutos\" \/>\n<script type=\"application\/ld+json\" class=\"yoast-schema-graph\">{\"@context\":\"https:\/\/schema.org\",\"@graph\":[{\"@type\":\"WebSite\",\"@id\":\"https:\/\/franciscanos.org.br\/noticias\/#website\",\"url\":\"https:\/\/franciscanos.org.br\/noticias\/\",\"name\":\"Not\u00edcias - Franciscanos\",\"description\":\"Prov\u00edncia Franciscana da Imaculada Concei\u00e7\u00e3o do Brasil - Ordem dos Frades Menores - OFM\",\"potentialAction\":[{\"@type\":\"SearchAction\",\"target\":{\"@type\":\"EntryPoint\",\"urlTemplate\":\"https:\/\/franciscanos.org.br\/noticias\/?s={search_term_string}\"},\"query-input\":\"required name=search_term_string\"}],\"inLanguage\":\"pt-BR\"},{\"@type\":\"ImageObject\",\"inLanguage\":\"pt-BR\",\"@id\":\"https:\/\/franciscanos.org.br\/noticias\/sefras-lanca-campanha-presente-franciscano-para-celebrar-o-dia-das-criancas.html#primaryimage\",\"url\":\"https:\/\/franciscanos.org.br\/noticias\/wp-content\/uploads\/2026\/09\/32575b_7145daf0d4be45c699f882c3c8818708_mv2.jpg\",\"contentUrl\":\"https:\/\/franciscanos.org.br\/noticias\/wp-content\/uploads\/2026\/09\/32575b_7145daf0d4be45c699f882c3c8818708_mv2.jpg\",\"width\":1440,\"height\":1080,\"caption\":\"Sefras lan\u00e7a campanha Presente Franciscano para celebrar o Dia das Crian\u00e7as\"},{\"@type\":\"WebPage\",\"@id\":\"https:\/\/franciscanos.org.br\/noticias\/sefras-lanca-campanha-presente-franciscano-para-celebrar-o-dia-das-criancas.html#webpage\",\"url\":\"https:\/\/franciscanos.org.br\/noticias\/sefras-lanca-campanha-presente-franciscano-para-celebrar-o-dia-das-criancas.html\",\"name\":\"Sefras lan\u00e7a campanha Presente Franciscano para celebrar o Dia das Crian\u00e7as - Not\u00edcias - Franciscanos\",\"isPartOf\":{\"@id\":\"https:\/\/franciscanos.org.br\/noticias\/#website\"},\"primaryImageOfPage\":{\"@id\":\"https:\/\/franciscanos.org.br\/noticias\/sefras-lanca-campanha-presente-franciscano-para-celebrar-o-dia-das-criancas.html#primaryimage\"},\"datePublished\":\"2026-09-02T13:10:25+00:00\",\"dateModified\":\"2026-09-02T13:10:53+00:00\",\"author\":{\"@id\":\"https:\/\/franciscanos.org.br\/noticias\/#\/schema\/person\/69bb4cd273a2528548b63cccab4980a0\"},\"breadcrumb\":{\"@id\":\"https:\/\/franciscanos.org.br\/noticias\/sefras-lanca-campanha-presente-franciscano-para-celebrar-o-dia-das-criancas.html#breadcrumb\"},\"inLanguage\":\"pt-BR\",\"potentialAction\":[{\"@type\":\"ReadAction\",\"target\":[\"https:\/\/franciscanos.org.br\/noticias\/sefras-lanca-campanha-presente-franciscano-para-celebrar-o-dia-das-criancas.html\"]}]},{\"@type\":\"BreadcrumbList\",\"@id\":\"https:\/\/franciscanos.org.br\/noticias\/sefras-lanca-campanha-presente-franciscano-para-celebrar-o-dia-das-criancas.html#breadcrumb\",\"itemListElement\":[{\"@type\":\"ListItem\",\"position\":1,\"name\":\"Home\",\"item\":\"https:\/\/franciscanos.org.br\/noticias\"},{\"@type\":\"ListItem\",\"position\":2,\"name\":\"Sefras lan\u00e7a campanha Presente Franciscano para celebrar o Dia das Crian\u00e7as\"}]},{\"@type\":\"Person\",\"@id\":\"https:\/\/franciscanos.org.br\/noticias\/#\/schema\/person\/69bb4cd273a2528548b63cccab4980a0\",\"name\":\"Guilherme Rocha\",\"image\":{\"@type\":\"ImageObject\",\"inLanguage\":\"pt-BR\",\"@id\":\"https:\/\/franciscanos.org.br\/noticias\/#\/schema\/person\/image\/\",\"url\":\"https:\/\/secure.gravatar.com\/avatar\/e480fee2377f81af36f6990ed742592a?s=96&d=mm&r=g\",\"contentUrl\":\"https:\/\/secure.gravatar.com\/avatar\/e480fee2377f81af36f6990ed742592a?s=96&d=mm&r=g\",\"caption\":\"Guilherme Rocha\"},\"url\":\"https:\/\/franciscanos.org.br\/noticias\/author\/guilhermerocha\"}]}<\/script>\n<!-- \/ Yoast SEO plugin. -->","yoast_head_json":{"title":"Sefras lan\u00e7a campanha Presente Franciscano para celebrar o Dia das Crian\u00e7as - Not\u00edcias - Franciscanos","robots":{"index":"index","follow":"follow","max-snippet":"max-snippet:-1","max-image-preview":"max-image-preview:large","max-video-preview":"max-video-preview:-1"},"canonical":"https:\/\/franciscanos.org.br\/noticias\/sefras-lanca-campanha-presente-franciscano-para-celebrar-o-dia-das-criancas.html","og_locale":"pt_BR","og_type":"article","og_title":"Sefras lan\u00e7a campanha Presente Franciscano para celebrar o Dia das Crian\u00e7as - Not\u00edcias - Franciscanos","og_description":"A\u00e7\u00f5es Franciscanas","og_url":"https:\/\/franciscanos.org.br\/noticias\/sefras-lanca-campanha-presente-franciscano-para-celebrar-o-dia-das-criancas.html","og_site_name":"Not\u00edcias - Franciscanos","article_published_time":"2026-09-02T13:10:25+00:00","article_modified_time":"2026-09-02T13:10:53+00:00","og_image":[{"width":1440,"height":1080,"url":"https:\/\/franciscanos.org.br\/noticias\/wp-content\/uploads\/2026\/09\/32575b_7145daf0d4be45c699f882c3c8818708_mv2.jpg","type":"image\/jpeg"}],"author":"Guilherme Rocha","twitter_card":"summary_large_image","twitter_misc":{"Escrito por":"Guilherme Rocha","Est. tempo de leitura":"3 minutos"},"schema":{"@context":"https:\/\/schema.org","@graph":[{"@type":"WebSite","@id":"https:\/\/franciscanos.org.br\/noticias\/#website","url":"https:\/\/franciscanos.org.br\/noticias\/","name":"Not\u00edcias - Franciscanos","description":"Prov\u00edncia Franciscana da Imaculada Concei\u00e7\u00e3o do Brasil - Ordem dos Frades Menores - OFM","potentialAction":[{"@type":"SearchAction","target":{"@type":"EntryPoint","urlTemplate":"https:\/\/franciscanos.org.br\/noticias\/?s={search_term_string}"},"query-input":"required name=search_term_string"}],"inLanguage":"pt-BR"},{"@type":"ImageObject","inLanguage":"pt-BR","@id":"https:\/\/franciscanos.org.br\/noticias\/sefras-lanca-campanha-presente-franciscano-para-celebrar-o-dia-das-criancas.html#primaryimage","url":"https:\/\/franciscanos.org.br\/noticias\/wp-content\/uploads\/2026\/09\/32575b_7145daf0d4be45c699f882c3c8818708_mv2.jpg","contentUrl":"https:\/\/franciscanos.org.br\/noticias\/wp-content\/uploads\/2026\/09\/32575b_7145daf0d4be45c699f882c3c8818708_mv2.jpg","width":1440,"height":1080,"caption":"Sefras lan\u00e7a campanha Presente Franciscano para celebrar o Dia das Crian\u00e7as"},{"@type":"WebPage","@id":"https:\/\/franciscanos.org.br\/noticias\/sefras-lanca-campanha-presente-franciscano-para-celebrar-o-dia-das-criancas.html#webpage","url":"https:\/\/franciscanos.org.br\/noticias\/sefras-lanca-campanha-presente-franciscano-para-celebrar-o-dia-das-criancas.html","name":"Sefras lan\u00e7a campanha Presente Franciscano para celebrar o Dia das Crian\u00e7as - Not\u00edcias - Franciscanos","isPartOf":{"@id":"https:\/\/franciscanos.org.br\/noticias\/#website"},"primaryImageOfPage":{"@id":"https:\/\/franciscanos.org.br\/noticias\/sefras-lanca-campanha-presente-franciscano-para-celebrar-o-dia-das-criancas.html#primaryimage"},"datePublished":"2026-09-02T13:10:25+00:00","dateModified":"2026-09-02T13:10:53+00:00","author":{"@id":"https:\/\/franciscanos.org.br\/noticias\/#\/schema\/person\/69bb4cd273a2528548b63cccab4980a0"},"breadcrumb":{"@id":"https:\/\/franciscanos.org.br\/noticias\/sefras-lanca-campanha-presente-franciscano-para-celebrar-o-dia-das-criancas.html#breadcrumb"},"inLanguage":"pt-BR","potentialAction":[{"@type":"ReadAction","target":["https:\/\/franciscanos.org.br\/noticias\/sefras-lanca-campanha-presente-franciscano-para-celebrar-o-dia-das-criancas.html"]}]},{"@type":"BreadcrumbList","@id":"https:\/\/franciscanos.org.br\/noticias\/sefras-lanca-campanha-presente-franciscano-para-celebrar-o-dia-das-criancas.html#breadcrumb","itemListElement":[{"@type":"ListItem","position":1,"name":"Home","item":"https:\/\/franciscanos.org.br\/noticias"},{"@type":"ListItem","position":2,"name":"Sefras lan\u00e7a campanha Presente Franciscano para celebrar o Dia das Crian\u00e7as"}]},{"@type":"Person","@id":"https:\/\/franciscanos.org.br\/noticias\/#\/schema\/person\/69bb4cd273a2528548b63cccab4980a0","name":"Guilherme Rocha","image":{"@type":"ImageObject","inLanguage":"pt-BR","@id":"https:\/\/franciscanos.org.br\/noticias\/#\/schema\/person\/image\/","url":"https:\/\/secure.gravatar.com\/avatar\/e480fee2377f81af36f6990ed742592a?s=96&d=mm&r=g","contentUrl":"https:\/\/secure.gravatar.com\/avatar\/e480fee2377f81af36f6990ed742592a?s=96&d=mm&r=g","caption":"Guilherme Rocha"},"url":"https:\/\/franciscanos.org.br\/noticias\/author\/guilhermerocha"}]}},"_links":{"self":[{"href":"https:\/\/franciscanos.org.br\/noticias\/wp-json\/wp\/v2\/posts\/270440"}],"collection":[{"href":"https:\/\/franciscanos.org.br\/noticias\/wp-json\/wp\/v2\/posts"}],"about":[{"href":"https:\/\/franciscanos.org.br\/noticias\/wp-json\/wp\/v2\/types\/post"}],"author":[{"embeddable":true,"href":"https:\/\/franciscanos.org.br\/noticias\/wp-json\/wp\/v2\/users\/15"}],"replies":[{"embeddable":true,"href":"https:\/\/franciscanos.org.br\/noticias\/wp-json\/wp\/v2\/comments?post=270440"}],"version-history":[{"count":6,"href":"https:\/\/franciscanos.org.br\/noticias\/wp-json\/wp\/v2\/posts\/270440\/revisions"}],"predecessor-version":[{"id":270449,"href":"https:\/\/franciscanos.org.br\/noticias\/wp-json\/wp\/v2\/posts\/270440\/revisions\/270449"}],"wp:featuredmedia":[{"embeddable":true,"href":"https:\/\/franciscanos.org.br\/noticias\/wp-json\/wp\/v2\/media\/270441"}],"wp:attachment":[{"href":"https:\/\/franciscanos.org.br\/noticias\/wp-json\/wp\/v2\/media?parent=270440"}],"wp:term":[{"taxonomy":"category","embeddable":true,"href":"https:\/\/franciscanos.org.br\/noticias\/wp-json\/wp\/v2\/categories?post=270440"},{"taxonomy":"post_tag","embeddable":true,"href":"https:\/\/franciscanos.org.br\/noticias\/wp-json\/wp\/v2\/tags?post=270440"}],"curies":[{"name":"wp","href":"https:\/\/api.w.org\/{rel}","templated":true}]}}