{"id":270429,"date":"2026-09-02T09:32:22","date_gmt":"2026-09-02T12:32:22","guid":{"rendered":"https:\/\/franciscanos.org.br\/noticias\/?p=270429"},"modified":"2026-09-02T09:32:22","modified_gmt":"2026-09-02T12:32:22","slug":"frades-do-regional-do-espirito-santo-se-reunem-para-partilha-reflexao-e-fortalecimento-da-fraternidade","status":"publish","type":"post","link":"https:\/\/franciscanos.org.br\/noticias\/frades-do-regional-do-espirito-santo-se-reunem-para-partilha-reflexao-e-fortalecimento-da-fraternidade.html","title":{"rendered":"Frades do Regional do Esp\u00edrito Santo se re\u00fanem para partilha, reflex\u00e3o e fortalecimento da fraternidade"},"content":{"rendered":"<p><img loading=\"lazy\" class=\"aligncenter wp-image-270430 size-large\" src=\"https:\/\/franciscanos.org.br\/noticias\/wp-content\/uploads\/2026\/09\/IMG_2518-1024x768.jpg\" alt=\"\" width=\"1024\" height=\"768\" srcset=\"https:\/\/franciscanos.org.br\/noticias\/wp-content\/uploads\/2026\/09\/IMG_2518-1024x768.jpg 1024w, https:\/\/franciscanos.org.br\/noticias\/wp-content\/uploads\/2026\/09\/IMG_2518-450x338.jpg 450w, https:\/\/franciscanos.org.br\/noticias\/wp-content\/uploads\/2026\/09\/IMG_2518-768x576.jpg 768w, https:\/\/franciscanos.org.br\/noticias\/wp-content\/uploads\/2026\/09\/IMG_2518-1536x1152.jpg 1536w, https:\/\/franciscanos.org.br\/noticias\/wp-content\/uploads\/2026\/09\/IMG_2518-2048x1536.jpg 2048w, https:\/\/franciscanos.org.br\/noticias\/wp-content\/uploads\/2026\/09\/IMG_2518-150x113.jpg 150w, https:\/\/franciscanos.org.br\/noticias\/wp-content\/uploads\/2026\/09\/IMG_2518-600x450.jpg 600w, https:\/\/franciscanos.org.br\/noticias\/wp-content\/uploads\/2026\/09\/IMG_2518-scaled.jpg 1440w\" sizes=\"(max-width: 1024px) 100vw, 1024px\" \/><\/p>\n<p>Os frades do Regional do Esp\u00edrito Santo da Prov\u00edncia Franciscana da Imaculada Concei\u00e7\u00e3o do Brasil se reuniram nos dias 31 de agosto e 1\u00ba de setembro, na Casa Verde, localizada no Convento da Penha, em Vila Velha (ES). O encontro contou com a presen\u00e7a dos frades das tr\u00eas fraternidades que comp\u00f5em o Regional capixaba: a Par\u00f3quia Santa Clara de Assis, em Colatina; a Par\u00f3quia Nossa Senhora do Ros\u00e1rio, em Vila Velha; e o Convento da Penha.<\/p>\n<p>Considerado o menor Regional da Prov\u00edncia Franciscana, o grupo capixaba integra uma realidade maior, que est\u00e1 presente em cinco estados brasileiros e tamb\u00e9m na Funda\u00e7\u00e3o Imaculada M\u00e3e de Deus de Angola. A atua\u00e7\u00e3o da Prov\u00edncia est\u00e1 organizada em cinco grandes Frentes de Evangeliza\u00e7\u00e3o, que orientam a presen\u00e7a e a miss\u00e3o dos frades nas diferentes comunidades e realidades onde est\u00e3o inseridos.<\/p>\n<p>Mais do que um momento administrativo, o encontro regional \u00e9 uma oportunidade de conviv\u00eancia, escuta, avalia\u00e7\u00e3o e partilha entre os religiosos. Durante os dois dias, os frades puderam compartilhar a realidade de suas fraternidades, as atividades realizadas, os desafios encontrados e as programa\u00e7\u00f5es previstas para os pr\u00f3ximos per\u00edodos.<\/p>\n<p>Segundo o guardi\u00e3o do Convento da Penha, Frei Gabriel Dellandrea, OFM, a realiza\u00e7\u00e3o desses encontros faz parte da din\u00e2mica da vida dos regionais. \u201c\u00c9 um costume que, nos regionais, n\u00f3s fa\u00e7amos uma partilha das fraternidades, comentando tamb\u00e9m um pouco como est\u00e3o os andamentos das atividades em cada casa\u201d, explicou.<\/p>\n<p>A partilha contemplou tanto as a\u00e7\u00f5es externas, especialmente aquelas relacionadas \u00e0 evangeliza\u00e7\u00e3o, quanto os aspectos internos da vida das fraternidades. \u201cTanto as realiza\u00e7\u00f5es de atividades externas, na evangeliza\u00e7\u00e3o, e tamb\u00e9m as atividades internas, um pouco como est\u00e3o os procedimentos de sa\u00fade que acabam acontecendo naturalmente\u201d, destacou Frei Gabriel.<\/p>\n<p>Outro aspecto importante da programa\u00e7\u00e3o foi a oportunidade de conhecer as atividades previstas em cada uma das fraternidades e construir uma vis\u00e3o conjunta da caminhada regional. \u201cTamb\u00e9m se procura partilhar como est\u00e3o as programa\u00e7\u00f5es de atividades de cada lugar\u201d, acrescentou o guardi\u00e3o do Convento da Penha.<\/p>\n\n\t\t<style type=\"text\/css\">\n\t\t\t#gallery-1 {\n\t\t\t\tmargin: auto;\n\t\t\t}\n\t\t\t#gallery-1 .gallery-item {\n\t\t\t\tfloat: left;\n\t\t\t\tmargin-top: 10px;\n\t\t\t\ttext-align: center;\n\t\t\t\twidth: 25%;\n\t\t\t}\n\t\t\t#gallery-1 img {\n\t\t\t\tborder: 2px solid #cfcfcf;\n\t\t\t}\n\t\t\t#gallery-1 .gallery-caption {\n\t\t\t\tmargin-left: 0;\n\t\t\t}\n\t\t\t\/* see gallery_shortcode() in wp-includes\/media.php *\/\n\t\t<\/style>\n\t\t<div id='gallery-1' class='gallery galleryid-270429 gallery-columns-4 gallery-size-thumbnail'><dl class='gallery-item'>\n\t\t\t<dt class='gallery-icon landscape'>\n\t\t\t\t<a href='https:\/\/franciscanos.org.br\/noticias\/wp-content\/uploads\/2026\/09\/IMG_2503-scaled.jpg'><img width=\"300\" height=\"300\" src=\"https:\/\/franciscanos.org.br\/noticias\/wp-content\/uploads\/2026\/09\/IMG_2503-300x300.jpg\" class=\"attachment-thumbnail size-thumbnail\" alt=\"\" loading=\"lazy\" srcset=\"https:\/\/franciscanos.org.br\/noticias\/wp-content\/uploads\/2026\/09\/IMG_2503-300x300.jpg 300w, https:\/\/franciscanos.org.br\/noticias\/wp-content\/uploads\/2026\/09\/IMG_2503-100x100.jpg 100w\" sizes=\"(max-width: 300px) 100vw, 300px\" \/><\/a>\n\t\t\t<\/dt><\/dl><dl class='gallery-item'>\n\t\t\t<dt class='gallery-icon landscape'>\n\t\t\t\t<a href='https:\/\/franciscanos.org.br\/noticias\/wp-content\/uploads\/2026\/09\/IMG_2527-scaled.jpg'><img width=\"300\" height=\"300\" src=\"https:\/\/franciscanos.org.br\/noticias\/wp-content\/uploads\/2026\/09\/IMG_2527-300x300.jpg\" class=\"attachment-thumbnail size-thumbnail\" alt=\"\" loading=\"lazy\" srcset=\"https:\/\/franciscanos.org.br\/noticias\/wp-content\/uploads\/2026\/09\/IMG_2527-300x300.jpg 300w, https:\/\/franciscanos.org.br\/noticias\/wp-content\/uploads\/2026\/09\/IMG_2527-100x100.jpg 100w\" sizes=\"(max-width: 300px) 100vw, 300px\" \/><\/a>\n\t\t\t<\/dt><\/dl><dl class='gallery-item'>\n\t\t\t<dt class='gallery-icon landscape'>\n\t\t\t\t<a href='https:\/\/franciscanos.org.br\/noticias\/wp-content\/uploads\/2026\/09\/IMG_2533-scaled.jpg'><img width=\"300\" height=\"300\" src=\"https:\/\/franciscanos.org.br\/noticias\/wp-content\/uploads\/2026\/09\/IMG_2533-300x300.jpg\" class=\"attachment-thumbnail size-thumbnail\" alt=\"\" loading=\"lazy\" srcset=\"https:\/\/franciscanos.org.br\/noticias\/wp-content\/uploads\/2026\/09\/IMG_2533-300x300.jpg 300w, https:\/\/franciscanos.org.br\/noticias\/wp-content\/uploads\/2026\/09\/IMG_2533-100x100.jpg 100w\" sizes=\"(max-width: 300px) 100vw, 300px\" \/><\/a>\n\t\t\t<\/dt><\/dl><dl class='gallery-item'>\n\t\t\t<dt class='gallery-icon landscape'>\n\t\t\t\t<a href='https:\/\/franciscanos.org.br\/noticias\/wp-content\/uploads\/2026\/09\/IMG_2535-scaled.jpg'><img width=\"300\" height=\"300\" src=\"https:\/\/franciscanos.org.br\/noticias\/wp-content\/uploads\/2026\/09\/IMG_2535-300x300.jpg\" class=\"attachment-thumbnail size-thumbnail\" alt=\"\" loading=\"lazy\" srcset=\"https:\/\/franciscanos.org.br\/noticias\/wp-content\/uploads\/2026\/09\/IMG_2535-300x300.jpg 300w, https:\/\/franciscanos.org.br\/noticias\/wp-content\/uploads\/2026\/09\/IMG_2535-100x100.jpg 100w\" sizes=\"(max-width: 300px) 100vw, 300px\" \/><\/a>\n\t\t\t<\/dt><\/dl><br style=\"clear: both\" \/>\n\t\t<\/div>\n\n<p>Os encontros regionais tamb\u00e9m reservam espa\u00e7o para momentos de forma\u00e7\u00e3o e reflex\u00e3o. Neste ano, a tem\u00e1tica esteve relacionada aos 800 anos da morte, ou tr\u00e2nsito, de S\u00e3o Francisco de Assis, celebrados em 2026. A reflex\u00e3o procurou apresentar o santo a partir de sua humanidade, evitando uma compreens\u00e3o que desconsidere os desafios e sentimentos experimentados por ele ao longo de sua vida.<\/p>\n<p>\u201cO texto apresentado trabalhou o S\u00e3o Francisco at\u00e9 amedrontado diante da morte humana. E isso fez com que os frades pudessem partilhar o quanto \u00e9 consolador ver esse S\u00e3o Francisco humano para os dramas humanos que n\u00f3s tamb\u00e9m hoje enfrentamos\u201d, afirmou Frei Gabriel.<\/p>\n<p>A programa\u00e7\u00e3o tamb\u00e9m contou com a participa\u00e7\u00e3o de representantes das inst\u00e2ncias de anima\u00e7\u00e3o da Prov\u00edncia, proporcionando aos frades um momento de escuta e di\u00e1logo sobre o governo provincial, as atividades desenvolvidas e os caminhos que est\u00e3o sendo constru\u00eddos. Para Frei Gabriel, essa dimens\u00e3o de escuta contribui para aproximar as fraternidades e fortalecer a caminhada comum.<\/p>\n<p>Ao longo do encontro, tamb\u00e9m foram definidos encaminhamentos e programados os pr\u00f3ximos momentos de conviv\u00eancia regional. A proposta \u00e9 manter espa\u00e7os comuns de celebra\u00e7\u00e3o, partilha e atividades que contemplem os frades das tr\u00eas fraternidades capixabas, fortalecendo os v\u00ednculos que sustentam a miss\u00e3o franciscana no Esp\u00edrito Santo. No encerramento, os frades realizaram a partilha dos eventos e das principais programa\u00e7\u00f5es das fraternidades que comp\u00f5em o Regional.<\/p>\n<p>Na ter\u00e7a-feira (1\u00ba), \u00e0s 11h, o Ministro Provincial, Frei Paulo Roberto Pereira, OFM, presidiu a Celebra\u00e7\u00e3o Eucar\u00edstica na Capela de Nossa Senhora da Penha, no Convento da Penha.<\/p>\n<p>Durante a homilia, Frei Paulo ressaltou a import\u00e2ncia da fraternidade como espa\u00e7o de cuidado e suporte m\u00fatuo. \u201cA decis\u00e3o pelo Evangelho tem uma dimens\u00e3o particular, individual. Todos n\u00f3s somos insistentemente convidados pelo pr\u00f3prio Senhor a responder, sim, com fidelidade ao chamado do Evangelho. E \u00e9 tamb\u00e9m uma decis\u00e3o da fraternidade que se cultiva\u201d, afirmou.<\/p>\n\n\t\t<style type=\"text\/css\">\n\t\t\t#gallery-2 {\n\t\t\t\tmargin: auto;\n\t\t\t}\n\t\t\t#gallery-2 .gallery-item {\n\t\t\t\tfloat: left;\n\t\t\t\tmargin-top: 10px;\n\t\t\t\ttext-align: center;\n\t\t\t\twidth: 33%;\n\t\t\t}\n\t\t\t#gallery-2 img {\n\t\t\t\tborder: 2px solid #cfcfcf;\n\t\t\t}\n\t\t\t#gallery-2 .gallery-caption {\n\t\t\t\tmargin-left: 0;\n\t\t\t}\n\t\t\t\/* see gallery_shortcode() in wp-includes\/media.php *\/\n\t\t<\/style>\n\t\t<div id='gallery-2' class='gallery galleryid-270429 gallery-columns-3 gallery-size-thumbnail'><dl class='gallery-item'>\n\t\t\t<dt class='gallery-icon landscape'>\n\t\t\t\t<a href='https:\/\/franciscanos.org.br\/noticias\/wp-content\/uploads\/2026\/09\/IMG_2469-scaled.jpg'><img width=\"300\" height=\"300\" src=\"https:\/\/franciscanos.org.br\/noticias\/wp-content\/uploads\/2026\/09\/IMG_2469-300x300.jpg\" class=\"attachment-thumbnail size-thumbnail\" alt=\"\" loading=\"lazy\" srcset=\"https:\/\/franciscanos.org.br\/noticias\/wp-content\/uploads\/2026\/09\/IMG_2469-300x300.jpg 300w, https:\/\/franciscanos.org.br\/noticias\/wp-content\/uploads\/2026\/09\/IMG_2469-100x100.jpg 100w\" sizes=\"(max-width: 300px) 100vw, 300px\" \/><\/a>\n\t\t\t<\/dt><\/dl><dl class='gallery-item'>\n\t\t\t<dt class='gallery-icon landscape'>\n\t\t\t\t<a href='https:\/\/franciscanos.org.br\/noticias\/wp-content\/uploads\/2026\/09\/IMG_2491-scaled.jpg'><img width=\"300\" height=\"300\" src=\"https:\/\/franciscanos.org.br\/noticias\/wp-content\/uploads\/2026\/09\/IMG_2491-300x300.jpg\" class=\"attachment-thumbnail size-thumbnail\" alt=\"\" loading=\"lazy\" srcset=\"https:\/\/franciscanos.org.br\/noticias\/wp-content\/uploads\/2026\/09\/IMG_2491-300x300.jpg 300w, https:\/\/franciscanos.org.br\/noticias\/wp-content\/uploads\/2026\/09\/IMG_2491-100x100.jpg 100w\" sizes=\"(max-width: 300px) 100vw, 300px\" \/><\/a>\n\t\t\t<\/dt><\/dl><dl class='gallery-item'>\n\t\t\t<dt class='gallery-icon landscape'>\n\t\t\t\t<a href='https:\/\/franciscanos.org.br\/noticias\/wp-content\/uploads\/2026\/09\/IMG_2463-scaled.jpg'><img width=\"300\" height=\"300\" src=\"https:\/\/franciscanos.org.br\/noticias\/wp-content\/uploads\/2026\/09\/IMG_2463-300x300.jpg\" class=\"attachment-thumbnail size-thumbnail\" alt=\"\" loading=\"lazy\" srcset=\"https:\/\/franciscanos.org.br\/noticias\/wp-content\/uploads\/2026\/09\/IMG_2463-300x300.jpg 300w, https:\/\/franciscanos.org.br\/noticias\/wp-content\/uploads\/2026\/09\/IMG_2463-100x100.jpg 100w\" sizes=\"(max-width: 300px) 100vw, 300px\" \/><\/a>\n\t\t\t<\/dt><\/dl><br style=\"clear: both\" \/>\n\t\t<\/div>\n\n<p>O Ministro Provincial destacou ainda que a caminhada franciscana exige que os irm\u00e3os estejam dispostos a oferecer suporte uns aos outros, especialmente nos momentos de fragilidade. \u201cN\u00e3o suportar de forma negativa, mas ser suporte. E quando \u00e9 que precisamos dar suporte ao outro? Especialmente naquelas situa\u00e7\u00f5es de fragilidade, \u00e9 ali que tem que suportar. Quer dizer, ali \u00e9 que tem que dar suporte um ao outro\u201d, explicou.<\/p>\n<p>A celebra\u00e7\u00e3o tamb\u00e9m foi marcada pela a\u00e7\u00e3o de gra\u00e7as pelos 90 anos de vida de Frei Pedro Engel, OFM, celebrado no dia 24 de agosto. Ao recordar a trajet\u00f3ria do frade, Frei Paulo destacou seu testemunho de perseveran\u00e7a e dedica\u00e7\u00e3o. \u201cA gente veio celebrar tamb\u00e9m essa data da perseveran\u00e7a, da dedica\u00e7\u00e3o, do reconhecimento das pr\u00f3prias fragilidades e de seguir adiante. Ent\u00e3o, agradecemos tamb\u00e9m ao Frei Pedro pelo seu testemunho\u201d, afirmou.<\/p>\n<p>Encerrando sua reflex\u00e3o, Frei Paulo retomou o sentido dos 800 anos do tr\u00e2nsito de S\u00e3o Francisco e o convite para que os frades renovem diariamente seu compromisso com o Evangelho. Inspirado no ensinamento franciscano, destacou o desejo de viver segundo o Esp\u00edrito do Senhor e seu modo de operar. \u201cDesejemos ter o seu Santo Esp\u00edrito e seu modo de operar\u201d, concluiu. Assim, o encontro do Regional do Esp\u00edrito Santo terminou como um momento de renova\u00e7\u00e3o da fraternidade, da miss\u00e3o e do compromisso dos frades com o an\u00fancio do Evangelho.<\/p>\n<p>Ao final da celebra\u00e7\u00e3o, Frei Paulo convidou os frades \u00e0 se colocarem diante da imagem de Nossa Senhora da Penha e renovarem sua voca\u00e7\u00e3o, o seu chamado e sim di\u00e1rio que realizam dentro das suas realidades de miss\u00e3o e pediu que os fi\u00e9is presentes continuem a rezar por cada fradeda Prov\u00edncia Franciscana da Imaculada Concei\u00e7\u00e3o do Brasil.<\/p>\n<p><img loading=\"lazy\" class=\"aligncenter wp-image-270438 size-large\" src=\"https:\/\/franciscanos.org.br\/noticias\/wp-content\/uploads\/2026\/09\/WhatsApp-Image-2026-09-01-at-10.19.20-1024x473.jpeg\" alt=\"Frades do Regional do Esp\u00edrito Santo se re\u00fanem\" width=\"1024\" height=\"473\" srcset=\"https:\/\/franciscanos.org.br\/noticias\/wp-content\/uploads\/2026\/09\/WhatsApp-Image-2026-09-01-at-10.19.20-1024x473.jpeg 1024w, https:\/\/franciscanos.org.br\/noticias\/wp-content\/uploads\/2026\/09\/WhatsApp-Image-2026-09-01-at-10.19.20-450x208.jpeg 450w, https:\/\/franciscanos.org.br\/noticias\/wp-content\/uploads\/2026\/09\/WhatsApp-Image-2026-09-01-at-10.19.20-768x355.jpeg 768w, https:\/\/franciscanos.org.br\/noticias\/wp-content\/uploads\/2026\/09\/WhatsApp-Image-2026-09-01-at-10.19.20-150x69.jpeg 150w, https:\/\/franciscanos.org.br\/noticias\/wp-content\/uploads\/2026\/09\/WhatsApp-Image-2026-09-01-at-10.19.20.jpeg 1280w\" sizes=\"(max-width: 1024px) 100vw, 1024px\" \/><\/p>\n<hr \/>\n<p><i>R\u00f4mulo Benha <\/i><\/p>\n","protected":false},"excerpt":{"rendered":"<p>Fraternidade Franciscana<\/p>\n","protected":false},"author":15,"featured_media":270430,"comment_status":"open","ping_status":"open","sticky":false,"template":"","format":"standard","meta":[],"categories":[1],"tags":[],"acf":[],"yoast_head":"<!-- This site is optimized with the Yoast SEO plugin v19.2 - https:\/\/yoast.com\/wordpress\/plugins\/seo\/ -->\n<title>Frades do Regional do Esp\u00edrito Santo se re\u00fanem para partilha, reflex\u00e3o e fortalecimento da fraternidade - Not\u00edcias - Franciscanos<\/title>\n<meta name=\"robots\" content=\"index, follow, max-snippet:-1, max-image-preview:large, max-video-preview:-1\" \/>\n<link rel=\"canonical\" href=\"https:\/\/franciscanos.org.br\/noticias\/frades-do-regional-do-espirito-santo-se-reunem-para-partilha-reflexao-e-fortalecimento-da-fraternidade.html\" \/>\n<meta property=\"og:locale\" content=\"pt_BR\" \/>\n<meta property=\"og:type\" content=\"article\" \/>\n<meta property=\"og:title\" content=\"Frades do Regional do Esp\u00edrito Santo se re\u00fanem para partilha, reflex\u00e3o e fortalecimento da fraternidade - Not\u00edcias - Franciscanos\" \/>\n<meta property=\"og:description\" content=\"Fraternidade Franciscana\" \/>\n<meta property=\"og:url\" content=\"https:\/\/franciscanos.org.br\/noticias\/frades-do-regional-do-espirito-santo-se-reunem-para-partilha-reflexao-e-fortalecimento-da-fraternidade.html\" \/>\n<meta property=\"og:site_name\" content=\"Not\u00edcias - Franciscanos\" \/>\n<meta property=\"article:published_time\" content=\"2026-09-02T12:32:22+00:00\" \/>\n<meta property=\"og:image\" content=\"https:\/\/franciscanos.org.br\/noticias\/wp-content\/uploads\/2026\/09\/IMG_2518-scaled.jpg\" \/>\n\t<meta property=\"og:image:width\" content=\"1440\" \/>\n\t<meta property=\"og:image:height\" content=\"1080\" \/>\n\t<meta property=\"og:image:type\" content=\"image\/jpeg\" \/>\n<meta name=\"author\" content=\"Guilherme Rocha\" \/>\n<meta name=\"twitter:card\" content=\"summary_large_image\" \/>\n<meta name=\"twitter:label1\" content=\"Escrito por\" \/>\n\t<meta name=\"twitter:data1\" content=\"Guilherme Rocha\" \/>\n\t<meta name=\"twitter:label2\" content=\"Est. tempo de leitura\" \/>\n\t<meta name=\"twitter:data2\" content=\"5 minutos\" \/>\n<script type=\"application\/ld+json\" class=\"yoast-schema-graph\">{\"@context\":\"https:\/\/schema.org\",\"@graph\":[{\"@type\":\"WebSite\",\"@id\":\"https:\/\/franciscanos.org.br\/noticias\/#website\",\"url\":\"https:\/\/franciscanos.org.br\/noticias\/\",\"name\":\"Not\u00edcias - Franciscanos\",\"description\":\"Prov\u00edncia Franciscana da Imaculada Concei\u00e7\u00e3o do Brasil - Ordem dos Frades Menores - OFM\",\"potentialAction\":[{\"@type\":\"SearchAction\",\"target\":{\"@type\":\"EntryPoint\",\"urlTemplate\":\"https:\/\/franciscanos.org.br\/noticias\/?s={search_term_string}\"},\"query-input\":\"required name=search_term_string\"}],\"inLanguage\":\"pt-BR\"},{\"@type\":\"ImageObject\",\"inLanguage\":\"pt-BR\",\"@id\":\"https:\/\/franciscanos.org.br\/noticias\/frades-do-regional-do-espirito-santo-se-reunem-para-partilha-reflexao-e-fortalecimento-da-fraternidade.html#primaryimage\",\"url\":\"https:\/\/franciscanos.org.br\/noticias\/wp-content\/uploads\/2026\/09\/IMG_2518-scaled.jpg\",\"contentUrl\":\"https:\/\/franciscanos.org.br\/noticias\/wp-content\/uploads\/2026\/09\/IMG_2518-scaled.jpg\",\"width\":1440,\"height\":1080},{\"@type\":\"WebPage\",\"@id\":\"https:\/\/franciscanos.org.br\/noticias\/frades-do-regional-do-espirito-santo-se-reunem-para-partilha-reflexao-e-fortalecimento-da-fraternidade.html#webpage\",\"url\":\"https:\/\/franciscanos.org.br\/noticias\/frades-do-regional-do-espirito-santo-se-reunem-para-partilha-reflexao-e-fortalecimento-da-fraternidade.html\",\"name\":\"Frades do Regional do Esp\u00edrito Santo se re\u00fanem para partilha, reflex\u00e3o e fortalecimento da fraternidade - Not\u00edcias - Franciscanos\",\"isPartOf\":{\"@id\":\"https:\/\/franciscanos.org.br\/noticias\/#website\"},\"primaryImageOfPage\":{\"@id\":\"https:\/\/franciscanos.org.br\/noticias\/frades-do-regional-do-espirito-santo-se-reunem-para-partilha-reflexao-e-fortalecimento-da-fraternidade.html#primaryimage\"},\"datePublished\":\"2026-09-02T12:32:22+00:00\",\"dateModified\":\"2026-09-02T12:32:22+00:00\",\"author\":{\"@id\":\"https:\/\/franciscanos.org.br\/noticias\/#\/schema\/person\/69bb4cd273a2528548b63cccab4980a0\"},\"breadcrumb\":{\"@id\":\"https:\/\/franciscanos.org.br\/noticias\/frades-do-regional-do-espirito-santo-se-reunem-para-partilha-reflexao-e-fortalecimento-da-fraternidade.html#breadcrumb\"},\"inLanguage\":\"pt-BR\",\"potentialAction\":[{\"@type\":\"ReadAction\",\"target\":[\"https:\/\/franciscanos.org.br\/noticias\/frades-do-regional-do-espirito-santo-se-reunem-para-partilha-reflexao-e-fortalecimento-da-fraternidade.html\"]}]},{\"@type\":\"BreadcrumbList\",\"@id\":\"https:\/\/franciscanos.org.br\/noticias\/frades-do-regional-do-espirito-santo-se-reunem-para-partilha-reflexao-e-fortalecimento-da-fraternidade.html#breadcrumb\",\"itemListElement\":[{\"@type\":\"ListItem\",\"position\":1,\"name\":\"Home\",\"item\":\"https:\/\/franciscanos.org.br\/noticias\"},{\"@type\":\"ListItem\",\"position\":2,\"name\":\"Frades do Regional do Esp\u00edrito Santo se re\u00fanem para partilha, reflex\u00e3o e fortalecimento da fraternidade\"}]},{\"@type\":\"Person\",\"@id\":\"https:\/\/franciscanos.org.br\/noticias\/#\/schema\/person\/69bb4cd273a2528548b63cccab4980a0\",\"name\":\"Guilherme Rocha\",\"image\":{\"@type\":\"ImageObject\",\"inLanguage\":\"pt-BR\",\"@id\":\"https:\/\/franciscanos.org.br\/noticias\/#\/schema\/person\/image\/\",\"url\":\"https:\/\/secure.gravatar.com\/avatar\/e480fee2377f81af36f6990ed742592a?s=96&d=mm&r=g\",\"contentUrl\":\"https:\/\/secure.gravatar.com\/avatar\/e480fee2377f81af36f6990ed742592a?s=96&d=mm&r=g\",\"caption\":\"Guilherme Rocha\"},\"url\":\"https:\/\/franciscanos.org.br\/noticias\/author\/guilhermerocha\"}]}<\/script>\n<!-- \/ Yoast SEO plugin. -->","yoast_head_json":{"title":"Frades do Regional do Esp\u00edrito Santo se re\u00fanem para partilha, reflex\u00e3o e fortalecimento da fraternidade - Not\u00edcias - Franciscanos","robots":{"index":"index","follow":"follow","max-snippet":"max-snippet:-1","max-image-preview":"max-image-preview:large","max-video-preview":"max-video-preview:-1"},"canonical":"https:\/\/franciscanos.org.br\/noticias\/frades-do-regional-do-espirito-santo-se-reunem-para-partilha-reflexao-e-fortalecimento-da-fraternidade.html","og_locale":"pt_BR","og_type":"article","og_title":"Frades do Regional do Esp\u00edrito Santo se re\u00fanem para partilha, reflex\u00e3o e fortalecimento da fraternidade - Not\u00edcias - Franciscanos","og_description":"Fraternidade Franciscana","og_url":"https:\/\/franciscanos.org.br\/noticias\/frades-do-regional-do-espirito-santo-se-reunem-para-partilha-reflexao-e-fortalecimento-da-fraternidade.html","og_site_name":"Not\u00edcias - Franciscanos","article_published_time":"2026-09-02T12:32:22+00:00","og_image":[{"width":1440,"height":1080,"url":"https:\/\/franciscanos.org.br\/noticias\/wp-content\/uploads\/2026\/09\/IMG_2518-scaled.jpg","type":"image\/jpeg"}],"author":"Guilherme Rocha","twitter_card":"summary_large_image","twitter_misc":{"Escrito por":"Guilherme Rocha","Est. tempo de leitura":"5 minutos"},"schema":{"@context":"https:\/\/schema.org","@graph":[{"@type":"WebSite","@id":"https:\/\/franciscanos.org.br\/noticias\/#website","url":"https:\/\/franciscanos.org.br\/noticias\/","name":"Not\u00edcias - Franciscanos","description":"Prov\u00edncia Franciscana da Imaculada Concei\u00e7\u00e3o do Brasil - Ordem dos Frades Menores - OFM","potentialAction":[{"@type":"SearchAction","target":{"@type":"EntryPoint","urlTemplate":"https:\/\/franciscanos.org.br\/noticias\/?s={search_term_string}"},"query-input":"required name=search_term_string"}],"inLanguage":"pt-BR"},{"@type":"ImageObject","inLanguage":"pt-BR","@id":"https:\/\/franciscanos.org.br\/noticias\/frades-do-regional-do-espirito-santo-se-reunem-para-partilha-reflexao-e-fortalecimento-da-fraternidade.html#primaryimage","url":"https:\/\/franciscanos.org.br\/noticias\/wp-content\/uploads\/2026\/09\/IMG_2518-scaled.jpg","contentUrl":"https:\/\/franciscanos.org.br\/noticias\/wp-content\/uploads\/2026\/09\/IMG_2518-scaled.jpg","width":1440,"height":1080},{"@type":"WebPage","@id":"https:\/\/franciscanos.org.br\/noticias\/frades-do-regional-do-espirito-santo-se-reunem-para-partilha-reflexao-e-fortalecimento-da-fraternidade.html#webpage","url":"https:\/\/franciscanos.org.br\/noticias\/frades-do-regional-do-espirito-santo-se-reunem-para-partilha-reflexao-e-fortalecimento-da-fraternidade.html","name":"Frades do Regional do Esp\u00edrito Santo se re\u00fanem para partilha, reflex\u00e3o e fortalecimento da fraternidade - Not\u00edcias - Franciscanos","isPartOf":{"@id":"https:\/\/franciscanos.org.br\/noticias\/#website"},"primaryImageOfPage":{"@id":"https:\/\/franciscanos.org.br\/noticias\/frades-do-regional-do-espirito-santo-se-reunem-para-partilha-reflexao-e-fortalecimento-da-fraternidade.html#primaryimage"},"datePublished":"2026-09-02T12:32:22+00:00","dateModified":"2026-09-02T12:32:22+00:00","author":{"@id":"https:\/\/franciscanos.org.br\/noticias\/#\/schema\/person\/69bb4cd273a2528548b63cccab4980a0"},"breadcrumb":{"@id":"https:\/\/franciscanos.org.br\/noticias\/frades-do-regional-do-espirito-santo-se-reunem-para-partilha-reflexao-e-fortalecimento-da-fraternidade.html#breadcrumb"},"inLanguage":"pt-BR","potentialAction":[{"@type":"ReadAction","target":["https:\/\/franciscanos.org.br\/noticias\/frades-do-regional-do-espirito-santo-se-reunem-para-partilha-reflexao-e-fortalecimento-da-fraternidade.html"]}]},{"@type":"BreadcrumbList","@id":"https:\/\/franciscanos.org.br\/noticias\/frades-do-regional-do-espirito-santo-se-reunem-para-partilha-reflexao-e-fortalecimento-da-fraternidade.html#breadcrumb","itemListElement":[{"@type":"ListItem","position":1,"name":"Home","item":"https:\/\/franciscanos.org.br\/noticias"},{"@type":"ListItem","position":2,"name":"Frades do Regional do Esp\u00edrito Santo se re\u00fanem para partilha, reflex\u00e3o e fortalecimento da fraternidade"}]},{"@type":"Person","@id":"https:\/\/franciscanos.org.br\/noticias\/#\/schema\/person\/69bb4cd273a2528548b63cccab4980a0","name":"Guilherme Rocha","image":{"@type":"ImageObject","inLanguage":"pt-BR","@id":"https:\/\/franciscanos.org.br\/noticias\/#\/schema\/person\/image\/","url":"https:\/\/secure.gravatar.com\/avatar\/e480fee2377f81af36f6990ed742592a?s=96&d=mm&r=g","contentUrl":"https:\/\/secure.gravatar.com\/avatar\/e480fee2377f81af36f6990ed742592a?s=96&d=mm&r=g","caption":"Guilherme Rocha"},"url":"https:\/\/franciscanos.org.br\/noticias\/author\/guilhermerocha"}]}},"_links":{"self":[{"href":"https:\/\/franciscanos.org.br\/noticias\/wp-json\/wp\/v2\/posts\/270429"}],"collection":[{"href":"https:\/\/franciscanos.org.br\/noticias\/wp-json\/wp\/v2\/posts"}],"about":[{"href":"https:\/\/franciscanos.org.br\/noticias\/wp-json\/wp\/v2\/types\/post"}],"author":[{"embeddable":true,"href":"https:\/\/franciscanos.org.br\/noticias\/wp-json\/wp\/v2\/users\/15"}],"replies":[{"embeddable":true,"href":"https:\/\/franciscanos.org.br\/noticias\/wp-json\/wp\/v2\/comments?post=270429"}],"version-history":[{"count":1,"href":"https:\/\/franciscanos.org.br\/noticias\/wp-json\/wp\/v2\/posts\/270429\/revisions"}],"predecessor-version":[{"id":270439,"href":"https:\/\/franciscanos.org.br\/noticias\/wp-json\/wp\/v2\/posts\/270429\/revisions\/270439"}],"wp:featuredmedia":[{"embeddable":true,"href":"https:\/\/franciscanos.org.br\/noticias\/wp-json\/wp\/v2\/media\/270430"}],"wp:attachment":[{"href":"https:\/\/franciscanos.org.br\/noticias\/wp-json\/wp\/v2\/media?parent=270429"}],"wp:term":[{"taxonomy":"category","embeddable":true,"href":"https:\/\/franciscanos.org.br\/noticias\/wp-json\/wp\/v2\/categories?post=270429"},{"taxonomy":"post_tag","embeddable":true,"href":"https:\/\/franciscanos.org.br\/noticias\/wp-json\/wp\/v2\/tags?post=270429"}],"curies":[{"name":"wp","href":"https:\/\/api.w.org\/{rel}","templated":true}]}}