{"id":270420,"date":"2026-09-01T12:13:48","date_gmt":"2026-09-01T15:13:48","guid":{"rendered":"https:\/\/franciscanos.org.br\/noticias\/?p=270420"},"modified":"2026-09-01T12:24:13","modified_gmt":"2026-09-01T15:24:13","slug":"dom-jaime-alerta-para-urgencia-da-crise-climatica-e-defende-compromisso-coletivo-com-a-criacao","status":"publish","type":"post","link":"https:\/\/franciscanos.org.br\/noticias\/dom-jaime-alerta-para-urgencia-da-crise-climatica-e-defende-compromisso-coletivo-com-a-criacao.html","title":{"rendered":"Dom Jaime alerta para urg\u00eancia da crise clim\u00e1tica e defende compromisso coletivo com a cria\u00e7\u00e3o"},"content":{"rendered":"<p><img loading=\"lazy\" class=\"aligncenter wp-image-176622 size-full\" src=\"https:\/\/franciscanos.org.br\/noticias\/wp-content\/uploads\/2018\/11\/jaime_240918-b.jpg\" alt=\"\" width=\"830\" height=\"400\" srcset=\"https:\/\/franciscanos.org.br\/noticias\/wp-content\/uploads\/2018\/11\/jaime_240918-b.jpg 830w, https:\/\/franciscanos.org.br\/noticias\/wp-content\/uploads\/2018\/11\/jaime_240918-b-450x217.jpg 450w, https:\/\/franciscanos.org.br\/noticias\/wp-content\/uploads\/2018\/11\/jaime_240918-b-768x370.jpg 768w, https:\/\/franciscanos.org.br\/noticias\/wp-content\/uploads\/2018\/11\/jaime_240918-b-150x72.jpg 150w\" sizes=\"(max-width: 830px) 100vw, 830px\" \/><\/p>\n<p><a href=\"https:\/\/www.cnbb.org.br\/dom-jaime-alerta-para-urgencia-da-crise-climatica-e-defende-compromisso-coletivo-com-o-cuidado-da-criacao\/\">*acesso o conte\u00fado original no site da CNBB<\/a><\/p>\n<p>Por ocasi\u00e3o do 11\u00ba Dia Mundial de Ora\u00e7\u00e3o pelo Cuidado da Cria\u00e7\u00e3o, celebrado nesta ter\u00e7a-feira, 1\u00ba de setembro, o presidente da Confer\u00eancia Nacional dos Bispos do Brasil (CNBB), cardeal Jaime Spengler, chama a aten\u00e7\u00e3o para a urg\u00eancia dos desafios provocados pelas mudan\u00e7as clim\u00e1ticas e defende uma mobiliza\u00e7\u00e3o de toda a sociedade em favor da prote\u00e7\u00e3o da vida e da casa comum.<\/p>\n<p>Em artigo dedicado \u00e0 data, dom Jaime afirma que a crise clim\u00e1tica n\u00e3o pode mais ser enfrentada apenas com medidas paliativas. Para o presidente da CNBB, a quest\u00e3o ultrapassa o debate estritamente ambiental e suas implica\u00e7\u00f5es pol\u00edticas e econ\u00f4micas, pois diz respeito \u00e0s pr\u00f3prias condi\u00e7\u00f5es necess\u00e1rias para a sobreviv\u00eancia do planeta e da humanidade.<\/p>\n<p>\u201cAs mudan\u00e7as clim\u00e1ticas apresentam desafios que dizem respeito a toda a sociedade. J\u00e1 n\u00e3o \u00e9 poss\u00edvel limitar-se a administrar a crise por meio de medidas paliativas\u201d, afirma. Segundo o cardeal, diante da gravidade da situa\u00e7\u00e3o, \u201cn\u00e3o h\u00e1 mais tempo a perder\u201d.<\/p>\n<p><strong>Repensar o modelo de desenvolvimento<\/strong><\/p>\n<p>No artigo, dom Jaime destaca consequ\u00eancias j\u00e1 percept\u00edveis da degrada\u00e7\u00e3o ambiental, como a destrui\u00e7\u00e3o de ecossistemas, a contamina\u00e7\u00e3o de recursos essenciais, as amea\u00e7as \u00e0 biodiversidade e os riscos \u00e0 seguran\u00e7a alimentar.<br \/>\nDiante desse cen\u00e1rio, ele considera necess\u00e1ria uma revis\u00e3o do modelo de desenvolvimento predominante na sociedade. O cardeal tamb\u00e9m questiona uma vis\u00e3o de modernidade que deposita confian\u00e7a absoluta na t\u00e9cnica, na ci\u00eancia e na raz\u00e3o, sem considerar de forma integral outras dimens\u00f5es do ser humano, entre elas a f\u00e9 e a transcend\u00eancia.<\/p>\n<p>\u201cO acelerado desequil\u00edbrio ambiental e clim\u00e1tico produz inquieta\u00e7\u00e3o, sofrimento e inseguran\u00e7a. N\u00e3o se pode negar que estamos ferindo, e, em muitos casos, destruindo as pr\u00f3prias condi\u00e7\u00f5es que sustentam a vida\u201d, ressalta.<\/p>\n<p><strong>Convers\u00e3o pessoal e social<\/strong><\/p>\n<p>Para dom Jaime, o enfrentamento da crise ecol\u00f3gica n\u00e3o depende somente de transforma\u00e7\u00f5es econ\u00f4micas, pol\u00edticas e estruturais. \u00c9 necess\u00e1rio tamb\u00e9m um processo de convers\u00e3o pessoal e social, capaz de modificar comportamentos e a rela\u00e7\u00e3o das pessoas com a cria\u00e7\u00e3o.<\/p>\n<p>Ao citar a Constitui\u00e7\u00e3o Pastoral Gaudium et Spes, o presidente da CNBB recorda que a degrada\u00e7\u00e3o ecol\u00f3gica e as mudan\u00e7as clim\u00e1ticas est\u00e3o relacionadas ao \u201cdesequil\u00edbrio fundamental que se radica no cora\u00e7\u00e3o do ser humano\u201d.<\/p>\n<p>Por isso, segundo ele, mudan\u00e7as nas estruturas sociais e nos modos de produ\u00e7\u00e3o e consumo precisam caminhar juntamente com uma transforma\u00e7\u00e3o \u201cdas mentes e dos cora\u00e7\u00f5es\u201d. Esse processo, afirma, deve favorecer atitudes de respeito, responsabilidade e gratid\u00e3o diante da cria\u00e7\u00e3o.<\/p>\n<p><strong>Ora\u00e7\u00e3o e compromisso com a casa comum<\/strong><\/p>\n<p>Celebrado em 1\u00ba de setembro, o Dia Mundial de Ora\u00e7\u00e3o pelo Cuidado da Cria\u00e7\u00e3o \u00e9 apresentado por dom Jaime como uma oportunidade para contemplar o dom da vida, agradecer pelo planeta e renovar o compromisso individual e coletivo com a casa comum.<\/p>\n<p>\u201cPromover o Dia Mundial de Ora\u00e7\u00e3o pelo Cuidado da Cria\u00e7\u00e3o significa cooperar para o despertar de uma consci\u00eancia mais atenta e respons\u00e1vel diante do planeta que nos permite viver\u201d, afirma.<\/p>\n<p>O cardeal destaca ainda que a cria\u00e7\u00e3o n\u00e3o deve ser compreendida apenas como um acontecimento situado no passado. Para ele, trata-se de \u201cum dom que continua a acontecer e a se renovar no presente, diante de nossos olhos e sob nossa responsabilidade\u201d.<\/p>\n<p><strong>Responsabilidade comum<\/strong><\/p>\n<p>Na avalia\u00e7\u00e3o de dom Jaime, a emerg\u00eancia ecol\u00f3gica j\u00e1 interfere diretamente na vida de milh\u00f5es de pessoas e amea\u00e7a as condi\u00e7\u00f5es de vida das pr\u00f3ximas gera\u00e7\u00f5es. Por isso, a resposta \u00e0 crise precisa envolver diferentes setores da sociedade.<br \/>\nO presidente da CNBB defende a uni\u00e3o entre ci\u00eancia, educa\u00e7\u00e3o, pol\u00edtica, economia, comunidades de f\u00e9 e sociedade civil na busca de respostas para a atual situa\u00e7\u00e3o. Para ele, essa articula\u00e7\u00e3o \u201cn\u00e3o \u00e9 apenas uma possibilidade: \u00e9 um imperativo \u00e9tico e uma responsabilidade comum\u201d.<\/p>\n<p>Ao concluir o artigo, dom Jaime refor\u00e7a a rela\u00e7\u00e3o direta entre o cuidado ambiental e a defesa da vida e recorda que a humanidade n\u00e3o possui dom\u00ednio absoluto sobre o planeta.<\/p>\n<p>\u201cCuidar da cria\u00e7\u00e3o \u00e9, portanto, cuidar da vida. \u00c9 reconhecer que a terra n\u00e3o nos pertence de modo absoluto, mas nos foi confiada. E essa confian\u00e7a exige de cada um de n\u00f3s uma resposta concreta de responsabilidade, solidariedade e compromisso com o presente e com o futuro\u201d, conclui.<\/p>\n<p><a href=\"https:\/\/www.cnbb.org.br\/dom-jaime-alerta-para-urgencia-da-crise-climatica-e-defende-compromisso-coletivo-com-o-cuidado-da-criacao\/\">*acesso o conte\u00fado original no site da CNBB<\/a><\/p>\n<hr \/>\n<p><em>CNBB<\/em><\/p>\n","protected":false},"excerpt":{"rendered":"<p>Cuidado da Casa Comum<\/p>\n","protected":false},"author":15,"featured_media":176622,"comment_status":"open","ping_status":"open","sticky":false,"template":"","format":"standard","meta":[],"categories":[1],"tags":[],"acf":[],"yoast_head":"<!-- This site is optimized with the Yoast SEO plugin v19.2 - https:\/\/yoast.com\/wordpress\/plugins\/seo\/ -->\n<title>Dom Jaime alerta para urg\u00eancia da crise clim\u00e1tica e defende compromisso coletivo com a cria\u00e7\u00e3o - Not\u00edcias - Franciscanos<\/title>\n<meta name=\"robots\" content=\"index, follow, max-snippet:-1, max-image-preview:large, max-video-preview:-1\" \/>\n<link rel=\"canonical\" href=\"https:\/\/franciscanos.org.br\/noticias\/dom-jaime-alerta-para-urgencia-da-crise-climatica-e-defende-compromisso-coletivo-com-a-criacao.html\" \/>\n<meta property=\"og:locale\" content=\"pt_BR\" \/>\n<meta property=\"og:type\" content=\"article\" \/>\n<meta property=\"og:title\" content=\"Dom Jaime alerta para urg\u00eancia da crise clim\u00e1tica e defende compromisso coletivo com a cria\u00e7\u00e3o - Not\u00edcias - Franciscanos\" \/>\n<meta property=\"og:description\" content=\"Cuidado da Casa Comum\" \/>\n<meta property=\"og:url\" content=\"https:\/\/franciscanos.org.br\/noticias\/dom-jaime-alerta-para-urgencia-da-crise-climatica-e-defende-compromisso-coletivo-com-a-criacao.html\" \/>\n<meta property=\"og:site_name\" content=\"Not\u00edcias - Franciscanos\" \/>\n<meta property=\"article:published_time\" content=\"2026-09-01T15:13:48+00:00\" \/>\n<meta property=\"article:modified_time\" content=\"2026-09-01T15:24:13+00:00\" \/>\n<meta property=\"og:image\" content=\"https:\/\/franciscanos.org.br\/noticias\/wp-content\/uploads\/2018\/11\/jaime_240918-b.jpg\" \/>\n\t<meta property=\"og:image:width\" content=\"830\" \/>\n\t<meta property=\"og:image:height\" content=\"400\" \/>\n\t<meta property=\"og:image:type\" content=\"image\/jpeg\" \/>\n<meta name=\"author\" content=\"Guilherme Rocha\" \/>\n<meta name=\"twitter:card\" content=\"summary_large_image\" \/>\n<meta name=\"twitter:label1\" content=\"Escrito por\" \/>\n\t<meta name=\"twitter:data1\" content=\"Guilherme Rocha\" \/>\n\t<meta name=\"twitter:label2\" content=\"Est. tempo de leitura\" \/>\n\t<meta name=\"twitter:data2\" content=\"4 minutos\" \/>\n<script type=\"application\/ld+json\" class=\"yoast-schema-graph\">{\"@context\":\"https:\/\/schema.org\",\"@graph\":[{\"@type\":\"WebSite\",\"@id\":\"https:\/\/franciscanos.org.br\/noticias\/#website\",\"url\":\"https:\/\/franciscanos.org.br\/noticias\/\",\"name\":\"Not\u00edcias - Franciscanos\",\"description\":\"Prov\u00edncia Franciscana da Imaculada Concei\u00e7\u00e3o do Brasil - Ordem dos Frades Menores - OFM\",\"potentialAction\":[{\"@type\":\"SearchAction\",\"target\":{\"@type\":\"EntryPoint\",\"urlTemplate\":\"https:\/\/franciscanos.org.br\/noticias\/?s={search_term_string}\"},\"query-input\":\"required name=search_term_string\"}],\"inLanguage\":\"pt-BR\"},{\"@type\":\"ImageObject\",\"inLanguage\":\"pt-BR\",\"@id\":\"https:\/\/franciscanos.org.br\/noticias\/dom-jaime-alerta-para-urgencia-da-crise-climatica-e-defende-compromisso-coletivo-com-a-criacao.html#primaryimage\",\"url\":\"https:\/\/franciscanos.org.br\/noticias\/wp-content\/uploads\/2018\/11\/jaime_240918-b.jpg\",\"contentUrl\":\"https:\/\/franciscanos.org.br\/noticias\/wp-content\/uploads\/2018\/11\/jaime_240918-b.jpg\",\"width\":830,\"height\":400},{\"@type\":\"WebPage\",\"@id\":\"https:\/\/franciscanos.org.br\/noticias\/dom-jaime-alerta-para-urgencia-da-crise-climatica-e-defende-compromisso-coletivo-com-a-criacao.html#webpage\",\"url\":\"https:\/\/franciscanos.org.br\/noticias\/dom-jaime-alerta-para-urgencia-da-crise-climatica-e-defende-compromisso-coletivo-com-a-criacao.html\",\"name\":\"Dom Jaime alerta para urg\u00eancia da crise clim\u00e1tica e defende compromisso coletivo com a cria\u00e7\u00e3o - Not\u00edcias - Franciscanos\",\"isPartOf\":{\"@id\":\"https:\/\/franciscanos.org.br\/noticias\/#website\"},\"primaryImageOfPage\":{\"@id\":\"https:\/\/franciscanos.org.br\/noticias\/dom-jaime-alerta-para-urgencia-da-crise-climatica-e-defende-compromisso-coletivo-com-a-criacao.html#primaryimage\"},\"datePublished\":\"2026-09-01T15:13:48+00:00\",\"dateModified\":\"2026-09-01T15:24:13+00:00\",\"author\":{\"@id\":\"https:\/\/franciscanos.org.br\/noticias\/#\/schema\/person\/69bb4cd273a2528548b63cccab4980a0\"},\"breadcrumb\":{\"@id\":\"https:\/\/franciscanos.org.br\/noticias\/dom-jaime-alerta-para-urgencia-da-crise-climatica-e-defende-compromisso-coletivo-com-a-criacao.html#breadcrumb\"},\"inLanguage\":\"pt-BR\",\"potentialAction\":[{\"@type\":\"ReadAction\",\"target\":[\"https:\/\/franciscanos.org.br\/noticias\/dom-jaime-alerta-para-urgencia-da-crise-climatica-e-defende-compromisso-coletivo-com-a-criacao.html\"]}]},{\"@type\":\"BreadcrumbList\",\"@id\":\"https:\/\/franciscanos.org.br\/noticias\/dom-jaime-alerta-para-urgencia-da-crise-climatica-e-defende-compromisso-coletivo-com-a-criacao.html#breadcrumb\",\"itemListElement\":[{\"@type\":\"ListItem\",\"position\":1,\"name\":\"Home\",\"item\":\"https:\/\/franciscanos.org.br\/noticias\"},{\"@type\":\"ListItem\",\"position\":2,\"name\":\"Dom Jaime alerta para urg\u00eancia da crise clim\u00e1tica e defende compromisso coletivo com a cria\u00e7\u00e3o\"}]},{\"@type\":\"Person\",\"@id\":\"https:\/\/franciscanos.org.br\/noticias\/#\/schema\/person\/69bb4cd273a2528548b63cccab4980a0\",\"name\":\"Guilherme Rocha\",\"image\":{\"@type\":\"ImageObject\",\"inLanguage\":\"pt-BR\",\"@id\":\"https:\/\/franciscanos.org.br\/noticias\/#\/schema\/person\/image\/\",\"url\":\"https:\/\/secure.gravatar.com\/avatar\/e480fee2377f81af36f6990ed742592a?s=96&d=mm&r=g\",\"contentUrl\":\"https:\/\/secure.gravatar.com\/avatar\/e480fee2377f81af36f6990ed742592a?s=96&d=mm&r=g\",\"caption\":\"Guilherme Rocha\"},\"url\":\"https:\/\/franciscanos.org.br\/noticias\/author\/guilhermerocha\"}]}<\/script>\n<!-- \/ Yoast SEO plugin. -->","yoast_head_json":{"title":"Dom Jaime alerta para urg\u00eancia da crise clim\u00e1tica e defende compromisso coletivo com a cria\u00e7\u00e3o - Not\u00edcias - Franciscanos","robots":{"index":"index","follow":"follow","max-snippet":"max-snippet:-1","max-image-preview":"max-image-preview:large","max-video-preview":"max-video-preview:-1"},"canonical":"https:\/\/franciscanos.org.br\/noticias\/dom-jaime-alerta-para-urgencia-da-crise-climatica-e-defende-compromisso-coletivo-com-a-criacao.html","og_locale":"pt_BR","og_type":"article","og_title":"Dom Jaime alerta para urg\u00eancia da crise clim\u00e1tica e defende compromisso coletivo com a cria\u00e7\u00e3o - Not\u00edcias - Franciscanos","og_description":"Cuidado da Casa Comum","og_url":"https:\/\/franciscanos.org.br\/noticias\/dom-jaime-alerta-para-urgencia-da-crise-climatica-e-defende-compromisso-coletivo-com-a-criacao.html","og_site_name":"Not\u00edcias - Franciscanos","article_published_time":"2026-09-01T15:13:48+00:00","article_modified_time":"2026-09-01T15:24:13+00:00","og_image":[{"width":830,"height":400,"url":"https:\/\/franciscanos.org.br\/noticias\/wp-content\/uploads\/2018\/11\/jaime_240918-b.jpg","type":"image\/jpeg"}],"author":"Guilherme Rocha","twitter_card":"summary_large_image","twitter_misc":{"Escrito por":"Guilherme Rocha","Est. tempo de leitura":"4 minutos"},"schema":{"@context":"https:\/\/schema.org","@graph":[{"@type":"WebSite","@id":"https:\/\/franciscanos.org.br\/noticias\/#website","url":"https:\/\/franciscanos.org.br\/noticias\/","name":"Not\u00edcias - Franciscanos","description":"Prov\u00edncia Franciscana da Imaculada Concei\u00e7\u00e3o do Brasil - Ordem dos Frades Menores - OFM","potentialAction":[{"@type":"SearchAction","target":{"@type":"EntryPoint","urlTemplate":"https:\/\/franciscanos.org.br\/noticias\/?s={search_term_string}"},"query-input":"required name=search_term_string"}],"inLanguage":"pt-BR"},{"@type":"ImageObject","inLanguage":"pt-BR","@id":"https:\/\/franciscanos.org.br\/noticias\/dom-jaime-alerta-para-urgencia-da-crise-climatica-e-defende-compromisso-coletivo-com-a-criacao.html#primaryimage","url":"https:\/\/franciscanos.org.br\/noticias\/wp-content\/uploads\/2018\/11\/jaime_240918-b.jpg","contentUrl":"https:\/\/franciscanos.org.br\/noticias\/wp-content\/uploads\/2018\/11\/jaime_240918-b.jpg","width":830,"height":400},{"@type":"WebPage","@id":"https:\/\/franciscanos.org.br\/noticias\/dom-jaime-alerta-para-urgencia-da-crise-climatica-e-defende-compromisso-coletivo-com-a-criacao.html#webpage","url":"https:\/\/franciscanos.org.br\/noticias\/dom-jaime-alerta-para-urgencia-da-crise-climatica-e-defende-compromisso-coletivo-com-a-criacao.html","name":"Dom Jaime alerta para urg\u00eancia da crise clim\u00e1tica e defende compromisso coletivo com a cria\u00e7\u00e3o - Not\u00edcias - Franciscanos","isPartOf":{"@id":"https:\/\/franciscanos.org.br\/noticias\/#website"},"primaryImageOfPage":{"@id":"https:\/\/franciscanos.org.br\/noticias\/dom-jaime-alerta-para-urgencia-da-crise-climatica-e-defende-compromisso-coletivo-com-a-criacao.html#primaryimage"},"datePublished":"2026-09-01T15:13:48+00:00","dateModified":"2026-09-01T15:24:13+00:00","author":{"@id":"https:\/\/franciscanos.org.br\/noticias\/#\/schema\/person\/69bb4cd273a2528548b63cccab4980a0"},"breadcrumb":{"@id":"https:\/\/franciscanos.org.br\/noticias\/dom-jaime-alerta-para-urgencia-da-crise-climatica-e-defende-compromisso-coletivo-com-a-criacao.html#breadcrumb"},"inLanguage":"pt-BR","potentialAction":[{"@type":"ReadAction","target":["https:\/\/franciscanos.org.br\/noticias\/dom-jaime-alerta-para-urgencia-da-crise-climatica-e-defende-compromisso-coletivo-com-a-criacao.html"]}]},{"@type":"BreadcrumbList","@id":"https:\/\/franciscanos.org.br\/noticias\/dom-jaime-alerta-para-urgencia-da-crise-climatica-e-defende-compromisso-coletivo-com-a-criacao.html#breadcrumb","itemListElement":[{"@type":"ListItem","position":1,"name":"Home","item":"https:\/\/franciscanos.org.br\/noticias"},{"@type":"ListItem","position":2,"name":"Dom Jaime alerta para urg\u00eancia da crise clim\u00e1tica e defende compromisso coletivo com a cria\u00e7\u00e3o"}]},{"@type":"Person","@id":"https:\/\/franciscanos.org.br\/noticias\/#\/schema\/person\/69bb4cd273a2528548b63cccab4980a0","name":"Guilherme Rocha","image":{"@type":"ImageObject","inLanguage":"pt-BR","@id":"https:\/\/franciscanos.org.br\/noticias\/#\/schema\/person\/image\/","url":"https:\/\/secure.gravatar.com\/avatar\/e480fee2377f81af36f6990ed742592a?s=96&d=mm&r=g","contentUrl":"https:\/\/secure.gravatar.com\/avatar\/e480fee2377f81af36f6990ed742592a?s=96&d=mm&r=g","caption":"Guilherme Rocha"},"url":"https:\/\/franciscanos.org.br\/noticias\/author\/guilhermerocha"}]}},"_links":{"self":[{"href":"https:\/\/franciscanos.org.br\/noticias\/wp-json\/wp\/v2\/posts\/270420"}],"collection":[{"href":"https:\/\/franciscanos.org.br\/noticias\/wp-json\/wp\/v2\/posts"}],"about":[{"href":"https:\/\/franciscanos.org.br\/noticias\/wp-json\/wp\/v2\/types\/post"}],"author":[{"embeddable":true,"href":"https:\/\/franciscanos.org.br\/noticias\/wp-json\/wp\/v2\/users\/15"}],"replies":[{"embeddable":true,"href":"https:\/\/franciscanos.org.br\/noticias\/wp-json\/wp\/v2\/comments?post=270420"}],"version-history":[{"count":3,"href":"https:\/\/franciscanos.org.br\/noticias\/wp-json\/wp\/v2\/posts\/270420\/revisions"}],"predecessor-version":[{"id":270423,"href":"https:\/\/franciscanos.org.br\/noticias\/wp-json\/wp\/v2\/posts\/270420\/revisions\/270423"}],"wp:featuredmedia":[{"embeddable":true,"href":"https:\/\/franciscanos.org.br\/noticias\/wp-json\/wp\/v2\/media\/176622"}],"wp:attachment":[{"href":"https:\/\/franciscanos.org.br\/noticias\/wp-json\/wp\/v2\/media?parent=270420"}],"wp:term":[{"taxonomy":"category","embeddable":true,"href":"https:\/\/franciscanos.org.br\/noticias\/wp-json\/wp\/v2\/categories?post=270420"},{"taxonomy":"post_tag","embeddable":true,"href":"https:\/\/franciscanos.org.br\/noticias\/wp-json\/wp\/v2\/tags?post=270420"}],"curies":[{"name":"wp","href":"https:\/\/api.w.org\/{rel}","templated":true}]}}