{"id":270417,"date":"2026-09-01T11:56:49","date_gmt":"2026-09-01T14:56:49","guid":{"rendered":"https:\/\/franciscanos.org.br\/noticias\/?p=270417"},"modified":"2026-09-01T11:56:49","modified_gmt":"2026-09-01T14:56:49","slug":"tempo-da-criacao-2026","status":"publish","type":"post","link":"https:\/\/franciscanos.org.br\/noticias\/tempo-da-criacao-2026.html","title":{"rendered":"Tempo da Cria\u00e7\u00e3o 2026"},"content":{"rendered":"<p><img loading=\"lazy\" class=\"aligncenter wp-image-270418 size-full\" src=\"https:\/\/franciscanos.org.br\/noticias\/wp-content\/uploads\/2026\/09\/Captura-de-tela-2026-09-01-115325.-fotor-enhance-20260901115424-scaled.jpg\" alt=\"Tempo da Cria\u00e7\u00e3o 2026\" width=\"1920\" height=\"644\" srcset=\"https:\/\/franciscanos.org.br\/noticias\/wp-content\/uploads\/2026\/09\/Captura-de-tela-2026-09-01-115325.-fotor-enhance-20260901115424-scaled.jpg 1920w, https:\/\/franciscanos.org.br\/noticias\/wp-content\/uploads\/2026\/09\/Captura-de-tela-2026-09-01-115325.-fotor-enhance-20260901115424-450x151.jpg 450w, https:\/\/franciscanos.org.br\/noticias\/wp-content\/uploads\/2026\/09\/Captura-de-tela-2026-09-01-115325.-fotor-enhance-20260901115424-1024x343.jpg 1024w, https:\/\/franciscanos.org.br\/noticias\/wp-content\/uploads\/2026\/09\/Captura-de-tela-2026-09-01-115325.-fotor-enhance-20260901115424-768x258.jpg 768w, https:\/\/franciscanos.org.br\/noticias\/wp-content\/uploads\/2026\/09\/Captura-de-tela-2026-09-01-115325.-fotor-enhance-20260901115424-1536x515.jpg 1536w, https:\/\/franciscanos.org.br\/noticias\/wp-content\/uploads\/2026\/09\/Captura-de-tela-2026-09-01-115325.-fotor-enhance-20260901115424-2048x687.jpg 2048w, https:\/\/franciscanos.org.br\/noticias\/wp-content\/uploads\/2026\/09\/Captura-de-tela-2026-09-01-115325.-fotor-enhance-20260901115424-150x50.jpg 150w\" sizes=\"(max-width: 1920px) 100vw, 1920px\" \/><\/p>\n<p><span style=\"font-weight: 400;\">De 1\u00ba de setembro a 4 de outubro, crist\u00e3os de diferentes confiss\u00f5es celebrar\u00e3o o Tempo da Cria\u00e7\u00e3o, um per\u00edodo dedicado \u00e0 ora\u00e7\u00e3o, \u00e0 contempla\u00e7\u00e3o e ao cuidado da casa comum, respondendo juntos ao grito da cria\u00e7\u00e3o.<\/span><\/p>\n<p><span style=\"font-weight: 400;\">Neste ano, a fam\u00edlia ecum\u00eanica se re\u00fane em torno do tema \u201c\u00c1gua Viva\u201d, tendo como s\u00edmbolo a \u201cImers\u00e3o na \u00c1gua Viva\u201d, inspirado nas palavras do profeta Ezequiel: \u201cTodo ser vivo que se move por onde quer que passe o rio viver\u00e1: haver\u00e1 peixe em abund\u00e2ncia, pois, onde quer que cheguem essas \u00e1guas, elas levar\u00e3o a cura, e onde chegar a torrente, tudo reviver\u00e1\u201d (Ez 47,9); \u201c\u00c0s margens do rio, de um lado e de outro, crescer\u00e1 toda esp\u00e9cie de \u00e1rvores frut\u00edferas, cujas folhas n\u00e3o murchar\u00e3o: seus frutos n\u00e3o cessar\u00e3o e amadurecer\u00e3o todos os meses, porque suas \u00e1guas brotam do santu\u00e1rio. Seus frutos servir\u00e3o de alimento e suas folhas, de rem\u00e9dio\u201d (Ez 47,12).<\/span><\/p>\n<p><span style=\"font-weight: 400;\">Para o Dia Mundial de Ora\u00e7\u00e3o pelo Cuidado da Cria\u00e7\u00e3o, institu\u00eddo pelo Papa Francisco em 2015 e celebrado pela Igreja Cat\u00f3lica em 1\u00ba de setembro, o Papa Le\u00e3o XIV publicou a mensagem \u201cTransformar\u00e3o suas espadas em arados e suas lan\u00e7as em foices\u201d (Is 2,4). O Santo Padre convida a ler conjuntamente as crises e os sofrimentos humanos e a acelera\u00e7\u00e3o da destrui\u00e7\u00e3o do equil\u00edbrio da cria\u00e7\u00e3o como \u201cuma \u00fanica invoca\u00e7\u00e3o de cura e de paz\u201d que se eleva de um mundo ferido. De modo particular, destaca como a guerra produz consequ\u00eancias que v\u00e3o muito al\u00e9m do campo de batalha: destr\u00f3i os ecossistemas, contamina recursos essenciais como o ar e a \u00e1gua, coloca em risco a seguran\u00e7a alimentar e alimenta a pobreza, as desigualdades e novas tens\u00f5es sociais, criando um c\u00edrculo vicioso capaz de gerar novos conflitos.<\/span><\/p>\n<p><span style=\"font-weight: 400;\">Para Le\u00e3o XIV, a resposta exige responsabilidade e uma convers\u00e3o do cora\u00e7\u00e3o, pessoal e coletiva. A paz, de fato, come\u00e7a no cora\u00e7\u00e3o e se reflete nas rela\u00e7\u00f5es, nas comunidades e na rela\u00e7\u00e3o com a cria\u00e7\u00e3o. Esse \u00e9 o caminho de uma aut\u00eantica convers\u00e3o ecol\u00f3gica: transformar aquilo que \u00e9 usado para a destrui\u00e7\u00e3o em instrumentos de vida, destinando energias e recursos ao desenvolvimento humano integral, \u00e0 supera\u00e7\u00e3o da pobreza, \u00e0 defesa da dignidade humana, \u00e0 reconcilia\u00e7\u00e3o e \u00e0 salvaguarda da cria\u00e7\u00e3o. O Papa convida, assim, a cuidar dos diferentes \u201cecossistemas\u201d confiados \u00e0 humanidade: o da cria\u00e7\u00e3o, o das rela\u00e7\u00f5es humanas e o do cora\u00e7\u00e3o.<\/span><\/p>\n<p><span style=\"font-weight: 400;\">Neste ano, o encerramento do Tempo da Cria\u00e7\u00e3o, em 4 de outubro, coincidir\u00e1 com o oitavo centen\u00e1rio do Tr\u00e2nsito de S\u00e3o Francisco. Para a Fam\u00edlia Franciscana, essa celebra\u00e7\u00e3o oferece um chamado ainda mais forte a viver o Tempo da Cria\u00e7\u00e3o como caminho de paz, convers\u00e3o e cuidado da casa comum.<\/span><\/p>\n<p><i><span style=\"font-weight: 400;\">Tempo da Cria\u00e7\u00e3o: a hist\u00f3ria<\/span><\/i><\/p>\n<p><span style=\"font-weight: 400;\">Em 1989, o Patriarca Ecum\u00eanico Dimitrios I proclamou, para os ortodoxos, o dia 1\u00ba de setembro como jornada de ora\u00e7\u00e3o pela cria\u00e7\u00e3o; o ano lit\u00fargico da Igreja Ortodoxa come\u00e7a nesse dia com uma comemora\u00e7\u00e3o de como Deus criou o mundo.<\/span><\/p>\n<p><span style=\"font-weight: 400;\">O Conselho Mundial de Igrejas contribuiu para tornar esse per\u00edodo especial, prolongando a celebra\u00e7\u00e3o de 1\u00ba de setembro a 4 de outubro, festa lit\u00fargica de S\u00e3o Francisco de Assis.<\/span><\/p>\n<p><span style=\"font-weight: 400;\">Seguindo a orienta\u00e7\u00e3o do Patriarca Ecum\u00eanico Dimitrios I e do Conselho Mundial de Igrejas, os crist\u00e3os de todo o mundo abra\u00e7aram esse per\u00edodo como parte integrante de seu calend\u00e1rio anual. Em 2015, o Papa Francisco instituiu na Igreja Cat\u00f3lica o Dia Mundial de Ora\u00e7\u00e3o pelo Cuidado da Cria\u00e7\u00e3o e, em 2019, a Igreja Cat\u00f3lica passou tamb\u00e9m a celebrar o Tempo da Cria\u00e7\u00e3o.<\/span><\/p>\n<p><span style=\"font-weight: 400;\">Nos \u00faltimos anos, declara\u00e7\u00f5es de l\u00edderes religiosos de todo o mundo tamb\u00e9m t\u00eam incentivado os fi\u00e9is a dedicar esse per\u00edodo ao cuidado da cria\u00e7\u00e3o.<\/span><\/p>\n<p><span style=\"font-weight: 400;\">Para todas as informa\u00e7\u00f5es:<\/span><a href=\"https:\/\/seasonofcreation.org\/it\/\"><span style=\"font-weight: 400;\"> https:\/\/seasonofcreation.org\/it\/<\/span><\/a><\/p>\n<p><span style=\"font-weight: 400;\">Baixe o<\/span><a href=\"https:\/\/drive.google.com\/file\/d\/1DykYpaR6_OzYwfYdtn6GPn38xdgceVWy\/view\"><span style=\"font-weight: 400;\"> guia para as celebra\u00e7\u00f5es<\/span><\/a><\/p>\n<p><span style=\"font-weight: 400;\">Leia a<\/span><a href=\"https:\/\/www.vatican.va\/content\/leo-xiv\/it\/messages\/creation\/documents\/20260815-messaggio-giornata-curacreato.html\"><span style=\"font-weight: 400;\"> mensagem do Papa Le\u00e3o XIV<\/span><\/a><\/p>\n<hr \/>\n<p>ofm.org<\/p>\n","protected":false},"excerpt":{"rendered":"<p>Tempo da Cria\u00e7\u00e3o<\/p>\n","protected":false},"author":15,"featured_media":270418,"comment_status":"open","ping_status":"open","sticky":false,"template":"","format":"standard","meta":[],"categories":[1],"tags":[],"acf":[],"yoast_head":"<!-- This site is optimized with the Yoast SEO plugin v19.2 - https:\/\/yoast.com\/wordpress\/plugins\/seo\/ -->\n<title>Tempo da Cria\u00e7\u00e3o 2026 - Not\u00edcias - Franciscanos<\/title>\n<meta name=\"robots\" content=\"index, follow, max-snippet:-1, max-image-preview:large, max-video-preview:-1\" \/>\n<link rel=\"canonical\" href=\"https:\/\/franciscanos.org.br\/noticias\/tempo-da-criacao-2026.html\" \/>\n<meta property=\"og:locale\" content=\"pt_BR\" \/>\n<meta property=\"og:type\" content=\"article\" \/>\n<meta property=\"og:title\" content=\"Tempo da Cria\u00e7\u00e3o 2026 - Not\u00edcias - Franciscanos\" \/>\n<meta property=\"og:description\" content=\"Tempo da Cria\u00e7\u00e3o\" \/>\n<meta property=\"og:url\" content=\"https:\/\/franciscanos.org.br\/noticias\/tempo-da-criacao-2026.html\" \/>\n<meta property=\"og:site_name\" content=\"Not\u00edcias - Franciscanos\" \/>\n<meta property=\"article:published_time\" content=\"2026-09-01T14:56:49+00:00\" \/>\n<meta property=\"og:image\" content=\"https:\/\/franciscanos.org.br\/noticias\/wp-content\/uploads\/2026\/09\/Captura-de-tela-2026-09-01-115325.-fotor-enhance-20260901115424-scaled.jpg\" \/>\n\t<meta property=\"og:image:width\" content=\"1920\" \/>\n\t<meta property=\"og:image:height\" content=\"644\" \/>\n\t<meta property=\"og:image:type\" content=\"image\/jpeg\" \/>\n<meta name=\"author\" content=\"Guilherme Rocha\" \/>\n<meta name=\"twitter:card\" content=\"summary_large_image\" \/>\n<meta name=\"twitter:label1\" content=\"Escrito por\" \/>\n\t<meta name=\"twitter:data1\" content=\"Guilherme Rocha\" \/>\n\t<meta name=\"twitter:label2\" content=\"Est. tempo de leitura\" \/>\n\t<meta name=\"twitter:data2\" content=\"4 minutos\" \/>\n<script type=\"application\/ld+json\" class=\"yoast-schema-graph\">{\"@context\":\"https:\/\/schema.org\",\"@graph\":[{\"@type\":\"WebSite\",\"@id\":\"https:\/\/franciscanos.org.br\/noticias\/#website\",\"url\":\"https:\/\/franciscanos.org.br\/noticias\/\",\"name\":\"Not\u00edcias - Franciscanos\",\"description\":\"Prov\u00edncia Franciscana da Imaculada Concei\u00e7\u00e3o do Brasil - Ordem dos Frades Menores - OFM\",\"potentialAction\":[{\"@type\":\"SearchAction\",\"target\":{\"@type\":\"EntryPoint\",\"urlTemplate\":\"https:\/\/franciscanos.org.br\/noticias\/?s={search_term_string}\"},\"query-input\":\"required name=search_term_string\"}],\"inLanguage\":\"pt-BR\"},{\"@type\":\"ImageObject\",\"inLanguage\":\"pt-BR\",\"@id\":\"https:\/\/franciscanos.org.br\/noticias\/tempo-da-criacao-2026.html#primaryimage\",\"url\":\"https:\/\/franciscanos.org.br\/noticias\/wp-content\/uploads\/2026\/09\/Captura-de-tela-2026-09-01-115325.-fotor-enhance-20260901115424-scaled.jpg\",\"contentUrl\":\"https:\/\/franciscanos.org.br\/noticias\/wp-content\/uploads\/2026\/09\/Captura-de-tela-2026-09-01-115325.-fotor-enhance-20260901115424-scaled.jpg\",\"width\":1920,\"height\":644,\"caption\":\"Tempo da Cria\u00e7\u00e3o 2026\"},{\"@type\":\"WebPage\",\"@id\":\"https:\/\/franciscanos.org.br\/noticias\/tempo-da-criacao-2026.html#webpage\",\"url\":\"https:\/\/franciscanos.org.br\/noticias\/tempo-da-criacao-2026.html\",\"name\":\"Tempo da Cria\u00e7\u00e3o 2026 - Not\u00edcias - Franciscanos\",\"isPartOf\":{\"@id\":\"https:\/\/franciscanos.org.br\/noticias\/#website\"},\"primaryImageOfPage\":{\"@id\":\"https:\/\/franciscanos.org.br\/noticias\/tempo-da-criacao-2026.html#primaryimage\"},\"datePublished\":\"2026-09-01T14:56:49+00:00\",\"dateModified\":\"2026-09-01T14:56:49+00:00\",\"author\":{\"@id\":\"https:\/\/franciscanos.org.br\/noticias\/#\/schema\/person\/69bb4cd273a2528548b63cccab4980a0\"},\"breadcrumb\":{\"@id\":\"https:\/\/franciscanos.org.br\/noticias\/tempo-da-criacao-2026.html#breadcrumb\"},\"inLanguage\":\"pt-BR\",\"potentialAction\":[{\"@type\":\"ReadAction\",\"target\":[\"https:\/\/franciscanos.org.br\/noticias\/tempo-da-criacao-2026.html\"]}]},{\"@type\":\"BreadcrumbList\",\"@id\":\"https:\/\/franciscanos.org.br\/noticias\/tempo-da-criacao-2026.html#breadcrumb\",\"itemListElement\":[{\"@type\":\"ListItem\",\"position\":1,\"name\":\"Home\",\"item\":\"https:\/\/franciscanos.org.br\/noticias\"},{\"@type\":\"ListItem\",\"position\":2,\"name\":\"Tempo da Cria\u00e7\u00e3o 2026\"}]},{\"@type\":\"Person\",\"@id\":\"https:\/\/franciscanos.org.br\/noticias\/#\/schema\/person\/69bb4cd273a2528548b63cccab4980a0\",\"name\":\"Guilherme Rocha\",\"image\":{\"@type\":\"ImageObject\",\"inLanguage\":\"pt-BR\",\"@id\":\"https:\/\/franciscanos.org.br\/noticias\/#\/schema\/person\/image\/\",\"url\":\"https:\/\/secure.gravatar.com\/avatar\/e480fee2377f81af36f6990ed742592a?s=96&d=mm&r=g\",\"contentUrl\":\"https:\/\/secure.gravatar.com\/avatar\/e480fee2377f81af36f6990ed742592a?s=96&d=mm&r=g\",\"caption\":\"Guilherme Rocha\"},\"url\":\"https:\/\/franciscanos.org.br\/noticias\/author\/guilhermerocha\"}]}<\/script>\n<!-- \/ Yoast SEO plugin. -->","yoast_head_json":{"title":"Tempo da Cria\u00e7\u00e3o 2026 - Not\u00edcias - Franciscanos","robots":{"index":"index","follow":"follow","max-snippet":"max-snippet:-1","max-image-preview":"max-image-preview:large","max-video-preview":"max-video-preview:-1"},"canonical":"https:\/\/franciscanos.org.br\/noticias\/tempo-da-criacao-2026.html","og_locale":"pt_BR","og_type":"article","og_title":"Tempo da Cria\u00e7\u00e3o 2026 - Not\u00edcias - Franciscanos","og_description":"Tempo da Cria\u00e7\u00e3o","og_url":"https:\/\/franciscanos.org.br\/noticias\/tempo-da-criacao-2026.html","og_site_name":"Not\u00edcias - Franciscanos","article_published_time":"2026-09-01T14:56:49+00:00","og_image":[{"width":1920,"height":644,"url":"https:\/\/franciscanos.org.br\/noticias\/wp-content\/uploads\/2026\/09\/Captura-de-tela-2026-09-01-115325.-fotor-enhance-20260901115424-scaled.jpg","type":"image\/jpeg"}],"author":"Guilherme Rocha","twitter_card":"summary_large_image","twitter_misc":{"Escrito por":"Guilherme Rocha","Est. tempo de leitura":"4 minutos"},"schema":{"@context":"https:\/\/schema.org","@graph":[{"@type":"WebSite","@id":"https:\/\/franciscanos.org.br\/noticias\/#website","url":"https:\/\/franciscanos.org.br\/noticias\/","name":"Not\u00edcias - Franciscanos","description":"Prov\u00edncia Franciscana da Imaculada Concei\u00e7\u00e3o do Brasil - Ordem dos Frades Menores - OFM","potentialAction":[{"@type":"SearchAction","target":{"@type":"EntryPoint","urlTemplate":"https:\/\/franciscanos.org.br\/noticias\/?s={search_term_string}"},"query-input":"required name=search_term_string"}],"inLanguage":"pt-BR"},{"@type":"ImageObject","inLanguage":"pt-BR","@id":"https:\/\/franciscanos.org.br\/noticias\/tempo-da-criacao-2026.html#primaryimage","url":"https:\/\/franciscanos.org.br\/noticias\/wp-content\/uploads\/2026\/09\/Captura-de-tela-2026-09-01-115325.-fotor-enhance-20260901115424-scaled.jpg","contentUrl":"https:\/\/franciscanos.org.br\/noticias\/wp-content\/uploads\/2026\/09\/Captura-de-tela-2026-09-01-115325.-fotor-enhance-20260901115424-scaled.jpg","width":1920,"height":644,"caption":"Tempo da Cria\u00e7\u00e3o 2026"},{"@type":"WebPage","@id":"https:\/\/franciscanos.org.br\/noticias\/tempo-da-criacao-2026.html#webpage","url":"https:\/\/franciscanos.org.br\/noticias\/tempo-da-criacao-2026.html","name":"Tempo da Cria\u00e7\u00e3o 2026 - Not\u00edcias - Franciscanos","isPartOf":{"@id":"https:\/\/franciscanos.org.br\/noticias\/#website"},"primaryImageOfPage":{"@id":"https:\/\/franciscanos.org.br\/noticias\/tempo-da-criacao-2026.html#primaryimage"},"datePublished":"2026-09-01T14:56:49+00:00","dateModified":"2026-09-01T14:56:49+00:00","author":{"@id":"https:\/\/franciscanos.org.br\/noticias\/#\/schema\/person\/69bb4cd273a2528548b63cccab4980a0"},"breadcrumb":{"@id":"https:\/\/franciscanos.org.br\/noticias\/tempo-da-criacao-2026.html#breadcrumb"},"inLanguage":"pt-BR","potentialAction":[{"@type":"ReadAction","target":["https:\/\/franciscanos.org.br\/noticias\/tempo-da-criacao-2026.html"]}]},{"@type":"BreadcrumbList","@id":"https:\/\/franciscanos.org.br\/noticias\/tempo-da-criacao-2026.html#breadcrumb","itemListElement":[{"@type":"ListItem","position":1,"name":"Home","item":"https:\/\/franciscanos.org.br\/noticias"},{"@type":"ListItem","position":2,"name":"Tempo da Cria\u00e7\u00e3o 2026"}]},{"@type":"Person","@id":"https:\/\/franciscanos.org.br\/noticias\/#\/schema\/person\/69bb4cd273a2528548b63cccab4980a0","name":"Guilherme Rocha","image":{"@type":"ImageObject","inLanguage":"pt-BR","@id":"https:\/\/franciscanos.org.br\/noticias\/#\/schema\/person\/image\/","url":"https:\/\/secure.gravatar.com\/avatar\/e480fee2377f81af36f6990ed742592a?s=96&d=mm&r=g","contentUrl":"https:\/\/secure.gravatar.com\/avatar\/e480fee2377f81af36f6990ed742592a?s=96&d=mm&r=g","caption":"Guilherme Rocha"},"url":"https:\/\/franciscanos.org.br\/noticias\/author\/guilhermerocha"}]}},"_links":{"self":[{"href":"https:\/\/franciscanos.org.br\/noticias\/wp-json\/wp\/v2\/posts\/270417"}],"collection":[{"href":"https:\/\/franciscanos.org.br\/noticias\/wp-json\/wp\/v2\/posts"}],"about":[{"href":"https:\/\/franciscanos.org.br\/noticias\/wp-json\/wp\/v2\/types\/post"}],"author":[{"embeddable":true,"href":"https:\/\/franciscanos.org.br\/noticias\/wp-json\/wp\/v2\/users\/15"}],"replies":[{"embeddable":true,"href":"https:\/\/franciscanos.org.br\/noticias\/wp-json\/wp\/v2\/comments?post=270417"}],"version-history":[{"count":1,"href":"https:\/\/franciscanos.org.br\/noticias\/wp-json\/wp\/v2\/posts\/270417\/revisions"}],"predecessor-version":[{"id":270419,"href":"https:\/\/franciscanos.org.br\/noticias\/wp-json\/wp\/v2\/posts\/270417\/revisions\/270419"}],"wp:featuredmedia":[{"embeddable":true,"href":"https:\/\/franciscanos.org.br\/noticias\/wp-json\/wp\/v2\/media\/270418"}],"wp:attachment":[{"href":"https:\/\/franciscanos.org.br\/noticias\/wp-json\/wp\/v2\/media?parent=270417"}],"wp:term":[{"taxonomy":"category","embeddable":true,"href":"https:\/\/franciscanos.org.br\/noticias\/wp-json\/wp\/v2\/categories?post=270417"},{"taxonomy":"post_tag","embeddable":true,"href":"https:\/\/franciscanos.org.br\/noticias\/wp-json\/wp\/v2\/tags?post=270417"}],"curies":[{"name":"wp","href":"https:\/\/api.w.org\/{rel}","templated":true}]}}