{"id":270407,"date":"2026-09-01T08:41:18","date_gmt":"2026-09-01T11:41:18","guid":{"rendered":"https:\/\/franciscanos.org.br\/noticias\/?p=270407"},"modified":"2026-09-01T08:41:18","modified_gmt":"2026-09-01T11:41:18","slug":"pastoral-universitaria-da-fae-promove-encontro-de-voluntarios","status":"publish","type":"post","link":"https:\/\/franciscanos.org.br\/noticias\/pastoral-universitaria-da-fae-promove-encontro-de-voluntarios.html","title":{"rendered":"Pastoral Universit\u00e1ria da FAE promove encontro de volunt\u00e1rios"},"content":{"rendered":"<p><img loading=\"lazy\" class=\"aligncenter wp-image-270408 size-large\" src=\"https:\/\/franciscanos.org.br\/noticias\/wp-content\/uploads\/2026\/09\/IMG_2303-1024x732.jpg\" alt=\"Pastoral Universit\u00e1ria da FAE promove encontro de volunt\u00e1rios\" width=\"1024\" height=\"732\" srcset=\"https:\/\/franciscanos.org.br\/noticias\/wp-content\/uploads\/2026\/09\/IMG_2303-1024x732.jpg 1024w, https:\/\/franciscanos.org.br\/noticias\/wp-content\/uploads\/2026\/09\/IMG_2303-450x322.jpg 450w, https:\/\/franciscanos.org.br\/noticias\/wp-content\/uploads\/2026\/09\/IMG_2303-768x549.jpg 768w, https:\/\/franciscanos.org.br\/noticias\/wp-content\/uploads\/2026\/09\/IMG_2303-1536x1098.jpg 1536w, https:\/\/franciscanos.org.br\/noticias\/wp-content\/uploads\/2026\/09\/IMG_2303-2048x1464.jpg 2048w, https:\/\/franciscanos.org.br\/noticias\/wp-content\/uploads\/2026\/09\/IMG_2303-150x107.jpg 150w, https:\/\/franciscanos.org.br\/noticias\/wp-content\/uploads\/2026\/09\/IMG_2303-scaled.jpg 1511w\" sizes=\"(max-width: 1024px) 100vw, 1024px\" \/><\/p>\n<p><span style=\"font-weight: 400;\">H\u00e1 ideias que nascem no papel, mas existem encontros que nascem do cora\u00e7\u00e3o. Entre a celebra\u00e7\u00e3o do Dia do Voluntariado no dia 28 de agosto e a manh\u00e3 do dia 29, a Pastoral Universit\u00e1ria da FAE n\u00e3o apenas reuniu estudantes, n\u00f3s tecemos fraternidade.<\/span><\/p>\n<p><span style=\"font-weight: 400;\">Em meio a mesas dispostas em c\u00edrculo, pap\u00e9is coloridos, sorrisos abertos e a simplicidade de um caf\u00e9 partilhado, vimos a teoria dos neg\u00f3cios encontrar a sua express\u00e3o mais sublime: o servi\u00e7o desinteressado. Ali, no espa\u00e7o da nossa academia, a solidariedade deixou de ser um conceito abstrato ou uma m\u00e9trica social para ganhar nomes, rostos e vozes.<\/span><\/p>\n<p><span style=\"font-weight: 400;\">O encontro foi um verdadeiro exerc\u00edcio de Lideran\u00e7a com Alma. Os jovens que ali estiveram n\u00e3o buscaram t\u00edtulos ou proje\u00e7\u00e3o, mas o aprendizado silencioso de quem sabe escutar o outro. Na tradi\u00e7\u00e3o do Poverello de Assis, lembramos que a verdadeira transforma\u00e7\u00e3o do mundo come\u00e7a quando nos dispomos a ser instrumentos, unindo a compet\u00eancia da mente \u00e0 generosidade do olhar.<\/span><\/p>\n<p><span style=\"font-weight: 400;\">Nesta forma\u00e7\u00e3o de integra\u00e7\u00e3o, vivenciamos a m\u00edstica do acolhimento ao celebrar a voca\u00e7\u00e3o de servir como o primeiro ato de qualquer boa gest\u00e3o humana. Praticamos a escuta em roda, olhando nos olhos de cada volunt\u00e1rio para alinhar prop\u00f3sitos e acender a chama do compromisso com a Casa Comum. Reafirmamos o servir pr\u00e1tico e a certeza de que, no ecossistema da FAE, a forma\u00e7\u00e3o acad\u00eamica s\u00f3 atinge a sua plenitude quando se torna ponte para o bem do pr\u00f3ximo.<\/span><\/p>\n\n\t\t<style type=\"text\/css\">\n\t\t\t#gallery-1 {\n\t\t\t\tmargin: auto;\n\t\t\t}\n\t\t\t#gallery-1 .gallery-item {\n\t\t\t\tfloat: left;\n\t\t\t\tmargin-top: 10px;\n\t\t\t\ttext-align: center;\n\t\t\t\twidth: 20%;\n\t\t\t}\n\t\t\t#gallery-1 img {\n\t\t\t\tborder: 2px solid #cfcfcf;\n\t\t\t}\n\t\t\t#gallery-1 .gallery-caption {\n\t\t\t\tmargin-left: 0;\n\t\t\t}\n\t\t\t\/* see gallery_shortcode() in wp-includes\/media.php *\/\n\t\t<\/style>\n\t\t<div id='gallery-1' class='gallery galleryid-270407 gallery-columns-5 gallery-size-thumbnail'><dl class='gallery-item'>\n\t\t\t<dt class='gallery-icon portrait'>\n\t\t\t\t<a href='https:\/\/franciscanos.org.br\/noticias\/wp-content\/uploads\/2026\/09\/IMG_2098-scaled.jpg'><img width=\"300\" height=\"300\" src=\"https:\/\/franciscanos.org.br\/noticias\/wp-content\/uploads\/2026\/09\/IMG_2098-300x300.jpg\" class=\"attachment-thumbnail size-thumbnail\" alt=\"\" loading=\"lazy\" srcset=\"https:\/\/franciscanos.org.br\/noticias\/wp-content\/uploads\/2026\/09\/IMG_2098-300x300.jpg 300w, https:\/\/franciscanos.org.br\/noticias\/wp-content\/uploads\/2026\/09\/IMG_2098-100x100.jpg 100w\" sizes=\"(max-width: 300px) 100vw, 300px\" \/><\/a>\n\t\t\t<\/dt><\/dl><dl class='gallery-item'>\n\t\t\t<dt class='gallery-icon portrait'>\n\t\t\t\t<a href='https:\/\/franciscanos.org.br\/noticias\/wp-content\/uploads\/2026\/09\/IMG_2143-1-scaled.jpg'><img width=\"300\" height=\"300\" src=\"https:\/\/franciscanos.org.br\/noticias\/wp-content\/uploads\/2026\/09\/IMG_2143-1-300x300.jpg\" class=\"attachment-thumbnail size-thumbnail\" alt=\"\" loading=\"lazy\" srcset=\"https:\/\/franciscanos.org.br\/noticias\/wp-content\/uploads\/2026\/09\/IMG_2143-1-300x300.jpg 300w, https:\/\/franciscanos.org.br\/noticias\/wp-content\/uploads\/2026\/09\/IMG_2143-1-100x100.jpg 100w\" sizes=\"(max-width: 300px) 100vw, 300px\" \/><\/a>\n\t\t\t<\/dt><\/dl><dl class='gallery-item'>\n\t\t\t<dt class='gallery-icon portrait'>\n\t\t\t\t<a href='https:\/\/franciscanos.org.br\/noticias\/wp-content\/uploads\/2026\/09\/IMG_2224-scaled.jpg'><img width=\"300\" height=\"300\" src=\"https:\/\/franciscanos.org.br\/noticias\/wp-content\/uploads\/2026\/09\/IMG_2224-300x300.jpg\" class=\"attachment-thumbnail size-thumbnail\" alt=\"\" loading=\"lazy\" srcset=\"https:\/\/franciscanos.org.br\/noticias\/wp-content\/uploads\/2026\/09\/IMG_2224-300x300.jpg 300w, https:\/\/franciscanos.org.br\/noticias\/wp-content\/uploads\/2026\/09\/IMG_2224-100x100.jpg 100w\" sizes=\"(max-width: 300px) 100vw, 300px\" \/><\/a>\n\t\t\t<\/dt><\/dl><dl class='gallery-item'>\n\t\t\t<dt class='gallery-icon portrait'>\n\t\t\t\t<a href='https:\/\/franciscanos.org.br\/noticias\/wp-content\/uploads\/2026\/09\/IMG_2212-scaled.jpg'><img width=\"300\" height=\"300\" src=\"https:\/\/franciscanos.org.br\/noticias\/wp-content\/uploads\/2026\/09\/IMG_2212-300x300.jpg\" class=\"attachment-thumbnail size-thumbnail\" alt=\"\" loading=\"lazy\" srcset=\"https:\/\/franciscanos.org.br\/noticias\/wp-content\/uploads\/2026\/09\/IMG_2212-300x300.jpg 300w, https:\/\/franciscanos.org.br\/noticias\/wp-content\/uploads\/2026\/09\/IMG_2212-100x100.jpg 100w\" sizes=\"(max-width: 300px) 100vw, 300px\" \/><\/a>\n\t\t\t<\/dt><\/dl><dl class='gallery-item'>\n\t\t\t<dt class='gallery-icon landscape'>\n\t\t\t\t<a href='https:\/\/franciscanos.org.br\/noticias\/wp-content\/uploads\/2026\/09\/20260829_103631-scaled.jpg'><img width=\"300\" height=\"300\" src=\"https:\/\/franciscanos.org.br\/noticias\/wp-content\/uploads\/2026\/09\/20260829_103631-300x300.jpg\" class=\"attachment-thumbnail size-thumbnail\" alt=\"\" loading=\"lazy\" srcset=\"https:\/\/franciscanos.org.br\/noticias\/wp-content\/uploads\/2026\/09\/20260829_103631-300x300.jpg 300w, https:\/\/franciscanos.org.br\/noticias\/wp-content\/uploads\/2026\/09\/20260829_103631-100x100.jpg 100w\" sizes=\"(max-width: 300px) 100vw, 300px\" \/><\/a>\n\t\t\t<\/dt><\/dl><br style=\"clear: both\" \/>\n\t\t<\/div>\n\n<p><b>Conhe\u00e7a mais sobre a FAE<\/b><\/p>\n<p><span style=\"font-weight: 400;\">A FAE compreende a institui\u00e7\u00e3o de ensino superior do Grupo Educacional Bom Jesus, um dos maiores do pa\u00eds, que est\u00e1 vinculado \u00e0 Prov\u00edncia Franciscana da Imaculada Concei\u00e7\u00e3o do Brasil.<\/span><\/p>\n<p><span style=\"font-weight: 400;\">Presidido pelo Frei Jo\u00e3o Mannes, o Grupo Educacional Bom Jesus tem S\u00e3o Francisco de Assis como inspirador e est\u00e1 presente no Paran\u00e1, em Santa Catarina, em S\u00e3o Paulo, no Rio de Janeiro e no Rio Grande do Sul.<\/span><\/p>\n<p><span style=\"font-weight: 400;\">O Grupo atua em todos os n\u00edveis de ensino. Na Educa\u00e7\u00e3o B\u00e1sica, conta com mais de 35 unidades do Col\u00e9gio Bom Jesus. No Ensino Superior, agrega a FAE Centro Universit\u00e1rio, com dois campi no Paran\u00e1: em Curitiba e em S\u00e3o Jos\u00e9 dos Pinhais. Al\u00e9m disso, vinculada \u00e0 mesma Prov\u00edncia Franciscana est\u00e1 a Universidade S\u00e3o Francisco, com quatro campi em S\u00e3o Paulo.<\/span><\/p>\n<hr \/>\n<p><i><span style=\"font-weight: 400;\">Ronaldo Faustino<\/span><\/i><\/p>\n","protected":false},"excerpt":{"rendered":"<p>FAE<\/p>\n","protected":false},"author":15,"featured_media":270408,"comment_status":"open","ping_status":"open","sticky":false,"template":"","format":"standard","meta":[],"categories":[1],"tags":[],"acf":[],"yoast_head":"<!-- This site is optimized with the Yoast SEO plugin v19.2 - https:\/\/yoast.com\/wordpress\/plugins\/seo\/ -->\n<title>Pastoral Universit\u00e1ria da FAE promove encontro de volunt\u00e1rios - Not\u00edcias - Franciscanos<\/title>\n<meta name=\"robots\" content=\"index, follow, max-snippet:-1, max-image-preview:large, max-video-preview:-1\" \/>\n<link rel=\"canonical\" href=\"https:\/\/franciscanos.org.br\/noticias\/pastoral-universitaria-da-fae-promove-encontro-de-voluntarios.html\" \/>\n<meta property=\"og:locale\" content=\"pt_BR\" \/>\n<meta property=\"og:type\" content=\"article\" \/>\n<meta property=\"og:title\" content=\"Pastoral Universit\u00e1ria da FAE promove encontro de volunt\u00e1rios - Not\u00edcias - Franciscanos\" \/>\n<meta property=\"og:description\" content=\"FAE\" \/>\n<meta property=\"og:url\" content=\"https:\/\/franciscanos.org.br\/noticias\/pastoral-universitaria-da-fae-promove-encontro-de-voluntarios.html\" \/>\n<meta property=\"og:site_name\" content=\"Not\u00edcias - Franciscanos\" \/>\n<meta property=\"article:published_time\" content=\"2026-09-01T11:41:18+00:00\" \/>\n<meta property=\"og:image\" content=\"https:\/\/franciscanos.org.br\/noticias\/wp-content\/uploads\/2026\/09\/IMG_2303-scaled.jpg\" \/>\n\t<meta property=\"og:image:width\" content=\"1511\" \/>\n\t<meta property=\"og:image:height\" content=\"1080\" \/>\n\t<meta property=\"og:image:type\" content=\"image\/jpeg\" \/>\n<meta name=\"author\" content=\"Guilherme Rocha\" \/>\n<meta name=\"twitter:card\" content=\"summary_large_image\" \/>\n<meta name=\"twitter:label1\" content=\"Escrito por\" \/>\n\t<meta name=\"twitter:data1\" content=\"Guilherme Rocha\" \/>\n\t<meta name=\"twitter:label2\" content=\"Est. tempo de leitura\" \/>\n\t<meta name=\"twitter:data2\" content=\"2 minutos\" \/>\n<script type=\"application\/ld+json\" class=\"yoast-schema-graph\">{\"@context\":\"https:\/\/schema.org\",\"@graph\":[{\"@type\":\"WebSite\",\"@id\":\"https:\/\/franciscanos.org.br\/noticias\/#website\",\"url\":\"https:\/\/franciscanos.org.br\/noticias\/\",\"name\":\"Not\u00edcias - Franciscanos\",\"description\":\"Prov\u00edncia Franciscana da Imaculada Concei\u00e7\u00e3o do Brasil - Ordem dos Frades Menores - OFM\",\"potentialAction\":[{\"@type\":\"SearchAction\",\"target\":{\"@type\":\"EntryPoint\",\"urlTemplate\":\"https:\/\/franciscanos.org.br\/noticias\/?s={search_term_string}\"},\"query-input\":\"required name=search_term_string\"}],\"inLanguage\":\"pt-BR\"},{\"@type\":\"ImageObject\",\"inLanguage\":\"pt-BR\",\"@id\":\"https:\/\/franciscanos.org.br\/noticias\/pastoral-universitaria-da-fae-promove-encontro-de-voluntarios.html#primaryimage\",\"url\":\"https:\/\/franciscanos.org.br\/noticias\/wp-content\/uploads\/2026\/09\/IMG_2303-scaled.jpg\",\"contentUrl\":\"https:\/\/franciscanos.org.br\/noticias\/wp-content\/uploads\/2026\/09\/IMG_2303-scaled.jpg\",\"width\":1511,\"height\":1080,\"caption\":\"Pastoral Universit\u00e1ria da FAE promove encontro de volunt\u00e1rios\"},{\"@type\":\"WebPage\",\"@id\":\"https:\/\/franciscanos.org.br\/noticias\/pastoral-universitaria-da-fae-promove-encontro-de-voluntarios.html#webpage\",\"url\":\"https:\/\/franciscanos.org.br\/noticias\/pastoral-universitaria-da-fae-promove-encontro-de-voluntarios.html\",\"name\":\"Pastoral Universit\u00e1ria da FAE promove encontro de volunt\u00e1rios - Not\u00edcias - Franciscanos\",\"isPartOf\":{\"@id\":\"https:\/\/franciscanos.org.br\/noticias\/#website\"},\"primaryImageOfPage\":{\"@id\":\"https:\/\/franciscanos.org.br\/noticias\/pastoral-universitaria-da-fae-promove-encontro-de-voluntarios.html#primaryimage\"},\"datePublished\":\"2026-09-01T11:41:18+00:00\",\"dateModified\":\"2026-09-01T11:41:18+00:00\",\"author\":{\"@id\":\"https:\/\/franciscanos.org.br\/noticias\/#\/schema\/person\/69bb4cd273a2528548b63cccab4980a0\"},\"breadcrumb\":{\"@id\":\"https:\/\/franciscanos.org.br\/noticias\/pastoral-universitaria-da-fae-promove-encontro-de-voluntarios.html#breadcrumb\"},\"inLanguage\":\"pt-BR\",\"potentialAction\":[{\"@type\":\"ReadAction\",\"target\":[\"https:\/\/franciscanos.org.br\/noticias\/pastoral-universitaria-da-fae-promove-encontro-de-voluntarios.html\"]}]},{\"@type\":\"BreadcrumbList\",\"@id\":\"https:\/\/franciscanos.org.br\/noticias\/pastoral-universitaria-da-fae-promove-encontro-de-voluntarios.html#breadcrumb\",\"itemListElement\":[{\"@type\":\"ListItem\",\"position\":1,\"name\":\"Home\",\"item\":\"https:\/\/franciscanos.org.br\/noticias\"},{\"@type\":\"ListItem\",\"position\":2,\"name\":\"Pastoral Universit\u00e1ria da FAE promove encontro de volunt\u00e1rios\"}]},{\"@type\":\"Person\",\"@id\":\"https:\/\/franciscanos.org.br\/noticias\/#\/schema\/person\/69bb4cd273a2528548b63cccab4980a0\",\"name\":\"Guilherme Rocha\",\"image\":{\"@type\":\"ImageObject\",\"inLanguage\":\"pt-BR\",\"@id\":\"https:\/\/franciscanos.org.br\/noticias\/#\/schema\/person\/image\/\",\"url\":\"https:\/\/secure.gravatar.com\/avatar\/e480fee2377f81af36f6990ed742592a?s=96&d=mm&r=g\",\"contentUrl\":\"https:\/\/secure.gravatar.com\/avatar\/e480fee2377f81af36f6990ed742592a?s=96&d=mm&r=g\",\"caption\":\"Guilherme Rocha\"},\"url\":\"https:\/\/franciscanos.org.br\/noticias\/author\/guilhermerocha\"}]}<\/script>\n<!-- \/ Yoast SEO plugin. -->","yoast_head_json":{"title":"Pastoral Universit\u00e1ria da FAE promove encontro de volunt\u00e1rios - Not\u00edcias - Franciscanos","robots":{"index":"index","follow":"follow","max-snippet":"max-snippet:-1","max-image-preview":"max-image-preview:large","max-video-preview":"max-video-preview:-1"},"canonical":"https:\/\/franciscanos.org.br\/noticias\/pastoral-universitaria-da-fae-promove-encontro-de-voluntarios.html","og_locale":"pt_BR","og_type":"article","og_title":"Pastoral Universit\u00e1ria da FAE promove encontro de volunt\u00e1rios - Not\u00edcias - Franciscanos","og_description":"FAE","og_url":"https:\/\/franciscanos.org.br\/noticias\/pastoral-universitaria-da-fae-promove-encontro-de-voluntarios.html","og_site_name":"Not\u00edcias - Franciscanos","article_published_time":"2026-09-01T11:41:18+00:00","og_image":[{"width":1511,"height":1080,"url":"https:\/\/franciscanos.org.br\/noticias\/wp-content\/uploads\/2026\/09\/IMG_2303-scaled.jpg","type":"image\/jpeg"}],"author":"Guilherme Rocha","twitter_card":"summary_large_image","twitter_misc":{"Escrito por":"Guilherme Rocha","Est. tempo de leitura":"2 minutos"},"schema":{"@context":"https:\/\/schema.org","@graph":[{"@type":"WebSite","@id":"https:\/\/franciscanos.org.br\/noticias\/#website","url":"https:\/\/franciscanos.org.br\/noticias\/","name":"Not\u00edcias - Franciscanos","description":"Prov\u00edncia Franciscana da Imaculada Concei\u00e7\u00e3o do Brasil - Ordem dos Frades Menores - OFM","potentialAction":[{"@type":"SearchAction","target":{"@type":"EntryPoint","urlTemplate":"https:\/\/franciscanos.org.br\/noticias\/?s={search_term_string}"},"query-input":"required name=search_term_string"}],"inLanguage":"pt-BR"},{"@type":"ImageObject","inLanguage":"pt-BR","@id":"https:\/\/franciscanos.org.br\/noticias\/pastoral-universitaria-da-fae-promove-encontro-de-voluntarios.html#primaryimage","url":"https:\/\/franciscanos.org.br\/noticias\/wp-content\/uploads\/2026\/09\/IMG_2303-scaled.jpg","contentUrl":"https:\/\/franciscanos.org.br\/noticias\/wp-content\/uploads\/2026\/09\/IMG_2303-scaled.jpg","width":1511,"height":1080,"caption":"Pastoral Universit\u00e1ria da FAE promove encontro de volunt\u00e1rios"},{"@type":"WebPage","@id":"https:\/\/franciscanos.org.br\/noticias\/pastoral-universitaria-da-fae-promove-encontro-de-voluntarios.html#webpage","url":"https:\/\/franciscanos.org.br\/noticias\/pastoral-universitaria-da-fae-promove-encontro-de-voluntarios.html","name":"Pastoral Universit\u00e1ria da FAE promove encontro de volunt\u00e1rios - Not\u00edcias - Franciscanos","isPartOf":{"@id":"https:\/\/franciscanos.org.br\/noticias\/#website"},"primaryImageOfPage":{"@id":"https:\/\/franciscanos.org.br\/noticias\/pastoral-universitaria-da-fae-promove-encontro-de-voluntarios.html#primaryimage"},"datePublished":"2026-09-01T11:41:18+00:00","dateModified":"2026-09-01T11:41:18+00:00","author":{"@id":"https:\/\/franciscanos.org.br\/noticias\/#\/schema\/person\/69bb4cd273a2528548b63cccab4980a0"},"breadcrumb":{"@id":"https:\/\/franciscanos.org.br\/noticias\/pastoral-universitaria-da-fae-promove-encontro-de-voluntarios.html#breadcrumb"},"inLanguage":"pt-BR","potentialAction":[{"@type":"ReadAction","target":["https:\/\/franciscanos.org.br\/noticias\/pastoral-universitaria-da-fae-promove-encontro-de-voluntarios.html"]}]},{"@type":"BreadcrumbList","@id":"https:\/\/franciscanos.org.br\/noticias\/pastoral-universitaria-da-fae-promove-encontro-de-voluntarios.html#breadcrumb","itemListElement":[{"@type":"ListItem","position":1,"name":"Home","item":"https:\/\/franciscanos.org.br\/noticias"},{"@type":"ListItem","position":2,"name":"Pastoral Universit\u00e1ria da FAE promove encontro de volunt\u00e1rios"}]},{"@type":"Person","@id":"https:\/\/franciscanos.org.br\/noticias\/#\/schema\/person\/69bb4cd273a2528548b63cccab4980a0","name":"Guilherme Rocha","image":{"@type":"ImageObject","inLanguage":"pt-BR","@id":"https:\/\/franciscanos.org.br\/noticias\/#\/schema\/person\/image\/","url":"https:\/\/secure.gravatar.com\/avatar\/e480fee2377f81af36f6990ed742592a?s=96&d=mm&r=g","contentUrl":"https:\/\/secure.gravatar.com\/avatar\/e480fee2377f81af36f6990ed742592a?s=96&d=mm&r=g","caption":"Guilherme Rocha"},"url":"https:\/\/franciscanos.org.br\/noticias\/author\/guilhermerocha"}]}},"_links":{"self":[{"href":"https:\/\/franciscanos.org.br\/noticias\/wp-json\/wp\/v2\/posts\/270407"}],"collection":[{"href":"https:\/\/franciscanos.org.br\/noticias\/wp-json\/wp\/v2\/posts"}],"about":[{"href":"https:\/\/franciscanos.org.br\/noticias\/wp-json\/wp\/v2\/types\/post"}],"author":[{"embeddable":true,"href":"https:\/\/franciscanos.org.br\/noticias\/wp-json\/wp\/v2\/users\/15"}],"replies":[{"embeddable":true,"href":"https:\/\/franciscanos.org.br\/noticias\/wp-json\/wp\/v2\/comments?post=270407"}],"version-history":[{"count":1,"href":"https:\/\/franciscanos.org.br\/noticias\/wp-json\/wp\/v2\/posts\/270407\/revisions"}],"predecessor-version":[{"id":270416,"href":"https:\/\/franciscanos.org.br\/noticias\/wp-json\/wp\/v2\/posts\/270407\/revisions\/270416"}],"wp:featuredmedia":[{"embeddable":true,"href":"https:\/\/franciscanos.org.br\/noticias\/wp-json\/wp\/v2\/media\/270408"}],"wp:attachment":[{"href":"https:\/\/franciscanos.org.br\/noticias\/wp-json\/wp\/v2\/media?parent=270407"}],"wp:term":[{"taxonomy":"category","embeddable":true,"href":"https:\/\/franciscanos.org.br\/noticias\/wp-json\/wp\/v2\/categories?post=270407"},{"taxonomy":"post_tag","embeddable":true,"href":"https:\/\/franciscanos.org.br\/noticias\/wp-json\/wp\/v2\/tags?post=270407"}],"curies":[{"name":"wp","href":"https:\/\/api.w.org\/{rel}","templated":true}]}}