{"id":270394,"date":"2026-08-31T10:56:08","date_gmt":"2026-08-31T13:56:08","guid":{"rendered":"https:\/\/franciscanos.org.br\/noticias\/?p=270394"},"modified":"2026-08-31T10:56:08","modified_gmt":"2026-08-31T13:56:08","slug":"frades-visitam-a-casa-franciscana-e-participam-de-acoes-de-acolhimento","status":"publish","type":"post","link":"https:\/\/franciscanos.org.br\/noticias\/frades-visitam-a-casa-franciscana-e-participam-de-acoes-de-acolhimento.html","title":{"rendered":"Frades visitam a Casa Franciscana e participam de a\u00e7\u00f5es de acolhimento"},"content":{"rendered":"<p><img loading=\"lazy\" class=\"aligncenter wp-image-270395 size-large\" src=\"https:\/\/franciscanos.org.br\/noticias\/wp-content\/uploads\/2026\/08\/32575b_2c3f75acf34649cb8346c0fa9953df5a_mv2-1024x482.jpg\" alt=\"Frades visitam a Casa Franciscana e participam de a\u00e7\u00f5es de acolhimento\" width=\"1024\" height=\"482\" srcset=\"https:\/\/franciscanos.org.br\/noticias\/wp-content\/uploads\/2026\/08\/32575b_2c3f75acf34649cb8346c0fa9953df5a_mv2-1024x482.jpg 1024w, https:\/\/franciscanos.org.br\/noticias\/wp-content\/uploads\/2026\/08\/32575b_2c3f75acf34649cb8346c0fa9953df5a_mv2-450x212.jpg 450w, https:\/\/franciscanos.org.br\/noticias\/wp-content\/uploads\/2026\/08\/32575b_2c3f75acf34649cb8346c0fa9953df5a_mv2-768x361.jpg 768w, https:\/\/franciscanos.org.br\/noticias\/wp-content\/uploads\/2026\/08\/32575b_2c3f75acf34649cb8346c0fa9953df5a_mv2-1536x722.jpg 1536w, https:\/\/franciscanos.org.br\/noticias\/wp-content\/uploads\/2026\/08\/32575b_2c3f75acf34649cb8346c0fa9953df5a_mv2-150x71.jpg 150w, https:\/\/franciscanos.org.br\/noticias\/wp-content\/uploads\/2026\/08\/32575b_2c3f75acf34649cb8346c0fa9953df5a_mv2.jpg 1920w\" sizes=\"(max-width: 1024px) 100vw, 1024px\" \/><\/p>\n<p><a href=\"https:\/\/www.sefras.org.br\/blog\/frades-visitam-a-casa-franciscana-e-participam-de-a%C3%A7%C3%B5es-de-acolhimento\">*confira a postagem original do Sefras<\/a><\/p>\n<p>A Casa Franciscana, no Rio de Janeiro, recebeu nesta quarta-feira (26) um grupo de 14 frades que participam do Curso para Formadores, Animadores e Guardi\u00e3es da Confer\u00eancia Franciscana do Brasil e Cone Sul. Sob a coordena\u00e7\u00e3o do Frei Sandro Roberto da Costa, secret\u00e1rio de Forma\u00e7\u00e3o e Estudos da Confer\u00eancia, o grupo vivenciou, ao longo do dia, a rotina da institui\u00e7\u00e3o e participou de diferentes atividades de apoio \u00e0s a\u00e7\u00f5es desenvolvidas pelo Sefras \u2013 A\u00e7\u00e3o Social Franciscana.<\/p>\n<p>Durante a visita, os participantes colaboraram na organiza\u00e7\u00e3o de roupas, arruma\u00e7\u00e3o da despensa e prepara\u00e7\u00e3o de alimentos. Tamb\u00e9m participaram do servi\u00e7o do almo\u00e7o oferecido diariamente pela Casa Franciscana a cerca de 400 pessoas em situa\u00e7\u00e3o de rua. Para Frei Sandro, a experi\u00eancia integra a proposta formativa do curso, que busca aproximar os participantes da pr\u00e1tica das a\u00e7\u00f5es sociais.<\/p>\n<p>\u201cTodos est\u00e3o aqui como estudantes e uma parte do curso \u00e9 justamente a pr\u00e1tica de a\u00e7\u00f5es sociais. Temos tamb\u00e9m as aulas te\u00f3ricas, mas estamos aqui para vivenciar a pr\u00e1tica de tudo que acreditamos em termos de solidariedade\u201d, afirmou.<\/p>\n\n\t\t<style type=\"text\/css\">\n\t\t\t#gallery-1 {\n\t\t\t\tmargin: auto;\n\t\t\t}\n\t\t\t#gallery-1 .gallery-item {\n\t\t\t\tfloat: left;\n\t\t\t\tmargin-top: 10px;\n\t\t\t\ttext-align: center;\n\t\t\t\twidth: 33%;\n\t\t\t}\n\t\t\t#gallery-1 img {\n\t\t\t\tborder: 2px solid #cfcfcf;\n\t\t\t}\n\t\t\t#gallery-1 .gallery-caption {\n\t\t\t\tmargin-left: 0;\n\t\t\t}\n\t\t\t\/* see gallery_shortcode() in wp-includes\/media.php *\/\n\t\t<\/style>\n\t\t<div id='gallery-1' class='gallery galleryid-270394 gallery-columns-3 gallery-size-thumbnail'><dl class='gallery-item'>\n\t\t\t<dt class='gallery-icon portrait'>\n\t\t\t\t<a href='https:\/\/franciscanos.org.br\/noticias\/wp-content\/uploads\/2026\/08\/Gal1-1-scaled.jpg'><img width=\"300\" height=\"300\" src=\"https:\/\/franciscanos.org.br\/noticias\/wp-content\/uploads\/2026\/08\/Gal1-1-300x300.jpg\" class=\"attachment-thumbnail size-thumbnail\" alt=\"\" loading=\"lazy\" srcset=\"https:\/\/franciscanos.org.br\/noticias\/wp-content\/uploads\/2026\/08\/Gal1-1-300x300.jpg 300w, https:\/\/franciscanos.org.br\/noticias\/wp-content\/uploads\/2026\/08\/Gal1-1-100x100.jpg 100w\" sizes=\"(max-width: 300px) 100vw, 300px\" \/><\/a>\n\t\t\t<\/dt><\/dl><dl class='gallery-item'>\n\t\t\t<dt class='gallery-icon landscape'>\n\t\t\t\t<a href='https:\/\/franciscanos.org.br\/noticias\/wp-content\/uploads\/2026\/08\/Gal2-1.jpg'><img width=\"300\" height=\"300\" src=\"https:\/\/franciscanos.org.br\/noticias\/wp-content\/uploads\/2026\/08\/Gal2-1-300x300.jpg\" class=\"attachment-thumbnail size-thumbnail\" alt=\"\" loading=\"lazy\" srcset=\"https:\/\/franciscanos.org.br\/noticias\/wp-content\/uploads\/2026\/08\/Gal2-1-300x300.jpg 300w, https:\/\/franciscanos.org.br\/noticias\/wp-content\/uploads\/2026\/08\/Gal2-1-100x100.jpg 100w\" sizes=\"(max-width: 300px) 100vw, 300px\" \/><\/a>\n\t\t\t<\/dt><\/dl><dl class='gallery-item'>\n\t\t\t<dt class='gallery-icon landscape'>\n\t\t\t\t<a href='https:\/\/franciscanos.org.br\/noticias\/wp-content\/uploads\/2026\/08\/Gal3-1.jpg'><img width=\"300\" height=\"300\" src=\"https:\/\/franciscanos.org.br\/noticias\/wp-content\/uploads\/2026\/08\/Gal3-1-300x300.jpg\" class=\"attachment-thumbnail size-thumbnail\" alt=\"\" loading=\"lazy\" srcset=\"https:\/\/franciscanos.org.br\/noticias\/wp-content\/uploads\/2026\/08\/Gal3-1-300x300.jpg 300w, https:\/\/franciscanos.org.br\/noticias\/wp-content\/uploads\/2026\/08\/Gal3-1-100x100.jpg 100w\" sizes=\"(max-width: 300px) 100vw, 300px\" \/><\/a>\n\t\t\t<\/dt><\/dl><br style=\"clear: both\" \/><dl class='gallery-item'>\n\t\t\t<dt class='gallery-icon landscape'>\n\t\t\t\t<a href='https:\/\/franciscanos.org.br\/noticias\/wp-content\/uploads\/2026\/08\/Gal4.jpg'><img width=\"300\" height=\"300\" src=\"https:\/\/franciscanos.org.br\/noticias\/wp-content\/uploads\/2026\/08\/Gal4-300x300.jpg\" class=\"attachment-thumbnail size-thumbnail\" alt=\"\" loading=\"lazy\" srcset=\"https:\/\/franciscanos.org.br\/noticias\/wp-content\/uploads\/2026\/08\/Gal4-300x300.jpg 300w, https:\/\/franciscanos.org.br\/noticias\/wp-content\/uploads\/2026\/08\/Gal4-100x100.jpg 100w\" sizes=\"(max-width: 300px) 100vw, 300px\" \/><\/a>\n\t\t\t<\/dt><\/dl><dl class='gallery-item'>\n\t\t\t<dt class='gallery-icon landscape'>\n\t\t\t\t<a href='https:\/\/franciscanos.org.br\/noticias\/wp-content\/uploads\/2026\/08\/Gal5.jpg'><img width=\"300\" height=\"300\" src=\"https:\/\/franciscanos.org.br\/noticias\/wp-content\/uploads\/2026\/08\/Gal5-300x300.jpg\" class=\"attachment-thumbnail size-thumbnail\" alt=\"\" loading=\"lazy\" srcset=\"https:\/\/franciscanos.org.br\/noticias\/wp-content\/uploads\/2026\/08\/Gal5-300x300.jpg 300w, https:\/\/franciscanos.org.br\/noticias\/wp-content\/uploads\/2026\/08\/Gal5-100x100.jpg 100w\" sizes=\"(max-width: 300px) 100vw, 300px\" \/><\/a>\n\t\t\t<\/dt><\/dl><dl class='gallery-item'>\n\t\t\t<dt class='gallery-icon landscape'>\n\t\t\t\t<a href='https:\/\/franciscanos.org.br\/noticias\/wp-content\/uploads\/2026\/08\/Gal6.jpg'><img width=\"300\" height=\"300\" src=\"https:\/\/franciscanos.org.br\/noticias\/wp-content\/uploads\/2026\/08\/Gal6-300x300.jpg\" class=\"attachment-thumbnail size-thumbnail\" alt=\"\" loading=\"lazy\" srcset=\"https:\/\/franciscanos.org.br\/noticias\/wp-content\/uploads\/2026\/08\/Gal6-300x300.jpg 300w, https:\/\/franciscanos.org.br\/noticias\/wp-content\/uploads\/2026\/08\/Gal6-100x100.jpg 100w\" sizes=\"(max-width: 300px) 100vw, 300px\" \/><\/a>\n\t\t\t<\/dt><\/dl><br style=\"clear: both\" \/>\n\t\t<\/div>\n\n<p>O curso teve in\u00edcio no final de abril, em formato virtual, e segue at\u00e9 novembro. A proposta \u00e9 oferecer aos formadores um espa\u00e7o de escuta, aten\u00e7\u00e3o e troca de experi\u00eancias, al\u00e9m de fornecer ferramentas pr\u00e1ticas para o trabalho formativo nas casas de forma\u00e7\u00e3o. A turma re\u00fane participantes de diferentes estados brasileiros, al\u00e9m de frades do Paraguai e da Argentina.<\/p>\n<p>A programa\u00e7\u00e3o combina encontros presenciais e reuni\u00f5es on-line semanais, nas quais os participantes aprofundam os temas trabalhados ao longo da forma\u00e7\u00e3o. Os participantes ser\u00e3o acompanhados na elabora\u00e7\u00e3o de um trabalho final, desenvolvido a partir de um tema de interesse espec\u00edfico. O curso ser\u00e1 conclu\u00eddo no dia 27 de novembro.<\/p>\n<p>Para Thaysa Nascimento, coordenadora da Casa Franciscana, receber grupos dispostos a conhecer e colaborar com o trabalho desenvolvido pela institui\u00e7\u00e3o tamb\u00e9m representa uma oportunidade de troca. \u201cEssas visitas s\u00e3o momentos de troca de experi\u00eancias tamb\u00e9m: contamos como \u00e9 nossa rotina e ouvimos dos grupos como se sentem ajudando nas nossas a\u00e7\u00f5es de assist\u00eancia. Seja um volunt\u00e1rio que vem toda semana ou um frei que passa um dia conosco, todos somam \u00e0 nossa causa de acolher, cuidar e defender.\u201d<\/p>\n<p><a href=\"https:\/\/www.sefras.org.br\/blog\/frades-visitam-a-casa-franciscana-e-participam-de-a%C3%A7%C3%B5es-de-acolhimento\">*confira a postagem original do Sefras<\/a><\/p>\n<hr \/>\n<p><em>Sefras<\/em><\/p>\n","protected":false},"excerpt":{"rendered":"<p>A\u00e7\u00f5es Franciscanas<\/p>\n","protected":false},"author":15,"featured_media":270395,"comment_status":"open","ping_status":"open","sticky":false,"template":"","format":"standard","meta":[],"categories":[1],"tags":[],"acf":[],"yoast_head":"<!-- This site is optimized with the Yoast SEO plugin v19.2 - https:\/\/yoast.com\/wordpress\/plugins\/seo\/ -->\n<title>Frades visitam a Casa Franciscana e participam de a\u00e7\u00f5es de acolhimento - Not\u00edcias - Franciscanos<\/title>\n<meta name=\"robots\" content=\"index, follow, max-snippet:-1, max-image-preview:large, max-video-preview:-1\" \/>\n<link rel=\"canonical\" href=\"https:\/\/franciscanos.org.br\/noticias\/frades-visitam-a-casa-franciscana-e-participam-de-acoes-de-acolhimento.html\" \/>\n<meta property=\"og:locale\" content=\"pt_BR\" \/>\n<meta property=\"og:type\" content=\"article\" \/>\n<meta property=\"og:title\" content=\"Frades visitam a Casa Franciscana e participam de a\u00e7\u00f5es de acolhimento - Not\u00edcias - Franciscanos\" \/>\n<meta property=\"og:description\" content=\"A\u00e7\u00f5es Franciscanas\" \/>\n<meta property=\"og:url\" content=\"https:\/\/franciscanos.org.br\/noticias\/frades-visitam-a-casa-franciscana-e-participam-de-acoes-de-acolhimento.html\" \/>\n<meta property=\"og:site_name\" content=\"Not\u00edcias - Franciscanos\" \/>\n<meta property=\"article:published_time\" content=\"2026-08-31T13:56:08+00:00\" \/>\n<meta property=\"og:image\" content=\"https:\/\/franciscanos.org.br\/noticias\/wp-content\/uploads\/2026\/08\/32575b_2c3f75acf34649cb8346c0fa9953df5a_mv2.jpg\" \/>\n\t<meta property=\"og:image:width\" content=\"1920\" \/>\n\t<meta property=\"og:image:height\" content=\"903\" \/>\n\t<meta property=\"og:image:type\" content=\"image\/jpeg\" \/>\n<meta name=\"author\" content=\"Guilherme Rocha\" \/>\n<meta name=\"twitter:card\" content=\"summary_large_image\" \/>\n<meta name=\"twitter:label1\" content=\"Escrito por\" \/>\n\t<meta name=\"twitter:data1\" content=\"Guilherme Rocha\" \/>\n\t<meta name=\"twitter:label2\" content=\"Est. tempo de leitura\" \/>\n\t<meta name=\"twitter:data2\" content=\"2 minutos\" \/>\n<script type=\"application\/ld+json\" class=\"yoast-schema-graph\">{\"@context\":\"https:\/\/schema.org\",\"@graph\":[{\"@type\":\"WebSite\",\"@id\":\"https:\/\/franciscanos.org.br\/noticias\/#website\",\"url\":\"https:\/\/franciscanos.org.br\/noticias\/\",\"name\":\"Not\u00edcias - Franciscanos\",\"description\":\"Prov\u00edncia Franciscana da Imaculada Concei\u00e7\u00e3o do Brasil - Ordem dos Frades Menores - OFM\",\"potentialAction\":[{\"@type\":\"SearchAction\",\"target\":{\"@type\":\"EntryPoint\",\"urlTemplate\":\"https:\/\/franciscanos.org.br\/noticias\/?s={search_term_string}\"},\"query-input\":\"required name=search_term_string\"}],\"inLanguage\":\"pt-BR\"},{\"@type\":\"ImageObject\",\"inLanguage\":\"pt-BR\",\"@id\":\"https:\/\/franciscanos.org.br\/noticias\/frades-visitam-a-casa-franciscana-e-participam-de-acoes-de-acolhimento.html#primaryimage\",\"url\":\"https:\/\/franciscanos.org.br\/noticias\/wp-content\/uploads\/2026\/08\/32575b_2c3f75acf34649cb8346c0fa9953df5a_mv2.jpg\",\"contentUrl\":\"https:\/\/franciscanos.org.br\/noticias\/wp-content\/uploads\/2026\/08\/32575b_2c3f75acf34649cb8346c0fa9953df5a_mv2.jpg\",\"width\":1920,\"height\":903,\"caption\":\"Frades visitam a Casa Franciscana e participam de a\u00e7\u00f5es de acolhimento\"},{\"@type\":\"WebPage\",\"@id\":\"https:\/\/franciscanos.org.br\/noticias\/frades-visitam-a-casa-franciscana-e-participam-de-acoes-de-acolhimento.html#webpage\",\"url\":\"https:\/\/franciscanos.org.br\/noticias\/frades-visitam-a-casa-franciscana-e-participam-de-acoes-de-acolhimento.html\",\"name\":\"Frades visitam a Casa Franciscana e participam de a\u00e7\u00f5es de acolhimento - Not\u00edcias - Franciscanos\",\"isPartOf\":{\"@id\":\"https:\/\/franciscanos.org.br\/noticias\/#website\"},\"primaryImageOfPage\":{\"@id\":\"https:\/\/franciscanos.org.br\/noticias\/frades-visitam-a-casa-franciscana-e-participam-de-acoes-de-acolhimento.html#primaryimage\"},\"datePublished\":\"2026-08-31T13:56:08+00:00\",\"dateModified\":\"2026-08-31T13:56:08+00:00\",\"author\":{\"@id\":\"https:\/\/franciscanos.org.br\/noticias\/#\/schema\/person\/69bb4cd273a2528548b63cccab4980a0\"},\"breadcrumb\":{\"@id\":\"https:\/\/franciscanos.org.br\/noticias\/frades-visitam-a-casa-franciscana-e-participam-de-acoes-de-acolhimento.html#breadcrumb\"},\"inLanguage\":\"pt-BR\",\"potentialAction\":[{\"@type\":\"ReadAction\",\"target\":[\"https:\/\/franciscanos.org.br\/noticias\/frades-visitam-a-casa-franciscana-e-participam-de-acoes-de-acolhimento.html\"]}]},{\"@type\":\"BreadcrumbList\",\"@id\":\"https:\/\/franciscanos.org.br\/noticias\/frades-visitam-a-casa-franciscana-e-participam-de-acoes-de-acolhimento.html#breadcrumb\",\"itemListElement\":[{\"@type\":\"ListItem\",\"position\":1,\"name\":\"Home\",\"item\":\"https:\/\/franciscanos.org.br\/noticias\"},{\"@type\":\"ListItem\",\"position\":2,\"name\":\"Frades visitam a Casa Franciscana e participam de a\u00e7\u00f5es de acolhimento\"}]},{\"@type\":\"Person\",\"@id\":\"https:\/\/franciscanos.org.br\/noticias\/#\/schema\/person\/69bb4cd273a2528548b63cccab4980a0\",\"name\":\"Guilherme Rocha\",\"image\":{\"@type\":\"ImageObject\",\"inLanguage\":\"pt-BR\",\"@id\":\"https:\/\/franciscanos.org.br\/noticias\/#\/schema\/person\/image\/\",\"url\":\"https:\/\/secure.gravatar.com\/avatar\/e480fee2377f81af36f6990ed742592a?s=96&d=mm&r=g\",\"contentUrl\":\"https:\/\/secure.gravatar.com\/avatar\/e480fee2377f81af36f6990ed742592a?s=96&d=mm&r=g\",\"caption\":\"Guilherme Rocha\"},\"url\":\"https:\/\/franciscanos.org.br\/noticias\/author\/guilhermerocha\"}]}<\/script>\n<!-- \/ Yoast SEO plugin. -->","yoast_head_json":{"title":"Frades visitam a Casa Franciscana e participam de a\u00e7\u00f5es de acolhimento - Not\u00edcias - Franciscanos","robots":{"index":"index","follow":"follow","max-snippet":"max-snippet:-1","max-image-preview":"max-image-preview:large","max-video-preview":"max-video-preview:-1"},"canonical":"https:\/\/franciscanos.org.br\/noticias\/frades-visitam-a-casa-franciscana-e-participam-de-acoes-de-acolhimento.html","og_locale":"pt_BR","og_type":"article","og_title":"Frades visitam a Casa Franciscana e participam de a\u00e7\u00f5es de acolhimento - Not\u00edcias - Franciscanos","og_description":"A\u00e7\u00f5es Franciscanas","og_url":"https:\/\/franciscanos.org.br\/noticias\/frades-visitam-a-casa-franciscana-e-participam-de-acoes-de-acolhimento.html","og_site_name":"Not\u00edcias - Franciscanos","article_published_time":"2026-08-31T13:56:08+00:00","og_image":[{"width":1920,"height":903,"url":"https:\/\/franciscanos.org.br\/noticias\/wp-content\/uploads\/2026\/08\/32575b_2c3f75acf34649cb8346c0fa9953df5a_mv2.jpg","type":"image\/jpeg"}],"author":"Guilherme Rocha","twitter_card":"summary_large_image","twitter_misc":{"Escrito por":"Guilherme Rocha","Est. tempo de leitura":"2 minutos"},"schema":{"@context":"https:\/\/schema.org","@graph":[{"@type":"WebSite","@id":"https:\/\/franciscanos.org.br\/noticias\/#website","url":"https:\/\/franciscanos.org.br\/noticias\/","name":"Not\u00edcias - Franciscanos","description":"Prov\u00edncia Franciscana da Imaculada Concei\u00e7\u00e3o do Brasil - Ordem dos Frades Menores - OFM","potentialAction":[{"@type":"SearchAction","target":{"@type":"EntryPoint","urlTemplate":"https:\/\/franciscanos.org.br\/noticias\/?s={search_term_string}"},"query-input":"required name=search_term_string"}],"inLanguage":"pt-BR"},{"@type":"ImageObject","inLanguage":"pt-BR","@id":"https:\/\/franciscanos.org.br\/noticias\/frades-visitam-a-casa-franciscana-e-participam-de-acoes-de-acolhimento.html#primaryimage","url":"https:\/\/franciscanos.org.br\/noticias\/wp-content\/uploads\/2026\/08\/32575b_2c3f75acf34649cb8346c0fa9953df5a_mv2.jpg","contentUrl":"https:\/\/franciscanos.org.br\/noticias\/wp-content\/uploads\/2026\/08\/32575b_2c3f75acf34649cb8346c0fa9953df5a_mv2.jpg","width":1920,"height":903,"caption":"Frades visitam a Casa Franciscana e participam de a\u00e7\u00f5es de acolhimento"},{"@type":"WebPage","@id":"https:\/\/franciscanos.org.br\/noticias\/frades-visitam-a-casa-franciscana-e-participam-de-acoes-de-acolhimento.html#webpage","url":"https:\/\/franciscanos.org.br\/noticias\/frades-visitam-a-casa-franciscana-e-participam-de-acoes-de-acolhimento.html","name":"Frades visitam a Casa Franciscana e participam de a\u00e7\u00f5es de acolhimento - Not\u00edcias - Franciscanos","isPartOf":{"@id":"https:\/\/franciscanos.org.br\/noticias\/#website"},"primaryImageOfPage":{"@id":"https:\/\/franciscanos.org.br\/noticias\/frades-visitam-a-casa-franciscana-e-participam-de-acoes-de-acolhimento.html#primaryimage"},"datePublished":"2026-08-31T13:56:08+00:00","dateModified":"2026-08-31T13:56:08+00:00","author":{"@id":"https:\/\/franciscanos.org.br\/noticias\/#\/schema\/person\/69bb4cd273a2528548b63cccab4980a0"},"breadcrumb":{"@id":"https:\/\/franciscanos.org.br\/noticias\/frades-visitam-a-casa-franciscana-e-participam-de-acoes-de-acolhimento.html#breadcrumb"},"inLanguage":"pt-BR","potentialAction":[{"@type":"ReadAction","target":["https:\/\/franciscanos.org.br\/noticias\/frades-visitam-a-casa-franciscana-e-participam-de-acoes-de-acolhimento.html"]}]},{"@type":"BreadcrumbList","@id":"https:\/\/franciscanos.org.br\/noticias\/frades-visitam-a-casa-franciscana-e-participam-de-acoes-de-acolhimento.html#breadcrumb","itemListElement":[{"@type":"ListItem","position":1,"name":"Home","item":"https:\/\/franciscanos.org.br\/noticias"},{"@type":"ListItem","position":2,"name":"Frades visitam a Casa Franciscana e participam de a\u00e7\u00f5es de acolhimento"}]},{"@type":"Person","@id":"https:\/\/franciscanos.org.br\/noticias\/#\/schema\/person\/69bb4cd273a2528548b63cccab4980a0","name":"Guilherme Rocha","image":{"@type":"ImageObject","inLanguage":"pt-BR","@id":"https:\/\/franciscanos.org.br\/noticias\/#\/schema\/person\/image\/","url":"https:\/\/secure.gravatar.com\/avatar\/e480fee2377f81af36f6990ed742592a?s=96&d=mm&r=g","contentUrl":"https:\/\/secure.gravatar.com\/avatar\/e480fee2377f81af36f6990ed742592a?s=96&d=mm&r=g","caption":"Guilherme Rocha"},"url":"https:\/\/franciscanos.org.br\/noticias\/author\/guilhermerocha"}]}},"_links":{"self":[{"href":"https:\/\/franciscanos.org.br\/noticias\/wp-json\/wp\/v2\/posts\/270394"}],"collection":[{"href":"https:\/\/franciscanos.org.br\/noticias\/wp-json\/wp\/v2\/posts"}],"about":[{"href":"https:\/\/franciscanos.org.br\/noticias\/wp-json\/wp\/v2\/types\/post"}],"author":[{"embeddable":true,"href":"https:\/\/franciscanos.org.br\/noticias\/wp-json\/wp\/v2\/users\/15"}],"replies":[{"embeddable":true,"href":"https:\/\/franciscanos.org.br\/noticias\/wp-json\/wp\/v2\/comments?post=270394"}],"version-history":[{"count":1,"href":"https:\/\/franciscanos.org.br\/noticias\/wp-json\/wp\/v2\/posts\/270394\/revisions"}],"predecessor-version":[{"id":270402,"href":"https:\/\/franciscanos.org.br\/noticias\/wp-json\/wp\/v2\/posts\/270394\/revisions\/270402"}],"wp:featuredmedia":[{"embeddable":true,"href":"https:\/\/franciscanos.org.br\/noticias\/wp-json\/wp\/v2\/media\/270395"}],"wp:attachment":[{"href":"https:\/\/franciscanos.org.br\/noticias\/wp-json\/wp\/v2\/media?parent=270394"}],"wp:term":[{"taxonomy":"category","embeddable":true,"href":"https:\/\/franciscanos.org.br\/noticias\/wp-json\/wp\/v2\/categories?post=270394"},{"taxonomy":"post_tag","embeddable":true,"href":"https:\/\/franciscanos.org.br\/noticias\/wp-json\/wp\/v2\/tags?post=270394"}],"curies":[{"name":"wp","href":"https:\/\/api.w.org\/{rel}","templated":true}]}}