{"id":26734,"date":"2012-11-01T12:26:55","date_gmt":"2012-11-01T14:26:55","guid":{"rendered":"http:\/\/new.franciscanos.org.br\/?p=26734"},"modified":"2020-11-10T13:18:49","modified_gmt":"2020-11-10T16:18:49","slug":"o-inicio-da-missao-de-frei-roberto","status":"publish","type":"post","link":"https:\/\/franciscanos.org.br\/noticias\/o-inicio-da-missao-de-frei-roberto.html","title":{"rendered":"O in\u00edcio da miss\u00e3o de Frei Roberto"},"content":{"rendered":"<p><strong>Moacir Beggo<\/strong><\/p>\n<p><strong>S\u00e3o Paulo (SP)<\/strong> &#8211; No domingo dedicado \u00e0s Miss\u00f5es, Frei Roberto Ishara iniciou o seu minist\u00e9rio presbiteral. Ordenado no s\u00e1bado pelo bispo Dom Tom\u00e9 Ferreira da Silva, Frei Roberto celebrou a Primeira Missa, \u00e0s 9 horas, na Par\u00f3quia de S\u00e3o Francisco de Assis, na Vila Clementino, em S\u00e3o Paulo.<\/p>\n<p>Ao seu lado, como concelebrantes, Frei Djalmo Fuck, e Frei Paulo C\u00e9sar Ferreira da Silva e o di\u00e1cono Frei Andr\u00e9 Luiz Henriques. Mas seus confrades marcaram presen\u00e7a, especialmente o Ministro Provincial, Frei Fid\u00eancio Vanboemmel, os Definidores Frei M\u00e1rio Tagliari e Frei C\u00e9sar K\u00fclkamp. Al\u00e9m da comunidade paroquial da Vila, a comunidade do bairro do Mandaqui, em S\u00e3o Paulo, as comunidades da Rocinha, Rio de Janeiro, e de Petr\u00f3polis participaram deste momento de gra\u00e7a na vida de Frei Roberto.<\/p>\n<p>Como \u00e9 costume na Prov\u00edncia Franciscana da Imaculada, o novo presb\u00edtero escolhe o pregador na Primeira Missa e Frei Roberto convidou Frei Paulo C\u00e9sar Ferreira da Silva, orientador dos aspirantes no Semin\u00e1rio de Agudos, para fazer a homilia.<\/p>\n<p>Segundo Frei Paulo, a amizade entre eles come\u00e7ou e se fortaleceu tendo um elo comum: a m\u00fasica. Frei Paulo, uma das mais belas vozes da Prov\u00edncia, e Frei Roberto, no viol\u00e3o, passavam muito tempo cantando.<\/p>\n<div id=\"attachment_26747\" style=\"width: 360px\" class=\"wp-caption alignright\"><a href=\"http:\/\/franciscanos.org.br\/wp-content\/uploads\/2012\/10\/meio4.jpg\"><img aria-describedby=\"caption-attachment-26747\" loading=\"lazy\" class=\"size-full wp-image-26747\" title=\"Frei Roberto\" src=\"http:\/\/franciscanos.org.br\/wp-content\/uploads\/2012\/10\/meio4.jpg\" alt=\"\" width=\"350\" height=\"460\" \/><\/a><p id=\"caption-attachment-26747\" class=\"wp-caption-text\">O pregador abra\u00e7a Frei Roberto<\/p><\/div>\n<p>Frei Paulo fez a sua reflex\u00e3o deste domingo a partir dos textos b\u00edblicos que apresentam o &#8220;Servo de Deus&#8221; (Isa\u00edas 53,10-11). &#8220;Como o Servo de Deus, voc\u00ea tamb\u00e9m, Frei Roberto, identificou-se com o Mist\u00e9rio da Compaix\u00e3o de Deus. O sacerd\u00f3cio \u00e9 o minist\u00e9rio da compaix\u00e3o e do servi\u00e7o. Como sacerdote, voc\u00ea faz a entrega total de si mesmo pelo bem de todos, \u00e0 semelhan\u00e7a de Cristo, disposto a &#8220;beber do c\u00e1lice que ele bebeu e ser batizado com o seu batismo&#8221;, disse o pregador.<\/p>\n<p>Segundo Frei Paulo, da Eucaristia aprendemos a fazer da vida uma obla\u00e7\u00e3o e a viver a liberdade para a qual o Senhor nos libertou. &#8220;Voc\u00ea \u00e9 o que \u00e9, Frei Roberto, verdadeiro frade menor, por sua f\u00e9. Com o seu testemunho, com o seu apostolado, voc\u00ea transmite amor, porque &#8216;Deus \u00e9 o amor com que amamos nosso irm\u00e3o'&#8221;, acrescentou citando Santo Agostinho.<\/p>\n<p>Frei Paulo lembrou que Frei Roberto escolheu o vers\u00edculo 22 do Salmo 32, como seu lema de ordena\u00e7\u00e3o: &#8220;Sobre n\u00f3s venha, Senhor, a vossa gra\u00e7a, pois em v\u00f3s n\u00f3s esperamos&#8221;.<\/p>\n<p>&#8220;Como \u00e9 bom, Frei Roberto, reconhecer em voc\u00ea a bondade de nosso Deus, que presta ouvido \u00e0s s\u00faplicas dos que o invocam! Inspirado por essa confian\u00e7a voc\u00ea, qual Servo de Deus, invoca a sua miseric\u00f3rdia sobre todos n\u00f3s!&#8221;, completou Frei Paulo, que homenageou o novo presb\u00edtero cantando a m\u00fasica do Pe. Zezinho, <strong><a href=\"http:\/\/letras.mus.br\/padre-zezinho\/973748\/\" target=\"_blank\" rel=\"noopener noreferrer\">&#8220;Dois riscos&#8221;.<\/a><\/strong><\/p>\n<p>Frei Roberto tamb\u00e9m foi homenageado pelos paroquianos, que apresentaram um v\u00eddeo com imagens de sua inf\u00e2ncia e de sua caminhada religiosa franciscana. Mais uma vez, ele agradeceu a todos pela dedica\u00e7\u00e3o durante o Tr\u00edduo, a ordena\u00e7\u00e3o e a Primeira Missa. E tamb\u00e9m n\u00e3o deixou de agradecer \u00e0 sua fam\u00edlia, que, segundo ele, foi a respons\u00e1vel por sua voca\u00e7\u00e3o. &#8220;Todos os anos nos reunimos num s\u00edtio, apesar dos sofrimentos e cruzes que toda fam\u00edlia tem&#8221;, disse o novo presb\u00edtero.<\/p>\n<p>Frei Djalmo tamb\u00e9m agradeceu a todos que participaram da celebra\u00e7\u00e3o e citou especialmente Frei Pedro da Silva, o animador vocacional da Prov\u00edncia, que preparou e conduziu todas as celebra\u00e7\u00f5es, e o pregador Frei Paulo.<\/p>\n<p>Neste in\u00edcio de minist\u00e9rio presbiteral, Frei Roberto vai celebrar no bairro do Mandaqui, no pr\u00f3ximo domingo, \u00e0s 7 e 10 horas.<\/p>\n<p>&nbsp;<\/p>\n","protected":false},"excerpt":{"rendered":"<p>Ordena\u00e7\u00e3o presbiteral<\/p>\n","protected":false},"author":1,"featured_media":213728,"comment_status":"closed","ping_status":"closed","sticky":false,"template":"","format":"standard","meta":[],"categories":[1],"tags":[318,317,157],"acf":[],"yoast_head":"<!-- This site is optimized with the Yoast SEO plugin v19.2 - https:\/\/yoast.com\/wordpress\/plugins\/seo\/ -->\n<title>O in\u00edcio da miss\u00e3o de Frei Roberto - Not\u00edcias - Franciscanos<\/title>\n<meta name=\"robots\" content=\"index, follow, max-snippet:-1, max-image-preview:large, max-video-preview:-1\" \/>\n<link rel=\"canonical\" href=\"https:\/\/franciscanos.org.br\/noticias\/o-inicio-da-missao-de-frei-roberto.html\" \/>\n<meta property=\"og:locale\" content=\"pt_BR\" \/>\n<meta property=\"og:type\" content=\"article\" \/>\n<meta property=\"og:title\" content=\"O in\u00edcio da miss\u00e3o de Frei Roberto - Not\u00edcias - Franciscanos\" \/>\n<meta property=\"og:description\" content=\"Ordena\u00e7\u00e3o presbiteral\" \/>\n<meta property=\"og:url\" content=\"https:\/\/franciscanos.org.br\/noticias\/o-inicio-da-missao-de-frei-roberto.html\" \/>\n<meta property=\"og:site_name\" content=\"Not\u00edcias - Franciscanos\" \/>\n<meta property=\"article:published_time\" content=\"2012-11-01T14:26:55+00:00\" \/>\n<meta property=\"article:modified_time\" content=\"2020-11-10T16:18:49+00:00\" \/>\n<meta property=\"og:image\" content=\"https:\/\/franciscanos.org.br\/noticias\/wp-content\/uploads\/2012\/11\/meio4.jpg\" \/>\n\t<meta property=\"og:image:width\" content=\"273\" \/>\n\t<meta property=\"og:image:height\" content=\"181\" \/>\n\t<meta property=\"og:image:type\" content=\"image\/jpeg\" \/>\n<meta name=\"author\" content=\"admin\" \/>\n<meta name=\"twitter:card\" content=\"summary_large_image\" \/>\n<meta name=\"twitter:label1\" content=\"Escrito por\" \/>\n\t<meta name=\"twitter:data1\" content=\"admin\" \/>\n\t<meta name=\"twitter:label2\" content=\"Est. tempo de leitura\" \/>\n\t<meta name=\"twitter:data2\" content=\"3 minutos\" \/>\n<script type=\"application\/ld+json\" class=\"yoast-schema-graph\">{\"@context\":\"https:\/\/schema.org\",\"@graph\":[{\"@type\":\"WebSite\",\"@id\":\"https:\/\/franciscanos.org.br\/noticias\/#website\",\"url\":\"https:\/\/franciscanos.org.br\/noticias\/\",\"name\":\"Not\u00edcias - Franciscanos\",\"description\":\"Prov\u00edncia Franciscana da Imaculada Concei\u00e7\u00e3o do Brasil - Ordem dos Frades Menores - OFM\",\"potentialAction\":[{\"@type\":\"SearchAction\",\"target\":{\"@type\":\"EntryPoint\",\"urlTemplate\":\"https:\/\/franciscanos.org.br\/noticias\/?s={search_term_string}\"},\"query-input\":\"required name=search_term_string\"}],\"inLanguage\":\"pt-BR\"},{\"@type\":\"ImageObject\",\"inLanguage\":\"pt-BR\",\"@id\":\"https:\/\/franciscanos.org.br\/noticias\/o-inicio-da-missao-de-frei-roberto.html#primaryimage\",\"url\":\"https:\/\/franciscanos.org.br\/noticias\/wp-content\/uploads\/2012\/11\/meio4.jpg\",\"contentUrl\":\"https:\/\/franciscanos.org.br\/noticias\/wp-content\/uploads\/2012\/11\/meio4.jpg\",\"width\":273,\"height\":181},{\"@type\":\"WebPage\",\"@id\":\"https:\/\/franciscanos.org.br\/noticias\/o-inicio-da-missao-de-frei-roberto.html#webpage\",\"url\":\"https:\/\/franciscanos.org.br\/noticias\/o-inicio-da-missao-de-frei-roberto.html\",\"name\":\"O in\u00edcio da miss\u00e3o de Frei Roberto - Not\u00edcias - Franciscanos\",\"isPartOf\":{\"@id\":\"https:\/\/franciscanos.org.br\/noticias\/#website\"},\"primaryImageOfPage\":{\"@id\":\"https:\/\/franciscanos.org.br\/noticias\/o-inicio-da-missao-de-frei-roberto.html#primaryimage\"},\"datePublished\":\"2012-11-01T14:26:55+00:00\",\"dateModified\":\"2020-11-10T16:18:49+00:00\",\"author\":{\"@id\":\"https:\/\/franciscanos.org.br\/noticias\/#\/schema\/person\/b38fbf43118f02820bd932f2e4b14ad3\"},\"breadcrumb\":{\"@id\":\"https:\/\/franciscanos.org.br\/noticias\/o-inicio-da-missao-de-frei-roberto.html#breadcrumb\"},\"inLanguage\":\"pt-BR\",\"potentialAction\":[{\"@type\":\"ReadAction\",\"target\":[\"https:\/\/franciscanos.org.br\/noticias\/o-inicio-da-missao-de-frei-roberto.html\"]}]},{\"@type\":\"BreadcrumbList\",\"@id\":\"https:\/\/franciscanos.org.br\/noticias\/o-inicio-da-missao-de-frei-roberto.html#breadcrumb\",\"itemListElement\":[{\"@type\":\"ListItem\",\"position\":1,\"name\":\"Home\",\"item\":\"https:\/\/franciscanos.org.br\/noticias\"},{\"@type\":\"ListItem\",\"position\":2,\"name\":\"O in\u00edcio da miss\u00e3o de Frei Roberto\"}]},{\"@type\":\"Person\",\"@id\":\"https:\/\/franciscanos.org.br\/noticias\/#\/schema\/person\/b38fbf43118f02820bd932f2e4b14ad3\",\"name\":\"admin\",\"image\":{\"@type\":\"ImageObject\",\"inLanguage\":\"pt-BR\",\"@id\":\"https:\/\/franciscanos.org.br\/noticias\/#\/schema\/person\/image\/\",\"url\":\"https:\/\/secure.gravatar.com\/avatar\/e8495742d34d0ba6448ea1c628263b3e?s=96&d=mm&r=g\",\"contentUrl\":\"https:\/\/secure.gravatar.com\/avatar\/e8495742d34d0ba6448ea1c628263b3e?s=96&d=mm&r=g\",\"caption\":\"admin\"},\"url\":\"https:\/\/franciscanos.org.br\/noticias\/author\/admin\"}]}<\/script>\n<!-- \/ Yoast SEO plugin. -->","yoast_head_json":{"title":"O in\u00edcio da miss\u00e3o de Frei Roberto - Not\u00edcias - Franciscanos","robots":{"index":"index","follow":"follow","max-snippet":"max-snippet:-1","max-image-preview":"max-image-preview:large","max-video-preview":"max-video-preview:-1"},"canonical":"https:\/\/franciscanos.org.br\/noticias\/o-inicio-da-missao-de-frei-roberto.html","og_locale":"pt_BR","og_type":"article","og_title":"O in\u00edcio da miss\u00e3o de Frei Roberto - Not\u00edcias - Franciscanos","og_description":"Ordena\u00e7\u00e3o presbiteral","og_url":"https:\/\/franciscanos.org.br\/noticias\/o-inicio-da-missao-de-frei-roberto.html","og_site_name":"Not\u00edcias - Franciscanos","article_published_time":"2012-11-01T14:26:55+00:00","article_modified_time":"2020-11-10T16:18:49+00:00","og_image":[{"width":273,"height":181,"url":"https:\/\/franciscanos.org.br\/noticias\/wp-content\/uploads\/2012\/11\/meio4.jpg","type":"image\/jpeg"}],"author":"admin","twitter_card":"summary_large_image","twitter_misc":{"Escrito por":"admin","Est. tempo de leitura":"3 minutos"},"schema":{"@context":"https:\/\/schema.org","@graph":[{"@type":"WebSite","@id":"https:\/\/franciscanos.org.br\/noticias\/#website","url":"https:\/\/franciscanos.org.br\/noticias\/","name":"Not\u00edcias - Franciscanos","description":"Prov\u00edncia Franciscana da Imaculada Concei\u00e7\u00e3o do Brasil - Ordem dos Frades Menores - OFM","potentialAction":[{"@type":"SearchAction","target":{"@type":"EntryPoint","urlTemplate":"https:\/\/franciscanos.org.br\/noticias\/?s={search_term_string}"},"query-input":"required name=search_term_string"}],"inLanguage":"pt-BR"},{"@type":"ImageObject","inLanguage":"pt-BR","@id":"https:\/\/franciscanos.org.br\/noticias\/o-inicio-da-missao-de-frei-roberto.html#primaryimage","url":"https:\/\/franciscanos.org.br\/noticias\/wp-content\/uploads\/2012\/11\/meio4.jpg","contentUrl":"https:\/\/franciscanos.org.br\/noticias\/wp-content\/uploads\/2012\/11\/meio4.jpg","width":273,"height":181},{"@type":"WebPage","@id":"https:\/\/franciscanos.org.br\/noticias\/o-inicio-da-missao-de-frei-roberto.html#webpage","url":"https:\/\/franciscanos.org.br\/noticias\/o-inicio-da-missao-de-frei-roberto.html","name":"O in\u00edcio da miss\u00e3o de Frei Roberto - Not\u00edcias - Franciscanos","isPartOf":{"@id":"https:\/\/franciscanos.org.br\/noticias\/#website"},"primaryImageOfPage":{"@id":"https:\/\/franciscanos.org.br\/noticias\/o-inicio-da-missao-de-frei-roberto.html#primaryimage"},"datePublished":"2012-11-01T14:26:55+00:00","dateModified":"2020-11-10T16:18:49+00:00","author":{"@id":"https:\/\/franciscanos.org.br\/noticias\/#\/schema\/person\/b38fbf43118f02820bd932f2e4b14ad3"},"breadcrumb":{"@id":"https:\/\/franciscanos.org.br\/noticias\/o-inicio-da-missao-de-frei-roberto.html#breadcrumb"},"inLanguage":"pt-BR","potentialAction":[{"@type":"ReadAction","target":["https:\/\/franciscanos.org.br\/noticias\/o-inicio-da-missao-de-frei-roberto.html"]}]},{"@type":"BreadcrumbList","@id":"https:\/\/franciscanos.org.br\/noticias\/o-inicio-da-missao-de-frei-roberto.html#breadcrumb","itemListElement":[{"@type":"ListItem","position":1,"name":"Home","item":"https:\/\/franciscanos.org.br\/noticias"},{"@type":"ListItem","position":2,"name":"O in\u00edcio da miss\u00e3o de Frei Roberto"}]},{"@type":"Person","@id":"https:\/\/franciscanos.org.br\/noticias\/#\/schema\/person\/b38fbf43118f02820bd932f2e4b14ad3","name":"admin","image":{"@type":"ImageObject","inLanguage":"pt-BR","@id":"https:\/\/franciscanos.org.br\/noticias\/#\/schema\/person\/image\/","url":"https:\/\/secure.gravatar.com\/avatar\/e8495742d34d0ba6448ea1c628263b3e?s=96&d=mm&r=g","contentUrl":"https:\/\/secure.gravatar.com\/avatar\/e8495742d34d0ba6448ea1c628263b3e?s=96&d=mm&r=g","caption":"admin"},"url":"https:\/\/franciscanos.org.br\/noticias\/author\/admin"}]}},"_links":{"self":[{"href":"https:\/\/franciscanos.org.br\/noticias\/wp-json\/wp\/v2\/posts\/26734"}],"collection":[{"href":"https:\/\/franciscanos.org.br\/noticias\/wp-json\/wp\/v2\/posts"}],"about":[{"href":"https:\/\/franciscanos.org.br\/noticias\/wp-json\/wp\/v2\/types\/post"}],"author":[{"embeddable":true,"href":"https:\/\/franciscanos.org.br\/noticias\/wp-json\/wp\/v2\/users\/1"}],"replies":[{"embeddable":true,"href":"https:\/\/franciscanos.org.br\/noticias\/wp-json\/wp\/v2\/comments?post=26734"}],"version-history":[{"count":1,"href":"https:\/\/franciscanos.org.br\/noticias\/wp-json\/wp\/v2\/posts\/26734\/revisions"}],"predecessor-version":[{"id":229177,"href":"https:\/\/franciscanos.org.br\/noticias\/wp-json\/wp\/v2\/posts\/26734\/revisions\/229177"}],"wp:featuredmedia":[{"embeddable":true,"href":"https:\/\/franciscanos.org.br\/noticias\/wp-json\/wp\/v2\/media\/213728"}],"wp:attachment":[{"href":"https:\/\/franciscanos.org.br\/noticias\/wp-json\/wp\/v2\/media?parent=26734"}],"wp:term":[{"taxonomy":"category","embeddable":true,"href":"https:\/\/franciscanos.org.br\/noticias\/wp-json\/wp\/v2\/categories?post=26734"},{"taxonomy":"post_tag","embeddable":true,"href":"https:\/\/franciscanos.org.br\/noticias\/wp-json\/wp\/v2\/tags?post=26734"}],"curies":[{"name":"wp","href":"https:\/\/api.w.org\/{rel}","templated":true}]}}