{"id":26695,"date":"2012-10-20T22:23:54","date_gmt":"2012-10-21T01:23:54","guid":{"rendered":"http:\/\/new.franciscanos.org.br\/?p=26695"},"modified":"2019-07-04T14:39:43","modified_gmt":"2019-07-04T17:39:43","slug":"frei-roberto-com-o-coracao-de-operario","status":"publish","type":"post","link":"https:\/\/franciscanos.org.br\/noticias\/frei-roberto-com-o-coracao-de-operario.html","title":{"rendered":"Frei Roberto, com o cora\u00e7\u00e3o de oper\u00e1rio"},"content":{"rendered":"<p><img loading=\"lazy\" class=\"alignnone size-full wp-image-198498\" src=\"https:\/\/franciscanos.org.br\/noticias\/wp-content\/uploads\/2012\/10\/alto_ordena.jpg\" alt=\"\" width=\"830\" height=\"320\" srcset=\"https:\/\/franciscanos.org.br\/noticias\/wp-content\/uploads\/2012\/10\/alto_ordena.jpg 830w, https:\/\/franciscanos.org.br\/noticias\/wp-content\/uploads\/2012\/10\/alto_ordena-450x173.jpg 450w, https:\/\/franciscanos.org.br\/noticias\/wp-content\/uploads\/2012\/10\/alto_ordena-768x296.jpg 768w, https:\/\/franciscanos.org.br\/noticias\/wp-content\/uploads\/2012\/10\/alto_ordena-150x58.jpg 150w\" sizes=\"(max-width: 830px) 100vw, 830px\" \/><\/p>\n<p><strong>Moacir Beggo<\/strong><\/p>\n<p><strong>S\u00e3o Paulo (SP)<\/strong> &#8211; Com a Igreja de S\u00e3o Francisco de Assis da Vila Clementino lotada, Frei Roberto Ishara foi ordenado presb\u00edtero pelo bispo auxiliar da Arquidiocese de S\u00e3o Paulo, Dom Tom\u00e9 Ferreira da Silva, que lhe deu como miss\u00e3o ser sacerdote com cora\u00e7\u00e3o de oper\u00e1rio. O rec\u00e9m-nomeado bispo da Diocese de S\u00e3o Jos\u00e9 do Rio Preto presidiu a celebra\u00e7\u00e3o, que come\u00e7ou \u00e0s 15 horas no s\u00e1bado (20\/10), v\u00e9spera do Dia das Miss\u00f5es, tendo como concelebrantes o Ministro Provincial, Frei Fid\u00eancio Vanboemmel, e o p\u00e1roco Frei Djalmo Fuck.<\/p>\n<p><img loading=\"lazy\" class=\"alignright size-full wp-image-198499\" src=\"https:\/\/franciscanos.org.br\/noticias\/wp-content\/uploads\/2012\/10\/15.jpg\" alt=\"\" width=\"400\" height=\"600\" srcset=\"https:\/\/franciscanos.org.br\/noticias\/wp-content\/uploads\/2012\/10\/15.jpg 400w, https:\/\/franciscanos.org.br\/noticias\/wp-content\/uploads\/2012\/10\/15-300x450.jpg 300w, https:\/\/franciscanos.org.br\/noticias\/wp-content\/uploads\/2012\/10\/15-150x225.jpg 150w\" sizes=\"(max-width: 400px) 100vw, 400px\" \/>A fam\u00edlia de Frei Roberto, na maioria de S\u00e3o Paulo, veio em peso para a celebra\u00e7\u00e3o, especialmente seus irm\u00e3os Sidnei, Sandra, Marcelo e Claudinei, e seus pais Yuko Ishara e Nely Eiko Ishara. Al\u00e9m dos familiares, comunidades do Rio de Janeiro e Petr\u00f3polis, assim como do bairro Mandaqui de S\u00e3o Paulo marcaram presen\u00e7a. Seus confrades em bom n\u00famero, sacerdotes da regi\u00e3o episcopal do Ipiranga, religiosos e religiosas, celebraram com ele este momento de gra\u00e7a.<\/p>\n<p>Segundo Dom Tom\u00e9, lembrando S\u00e3o Greg\u00f3rio Magno, o sacerd\u00f3cio que a Igreja conferiu a Frei Roberto s\u00f3 tem sua raz\u00e3o de ser na pessoa de Jesus Cristo Sacerdote e dizia que n\u00e3o faltam pessoas boas, que n\u00e3o faltam pessoas que desejam ouvir coisas boas, mas faltam pessoas que digam as coisas boas. &#8220;E para explicar esse pensamento, S\u00e3o Greg\u00f3rio comentava que Jesus n\u00e3o menciona nestes pensamentos o sacerdote, mas Jesus usa a express\u00e3o oper\u00e1rios, porque deseja disc\u00edpulos, deseja ap\u00f3stolos, deseja sacerdotes que tenham cora\u00e7\u00e3o de oper\u00e1rio. E ter cora\u00e7\u00e3o de oper\u00e1rio \u00e9 dar a vida por amor a Jesus Cristo no servi\u00e7o ao povo de Deus. Ser sacerdote com o cora\u00e7\u00e3o de oper\u00e1rio \u00e9 viver o sacerd\u00f3cio na intimidade e na publicidade 24 horas por dia. Ser sacerdote com o cora\u00e7\u00e3o de oper\u00e1rio e n\u00e3o limitar ou n\u00e3o delimitar o nosso of\u00edcio sacerdotal aos limites estreitos de nossa agenda, quase sempre inspirada pelo hor\u00e1rio comercial da sociedade&#8221;, ensinou o bispo.<\/p>\n<p>Segundo Dom Tom\u00e9, o sacerd\u00f3cio \u00e9 gra\u00e7a de Deus. &#8220;O sacerd\u00f3cio \u00e9 presente de Deus confiado \u00e0 Igreja para servir ao seu povo. Somos servidores do povo de Deus e servidores com Jesus Cristo, servidores com Nossa Senhora, a sua M\u00e3e. Somo os \u00faltimos servos de todos, que a Seu exemplo n\u00e3o viemos para ser servidos, mas fomos constitu\u00eddos para servir e para dar a nossa vida tamb\u00e9m como resgate para Deus&#8221;, explicou.<\/p>\n<p>&#8220;Ora, querido Frei Roberto, quando o nosso cora\u00e7\u00e3o e a nossa intelig\u00eancia se afastam de Jesus Cristo Sacerdote, a tenta\u00e7\u00e3o que nos ocorre \u00e9 de fazer do sacerd\u00f3cio ministerial um poder demasiadamente humano. O sacerd\u00f3cio ministerial n\u00e3o \u00e9 obra humana. \u00c9 dom de Deus em Jesus Cristo Sacerdote, para n\u00f3s que formamos o seu povo. E se vivemos o minist\u00e9rio sacerdotal como poder humano ou \u00e0 semelhan\u00e7a de um modelo humano, estaremos fazendo tudo o que Jesus Cristo n\u00e3o fez e tudo o que Jesus Cristo n\u00e3o quis fazer. E n\u00e3o quer que tamb\u00e9m n\u00f3s, seus ministros ordenados, o fa\u00e7amos ao longo da nossa vida&#8221;, admoestou Dom Tom\u00e9.<\/p>\n<p>Para o bispo, quando o ministro ordenado torna-se inoportunamente incapaz de dar a sua vida pelo povo de Deus, ele torna-se um funcion\u00e1rio da Igreja. &#8220;Em vez de bem, ele come\u00e7a a fazer mal ao povo de Deus&#8221;, lamentou.<\/p>\n<p>O bispo pediu que rezemos por Frei Roberto. &#8220;Para que seja um sacerdote ao modo de Cristo Sacerdote, ele precisa da nossa ora\u00e7\u00e3o, da nossa amizade, do nosso apoio&#8221;, enfatizou.<\/p>\n<p><img loading=\"lazy\" class=\"alignleft wp-image-198500 size-full\" src=\"https:\/\/franciscanos.org.br\/noticias\/wp-content\/uploads\/2012\/10\/47.jpg\" alt=\"\" width=\"600\" height=\"400\" srcset=\"https:\/\/franciscanos.org.br\/noticias\/wp-content\/uploads\/2012\/10\/47.jpg 600w, https:\/\/franciscanos.org.br\/noticias\/wp-content\/uploads\/2012\/10\/47-450x300.jpg 450w, https:\/\/franciscanos.org.br\/noticias\/wp-content\/uploads\/2012\/10\/47-150x100.jpg 150w\" sizes=\"(max-width: 600px) 100vw, 600px\" \/>No final, lembrou o exemplo de S\u00e3o Francisco. &#8220;Frei Roberto, como franciscano, voc\u00ea tem em S\u00e3o Francisco de Assis, o fundador da sua Ordem religiosa, o modelo de vida sacerdotal. Ele n\u00e3o foi sacerdote, ministro ordenado da Igreja, mas ele foi sacerdote pelo seu batismo e soube viver essa realidade intensamente, talvez no grau m\u00e1ximo poss\u00edvel a uma pessoa. Que contemplando esse sacerd\u00f3cio existencial de S\u00e3o Francisco de Assis, voc\u00ea possa motivar a vossa vida sacerdotal, doravante em S\u00e3o Paulo ou onde a sua Ordem religiosa precisar de seus pr\u00e9stimos e de seus trabalhos!&#8221;, desejou.<\/p>\n<p>Terminada a homilia teve in\u00edcio o rito de ordena\u00e7\u00e3o .\u00a0\u00a0Frei Roberto foi revestido das vestes lit\u00fargicas por Frei Walter de Carvalho J\u00fanior e Frei Euclydes Pezzamiglio, seus confrades na Fraternidade da Vila Clementino. O Sr. Seiichi e Dona Regina Shimatai, tios e padrinhos de Batismo de Frei Roberto, trouxeram a estola e a casula. J\u00e1 como presb\u00edtero, Frei Jo\u00e3o recebeu o c\u00e1lice e patena de Dom Tom\u00e9 e, pela primeira vez, ele exerceu o seu minist\u00e9rio, concelebrando com o bispo e os presb\u00edteros.<\/p>\n<p><img loading=\"lazy\" class=\"alignnone wp-image-198494 size-full\" src=\"https:\/\/franciscanos.org.br\/noticias\/wp-content\/uploads\/2012\/10\/01-1.jpg\" alt=\"\" width=\"600\" height=\"400\" srcset=\"https:\/\/franciscanos.org.br\/noticias\/wp-content\/uploads\/2012\/10\/01-1.jpg 600w, https:\/\/franciscanos.org.br\/noticias\/wp-content\/uploads\/2012\/10\/01-1-450x300.jpg 450w, https:\/\/franciscanos.org.br\/noticias\/wp-content\/uploads\/2012\/10\/01-1-150x100.jpg 150w\" sizes=\"(max-width: 600px) 100vw, 600px\" \/>O Ministro Provincial Frei Fid\u00eancio Vanboemmel falou em nome da Prov\u00edncia da Imaculada que todos estavam muito felizes, louvando e agradecendo a Deus por esta gra\u00e7a que ele concedeu a Frei Roberto. &#8220;S\u00e3o Francisco nos diz: &#8216;considerai a vossa dignidade irm\u00e3os sacerdotes e sede santos como o Senhor \u00e9 santo&#8217;. Que voc\u00ea, Frei Roberto, possa exercer esse minist\u00e9rio sacerdotal na santidade de Deus&#8221;, disse, agradecendo aos pais, que &#8220;nos deram um irm\u00e3o necess\u00e1rio, que n\u00f3s chamamos simplesmente de confrade&#8221;.<\/p>\n<p>Frei Fid\u00eancio agradeceu a todos da Par\u00f3quia da Vila Clementino pela prepara\u00e7\u00e3o do Tr\u00edduo e da ordena\u00e7\u00e3o, mas fez uma homenagem especial a Dom Tom\u00e9, que vai tomar posse no dia 16 de novembro na Diocese de S\u00e3o Jos\u00e9 do Rio Preto. &#8220;Dom Tom\u00e9, em primeiro lugar, agrade\u00e7o por ter presidido esta celebra\u00e7\u00e3o, ordenando assim para a Igreja de Deus este nosso confrade. Em segundo lugar, car\u00edssimo Dom Tom\u00e9, no pr\u00f3ximo dia 16 de novembro, o sr. estar\u00e1 celebrando a Eucaristia em S\u00e3o Jos\u00e9 do Rio Preto e, nesta Eucaristia, \u00a0estar\u00e1 assumindo oficialmente o pastoreio daquela Diocese. H\u00e1 poucos dias, n\u00f3s recebemos a sua carta de gratid\u00e3o e convite para esta celebra\u00e7\u00e3o e, nesta carta, o sr. se expressa com o poema de Carlos Drummond de Andrade, que aqui quero ler um trecho:<\/p>\n<p><em><img loading=\"lazy\" class=\"alignleft size-full wp-image-198495\" src=\"https:\/\/franciscanos.org.br\/noticias\/wp-content\/uploads\/2012\/10\/13.jpg\" alt=\"\" width=\"600\" height=\"400\" srcset=\"https:\/\/franciscanos.org.br\/noticias\/wp-content\/uploads\/2012\/10\/13.jpg 600w, https:\/\/franciscanos.org.br\/noticias\/wp-content\/uploads\/2012\/10\/13-450x300.jpg 450w, https:\/\/franciscanos.org.br\/noticias\/wp-content\/uploads\/2012\/10\/13-150x100.jpg 150w\" sizes=\"(max-width: 600px) 100vw, 600px\" \/>&#8216;Tem gente que tem cheiro de passarinho quando canta. De sol quando acorda. De flor quando ri&#8230;<\/em><\/p>\n<p><em>\u00a0<\/em><em>Tem gente que tem cheiro de colo de Deus. De banho de mar quando a \u00e1gua \u00e9 quente e o c\u00e9u \u00e9 azul&#8230;<\/em><\/p>\n<p><em>\u00a0<\/em><em>Tem gente que tem cheiro das estrelas que Deus acendeu no c\u00e9u e daquelas que conseguimos acender na Terra. Ao lado delas, a gente n\u00e3o acha que o amor \u00e9 poss\u00edvel, a gente tem certeza&#8217;&#8230;<\/em><\/p>\n<p>Dom Tom\u00e9, n\u00f3s, desta fraternidade, e n\u00f3s, povo de Deus desta comunidade paroquial, queremos nesta hora expressar a nossa gratid\u00e3o pela sua presen\u00e7a de pastor amigo, ajudando-nos a ser comunh\u00e3o na grande Arquidiocese de S\u00e3o Paulo. Ao mesmo tempo lhe desejamos um bom pastoreio na Diocese de S\u00e3o Jos\u00e9 do Rio Preto. Que o sr. possa ser presen\u00e7a constante do &#8216;cheiro de passarinho quando canta&#8230; do colo de Deus&#8230; e estrela de Deus&#8217;, para aquela Igreja que o pr\u00f3prio Senhor lhe confiou!&#8221;, completou.<\/p>\n<p>Frei Roberto, sempre sorridente, carinhoso e acenando para as pessoas, \u00e0s vezes at\u00e9 quebrando com singeleza o rito, brincou que tinha preparado um agradecimento de 40 minutos, mas resolveu diminuir o tempo e que falaria apenas 35 minutos, arrancando risos dos fi\u00e9is. N\u00e3o chegou a falar esse tempo, mas n\u00e3o deixou de citar os nomes de todas as pessoas que ele conheceu e que tiveram participa\u00e7\u00e3o neste momento especial de sua vida, a come\u00e7ar pelo bispo, passando pela Prov\u00edncia, seus confrades, familiares, religiosos e religiosas, Par\u00f3quia, funcion\u00e1rios e amigos que trabalham nos hospitais da regi\u00e3o paroquial, onde faz a sua Pastoral da Sa\u00fade. No final, fez um apelo: &#8220;Eu pe\u00e7o ora\u00e7\u00f5es a todos, para que, com aux\u00edlio da gra\u00e7a, possa buscar constantemente, tr\u00eas coisas: o zelo eucar\u00edstico \u00e0 semelhan\u00e7a de S\u00e3o Francisco e Santa Clara; o exerc\u00edcio do minist\u00e9rio \u00e0 semelhan\u00e7a de S\u00e3o Jo\u00e3o Maria Vianey; e o permanecer de p\u00e9 aos p\u00e9s da Cruz sempre ao lado de Maria Sant\u00edssima&#8221;.<\/p>\n<p>Frei Roberto vai celebrar neste domingo, dia 21, \u00e0s 9 horas, a sua Primeira Missa na mesma igreja, tendo como pregador Frei Paulo C\u00e9sar Ferreira da Silva.<\/p>\n","protected":false},"excerpt":{"rendered":"<p>Ordena\u00e7\u00e3o Presbiteral de Frei Roberto Ishara<\/p>\n","protected":false},"author":1,"featured_media":207345,"comment_status":"closed","ping_status":"closed","sticky":false,"template":"","format":"standard","meta":[],"categories":[1],"tags":[317,157],"acf":[],"yoast_head":"<!-- This site is optimized with the Yoast SEO plugin v19.2 - https:\/\/yoast.com\/wordpress\/plugins\/seo\/ -->\n<title>Frei Roberto, com o cora\u00e7\u00e3o de oper\u00e1rio - Not\u00edcias - Franciscanos<\/title>\n<meta name=\"robots\" content=\"index, follow, max-snippet:-1, max-image-preview:large, max-video-preview:-1\" \/>\n<link rel=\"canonical\" href=\"https:\/\/franciscanos.org.br\/noticias\/frei-roberto-com-o-coracao-de-operario.html\" \/>\n<meta property=\"og:locale\" content=\"pt_BR\" \/>\n<meta property=\"og:type\" content=\"article\" \/>\n<meta property=\"og:title\" content=\"Frei Roberto, com o cora\u00e7\u00e3o de oper\u00e1rio - Not\u00edcias - Franciscanos\" \/>\n<meta property=\"og:description\" content=\"Ordena\u00e7\u00e3o Presbiteral de Frei Roberto Ishara\" \/>\n<meta property=\"og:url\" content=\"https:\/\/franciscanos.org.br\/noticias\/frei-roberto-com-o-coracao-de-operario.html\" \/>\n<meta property=\"og:site_name\" content=\"Not\u00edcias - Franciscanos\" \/>\n<meta property=\"article:published_time\" content=\"2012-10-21T01:23:54+00:00\" \/>\n<meta property=\"article:modified_time\" content=\"2019-07-04T17:39:43+00:00\" \/>\n<meta property=\"og:image\" content=\"https:\/\/franciscanos.org.br\/noticias\/wp-content\/uploads\/2012\/10\/robertoish.jpg\" \/>\n\t<meta property=\"og:image:width\" content=\"273\" \/>\n\t<meta property=\"og:image:height\" content=\"181\" \/>\n\t<meta property=\"og:image:type\" content=\"image\/jpeg\" \/>\n<meta name=\"author\" content=\"admin\" \/>\n<meta name=\"twitter:card\" content=\"summary_large_image\" \/>\n<meta name=\"twitter:label1\" content=\"Escrito por\" \/>\n\t<meta name=\"twitter:data1\" content=\"admin\" \/>\n\t<meta name=\"twitter:label2\" content=\"Est. tempo de leitura\" \/>\n\t<meta name=\"twitter:data2\" content=\"7 minutos\" \/>\n<script type=\"application\/ld+json\" class=\"yoast-schema-graph\">{\"@context\":\"https:\/\/schema.org\",\"@graph\":[{\"@type\":\"WebSite\",\"@id\":\"https:\/\/franciscanos.org.br\/noticias\/#website\",\"url\":\"https:\/\/franciscanos.org.br\/noticias\/\",\"name\":\"Not\u00edcias - Franciscanos\",\"description\":\"Prov\u00edncia Franciscana da Imaculada Concei\u00e7\u00e3o do Brasil - Ordem dos Frades Menores - OFM\",\"potentialAction\":[{\"@type\":\"SearchAction\",\"target\":{\"@type\":\"EntryPoint\",\"urlTemplate\":\"https:\/\/franciscanos.org.br\/noticias\/?s={search_term_string}\"},\"query-input\":\"required name=search_term_string\"}],\"inLanguage\":\"pt-BR\"},{\"@type\":\"ImageObject\",\"inLanguage\":\"pt-BR\",\"@id\":\"https:\/\/franciscanos.org.br\/noticias\/frei-roberto-com-o-coracao-de-operario.html#primaryimage\",\"url\":\"https:\/\/franciscanos.org.br\/noticias\/wp-content\/uploads\/2012\/10\/robertoish.jpg\",\"contentUrl\":\"https:\/\/franciscanos.org.br\/noticias\/wp-content\/uploads\/2012\/10\/robertoish.jpg\",\"width\":273,\"height\":181},{\"@type\":\"WebPage\",\"@id\":\"https:\/\/franciscanos.org.br\/noticias\/frei-roberto-com-o-coracao-de-operario.html#webpage\",\"url\":\"https:\/\/franciscanos.org.br\/noticias\/frei-roberto-com-o-coracao-de-operario.html\",\"name\":\"Frei Roberto, com o cora\u00e7\u00e3o de oper\u00e1rio - Not\u00edcias - Franciscanos\",\"isPartOf\":{\"@id\":\"https:\/\/franciscanos.org.br\/noticias\/#website\"},\"primaryImageOfPage\":{\"@id\":\"https:\/\/franciscanos.org.br\/noticias\/frei-roberto-com-o-coracao-de-operario.html#primaryimage\"},\"datePublished\":\"2012-10-21T01:23:54+00:00\",\"dateModified\":\"2019-07-04T17:39:43+00:00\",\"author\":{\"@id\":\"https:\/\/franciscanos.org.br\/noticias\/#\/schema\/person\/b38fbf43118f02820bd932f2e4b14ad3\"},\"breadcrumb\":{\"@id\":\"https:\/\/franciscanos.org.br\/noticias\/frei-roberto-com-o-coracao-de-operario.html#breadcrumb\"},\"inLanguage\":\"pt-BR\",\"potentialAction\":[{\"@type\":\"ReadAction\",\"target\":[\"https:\/\/franciscanos.org.br\/noticias\/frei-roberto-com-o-coracao-de-operario.html\"]}]},{\"@type\":\"BreadcrumbList\",\"@id\":\"https:\/\/franciscanos.org.br\/noticias\/frei-roberto-com-o-coracao-de-operario.html#breadcrumb\",\"itemListElement\":[{\"@type\":\"ListItem\",\"position\":1,\"name\":\"Home\",\"item\":\"https:\/\/franciscanos.org.br\/noticias\"},{\"@type\":\"ListItem\",\"position\":2,\"name\":\"Frei Roberto, com o cora\u00e7\u00e3o de oper\u00e1rio\"}]},{\"@type\":\"Person\",\"@id\":\"https:\/\/franciscanos.org.br\/noticias\/#\/schema\/person\/b38fbf43118f02820bd932f2e4b14ad3\",\"name\":\"admin\",\"image\":{\"@type\":\"ImageObject\",\"inLanguage\":\"pt-BR\",\"@id\":\"https:\/\/franciscanos.org.br\/noticias\/#\/schema\/person\/image\/\",\"url\":\"https:\/\/secure.gravatar.com\/avatar\/e8495742d34d0ba6448ea1c628263b3e?s=96&d=mm&r=g\",\"contentUrl\":\"https:\/\/secure.gravatar.com\/avatar\/e8495742d34d0ba6448ea1c628263b3e?s=96&d=mm&r=g\",\"caption\":\"admin\"},\"url\":\"https:\/\/franciscanos.org.br\/noticias\/author\/admin\"}]}<\/script>\n<!-- \/ Yoast SEO plugin. -->","yoast_head_json":{"title":"Frei Roberto, com o cora\u00e7\u00e3o de oper\u00e1rio - Not\u00edcias - Franciscanos","robots":{"index":"index","follow":"follow","max-snippet":"max-snippet:-1","max-image-preview":"max-image-preview:large","max-video-preview":"max-video-preview:-1"},"canonical":"https:\/\/franciscanos.org.br\/noticias\/frei-roberto-com-o-coracao-de-operario.html","og_locale":"pt_BR","og_type":"article","og_title":"Frei Roberto, com o cora\u00e7\u00e3o de oper\u00e1rio - Not\u00edcias - Franciscanos","og_description":"Ordena\u00e7\u00e3o Presbiteral de Frei Roberto Ishara","og_url":"https:\/\/franciscanos.org.br\/noticias\/frei-roberto-com-o-coracao-de-operario.html","og_site_name":"Not\u00edcias - Franciscanos","article_published_time":"2012-10-21T01:23:54+00:00","article_modified_time":"2019-07-04T17:39:43+00:00","og_image":[{"width":273,"height":181,"url":"https:\/\/franciscanos.org.br\/noticias\/wp-content\/uploads\/2012\/10\/robertoish.jpg","type":"image\/jpeg"}],"author":"admin","twitter_card":"summary_large_image","twitter_misc":{"Escrito por":"admin","Est. tempo de leitura":"7 minutos"},"schema":{"@context":"https:\/\/schema.org","@graph":[{"@type":"WebSite","@id":"https:\/\/franciscanos.org.br\/noticias\/#website","url":"https:\/\/franciscanos.org.br\/noticias\/","name":"Not\u00edcias - Franciscanos","description":"Prov\u00edncia Franciscana da Imaculada Concei\u00e7\u00e3o do Brasil - Ordem dos Frades Menores - OFM","potentialAction":[{"@type":"SearchAction","target":{"@type":"EntryPoint","urlTemplate":"https:\/\/franciscanos.org.br\/noticias\/?s={search_term_string}"},"query-input":"required name=search_term_string"}],"inLanguage":"pt-BR"},{"@type":"ImageObject","inLanguage":"pt-BR","@id":"https:\/\/franciscanos.org.br\/noticias\/frei-roberto-com-o-coracao-de-operario.html#primaryimage","url":"https:\/\/franciscanos.org.br\/noticias\/wp-content\/uploads\/2012\/10\/robertoish.jpg","contentUrl":"https:\/\/franciscanos.org.br\/noticias\/wp-content\/uploads\/2012\/10\/robertoish.jpg","width":273,"height":181},{"@type":"WebPage","@id":"https:\/\/franciscanos.org.br\/noticias\/frei-roberto-com-o-coracao-de-operario.html#webpage","url":"https:\/\/franciscanos.org.br\/noticias\/frei-roberto-com-o-coracao-de-operario.html","name":"Frei Roberto, com o cora\u00e7\u00e3o de oper\u00e1rio - Not\u00edcias - Franciscanos","isPartOf":{"@id":"https:\/\/franciscanos.org.br\/noticias\/#website"},"primaryImageOfPage":{"@id":"https:\/\/franciscanos.org.br\/noticias\/frei-roberto-com-o-coracao-de-operario.html#primaryimage"},"datePublished":"2012-10-21T01:23:54+00:00","dateModified":"2019-07-04T17:39:43+00:00","author":{"@id":"https:\/\/franciscanos.org.br\/noticias\/#\/schema\/person\/b38fbf43118f02820bd932f2e4b14ad3"},"breadcrumb":{"@id":"https:\/\/franciscanos.org.br\/noticias\/frei-roberto-com-o-coracao-de-operario.html#breadcrumb"},"inLanguage":"pt-BR","potentialAction":[{"@type":"ReadAction","target":["https:\/\/franciscanos.org.br\/noticias\/frei-roberto-com-o-coracao-de-operario.html"]}]},{"@type":"BreadcrumbList","@id":"https:\/\/franciscanos.org.br\/noticias\/frei-roberto-com-o-coracao-de-operario.html#breadcrumb","itemListElement":[{"@type":"ListItem","position":1,"name":"Home","item":"https:\/\/franciscanos.org.br\/noticias"},{"@type":"ListItem","position":2,"name":"Frei Roberto, com o cora\u00e7\u00e3o de oper\u00e1rio"}]},{"@type":"Person","@id":"https:\/\/franciscanos.org.br\/noticias\/#\/schema\/person\/b38fbf43118f02820bd932f2e4b14ad3","name":"admin","image":{"@type":"ImageObject","inLanguage":"pt-BR","@id":"https:\/\/franciscanos.org.br\/noticias\/#\/schema\/person\/image\/","url":"https:\/\/secure.gravatar.com\/avatar\/e8495742d34d0ba6448ea1c628263b3e?s=96&d=mm&r=g","contentUrl":"https:\/\/secure.gravatar.com\/avatar\/e8495742d34d0ba6448ea1c628263b3e?s=96&d=mm&r=g","caption":"admin"},"url":"https:\/\/franciscanos.org.br\/noticias\/author\/admin"}]}},"_links":{"self":[{"href":"https:\/\/franciscanos.org.br\/noticias\/wp-json\/wp\/v2\/posts\/26695"}],"collection":[{"href":"https:\/\/franciscanos.org.br\/noticias\/wp-json\/wp\/v2\/posts"}],"about":[{"href":"https:\/\/franciscanos.org.br\/noticias\/wp-json\/wp\/v2\/types\/post"}],"author":[{"embeddable":true,"href":"https:\/\/franciscanos.org.br\/noticias\/wp-json\/wp\/v2\/users\/1"}],"replies":[{"embeddable":true,"href":"https:\/\/franciscanos.org.br\/noticias\/wp-json\/wp\/v2\/comments?post=26695"}],"version-history":[{"count":0,"href":"https:\/\/franciscanos.org.br\/noticias\/wp-json\/wp\/v2\/posts\/26695\/revisions"}],"wp:featuredmedia":[{"embeddable":true,"href":"https:\/\/franciscanos.org.br\/noticias\/wp-json\/wp\/v2\/media\/207345"}],"wp:attachment":[{"href":"https:\/\/franciscanos.org.br\/noticias\/wp-json\/wp\/v2\/media?parent=26695"}],"wp:term":[{"taxonomy":"category","embeddable":true,"href":"https:\/\/franciscanos.org.br\/noticias\/wp-json\/wp\/v2\/categories?post=26695"},{"taxonomy":"post_tag","embeddable":true,"href":"https:\/\/franciscanos.org.br\/noticias\/wp-json\/wp\/v2\/tags?post=26695"}],"curies":[{"name":"wp","href":"https:\/\/api.w.org\/{rel}","templated":true}]}}