{"id":266712,"date":"2026-05-01T06:00:56","date_gmt":"2026-05-01T09:00:56","guid":{"rendered":"https:\/\/franciscanos.org.br\/noticias\/?p=266712"},"modified":"2026-04-30T12:18:12","modified_gmt":"2026-04-30T15:18:12","slug":"o-trabalho-a-luz-da-fe-e-o-testemunho-de-sao-jose-operario","status":"publish","type":"post","link":"https:\/\/franciscanos.org.br\/noticias\/o-trabalho-a-luz-da-fe-e-o-testemunho-de-sao-jose-operario.html","title":{"rendered":"O trabalho \u00e0 luz da f\u00e9 e o testemunho de S\u00e3o Jos\u00e9 Oper\u00e1rio"},"content":{"rendered":"<p><img loading=\"lazy\" class=\"aligncenter wp-image-266713 size-full\" src=\"https:\/\/franciscanos.org.br\/noticias\/wp-content\/uploads\/2026\/04\/jose_trabalho_30-768x411-1.jpg\" alt=\"\" width=\"768\" height=\"411\" srcset=\"https:\/\/franciscanos.org.br\/noticias\/wp-content\/uploads\/2026\/04\/jose_trabalho_30-768x411-1.jpg 768w, https:\/\/franciscanos.org.br\/noticias\/wp-content\/uploads\/2026\/04\/jose_trabalho_30-768x411-1-450x241.jpg 450w, https:\/\/franciscanos.org.br\/noticias\/wp-content\/uploads\/2026\/04\/jose_trabalho_30-768x411-1-150x80.jpg 150w\" sizes=\"(max-width: 768px) 100vw, 768px\" \/><\/p>\n<p><span style=\"font-weight: 400;\">Hoje, 1\u00ba de maio, celebramos o Dia do Trabalhador e, juntamente, o Dia de S\u00e3o Jos\u00e9 Oper\u00e1rio. A homenagem ao santo na mesma data foi institu\u00edda em 1955 pelo Papa Pio XII na Pra\u00e7a de S\u00e3o Pedro, em meio a mais de 200 mil pessoas. Na ocasi\u00e3o, ele declarou: \u201cQueremos reafirmar, em forma solene, a dignidade do trabalho, a fim de que inspire na vida social as leis da equitativa reparti\u00e7\u00e3o de direitos e deveres.\u201d<\/span><\/p>\n<p><span style=\"font-weight: 400;\">A tradi\u00e7\u00e3o crist\u00e3 reconhece no trabalho uma dimens\u00e3o essencial da exist\u00eancia humana, um exerc\u00edcio de participa\u00e7\u00e3o no pr\u00f3prio agir criador de Deus. Como recorda a enc\u00edclica<\/span> <strong><a href=\"https:\/\/www.vatican.va\/content\/john-paul-ii\/pt\/encyclicals\/documents\/hf_jp-ii_enc_14091981_laborem-exercens.html\">Laborem Exercens<\/a><\/strong><span style=\"font-weight: 400;\">, \u201co eixo do ensino social \u00e9 o homem solid\u00e1rio e o seu trabalho. O trabalho \u2018define\u2019 o homem, mostra o seu ser, sua natureza como pessoa aberta ao mundo pela intelig\u00eancia e pela liberdade, mas dentro de uma comunidade de pessoas; deste modo se revela o ser do homem como imagem de Deus\u201d. Ou seja, o\u00a0<\/span><\/p>\n<p><span style=\"font-weight: 400;\">Essa compreens\u00e3o <\/span><strong><a href=\"https:\/\/franciscanos.org.br\/vidacrista\/a-espiritualidade-do-trabalho\/#gsc.tab=0\">\u00e9 aprofundada pela reflex\u00e3o de autores como Frei Vit\u00f3rio Mazzuco<\/a><\/strong><span style=\"font-weight: 400;\">, que destaca o trabalho como \u201cvoca\u00e7\u00e3o e miss\u00e3o de mudan\u00e7a da situa\u00e7\u00e3o\u201d, capaz de transformar a realidade e fortalecer as rela\u00e7\u00f5es humanas. Nas palavras do Frei, o trabalho deve ser percebido como \u201cGra\u00e7a do Senhor, como o dom de ocupar-se, distribuindo vida, vivendo em comunh\u00e3o com o mundo e com a humanidade. Quando trabalhamos, realizamos a continuidade da obra criadora de Deus. O humano n\u00e3o existe de um modo est\u00e1tico diante de tudo o que \u00e9, mas \u00e9 no concreto de seu fazer um instrumento de uma Obra Maior\u201d.<\/span><\/p>\n<p>Tamb\u00e9m \u00e9 destacado que a dignidade do trabalho est\u00e1 diretamente ligada ao respeito aos direitos fundamentais do trabalhador e \u00e0s condi\u00e7\u00f5es em que ele \u00e9 exercido, promovendo a pessoa humana em sua integralidade. Ou seja, assegurando justi\u00e7a, seguran\u00e7a e reconhecimento. Quando desprovido dessas garantias, o trabalho corre o risco de se tornar instrumento de explora\u00e7\u00e3o ou aliena\u00e7\u00e3o, contrariando sua voca\u00e7\u00e3o de servi\u00e7o \u00e0 vida e ao bem comum.<\/p>\n<p><span style=\"font-weight: 400;\">Nesse contexto, o trabalho assume uma dimens\u00e3o espiritual, se tornando um lugar de encontro com Deus e com os irm\u00e3os, especialmente quando vivido em comunh\u00e3o. Uma das express\u00f5es mais conhecidas desse pensamento \u00e9 atribu\u00edda a S\u00e3o Josemar\u00eda Escriv\u00e1: \u201cQualquer trabalho, mesmo o mais escondido, mesmo o mais insignificante, oferecido ao Senhor, traz a for\u00e7a da vida de Deus!\u201d.\u00a0<\/span><\/p>\n<p><b>S\u00e3o Jos\u00e9 como modelo e intercessor dos trabalhadores<\/b><\/p>\n<p><img loading=\"lazy\" class=\"aligncenter wp-image-266714 size-medium\" src=\"https:\/\/franciscanos.org.br\/noticias\/wp-content\/uploads\/2026\/04\/Sao-Jose-Operario-1024x576-1-450x253.jpg\" alt=\"\" width=\"450\" height=\"253\" srcset=\"https:\/\/franciscanos.org.br\/noticias\/wp-content\/uploads\/2026\/04\/Sao-Jose-Operario-1024x576-1-450x253.jpg 450w, https:\/\/franciscanos.org.br\/noticias\/wp-content\/uploads\/2026\/04\/Sao-Jose-Operario-1024x576-1-768x432.jpg 768w, https:\/\/franciscanos.org.br\/noticias\/wp-content\/uploads\/2026\/04\/Sao-Jose-Operario-1024x576-1-150x84.jpg 150w, https:\/\/franciscanos.org.br\/noticias\/wp-content\/uploads\/2026\/04\/Sao-Jose-Operario-1024x576-1.jpg 1024w\" sizes=\"(max-width: 450px) 100vw, 450px\" \/><\/p>\n<p><span style=\"font-weight: 400;\">Nesse ponto, destaca-se a figura de S\u00e3o Jos\u00e9, o humilde carpinteiro de Nazar\u00e9. Chamado no Evangelho de \u201cjusto\u201d, ele viveu o trabalho com responsabilidade, sustentou sua fam\u00edlia com o esfor\u00e7o de suas m\u00e3os e transformou sua oficina em espa\u00e7o de santifica\u00e7\u00e3o. Ao instituir a festa de S\u00e3o Jos\u00e9 Oper\u00e1rio, o Papa Pio XII quis oferecer aos trabalhadores um modelo e um protetor, al\u00e9m de \u201creafirmar, em forma solene, a dignidade do trabalho\u201d.\u00a0<\/span><\/p>\n<p><span style=\"font-weight: 400;\">O teor foi refor\u00e7ado, por exemplo, em uma <\/span><strong><a href=\"https:\/\/www.vaticannews.va\/pt\/igreja\/news\/2021-05\/sao-jose-operario-padroeiro-dos-trabalhadores.html\">alocu\u00e7\u00e3o feita pelo Papa Paulo VI:<\/a><\/strong><span style=\"font-weight: 400;\">\u00a0\u201cS\u00e3o Jos\u00e9 tem uma grande import\u00e2ncia para Jesus, se verdadeiramente o Filho de Deus feito homem o escolheu para revestir a si mesmo de sua aparente filia\u00e7\u00e3o&#8230; Jesus, o Cristo, quis assumir a sua qualifica\u00e7\u00e3o humana e social deste oper\u00e1rio\u201d.\u00a0<\/span><\/p>\n<p><span style=\"font-weight: 400;\">Como nos recorda o <\/span><strong><a href=\"https:\/\/franciscanos.org.br\/vidacrista\/patris-corde-carta-apostolica-do-papa-francisco\/#gsc.tab=0\">Papa Francisco na Carta Apost\u00f3lica Patris Corde<\/a><\/strong><span style=\"font-weight: 400;\">, a figura de S\u00e3o Jos\u00e9 est\u00e1 profundamente ligada \u00e0 realidade concreta do trabalho<\/span><span style=\"font-weight: 400;\">. <\/span><span style=\"font-weight: 400;\">No documento, ao refletir sobre o mundo contempor\u00e2neo, tamb\u00e9m \u00e9 mencionado o valor social e espiritual do trabalho, afirmando que \u201c\u00e9 necess\u00e1rio tomar renovada consci\u00eancia do significado do trabalho que dignifica e do qual o nosso Santo \u00e9 patrono e exemplo\u201d.\u00a0<\/span><\/p>\n<p><span style=\"font-weight: 400;\">Outro aspecto marcante da espiritualidade de S\u00e3o Jos\u00e9 destacado na Carta \u00e9 sua presen\u00e7a discreta e fiel, t\u00e3o pr\u00f3xima da realidade de milh\u00f5es de trabalhadores an\u00f4nimos: \u201cTodos podem encontrar em S\u00e3o Jos\u00e9 o homem que passa despercebido, o homem da presen\u00e7a quotidiana discreta e escondida: um intercessor, um amparo e uma guia\u201d.<\/span><\/p>\n<p style=\"text-align: center;\"><a href=\"https:\/\/www.vaticannews.va\/pt\/igreja\/news\/2021-05\/sao-jose-operario-padroeiro-dos-trabalhadores.html\"><b>Ora\u00e7\u00e3o a S\u00e3o Jos\u00e9 (S\u00e3o Pio X)<\/b><\/a><\/p>\n<p><span style=\"font-weight: 400;\">Glorioso S\u00e3o Jos\u00e9, modelo de todos os que se dedicam ao trabalho, obtende-me a gra\u00e7a de trabalhar com esp\u00edrito de penit\u00eancia para expia\u00e7\u00e3o de meus numerosos pecados;<\/span><\/p>\n<p><span style=\"font-weight: 400;\">De trabalhar com consci\u00eancia, pondo o culto do dever acima de minhas inclina\u00e7\u00f5es;<\/span><\/p>\n<p><span style=\"font-weight: 400;\">De trabalhar com recolhimento e alegria, olhando como uma honra empregar e desenvolver pelo trabalho os dons recebidos de Deus;<\/span><\/p>\n<p><span style=\"font-weight: 400;\">De trabalhar com ordem, paz, modera\u00e7\u00e3o e paci\u00eancia, sem nunca recuar perante o cansa\u00e7o e as dificuldades;<\/span><\/p>\n<p><span style=\"font-weight: 400;\">De trabalhar, sobretudo com pureza de inten\u00e7\u00e3o e com desapego de mim mesmo, tendo sempre diante dos olhos a morte e a conta que deverei dar do tempo perdido, dos talentos inutilizados, do bem omitido e da v\u00e3 complac\u00eancia nos sucessos, t\u00e3o funesta \u00e0 obra de Deus!<\/span><\/p>\n<p><span style=\"font-weight: 400;\">Tudo por Jesus, tudo por Maria, tudo \u00e0 vossa imita\u00e7\u00e3o, oh! Patriarca S\u00e3o Jos\u00e9!<\/span><\/p>\n<p><span style=\"font-weight: 400;\">Tal ser\u00e1 a minha divisa na vida e na morte. Am\u00e9m.<\/span><\/p>\n<p><span style=\"font-weight: 400;\">S\u00e3o Jos\u00e9 Oper\u00e1rio, rogai por n\u00f3s!<\/span><\/p>\n<hr \/>\n<p><em>Guilherme Coutinho<\/em><\/p>\n","protected":false},"excerpt":{"rendered":"<p>Sociedade e F\u00e9<\/p>\n","protected":false},"author":15,"featured_media":266713,"comment_status":"open","ping_status":"open","sticky":false,"template":"","format":"standard","meta":[],"categories":[1],"tags":[],"acf":[],"yoast_head":"<!-- This site is optimized with the Yoast SEO plugin v19.2 - https:\/\/yoast.com\/wordpress\/plugins\/seo\/ -->\n<title>O trabalho \u00e0 luz da f\u00e9 e o testemunho de S\u00e3o Jos\u00e9 Oper\u00e1rio - Not\u00edcias - Franciscanos<\/title>\n<meta name=\"robots\" content=\"index, follow, max-snippet:-1, max-image-preview:large, max-video-preview:-1\" \/>\n<link rel=\"canonical\" href=\"https:\/\/franciscanos.org.br\/noticias\/o-trabalho-a-luz-da-fe-e-o-testemunho-de-sao-jose-operario.html\" \/>\n<meta property=\"og:locale\" content=\"pt_BR\" \/>\n<meta property=\"og:type\" content=\"article\" \/>\n<meta property=\"og:title\" content=\"O trabalho \u00e0 luz da f\u00e9 e o testemunho de S\u00e3o Jos\u00e9 Oper\u00e1rio - Not\u00edcias - Franciscanos\" \/>\n<meta property=\"og:description\" content=\"Sociedade e F\u00e9\" \/>\n<meta property=\"og:url\" content=\"https:\/\/franciscanos.org.br\/noticias\/o-trabalho-a-luz-da-fe-e-o-testemunho-de-sao-jose-operario.html\" \/>\n<meta property=\"og:site_name\" content=\"Not\u00edcias - Franciscanos\" \/>\n<meta property=\"article:published_time\" content=\"2026-05-01T09:00:56+00:00\" \/>\n<meta property=\"article:modified_time\" content=\"2026-04-30T15:18:12+00:00\" \/>\n<meta property=\"og:image\" content=\"https:\/\/franciscanos.org.br\/noticias\/wp-content\/uploads\/2026\/04\/jose_trabalho_30-768x411-1.jpg\" \/>\n\t<meta property=\"og:image:width\" content=\"768\" \/>\n\t<meta property=\"og:image:height\" content=\"411\" \/>\n\t<meta property=\"og:image:type\" content=\"image\/jpeg\" \/>\n<meta name=\"author\" content=\"Guilherme Rocha\" \/>\n<meta name=\"twitter:card\" content=\"summary_large_image\" \/>\n<meta name=\"twitter:label1\" content=\"Escrito por\" \/>\n\t<meta name=\"twitter:data1\" content=\"Guilherme Rocha\" \/>\n\t<meta name=\"twitter:label2\" content=\"Est. tempo de leitura\" \/>\n\t<meta name=\"twitter:data2\" content=\"4 minutos\" \/>\n<script type=\"application\/ld+json\" class=\"yoast-schema-graph\">{\"@context\":\"https:\/\/schema.org\",\"@graph\":[{\"@type\":\"WebSite\",\"@id\":\"https:\/\/franciscanos.org.br\/noticias\/#website\",\"url\":\"https:\/\/franciscanos.org.br\/noticias\/\",\"name\":\"Not\u00edcias - Franciscanos\",\"description\":\"Prov\u00edncia Franciscana da Imaculada Concei\u00e7\u00e3o do Brasil - Ordem dos Frades Menores - OFM\",\"potentialAction\":[{\"@type\":\"SearchAction\",\"target\":{\"@type\":\"EntryPoint\",\"urlTemplate\":\"https:\/\/franciscanos.org.br\/noticias\/?s={search_term_string}\"},\"query-input\":\"required name=search_term_string\"}],\"inLanguage\":\"pt-BR\"},{\"@type\":\"ImageObject\",\"inLanguage\":\"pt-BR\",\"@id\":\"https:\/\/franciscanos.org.br\/noticias\/o-trabalho-a-luz-da-fe-e-o-testemunho-de-sao-jose-operario.html#primaryimage\",\"url\":\"https:\/\/franciscanos.org.br\/noticias\/wp-content\/uploads\/2026\/04\/jose_trabalho_30-768x411-1.jpg\",\"contentUrl\":\"https:\/\/franciscanos.org.br\/noticias\/wp-content\/uploads\/2026\/04\/jose_trabalho_30-768x411-1.jpg\",\"width\":768,\"height\":411},{\"@type\":\"WebPage\",\"@id\":\"https:\/\/franciscanos.org.br\/noticias\/o-trabalho-a-luz-da-fe-e-o-testemunho-de-sao-jose-operario.html#webpage\",\"url\":\"https:\/\/franciscanos.org.br\/noticias\/o-trabalho-a-luz-da-fe-e-o-testemunho-de-sao-jose-operario.html\",\"name\":\"O trabalho \u00e0 luz da f\u00e9 e o testemunho de S\u00e3o Jos\u00e9 Oper\u00e1rio - Not\u00edcias - Franciscanos\",\"isPartOf\":{\"@id\":\"https:\/\/franciscanos.org.br\/noticias\/#website\"},\"primaryImageOfPage\":{\"@id\":\"https:\/\/franciscanos.org.br\/noticias\/o-trabalho-a-luz-da-fe-e-o-testemunho-de-sao-jose-operario.html#primaryimage\"},\"datePublished\":\"2026-05-01T09:00:56+00:00\",\"dateModified\":\"2026-04-30T15:18:12+00:00\",\"author\":{\"@id\":\"https:\/\/franciscanos.org.br\/noticias\/#\/schema\/person\/69bb4cd273a2528548b63cccab4980a0\"},\"breadcrumb\":{\"@id\":\"https:\/\/franciscanos.org.br\/noticias\/o-trabalho-a-luz-da-fe-e-o-testemunho-de-sao-jose-operario.html#breadcrumb\"},\"inLanguage\":\"pt-BR\",\"potentialAction\":[{\"@type\":\"ReadAction\",\"target\":[\"https:\/\/franciscanos.org.br\/noticias\/o-trabalho-a-luz-da-fe-e-o-testemunho-de-sao-jose-operario.html\"]}]},{\"@type\":\"BreadcrumbList\",\"@id\":\"https:\/\/franciscanos.org.br\/noticias\/o-trabalho-a-luz-da-fe-e-o-testemunho-de-sao-jose-operario.html#breadcrumb\",\"itemListElement\":[{\"@type\":\"ListItem\",\"position\":1,\"name\":\"Home\",\"item\":\"https:\/\/franciscanos.org.br\/noticias\"},{\"@type\":\"ListItem\",\"position\":2,\"name\":\"O trabalho \u00e0 luz da f\u00e9 e o testemunho de S\u00e3o Jos\u00e9 Oper\u00e1rio\"}]},{\"@type\":\"Person\",\"@id\":\"https:\/\/franciscanos.org.br\/noticias\/#\/schema\/person\/69bb4cd273a2528548b63cccab4980a0\",\"name\":\"Guilherme Rocha\",\"image\":{\"@type\":\"ImageObject\",\"inLanguage\":\"pt-BR\",\"@id\":\"https:\/\/franciscanos.org.br\/noticias\/#\/schema\/person\/image\/\",\"url\":\"https:\/\/secure.gravatar.com\/avatar\/e480fee2377f81af36f6990ed742592a?s=96&d=mm&r=g\",\"contentUrl\":\"https:\/\/secure.gravatar.com\/avatar\/e480fee2377f81af36f6990ed742592a?s=96&d=mm&r=g\",\"caption\":\"Guilherme Rocha\"},\"url\":\"https:\/\/franciscanos.org.br\/noticias\/author\/guilhermerocha\"}]}<\/script>\n<!-- \/ Yoast SEO plugin. -->","yoast_head_json":{"title":"O trabalho \u00e0 luz da f\u00e9 e o testemunho de S\u00e3o Jos\u00e9 Oper\u00e1rio - Not\u00edcias - Franciscanos","robots":{"index":"index","follow":"follow","max-snippet":"max-snippet:-1","max-image-preview":"max-image-preview:large","max-video-preview":"max-video-preview:-1"},"canonical":"https:\/\/franciscanos.org.br\/noticias\/o-trabalho-a-luz-da-fe-e-o-testemunho-de-sao-jose-operario.html","og_locale":"pt_BR","og_type":"article","og_title":"O trabalho \u00e0 luz da f\u00e9 e o testemunho de S\u00e3o Jos\u00e9 Oper\u00e1rio - Not\u00edcias - Franciscanos","og_description":"Sociedade e F\u00e9","og_url":"https:\/\/franciscanos.org.br\/noticias\/o-trabalho-a-luz-da-fe-e-o-testemunho-de-sao-jose-operario.html","og_site_name":"Not\u00edcias - Franciscanos","article_published_time":"2026-05-01T09:00:56+00:00","article_modified_time":"2026-04-30T15:18:12+00:00","og_image":[{"width":768,"height":411,"url":"https:\/\/franciscanos.org.br\/noticias\/wp-content\/uploads\/2026\/04\/jose_trabalho_30-768x411-1.jpg","type":"image\/jpeg"}],"author":"Guilherme Rocha","twitter_card":"summary_large_image","twitter_misc":{"Escrito por":"Guilherme Rocha","Est. tempo de leitura":"4 minutos"},"schema":{"@context":"https:\/\/schema.org","@graph":[{"@type":"WebSite","@id":"https:\/\/franciscanos.org.br\/noticias\/#website","url":"https:\/\/franciscanos.org.br\/noticias\/","name":"Not\u00edcias - Franciscanos","description":"Prov\u00edncia Franciscana da Imaculada Concei\u00e7\u00e3o do Brasil - Ordem dos Frades Menores - OFM","potentialAction":[{"@type":"SearchAction","target":{"@type":"EntryPoint","urlTemplate":"https:\/\/franciscanos.org.br\/noticias\/?s={search_term_string}"},"query-input":"required name=search_term_string"}],"inLanguage":"pt-BR"},{"@type":"ImageObject","inLanguage":"pt-BR","@id":"https:\/\/franciscanos.org.br\/noticias\/o-trabalho-a-luz-da-fe-e-o-testemunho-de-sao-jose-operario.html#primaryimage","url":"https:\/\/franciscanos.org.br\/noticias\/wp-content\/uploads\/2026\/04\/jose_trabalho_30-768x411-1.jpg","contentUrl":"https:\/\/franciscanos.org.br\/noticias\/wp-content\/uploads\/2026\/04\/jose_trabalho_30-768x411-1.jpg","width":768,"height":411},{"@type":"WebPage","@id":"https:\/\/franciscanos.org.br\/noticias\/o-trabalho-a-luz-da-fe-e-o-testemunho-de-sao-jose-operario.html#webpage","url":"https:\/\/franciscanos.org.br\/noticias\/o-trabalho-a-luz-da-fe-e-o-testemunho-de-sao-jose-operario.html","name":"O trabalho \u00e0 luz da f\u00e9 e o testemunho de S\u00e3o Jos\u00e9 Oper\u00e1rio - Not\u00edcias - Franciscanos","isPartOf":{"@id":"https:\/\/franciscanos.org.br\/noticias\/#website"},"primaryImageOfPage":{"@id":"https:\/\/franciscanos.org.br\/noticias\/o-trabalho-a-luz-da-fe-e-o-testemunho-de-sao-jose-operario.html#primaryimage"},"datePublished":"2026-05-01T09:00:56+00:00","dateModified":"2026-04-30T15:18:12+00:00","author":{"@id":"https:\/\/franciscanos.org.br\/noticias\/#\/schema\/person\/69bb4cd273a2528548b63cccab4980a0"},"breadcrumb":{"@id":"https:\/\/franciscanos.org.br\/noticias\/o-trabalho-a-luz-da-fe-e-o-testemunho-de-sao-jose-operario.html#breadcrumb"},"inLanguage":"pt-BR","potentialAction":[{"@type":"ReadAction","target":["https:\/\/franciscanos.org.br\/noticias\/o-trabalho-a-luz-da-fe-e-o-testemunho-de-sao-jose-operario.html"]}]},{"@type":"BreadcrumbList","@id":"https:\/\/franciscanos.org.br\/noticias\/o-trabalho-a-luz-da-fe-e-o-testemunho-de-sao-jose-operario.html#breadcrumb","itemListElement":[{"@type":"ListItem","position":1,"name":"Home","item":"https:\/\/franciscanos.org.br\/noticias"},{"@type":"ListItem","position":2,"name":"O trabalho \u00e0 luz da f\u00e9 e o testemunho de S\u00e3o Jos\u00e9 Oper\u00e1rio"}]},{"@type":"Person","@id":"https:\/\/franciscanos.org.br\/noticias\/#\/schema\/person\/69bb4cd273a2528548b63cccab4980a0","name":"Guilherme Rocha","image":{"@type":"ImageObject","inLanguage":"pt-BR","@id":"https:\/\/franciscanos.org.br\/noticias\/#\/schema\/person\/image\/","url":"https:\/\/secure.gravatar.com\/avatar\/e480fee2377f81af36f6990ed742592a?s=96&d=mm&r=g","contentUrl":"https:\/\/secure.gravatar.com\/avatar\/e480fee2377f81af36f6990ed742592a?s=96&d=mm&r=g","caption":"Guilherme Rocha"},"url":"https:\/\/franciscanos.org.br\/noticias\/author\/guilhermerocha"}]}},"_links":{"self":[{"href":"https:\/\/franciscanos.org.br\/noticias\/wp-json\/wp\/v2\/posts\/266712"}],"collection":[{"href":"https:\/\/franciscanos.org.br\/noticias\/wp-json\/wp\/v2\/posts"}],"about":[{"href":"https:\/\/franciscanos.org.br\/noticias\/wp-json\/wp\/v2\/types\/post"}],"author":[{"embeddable":true,"href":"https:\/\/franciscanos.org.br\/noticias\/wp-json\/wp\/v2\/users\/15"}],"replies":[{"embeddable":true,"href":"https:\/\/franciscanos.org.br\/noticias\/wp-json\/wp\/v2\/comments?post=266712"}],"version-history":[{"count":9,"href":"https:\/\/franciscanos.org.br\/noticias\/wp-json\/wp\/v2\/posts\/266712\/revisions"}],"predecessor-version":[{"id":266723,"href":"https:\/\/franciscanos.org.br\/noticias\/wp-json\/wp\/v2\/posts\/266712\/revisions\/266723"}],"wp:featuredmedia":[{"embeddable":true,"href":"https:\/\/franciscanos.org.br\/noticias\/wp-json\/wp\/v2\/media\/266713"}],"wp:attachment":[{"href":"https:\/\/franciscanos.org.br\/noticias\/wp-json\/wp\/v2\/media?parent=266712"}],"wp:term":[{"taxonomy":"category","embeddable":true,"href":"https:\/\/franciscanos.org.br\/noticias\/wp-json\/wp\/v2\/categories?post=266712"},{"taxonomy":"post_tag","embeddable":true,"href":"https:\/\/franciscanos.org.br\/noticias\/wp-json\/wp\/v2\/tags?post=266712"}],"curies":[{"name":"wp","href":"https:\/\/api.w.org\/{rel}","templated":true}]}}