{"id":26670,"date":"2012-11-14T07:58:37","date_gmt":"2012-11-14T09:58:37","guid":{"rendered":"http:\/\/new.franciscanos.org.br\/?p=26670"},"modified":"2019-07-02T14:02:38","modified_gmt":"2019-07-02T17:02:38","slug":"anjos-natalinos-meditacoes-entre-os-lancamentos","status":"publish","type":"post","link":"https:\/\/franciscanos.org.br\/noticias\/anjos-natalinos-meditacoes-entre-os-lancamentos.html","title":{"rendered":"\u201cAnjos Natalinos &#8211; Medita\u00e7\u00f5es\u201d entre os lan\u00e7amentos"},"content":{"rendered":"<h4><img loading=\"lazy\" class=\"alignright size-full wp-image-28498\" title=\"Jesus como Terapeuta\" src=\"http:\/\/franciscanos.org.br\/wp-content\/uploads\/2012\/11\/4243_141112.jpg\" alt=\"\" width=\"450\" height=\"686\" \/><\/h4>\n<p>Entre os \u00faltimos lan\u00e7amentos da Editora Vozes, que neste ano completa 111 anos de funda\u00e7\u00e3o e tem sede em Petr\u00f3polis (RJ), est\u00e1 o livro \u201cAnjos Natalinos &#8211; Medita\u00e7\u00f5es\u201d.<\/p>\n<p>No tempo do Natal os anjos desempenham um papel de grande import\u00e2ncia. Nesta obra, Anselm Gr\u00fcn segue os vest\u00edgios dos anjos ao longo das narrativas do Novo Testamento, esclarecendo seu significado e os efeitos de sua a\u00e7\u00e3o. Nestes textos de medita\u00e7\u00e3o ele nos convida a receber a mensagem dos anjos de cora\u00e7\u00e3o leve e desapegado.<\/p>\n<h4>Anjos Natalinos &#8211; Medita\u00e7\u00f5es<\/h4>\n<p><strong>ISBN:<\/strong>\u00a09788532644244<br \/>\n112 p\u00e1ginas<br \/>\n<strong>Pre\u00e7o:<\/strong>\u00a0R$ 23,00<br \/>\n<strong>autor:<\/strong>\u00a0Anselm Grun<br \/>\n<strong>Peso:<\/strong>\u00a0158 gramas<br \/>\n1\u00aa edi\u00e7\u00e3o<br \/>\n<strong>Assunto:<\/strong>\u00a0Espiritualidade e M\u00edstica<\/p>\n<h4>Jesus como Terapeuta &#8211; O poder curador das palavras<\/h4>\n<p><strong>ISBN:<\/strong> 9788532643988<br \/>\n208 p\u00e1ginas<br \/>\n<strong>Pre\u00e7o:<\/strong> R$ 23,00<br \/>\n<strong>autor:<\/strong> Anselm Gr\u00fcn<br \/>\n<strong>Peso:<\/strong> 262 gramas<br \/>\n1\u00aa edi\u00e7\u00e3o<br \/>\n<strong>Assunto:<\/strong> Nobilis<\/p>\n<p><em>Para al\u00e9m de suas a\u00e7\u00f5es e seus milagres, encontramos a sabedoria terap\u00eautica de Jesus tamb\u00e9m em suas palavras, que n\u00e3o s\u00e3o precipuamente moralizadoras, mas palavras que curam. Mesmo quando Jesus n\u00e3o conta par\u00e1bolas ou hist\u00f3rias, ele se dirige \u00e0s pessoas de forma que suas palavras abrem nossos olhos para a verdade da nossa vida. Assim, ele procura nos levar a outro n\u00edvel: a um n\u00edvel onde as palavras nocivas de outras pessoas n\u00e3o mais nos atingem e onde n\u00f3s podemos nos sentir como pessoas acolhidas em Deus. Gr\u00fcn escreve este livro para todos que acompanham outros em seu caminho espiritual. Pois esses profissionais tamb\u00e9m podem aprender com os m\u00e9todos terap\u00eauticos de Jesus.<\/em><\/p>\n<h4>Arte de liderar pessoas (A)<\/h4>\n<p><strong>ISBN:<\/strong> 9788532644008<br \/>\n294 p\u00e1ginas<br \/>\n<strong>Pre\u00e7o:<\/strong> R$ 23,00<br \/>\n<strong>autor:<\/strong> Notker Wolf e Enrica Rosanna<br \/>\n<strong>Peso:<\/strong> 262 gramas<br \/>\n1\u00aa edi\u00e7\u00e3o<br \/>\n<strong>Assunto:<\/strong> Nobilis<\/p>\n<p><em>Onde quer que se trate de pessoas, a gest\u00e3o deve se transformar em lideran\u00e7a. Mas \u00e9 poss\u00edvel aprender a liderar pessoas? O que caracteriza a boa lideran\u00e7a? Quais s\u00e3o as diferen\u00e7as entre um estilo de lideran\u00e7a masculino e um estilo de lideran\u00e7a feminino? O Abade Primaz da Ordem dos Beneditinos Notker Wolf e a Irm\u00e3 Enrica Rosanna, vice-secret\u00e1ria da Congrega\u00e7\u00e3o da Ordem Vaticana, se propuseram, neste livro a responder a estas e outras quest\u00f5es relacionadas com seu dia a dia enquanto l\u00edderes de milhares de pessoas. Com base em suas pr\u00f3prias experi\u00eancias em posi\u00e7\u00f5es significativas de lideran\u00e7a eles esclarecem enganos muito difundidos e mostram o que realmente importa na lideran\u00e7a de pessoas &#8211; n\u00e3o apenas nas empresas, mas tamb\u00e9m na pol\u00edtica, nas escolas e em \u00e2mbito familiar.<\/em><\/p>\n<h4>Nossa Senhora da Penha &#8211; Invocada para a sa\u00fade dos entes queridos<\/h4>\n<p><strong>ISBN:<\/strong> 9788532644121<br \/>\n32 p\u00e1ginas<br \/>\n<strong>Pre\u00e7o:<\/strong> R$ 4,40<br \/>\n<strong>autor:<\/strong> Elam de Almeida Pimentel<br \/>\n<strong>Peso:<\/strong> 18 gramas<br \/>\n1\u00aa edi\u00e7\u00e3o<br \/>\n<strong>Assunto:<\/strong> Teologia sistem\u00e1tica<\/p>\n<p><em>Nossa Senhora da Penha ou Nossa Senhora da Penha de Fran\u00e7a \u00e9 um dos nomes que recebe Maria, M\u00e3e de Jesus, que apareceu a Sim\u00e3o Vela, no norte da Espanha, numa serra chamada Penha de Fran\u00e7a. Este livrinho cont\u00e9m o hist\u00f3rico da devo\u00e7\u00e3o a Nossa Senhora da Penha, sua novena, ora\u00e7\u00e3o e ladainha. Apresenta tamb\u00e9m breves passagens b\u00edblicas e dos Evangelhos, seguidas de uma ora\u00e7\u00e3o para o pedido da gra\u00e7a especial, acompanhada de um Pai-Nosso, uma Ave-Maria e um Gl\u00f3ria ao Pai.<\/em><\/p>\n<h4>Corpo-Inf\u00e2ncia &#8211; Exerc\u00edcios tensos de ser crian\u00e7a; Por outras pedagogias dos corpos<\/h4>\n<p><strong>ISBN:<\/strong> 9788532644114<br \/>\n376 p\u00e1ginas<br \/>\n<strong>Pre\u00e7o:<\/strong> R$ 50,00<br \/>\n<strong>autor:<\/strong> Miguel G. Arroyo e Maur\u00edcio Roberto da Silva (Orgs)<br \/>\n<strong>Peso:<\/strong> 514 gramas<br \/>\n1\u00aa edi\u00e7\u00e3o<br \/>\n<strong>Assunto:<\/strong> Educa\u00e7\u00e3o e pedagogia<\/p>\n<p><em>Este \u00e9 um livro pioneiro sobre o corpo na inf\u00e2ncia. Esta colet\u00e2nea traz a possibilidade de analisar o corpo e a aus\u00eancia do corpo na educa\u00e7\u00e3o das crian\u00e7as, denunciando a separa\u00e7\u00e3o corpo-mente na nossa sociedade, a antagoniza\u00e7\u00e3o das culturas l\u00fadicas e das culturas da escrita, a separa\u00e7\u00e3o do pensar e do fazer, do planejar e construir. As pesquisas que o livro traz &#8211; algumas em curso &#8211; s\u00e3o avan\u00e7os importantes no conhecimento que agora se desbrava, visando superar os impasses do biopsicologismo e do culturalismo desencarnado, ainda dominantes.<\/em><\/p>\n<h4>Projeto Educativo Escolar<\/h4>\n<p><strong>ISBN:<\/strong> 9788532644077<br \/>\n320 p\u00e1ginas<br \/>\n<strong>Pre\u00e7o:<\/strong> R$ 42,00<br \/>\n<strong>autor:<\/strong> Jos\u00e9 Camilo dos Santos Filho (Org)<br \/>\n<strong>Peso:<\/strong> 442 gramas<br \/>\n1\u00aa edi\u00e7\u00e3o<br \/>\n<strong>Assunto:<\/strong> Educa\u00e7\u00e3o e pedagogia<\/p>\n<p><em>H\u00e1 mais de dez anos a nova LDB estabeleceu a exig\u00eancia legal e a pol\u00edtica educacional que passaram a cobrar a pr\u00e1tica da organiza\u00e7\u00e3o curricular das escolas, fundada na elabora\u00e7\u00e3o do Projeto Educativo Escolar, ou do Projeto Pol\u00edtico-Pedag\u00f3gico, segundo a terminologia em uso em alguns estados. Apesar do decurso desse tempo, a inova\u00e7\u00e3o curricular das escolas brasileiras ainda vem demonstrando pouca efic\u00e1cia pedag\u00f3gica para o aprimoramento da qualidade da educa\u00e7\u00e3o do pa\u00eds. Dividido em tr\u00eas partes complementares, o livro tem o intuito de contribuir para o aprofundamento dos conhecimentos sobre Projeto Educativo Escolar, para o debate sobre as condi\u00e7\u00f5es efetivas de sua efic\u00e1cia e para o aprimoramento de sua pr\u00e1tica.<\/em><\/p>\n<h4>Dez Li\u00e7\u00f5es sobre Hume<\/h4>\n<p><strong>ISBN:<\/strong> 9788532644015<br \/>\n168 p\u00e1ginas<br \/>\n<strong>Pre\u00e7o:<\/strong> R$ 10,00<br \/>\n<strong>autor:<\/strong> Marconi Pequeno<br \/>\n<strong>Peso:<\/strong> 128 gramas<br \/>\n1\u00aa edi\u00e7\u00e3o<br \/>\n<strong>Assunto:<\/strong> Filosofia<br \/>\n<strong>Cole\u00e7\u00e3o:<\/strong> 10 Li\u00e7\u00f5es<\/p>\n<p><em>A presente obra tem in\u00edcio com a apresenta\u00e7\u00e3o da biografia intelectual de Hume para, em seguida, destacar a import\u00e2ncia que ele assume na hist\u00f3ria da filosofia. Nestas li\u00e7\u00f5es, o autor exp\u00f5e os elementos de base da Teoria do Conhecimento de Hume, destacando o empirismo, o ceticismo e a cr\u00edtica do fil\u00f3sofo \u00e0 ideia de causalidade como infer\u00eancia na raz\u00e3o.<\/em><\/p>\n<h4>Contar Hist\u00f3rias &#8211; A arte de brincar com as palavras<\/h4>\n<p><strong>ISBN:<\/strong> 9788532644060<br \/>\n128 p\u00e1ginas<br \/>\n<strong>Pre\u00e7o:<\/strong> R$ 18,00<br \/>\n<strong>autor:<\/strong> Fabiano Moraes<br \/>\n<strong>Peso:<\/strong> 140 gramas<br \/>\n1\u00aa edi\u00e7\u00e3o<br \/>\n<strong>Assunto:<\/strong> Educa\u00e7\u00e3o e pedagogia<\/p>\n<p><em>O livro apresenta, de maneira l\u00fadica e bem fundamentada, o processo criativo inerente ao ato de narrar, abordando, a partir de viv\u00eancias embasadas em subs\u00eddios te\u00f3ricos e em recursos t\u00e9cnicos, os processos de memoriza\u00e7\u00e3o e de criatividade a serem desenvolvidas para a pr\u00e1tica de contar hist\u00f3rias. A obra \u00e9, portanto, um convite ao leitor para que ingresse nos dom\u00ednios da bela e milenar arte de brincar com as palavras.<\/em><\/p>\n<h4>Outros sujeitos, outras pedagogias<\/h4>\n<p><strong>ISBN:<\/strong> 9788532644480<br \/>\n336 p\u00e1ginas<br \/>\n<strong>Pre\u00e7o:<\/strong> R$ 40,00<br \/>\n<strong>autor:<\/strong> Miguel G. Arroyo<br \/>\n<strong>Peso:<\/strong> 460 gramas<br \/>\n1\u00aa edi\u00e7\u00e3o<br \/>\n<strong>Assunto:<\/strong> Educa\u00e7\u00e3o e pedagogia<\/p>\n<p><em>Quando os Sujeitos da a\u00e7\u00e3o educativa s\u00e3o Outros as concep\u00e7\u00f5es pedag\u00f3gicas que orientam as pr\u00e1ticas da educa\u00e7\u00e3o escolar ou popular s\u00e3o obrigadas a ser Outras. No sistema escolar, aumenta a consci\u00eancia de que os educandos(as) s\u00e3o outros. No Estado, suas institui\u00e7\u00f5es e pol\u00edticas aumenta a consci\u00eancia de que os grupos populares, os trabalhadores do campo e das cidades s\u00e3o Outros, mais organizados, conscientes e exigentes de seus direitos. Em que processos educativos aprenderam e se formaram como outros sujeitos? Trazem Outras Pedagogias para o pensamento educacional? Como reconhecer e incorporar nas pr\u00e1ticas da doc\u00eancia e da milit\u00e2ncia as pedagogias e os processos de sua forma\u00e7\u00e3o? A hist\u00f3ria da educa\u00e7\u00e3o tem reconhecido essas pedagogias? Quest\u00f5es postas pela diversidade de coletivos em movimentos e pelas crian\u00e7as e adolescentes, jovens e adultos populares que chegam \u00e0s escolas e \u00e0s universidades.<\/em><\/p>\n<h4>Educa\u00e7\u00e3o F\u00edsica &#8211; Metodologia global e participativa<\/h4>\n<p><strong>ISBN:<\/strong> 9788532643933<br \/>\n200 p\u00e1ginas<br \/>\n<strong>Pre\u00e7o:<\/strong> R$ 35,00<br \/>\n<strong>Autor:<\/strong> Manuel L\u00f3pez de La Nieta<br \/>\n<strong>Peso:<\/strong> 288 gramas<br \/>\n1\u00aa edi\u00e7\u00e3o<br \/>\n<strong>Assunto:<\/strong> Educa\u00e7\u00e3o e pedagogia<\/p>\n<p><em>O livro desenvolve uma metodologia para a Educa\u00e7\u00e3o F\u00edsica que o autor chama de global e participativa, com justifica\u00e7\u00e3o t\u00e9cnica e exemplos pr\u00e1ticos. Podemos enquadr\u00e1-la dentro dos modelos ou racionalidade, nas perspectivas pr\u00e1tica e sociocr\u00edtica, nos quais prevalecem o desenvolvimento individual e pessoal dos alunos, sua atividade criativa e o trabalho em equipe.<\/em><\/p>\n<h4>Oitenta atividades de coopera\u00e7\u00e3o para aprender em equipe<\/h4>\n<p><strong>ISBN:<\/strong> 9788532644046<br \/>\n152 p\u00e1ginas<br \/>\n<strong>Pre\u00e7o:<\/strong> R$ 23,00<br \/>\n<strong>Autor:<\/strong> Catherine Vialles<br \/>\n<strong>Peso:<\/strong> 172 gramas<br \/>\n1\u00aa edi\u00e7\u00e3o<br \/>\n<strong>Assunto:<\/strong> Din\u00e2micas e jogos<\/p>\n<p><em>Esta \u00e9 uma obra de car\u00e1ter pragm\u00e1tico e que coloca as atividades de coopera\u00e7\u00e3o no primeiro plano, como complemento das aprendizagens tradicionais, para superar um sistema educativo baseado na competi\u00e7\u00e3o.<\/em><\/p>\n<h4>De top model a ex-obesa &#8211; Uma rela\u00e7\u00e3o \u00edntima com a balan\u00e7a, Um relato n\u00e3o m\u00e9dico sobre a obesidade no Brasil<\/h4>\n<p><strong>ISBN:<\/strong> 9788566234008<br \/>\n176 p\u00e1ginas<br \/>\n<strong>Pre\u00e7o:<\/strong> R$ 43,00<br \/>\n<strong>autor:<\/strong> Janete Le\u00e3o Ferraz<br \/>\n<strong>Peso:<\/strong> 290 gramas<br \/>\n1\u00aa edi\u00e7\u00e3o<br \/>\n<strong>Assunto:<\/strong> Sa\u00fade<br \/>\n<strong>Selo:<\/strong> Ferraz&amp;Cortella<\/p>\n<p><em>O livro conta a hist\u00f3ria da pr\u00f3pria autora que, depois dos 35 anos de idade, com a vida corrida equilibrando a casa, a fam\u00edlia e o trabalho, mergulhou no efeito sanfona e na rotina de mil e um regimes e idas ao spa para emagrecer. Enfrentou uma luta sem tr\u00e9gua contra a Obesidade M\u00f3rbida, quando comia compulsivamente chegando a pesar 135 kg. Em 2004 realizou uma cirurgia e trilhou o caminho do controle. Agora, com resultados consolidados, ela conta sua hist\u00f3ria de vida que emociona obesos e n\u00e3o obesos.<\/em><\/p>\n<h4>Da Reviravolta dos Valores &#8211; Ensaios e Artigos<\/h4>\n<p><strong>ISBN:<\/strong> 9788532611611<br \/>\n184 p\u00e1ginas<br \/>\n<strong>Pre\u00e7o:<\/strong> R$ 30,00<br \/>\n<strong>autor:<\/strong> Max Scheler<br \/>\n<strong>Peso<\/strong>: 234 gramas<br \/>\n2\u00aa edi\u00e7\u00e3o<br \/>\n<strong>Assunto:<\/strong> Filosofia<br \/>\n<strong>Cole\u00e7\u00e3o:<\/strong> Pensamento humano<\/p>\n<p><em>Nesta edi\u00e7\u00e3o encontram-se dois textos: &#8220;Para a reabilita\u00e7\u00e3o do conceito de virtude&#8221; e &#8220;O ressentimento na constru\u00e7\u00e3o das morais&#8221;. Estes textos se nutrem do esp\u00edrito da fenomenologia: a apreens\u00e3o dos fen\u00f4menos em conson\u00e2ncia com o instante origin\u00e1rio de seu aparecer. Neste sentido, os textos s\u00e3o marcados por uma &#8220;copertin\u00eancia&#8221; radical com as quest\u00f5es que v\u00e3o se apresentando, alcan\u00e7ando junto ao solo pr\u00f3prio em que estas quest\u00f5es surgem.<\/em><\/p>\n<h4>Como ensinar bem e avaliar melhor<\/h4>\n<p><strong>ISBN:<\/strong> 9788532643896<br \/>\n104 p\u00e1ginas<br \/>\n<strong>Pre\u00e7o:<\/strong> R$ 18,00<br \/>\n<strong>autor:<\/strong> Hamilton Werneck<br \/>\n<strong>Peso:<\/strong> 98 gramas<br \/>\n10\u00aa edi\u00e7\u00e3o<br \/>\n<strong>Assunto:<\/strong> Educa\u00e7\u00e3o e pedagogia<\/p>\n<p><em>A quest\u00e3o da avalia\u00e7\u00e3o est\u00e1 muito mais ligada ao ato de ensinar em si, onde o bom professor, aquele que sabe ensinar, passa a ter problemas menores ao avaliar. Assim, o livro prioriza a quest\u00e3o do ensinar bem e que est\u00e1 intimamente ligada ao avaliar melhor, dando enfoque aos professores-avaliadores.<\/em><\/p>\n<h4>Caminho do cora\u00e7\u00e3o (O) &#8211; A espiritualidade dos Padres e Madres do Deserto<\/h4>\n<p><strong>ISBN:<\/strong> 9788532644084<br \/>\n96 p\u00e1ginas<br \/>\n<strong>Pre\u00e7o:<\/strong> R$ 18,00<br \/>\n<strong>autor:<\/strong> Henri Nouwen<br \/>\n<strong>Peso:<\/strong> 110 gramas<br \/>\n1\u00aa edi\u00e7\u00e3o<br \/>\n<strong>Assunto:<\/strong> Espiritualidade e M\u00edstica<\/p>\n<p><em>O livro tem como base os coment\u00e1rios espirituais e conselhos dos Padres e Madres do Deserto, crist\u00e3o que buscavam uma nova forma de mart\u00edrio. Solid\u00e3o, sil\u00eancio e ora\u00e7\u00e3o incessante configuram o conceito central da espiritualidade do deserto, que tem grande valor para n\u00f3s que vivemos situa\u00e7\u00f5es sempre novas e desafiadoras como crist\u00e3os.<\/em><\/p>\n","protected":false},"excerpt":{"rendered":"<p>Editora Vozes<\/p>\n","protected":false},"author":1,"featured_media":207133,"comment_status":"closed","ping_status":"open","sticky":false,"template":"","format":"standard","meta":[],"categories":[1],"tags":[238],"acf":[],"yoast_head":"<!-- This site is optimized with the Yoast SEO plugin v19.2 - https:\/\/yoast.com\/wordpress\/plugins\/seo\/ -->\n<title>\u201cAnjos Natalinos - Medita\u00e7\u00f5es\u201d entre os lan\u00e7amentos - Not\u00edcias - Franciscanos<\/title>\n<meta name=\"robots\" content=\"index, follow, max-snippet:-1, max-image-preview:large, max-video-preview:-1\" \/>\n<link rel=\"canonical\" href=\"https:\/\/franciscanos.org.br\/noticias\/anjos-natalinos-meditacoes-entre-os-lancamentos.html\" \/>\n<meta property=\"og:locale\" content=\"pt_BR\" \/>\n<meta property=\"og:type\" content=\"article\" \/>\n<meta property=\"og:title\" content=\"\u201cAnjos Natalinos - Medita\u00e7\u00f5es\u201d entre os lan\u00e7amentos - Not\u00edcias - Franciscanos\" \/>\n<meta property=\"og:description\" content=\"Editora Vozes\" \/>\n<meta property=\"og:url\" content=\"https:\/\/franciscanos.org.br\/noticias\/anjos-natalinos-meditacoes-entre-os-lancamentos.html\" \/>\n<meta property=\"og:site_name\" content=\"Not\u00edcias - Franciscanos\" \/>\n<meta property=\"article:published_time\" content=\"2012-11-14T09:58:37+00:00\" \/>\n<meta property=\"article:modified_time\" content=\"2019-07-02T17:02:38+00:00\" \/>\n<meta property=\"og:image\" content=\"https:\/\/franciscanos.org.br\/noticias\/wp-content\/uploads\/2012\/11\/anselm.jpg\" \/>\n\t<meta property=\"og:image:width\" content=\"273\" \/>\n\t<meta property=\"og:image:height\" content=\"181\" \/>\n\t<meta property=\"og:image:type\" content=\"image\/jpeg\" \/>\n<meta name=\"author\" content=\"admin\" \/>\n<meta name=\"twitter:card\" content=\"summary_large_image\" \/>\n<meta name=\"twitter:label1\" content=\"Escrito por\" \/>\n\t<meta name=\"twitter:data1\" content=\"admin\" \/>\n\t<meta name=\"twitter:label2\" content=\"Est. tempo de leitura\" \/>\n\t<meta name=\"twitter:data2\" content=\"9 minutos\" \/>\n<script type=\"application\/ld+json\" class=\"yoast-schema-graph\">{\"@context\":\"https:\/\/schema.org\",\"@graph\":[{\"@type\":\"WebSite\",\"@id\":\"https:\/\/franciscanos.org.br\/noticias\/#website\",\"url\":\"https:\/\/franciscanos.org.br\/noticias\/\",\"name\":\"Not\u00edcias - Franciscanos\",\"description\":\"Prov\u00edncia Franciscana da Imaculada Concei\u00e7\u00e3o do Brasil - Ordem dos Frades Menores - OFM\",\"potentialAction\":[{\"@type\":\"SearchAction\",\"target\":{\"@type\":\"EntryPoint\",\"urlTemplate\":\"https:\/\/franciscanos.org.br\/noticias\/?s={search_term_string}\"},\"query-input\":\"required name=search_term_string\"}],\"inLanguage\":\"pt-BR\"},{\"@type\":\"ImageObject\",\"inLanguage\":\"pt-BR\",\"@id\":\"https:\/\/franciscanos.org.br\/noticias\/anjos-natalinos-meditacoes-entre-os-lancamentos.html#primaryimage\",\"url\":\"https:\/\/franciscanos.org.br\/noticias\/wp-content\/uploads\/2012\/11\/anselm.jpg\",\"contentUrl\":\"https:\/\/franciscanos.org.br\/noticias\/wp-content\/uploads\/2012\/11\/anselm.jpg\",\"width\":273,\"height\":181},{\"@type\":\"WebPage\",\"@id\":\"https:\/\/franciscanos.org.br\/noticias\/anjos-natalinos-meditacoes-entre-os-lancamentos.html#webpage\",\"url\":\"https:\/\/franciscanos.org.br\/noticias\/anjos-natalinos-meditacoes-entre-os-lancamentos.html\",\"name\":\"\u201cAnjos Natalinos - Medita\u00e7\u00f5es\u201d entre os lan\u00e7amentos - Not\u00edcias - Franciscanos\",\"isPartOf\":{\"@id\":\"https:\/\/franciscanos.org.br\/noticias\/#website\"},\"primaryImageOfPage\":{\"@id\":\"https:\/\/franciscanos.org.br\/noticias\/anjos-natalinos-meditacoes-entre-os-lancamentos.html#primaryimage\"},\"datePublished\":\"2012-11-14T09:58:37+00:00\",\"dateModified\":\"2019-07-02T17:02:38+00:00\",\"author\":{\"@id\":\"https:\/\/franciscanos.org.br\/noticias\/#\/schema\/person\/b38fbf43118f02820bd932f2e4b14ad3\"},\"breadcrumb\":{\"@id\":\"https:\/\/franciscanos.org.br\/noticias\/anjos-natalinos-meditacoes-entre-os-lancamentos.html#breadcrumb\"},\"inLanguage\":\"pt-BR\",\"potentialAction\":[{\"@type\":\"ReadAction\",\"target\":[\"https:\/\/franciscanos.org.br\/noticias\/anjos-natalinos-meditacoes-entre-os-lancamentos.html\"]}]},{\"@type\":\"BreadcrumbList\",\"@id\":\"https:\/\/franciscanos.org.br\/noticias\/anjos-natalinos-meditacoes-entre-os-lancamentos.html#breadcrumb\",\"itemListElement\":[{\"@type\":\"ListItem\",\"position\":1,\"name\":\"Home\",\"item\":\"https:\/\/franciscanos.org.br\/noticias\"},{\"@type\":\"ListItem\",\"position\":2,\"name\":\"\u201cAnjos Natalinos &#8211; Medita\u00e7\u00f5es\u201d entre os lan\u00e7amentos\"}]},{\"@type\":\"Person\",\"@id\":\"https:\/\/franciscanos.org.br\/noticias\/#\/schema\/person\/b38fbf43118f02820bd932f2e4b14ad3\",\"name\":\"admin\",\"image\":{\"@type\":\"ImageObject\",\"inLanguage\":\"pt-BR\",\"@id\":\"https:\/\/franciscanos.org.br\/noticias\/#\/schema\/person\/image\/\",\"url\":\"https:\/\/secure.gravatar.com\/avatar\/e8495742d34d0ba6448ea1c628263b3e?s=96&d=mm&r=g\",\"contentUrl\":\"https:\/\/secure.gravatar.com\/avatar\/e8495742d34d0ba6448ea1c628263b3e?s=96&d=mm&r=g\",\"caption\":\"admin\"},\"url\":\"https:\/\/franciscanos.org.br\/noticias\/author\/admin\"}]}<\/script>\n<!-- \/ Yoast SEO plugin. -->","yoast_head_json":{"title":"\u201cAnjos Natalinos - Medita\u00e7\u00f5es\u201d entre os lan\u00e7amentos - Not\u00edcias - Franciscanos","robots":{"index":"index","follow":"follow","max-snippet":"max-snippet:-1","max-image-preview":"max-image-preview:large","max-video-preview":"max-video-preview:-1"},"canonical":"https:\/\/franciscanos.org.br\/noticias\/anjos-natalinos-meditacoes-entre-os-lancamentos.html","og_locale":"pt_BR","og_type":"article","og_title":"\u201cAnjos Natalinos - Medita\u00e7\u00f5es\u201d entre os lan\u00e7amentos - Not\u00edcias - Franciscanos","og_description":"Editora Vozes","og_url":"https:\/\/franciscanos.org.br\/noticias\/anjos-natalinos-meditacoes-entre-os-lancamentos.html","og_site_name":"Not\u00edcias - Franciscanos","article_published_time":"2012-11-14T09:58:37+00:00","article_modified_time":"2019-07-02T17:02:38+00:00","og_image":[{"width":273,"height":181,"url":"https:\/\/franciscanos.org.br\/noticias\/wp-content\/uploads\/2012\/11\/anselm.jpg","type":"image\/jpeg"}],"author":"admin","twitter_card":"summary_large_image","twitter_misc":{"Escrito por":"admin","Est. tempo de leitura":"9 minutos"},"schema":{"@context":"https:\/\/schema.org","@graph":[{"@type":"WebSite","@id":"https:\/\/franciscanos.org.br\/noticias\/#website","url":"https:\/\/franciscanos.org.br\/noticias\/","name":"Not\u00edcias - Franciscanos","description":"Prov\u00edncia Franciscana da Imaculada Concei\u00e7\u00e3o do Brasil - Ordem dos Frades Menores - OFM","potentialAction":[{"@type":"SearchAction","target":{"@type":"EntryPoint","urlTemplate":"https:\/\/franciscanos.org.br\/noticias\/?s={search_term_string}"},"query-input":"required name=search_term_string"}],"inLanguage":"pt-BR"},{"@type":"ImageObject","inLanguage":"pt-BR","@id":"https:\/\/franciscanos.org.br\/noticias\/anjos-natalinos-meditacoes-entre-os-lancamentos.html#primaryimage","url":"https:\/\/franciscanos.org.br\/noticias\/wp-content\/uploads\/2012\/11\/anselm.jpg","contentUrl":"https:\/\/franciscanos.org.br\/noticias\/wp-content\/uploads\/2012\/11\/anselm.jpg","width":273,"height":181},{"@type":"WebPage","@id":"https:\/\/franciscanos.org.br\/noticias\/anjos-natalinos-meditacoes-entre-os-lancamentos.html#webpage","url":"https:\/\/franciscanos.org.br\/noticias\/anjos-natalinos-meditacoes-entre-os-lancamentos.html","name":"\u201cAnjos Natalinos - Medita\u00e7\u00f5es\u201d entre os lan\u00e7amentos - Not\u00edcias - Franciscanos","isPartOf":{"@id":"https:\/\/franciscanos.org.br\/noticias\/#website"},"primaryImageOfPage":{"@id":"https:\/\/franciscanos.org.br\/noticias\/anjos-natalinos-meditacoes-entre-os-lancamentos.html#primaryimage"},"datePublished":"2012-11-14T09:58:37+00:00","dateModified":"2019-07-02T17:02:38+00:00","author":{"@id":"https:\/\/franciscanos.org.br\/noticias\/#\/schema\/person\/b38fbf43118f02820bd932f2e4b14ad3"},"breadcrumb":{"@id":"https:\/\/franciscanos.org.br\/noticias\/anjos-natalinos-meditacoes-entre-os-lancamentos.html#breadcrumb"},"inLanguage":"pt-BR","potentialAction":[{"@type":"ReadAction","target":["https:\/\/franciscanos.org.br\/noticias\/anjos-natalinos-meditacoes-entre-os-lancamentos.html"]}]},{"@type":"BreadcrumbList","@id":"https:\/\/franciscanos.org.br\/noticias\/anjos-natalinos-meditacoes-entre-os-lancamentos.html#breadcrumb","itemListElement":[{"@type":"ListItem","position":1,"name":"Home","item":"https:\/\/franciscanos.org.br\/noticias"},{"@type":"ListItem","position":2,"name":"\u201cAnjos Natalinos &#8211; Medita\u00e7\u00f5es\u201d entre os lan\u00e7amentos"}]},{"@type":"Person","@id":"https:\/\/franciscanos.org.br\/noticias\/#\/schema\/person\/b38fbf43118f02820bd932f2e4b14ad3","name":"admin","image":{"@type":"ImageObject","inLanguage":"pt-BR","@id":"https:\/\/franciscanos.org.br\/noticias\/#\/schema\/person\/image\/","url":"https:\/\/secure.gravatar.com\/avatar\/e8495742d34d0ba6448ea1c628263b3e?s=96&d=mm&r=g","contentUrl":"https:\/\/secure.gravatar.com\/avatar\/e8495742d34d0ba6448ea1c628263b3e?s=96&d=mm&r=g","caption":"admin"},"url":"https:\/\/franciscanos.org.br\/noticias\/author\/admin"}]}},"_links":{"self":[{"href":"https:\/\/franciscanos.org.br\/noticias\/wp-json\/wp\/v2\/posts\/26670"}],"collection":[{"href":"https:\/\/franciscanos.org.br\/noticias\/wp-json\/wp\/v2\/posts"}],"about":[{"href":"https:\/\/franciscanos.org.br\/noticias\/wp-json\/wp\/v2\/types\/post"}],"author":[{"embeddable":true,"href":"https:\/\/franciscanos.org.br\/noticias\/wp-json\/wp\/v2\/users\/1"}],"replies":[{"embeddable":true,"href":"https:\/\/franciscanos.org.br\/noticias\/wp-json\/wp\/v2\/comments?post=26670"}],"version-history":[{"count":0,"href":"https:\/\/franciscanos.org.br\/noticias\/wp-json\/wp\/v2\/posts\/26670\/revisions"}],"wp:featuredmedia":[{"embeddable":true,"href":"https:\/\/franciscanos.org.br\/noticias\/wp-json\/wp\/v2\/media\/207133"}],"wp:attachment":[{"href":"https:\/\/franciscanos.org.br\/noticias\/wp-json\/wp\/v2\/media?parent=26670"}],"wp:term":[{"taxonomy":"category","embeddable":true,"href":"https:\/\/franciscanos.org.br\/noticias\/wp-json\/wp\/v2\/categories?post=26670"},{"taxonomy":"post_tag","embeddable":true,"href":"https:\/\/franciscanos.org.br\/noticias\/wp-json\/wp\/v2\/tags?post=26670"}],"curies":[{"name":"wp","href":"https:\/\/api.w.org\/{rel}","templated":true}]}}